{"id":11576,"date":"2020-10-13T16:00:00","date_gmt":"2020-10-13T14:00:00","guid":{"rendered":"https:\/\/www.pacteindustrial.org\/?post_type=pi_pressrelease&#038;p=11576"},"modified":"2020-10-16T12:37:12","modified_gmt":"2020-10-16T10:37:12","slug":"el-pacte-industrial-impulsa-leconomia-circular-com-a-aposta-dambicio-metropolitana-per-a-la-recuperacio-economica","status":"publish","type":"pi_pressrelease","link":"https:\/\/www.pacteindustrial.org\/ca\/notes-premsa\/el-pacte-industrial-impulsa-leconomia-circular-com-a-aposta-dambicio-metropolitana-per-a-la-recuperacio-economica\/","title":{"rendered":"El Pacte Industrial impulsa l\u2019economia circular com a aposta d\u2019ambici\u00f3 metropolitana per a la recuperaci\u00f3 econ\u00f2mica"},"content":{"rendered":"\n<ul><li><strong>El Pacte Industrial de la Regi\u00f3 Metropolitana de Barcelona ha presentat, en col\u00b7laboraci\u00f3 amb el Palau Macaya de la Fundaci\u00f3 \u201dla Caixa\u201d, els resultats del cicle <em>Di\u00e0legs i sinergies per a la transici\u00f3 circular en l\u2019horitz\u00f3 2030<\/em>.<\/strong><\/li><\/ul>\n\n\n\n<ul><li><strong>Jaume Collboni, primer tinent d\u2019alcaldia de l\u2019Ajuntament de Barcelona i president del Consell General del Pacte Industrial, ha subratllat l\u2019aposta de la Regi\u00f3 Metropolitana de Barcelona per ser referent en projectes i aliances per fer front al canvi clim\u00e0tic.<\/strong><\/li><\/ul>\n\n\n\n<ul><li><strong>El coordinador gerent del Pacte Industrial, Carles Rivera, ha assenyalat que una estrat\u00e8gia d\u2019economia circular efectiva ha de comptar amb mecanismes de col\u00b7laboraci\u00f3 publicoprivada que posin en funcionament la roda de creaci\u00f3 del valor compartit: inversi\u00f3 p\u00fablica i privada; creaci\u00f3 de riquesa i ocupaci\u00f3, i cohesi\u00f3 social i territorial.<\/strong><\/li><\/ul>\n\n\n\n<ul><li><strong>Formaci\u00f3 en economia circular en totes les etapes educatives, un m\u00e0ster universitari de prestigi internacional en la mat\u00e8ria, un congr\u00e9s de primer nivell amb impacte internacional i impulsar l\u2019ecosistema <em>greentech<\/em> s\u00f3n algunes de les propostes sorgides en els tallers participatius del grup d\u2019experts que ha contrastat i debatut les reflexions dutes a terme en les jornades.<\/strong><\/li><\/ul>\n\n\n\n<ul><li><strong>El grup d\u2019experts veu amb optimisme el futur i valora que en l\u2019horitz\u00f3 2030 hi ha recorregut per augmentar el nostre nivell de circularitat des del 9% actual.<\/strong><\/li><\/ul>\n\n\n\n<p><strong>Barcelona, 13 d\u2019octubre de 2020<\/strong>. El <strong>Pacte Industrial de la Regi\u00f3 Metropolitana de Barcelona<\/strong> en col\u00b7laboraci\u00f3 amb el <strong>Palau Macaya de la Fundaci\u00f3 \u201dla Caixa\u201d<\/strong> han celebrat aquest mat\u00ed en format <em>online<\/em> la jornada de clausura del <strong>cicle <em>Di\u00e0legs i sinergies per a la transici\u00f3 circular en l\u2019horitz\u00f3 2030<\/em><\/strong>, un projecte iniciat el mes d\u2019octubre de l\u2019any passat i que ha congregat diversos experts amb l\u2019objectiu de <strong>fomentar el di\u00e0leg i la col\u00b7laboraci\u00f3<\/strong> entre els diferents agents socioecon\u00f2mics del territori per <strong>impulsar la transici\u00f3 cap a una economia circular en l\u2019horitz\u00f3 2030<\/strong>.<\/p>\n\n\n\n<p>La jornada, sota el t\u00edtol <em>Economia circular i acci\u00f3 col\u00b7lectiva en l\u2019horitz\u00f3 2030<\/em>, ha consistit en una <strong>taula rodona<\/strong> amb representants de l\u2019administraci\u00f3 p\u00fablica i del m\u00f3n empresarial per parlar d\u2019economia circular i col\u00b7laboraci\u00f3 multiactor. Hi ha participat <strong>Marta Subir\u00e0<\/strong>, secret\u00e0ria de Medi Ambient i Sostenibilitat de la Generalitat de Catalunya; <strong>Carles Ruiz<\/strong>, alcalde de Viladecans; <strong>Pere Navarro<\/strong>, delegat especial de l\u2019Estat al Consorci de la Zona Franca de Barcelona; <strong>Merc\u00e8 Conesa<\/strong>, presidenta del Port de Barcelona; <strong>Francesc Rubiralta<\/strong>, president i CEO de Celsa Group; <strong>Merc\u00e8 Girbau<\/strong>, presidenta i consellera delegada de Girbau, i <strong>Sergi Ferrer-Salat<\/strong>, president de Ferrer.<\/p>\n\n\n\n<figure class=\"wp-block-image size-large\"><img loading=\"lazy\" width=\"1024\" height=\"576\" src=\"https:\/\/www.pacteindustrial.org\/wp-content\/uploads\/2020\/10\/Foto-3-Jaume-Collboni-1024x576.png\" alt=\"\" class=\"wp-image-11589\" srcset=\"https:\/\/www.pacteindustrial.org\/wp-content\/uploads\/2020\/10\/Foto-3-Jaume-Collboni-1024x576.png 1024w, https:\/\/www.pacteindustrial.org\/wp-content\/uploads\/2020\/10\/Foto-3-Jaume-Collboni-300x169.png 300w, https:\/\/www.pacteindustrial.org\/wp-content\/uploads\/2020\/10\/Foto-3-Jaume-Collboni-768x432.png 768w, https:\/\/www.pacteindustrial.org\/wp-content\/uploads\/2020\/10\/Foto-3-Jaume-Collboni-200x112.png 200w, https:\/\/www.pacteindustrial.org\/wp-content\/uploads\/2020\/10\/Foto-3-Jaume-Collboni.png 1099w\" sizes=\"(max-width: 1024px) 100vw, 1024px\" \/><figcaption>Imatge 3 &#8211; Jaume Collboni, primer tinent d\u2019alcaldia de l\u2019Ajuntament de Barcelona i president del Consell General del Pacte Industrial<\/figcaption><\/figure>\n\n\n\n<p>La cloenda de l\u2019acte ha anat a c\u00e0rrec de <strong>Jaume Collboni<\/strong>, president del Consell General del Pacte Industrial i primer tinent d\u2019alcaldia d\u2019Economia, Treball, Competitivitat i Hisenda de l\u2019Ajuntament de Barcelona. <strong>Collboni<\/strong> ha subratllat l\u2019aposta de la <strong>Barcelona metropolitana<\/strong> per ser <strong>referent en projectes i aliances per liderar la transici\u00f3 a una economia circular<\/strong>. Collboni ha assenyalat que per impulsar el proc\u00e9s de <strong>recuperaci\u00f3 de l\u2019actual crisi econ\u00f2mica, social i mediambiental<\/strong> cal <strong>sumar les forces de tots els agents socioecon\u00f2mics<\/strong> del territori metropolit\u00e0 i treballar de manera col\u00b7laborativa. \u201cNecessitem la col\u00b7laboraci\u00f3 de tots els agents perqu\u00e8 <strong>Barcelona<\/strong> sigui un <strong>referent en talent i emprenedoria verda<\/strong>. Partim d\u2019una <strong>bona posici\u00f3<\/strong>, tenim un potent <strong>ecosistema emprenedor<\/strong>, per\u00f2 entre tots <strong>podem potenciar-lo<\/strong> perqu\u00e8 els projectes <em>climate-tech<\/em> nascuts a Barcelona tinguin l\u2019ambici\u00f3, el talent i el finan\u00e7ament a l\u2019al\u00e7ada dels reptes clim\u00e0tics que amenacen la superviv\u00e8ncia del planeta\u201d, ha apuntat <strong>Collboni<\/strong>.<\/p>\n\n\n\n<p><strong>Visi\u00f3 compartida i col\u00b7laboraci\u00f3 publicoprivada<\/strong><\/p>\n\n\n\n<p>El coordinador gerent del Pacte Industrial, <strong>Carles Rivera<\/strong>, i el director executiu d\u2019in\u00e8dit, <strong>Jordi Oliver<\/strong>, han presentat les principals conclusions de les jornades precedents i les propostes d\u2019accions a dur a terme. <strong>Rivera<\/strong> ha subratllat que \u201c<strong>la col\u00b7laboraci\u00f3, la comprensi\u00f3 m\u00fatua, la capacitat d&#8217;entesa, el di\u00e0leg i el pacte<\/strong> entre els diferents agents socioecon\u00f2mics del territori s\u00f3n <strong>elements indispensables<\/strong> per a la transici\u00f3 cap a una economia circular, tal com promou l\u2019<strong>Objectiu de Desenvolupament Sostenible (ODS) n\u00famero 17 <\/strong>de l\u2019Agenda 2030 de l\u2019ONU\u201d. En aquest sentit, ha remarcat que la transici\u00f3 cap a una economia circular requereix d\u2019una <strong>visi\u00f3 compartida<\/strong> que serveixi de guia per als diferents agents p\u00fablics i privats. El coordinador gerent del Pacte Industrial ha defensat que una estrat\u00e8gia d\u2019economia circular efectiva ha de comptar amb <strong>mecanismes de col\u00b7laboraci\u00f3 publicoprivada<\/strong> que posin en funcionament la roda de creaci\u00f3 del valor compartit: inversi\u00f3 p\u00fablica i privada; creaci\u00f3 de riquesa i ocupaci\u00f3, i cohesi\u00f3 social i territorial. \u201cLa transici\u00f3 circular nom\u00e9s es far\u00e0 realitat si millorem els mecanismes de cooperaci\u00f3 entre les diferents administracions i entre aquestes i el sector privat\u201d, ha insistit <strong>Rivera<\/strong>.<\/p>\n\n\n\n<p>Un <strong>grup d\u2019experts en desenvolupament econ\u00f2mic i sostenibilitat<\/strong> ha participat al llarg del cicle en un seguit de tallers en qu\u00e8 s\u2019han contrastat i debatut les reflexions dutes a terme en les jornades i a partir de les quals s\u2019han definit diverses <strong>propostes d\u2019accions<\/strong>. Aquests experts veuen amb optimisme el futur i valoren que, malgrat els reptes i dificultats que queden pel cam\u00ed, <strong>en l\u2019horitz\u00f3 2030 hi ha recorregut per augmentar el nostre nivell de circularitat des del 9% actual<\/strong>. Tamb\u00e9 subratllen que la cooperaci\u00f3 dels sectors p\u00fablic i privat per explorar noves formes d\u2019economia circular ha de portar a la creaci\u00f3 de <strong>nous llocs de treball no tradicionals<\/strong>. El grup d\u2019experts ha estat format per representants de l\u2019Administraci\u00f3 p\u00fablica, d\u2019organitzacions empresarials i sindicals, universitats, <em>think tanks<\/em> i centres de recerca.<\/p>\n\n\n\n<p><strong>Propostes d\u2019accions per accelerar la transici\u00f3 cap a una economia circular<\/strong><\/p>\n\n\n\n<p>En l\u2019\u00e0mbit de la formaci\u00f3, es proposa crear i posicionar un <strong>m\u00e0ster universitari d\u2019economia circular d\u2019excel\u00b7l\u00e8ncia mundial a Barcelona<\/strong> i incorporar l\u2019economia circular en els <strong>curr\u00edculums<\/strong> de l\u2019educaci\u00f3 prim\u00e0ria i de les formacions professionals. Pel que fa a la ind\u00fastria, incloure un <strong>pla d\u2019economia circular adre\u00e7at a la ind\u00fastria<\/strong> que fixi objectius i indicadors concrets per a cada sector per implicar l\u2019empresa privada. Tamb\u00e9 cal <strong>definir el model industrial<\/strong> del pa\u00eds i establir un <strong>pla estrat\u00e8gic catal\u00e0 en <em>greentech<\/em><\/strong> amb uns objectius a mitj\u00e0 i llarg termini.<\/p>\n\n\n\n<p>Amb l\u2019objectiu d\u2019atraure i fomentar l\u2019ecosistema empresarial, es proposa celebrar un <strong>congr\u00e9s anual sobre economia circular de primer nivell similar<\/strong> al Mobile World Congress amb impacte internacional i amb la voluntat de generar ecosistemes al seu voltant i activitat tot l\u2019any, impulsar un <strong>centre emblem\u00e0tic i punt de trobada<\/strong> del sector circular que integri diferents elements com ara <em>coworking<\/em>, cursos, espai incubadora etc., i establir un treball de <strong>missions verdes<\/strong> a nivell de Catalunya que integrin l\u2019\u00e0mbit local per fer aflorar projectes d\u2019economia circular.<\/p>\n\n\n\n<figure class=\"wp-block-image size-large\"><img loading=\"lazy\" width=\"1024\" height=\"432\" src=\"https:\/\/www.pacteindustrial.org\/wp-content\/uploads\/2020\/10\/Foto-1-Cloenda-1024x432.png\" alt=\"\" class=\"wp-image-11586\" srcset=\"https:\/\/www.pacteindustrial.org\/wp-content\/uploads\/2020\/10\/Foto-1-Cloenda-1024x432.png 1024w, https:\/\/www.pacteindustrial.org\/wp-content\/uploads\/2020\/10\/Foto-1-Cloenda-300x127.png 300w, https:\/\/www.pacteindustrial.org\/wp-content\/uploads\/2020\/10\/Foto-1-Cloenda-768x324.png 768w, https:\/\/www.pacteindustrial.org\/wp-content\/uploads\/2020\/10\/Foto-1-Cloenda-200x84.png 200w, https:\/\/www.pacteindustrial.org\/wp-content\/uploads\/2020\/10\/Foto-1-Cloenda.png 1330w\" sizes=\"(max-width: 1024px) 100vw, 1024px\" \/><figcaption>Imatge 2 &#8211; Un moment de la cloenda del cicle<\/figcaption><\/figure>\n\n\n\n<p>L\u2019<strong>objectiu<\/strong> del <strong>cicle <em>Di\u00e0legs i sinergies per a la transici\u00f3 circular en l\u2019horitz\u00f3 2030<\/em><\/strong> ha estat <strong>crear aliances multiactor per impulsar la transici\u00f3 cap a un model d\u2019economia circular<\/strong>, el que implica millorar el coneixement de la realitat dels diferents agents i fomentar la cooperaci\u00f3 entre l\u2019administraci\u00f3 p\u00fablica, la ind\u00fastria, l\u2019acad\u00e8mia, el tercer sector i resta d\u2019agents. El cicle, seleccionat en la <strong>4a convocat\u00f2ria de projectes de reflexi\u00f3 del Palau Macaya de la Fundaci\u00f3 \u201dla Caixa\u201d<\/strong>, ha consistit en quatre jornades i tres tallers participatius amb un grup d\u2019experts que es van iniciar la tardor de l\u2019any passat.<\/p>\n\n\n\n<hr class=\"wp-block-separator is-style-wide\"\/>\n\n\n\n<p style=\"font-size:12px\"><strong>EL PACTE INDUSTRIAL<\/strong><\/p>\n\n\n\n<p style=\"font-size:12px\">El Pacte Industrial de la Regi\u00f3 Metropolitana de Barcelona \u00e9s una associaci\u00f3 constitu\u00efda l\u2019any 1997 amb la missi\u00f3 de configurar una alian\u00e7a estrat\u00e8gica entre administracions p\u00fabliques, organitzacions empresarials i sindicats per impulsar la competitivitat de la ind\u00fastria, fomentar la creaci\u00f3 d\u2019ocupaci\u00f3 i millorar la cohesi\u00f3 social i la sostenibilitat al territori metropolit\u00e0.<\/p>\n\n\n\n<p style=\"font-size:12px\">En el marc d\u2019aquesta alian\u00e7a, el Pacte Industrial ha aconseguit sumar les voluntats de 50 ajuntaments, 11 organitzacions empresarials, els 2 sindicats majoritaris, la Generalitat de Catalunya, la Diputaci\u00f3 de Barcelona, l\u2019\u00c0rea metropolitana de Barcelona, 6 consells comarcals, 6 universitats i diverses institucions vinculades al desenvolupament econ\u00f2mic.<\/p>\n\n\n\n<p style=\"font-size:12px\"><strong>EL PALAU MACAYA, CENTRE DE REFLEXI\u00d3<\/strong><\/p>\n\n\n\n<p style=\"font-size:12px\">Amb m\u00e9s de 100 anys d\u2019hist\u00f2ria, el Palau Macaya de Fundaci\u00f3 \u201dla Caixa\u201d \u00e9s un dels emblemes arquitect\u00f2nics modernistes de la ciutat de Barcelona. Des de l\u2019any 1947, el Palau ha estat estretament vinculat a l\u2019expansi\u00f3 de l\u2019Obra Social \u201dla Caixa\u201d, acollint primer l\u2019Institut Educatiu de Sordmuts i de Cecs i, amb posterioritat, el Centre Cultural de la Fundaci\u00f3 &#8220;la Caixa&#8221;, precedent dels centres CaixaForum. L\u2019any 2012 el Palau va obrir les seves portes amb l\u2019objectiu d\u2019erigir-se com a centre de pensament i reflexi\u00f3 per al m\u00f3n professional i acad\u00e8mic i ser un espai de refer\u00e8ncia per impulsar la reflexi\u00f3 i la transformaci\u00f3 social.<\/p>\n","protected":false},"featured_media":11583,"template":"","yoast_head":"<!-- This site is optimized with the Yoast SEO plugin v16.1.1 - https:\/\/yoast.com\/wordpress\/plugins\/seo\/ -->\n<title>El Pacte Industrial impulsa l\u2019economia circular com a aposta d\u2019ambici\u00f3 metropolitana per a la recuperaci\u00f3 econ\u00f2mica - Pacte Industrial RMB<\/title>\n<link rel=\"canonical\" href=\"https:\/\/www.pacteindustrial.org\/ca\/notes-premsa\/el-pacte-industrial-impulsa-leconomia-circular-com-a-aposta-dambicio-metropolitana-per-a-la-recuperacio-economica\/\" \/>\n<meta property=\"og:locale\" content=\"ca_ES\" \/>\n<meta property=\"og:type\" content=\"article\" \/>\n<meta property=\"og:title\" content=\"El Pacte Industrial impulsa l\u2019economia circular com a aposta d\u2019ambici\u00f3 metropolitana per a la recuperaci\u00f3 econ\u00f2mica - Pacte Industrial RMB\" \/>\n<meta property=\"og:description\" content=\"El Pacte Industrial de la Regi\u00f3 Metropolitana de Barcelona ha presentat, en col\u00b7laboraci\u00f3 amb el Palau Macaya de la Fundaci\u00f3 \u201dla Caixa\u201d, els resultats del cicle Di\u00e0legs i sinergies per a la transici\u00f3 circular en l\u2019horitz\u00f3 2030. Jaume Collboni, primer tinent d\u2019alcaldia de l\u2019Ajuntament de Barcelona i president del Consell General del Pacte Industrial, ha [...]\" \/>\n<meta property=\"og:url\" content=\"https:\/\/www.pacteindustrial.org\/ca\/notes-premsa\/el-pacte-industrial-impulsa-leconomia-circular-com-a-aposta-dambicio-metropolitana-per-a-la-recuperacio-economica\/\" \/>\n<meta property=\"og:site_name\" content=\"Pacte Industrial RMB\" \/>\n<meta property=\"article:modified_time\" content=\"2020-10-16T10:37:12+00:00\" \/>\n<meta property=\"og:image\" content=\"https:\/\/www.pacteindustrial.org\/wp-content\/uploads\/2020\/10\/Foto-2-Taula-rodona-1.png\" \/>\n\t<meta property=\"og:image:width\" content=\"1074\" \/>\n\t<meta property=\"og:image:height\" content=\"603\" \/>\n<meta name=\"twitter:card\" content=\"summary_large_image\" \/>\n<meta name=\"twitter:label1\" content=\"Temps estimat de lectura\">\n\t<meta name=\"twitter:data1\" content=\"8 minuts\">\n<script type=\"application\/ld+json\" class=\"yoast-schema-graph\">{\"@context\":\"https:\/\/schema.org\",\"@graph\":[{\"@type\":\"WebSite\",\"@id\":\"https:\/\/www.pacteindustrial.org\/ca\/#website\",\"url\":\"https:\/\/www.pacteindustrial.org\/ca\/\",\"name\":\"Pacte Industrial RMB\",\"description\":\"\",\"potentialAction\":[{\"@type\":\"SearchAction\",\"target\":\"https:\/\/www.pacteindustrial.org\/ca\/?s={search_term_string}\",\"query-input\":\"required name=search_term_string\"}],\"inLanguage\":\"ca\"},{\"@type\":\"ImageObject\",\"@id\":\"https:\/\/www.pacteindustrial.org\/ca\/notes-premsa\/el-pacte-industrial-impulsa-leconomia-circular-com-a-aposta-dambicio-metropolitana-per-a-la-recuperacio-economica\/#primaryimage\",\"inLanguage\":\"ca\",\"url\":\"https:\/\/www.pacteindustrial.org\/wp-content\/uploads\/2020\/10\/Foto-2-Taula-rodona-1.png\",\"contentUrl\":\"https:\/\/www.pacteindustrial.org\/wp-content\/uploads\/2020\/10\/Foto-2-Taula-rodona-1.png\",\"width\":1074,\"height\":603},{\"@type\":\"WebPage\",\"@id\":\"https:\/\/www.pacteindustrial.org\/ca\/notes-premsa\/el-pacte-industrial-impulsa-leconomia-circular-com-a-aposta-dambicio-metropolitana-per-a-la-recuperacio-economica\/#webpage\",\"url\":\"https:\/\/www.pacteindustrial.org\/ca\/notes-premsa\/el-pacte-industrial-impulsa-leconomia-circular-com-a-aposta-dambicio-metropolitana-per-a-la-recuperacio-economica\/\",\"name\":\"El Pacte Industrial impulsa l\\u2019economia circular com a aposta d\\u2019ambici\\u00f3 metropolitana per a la recuperaci\\u00f3 econ\\u00f2mica - Pacte Industrial RMB\",\"isPartOf\":{\"@id\":\"https:\/\/www.pacteindustrial.org\/ca\/#website\"},\"primaryImageOfPage\":{\"@id\":\"https:\/\/www.pacteindustrial.org\/ca\/notes-premsa\/el-pacte-industrial-impulsa-leconomia-circular-com-a-aposta-dambicio-metropolitana-per-a-la-recuperacio-economica\/#primaryimage\"},\"datePublished\":\"2020-10-13T14:00:00+00:00\",\"dateModified\":\"2020-10-16T10:37:12+00:00\",\"breadcrumb\":{\"@id\":\"https:\/\/www.pacteindustrial.org\/ca\/notes-premsa\/el-pacte-industrial-impulsa-leconomia-circular-com-a-aposta-dambicio-metropolitana-per-a-la-recuperacio-economica\/#breadcrumb\"},\"inLanguage\":\"ca\",\"potentialAction\":[{\"@type\":\"ReadAction\",\"target\":[\"https:\/\/www.pacteindustrial.org\/ca\/notes-premsa\/el-pacte-industrial-impulsa-leconomia-circular-com-a-aposta-dambicio-metropolitana-per-a-la-recuperacio-economica\/\"]}]},{\"@type\":\"BreadcrumbList\",\"@id\":\"https:\/\/www.pacteindustrial.org\/ca\/notes-premsa\/el-pacte-industrial-impulsa-leconomia-circular-com-a-aposta-dambicio-metropolitana-per-a-la-recuperacio-economica\/#breadcrumb\",\"itemListElement\":[{\"@type\":\"ListItem\",\"position\":1,\"item\":{\"@type\":\"WebPage\",\"@id\":\"https:\/\/www.pacteindustrial.org\/ca\/\",\"url\":\"https:\/\/www.pacteindustrial.org\/ca\/\",\"name\":\"Home\"}},{\"@type\":\"ListItem\",\"position\":2,\"item\":{\"@type\":\"WebPage\",\"@id\":\"https:\/\/www.pacteindustrial.org\/ca\/notes-premsa\/el-pacte-industrial-impulsa-leconomia-circular-com-a-aposta-dambicio-metropolitana-per-a-la-recuperacio-economica\/\",\"url\":\"https:\/\/www.pacteindustrial.org\/ca\/notes-premsa\/el-pacte-industrial-impulsa-leconomia-circular-com-a-aposta-dambicio-metropolitana-per-a-la-recuperacio-economica\/\",\"name\":\"El Pacte Industrial impulsa l\\u2019economia circular com a aposta d\\u2019ambici\\u00f3 metropolitana per a la recuperaci\\u00f3 econ\\u00f2mica\"}}]}]}<\/script>\n<!-- \/ Yoast SEO plugin. -->","_links":{"self":[{"href":"https:\/\/www.pacteindustrial.org\/ca\/wp-json\/wp\/v2\/pi_pressrelease\/11576"}],"collection":[{"href":"https:\/\/www.pacteindustrial.org\/ca\/wp-json\/wp\/v2\/pi_pressrelease"}],"about":[{"href":"https:\/\/www.pacteindustrial.org\/ca\/wp-json\/wp\/v2\/types\/pi_pressrelease"}],"version-history":[{"count":8,"href":"https:\/\/www.pacteindustrial.org\/ca\/wp-json\/wp\/v2\/pi_pressrelease\/11576\/revisions"}],"predecessor-version":[{"id":11714,"href":"https:\/\/www.pacteindustrial.org\/ca\/wp-json\/wp\/v2\/pi_pressrelease\/11576\/revisions\/11714"}],"wp:featuredmedia":[{"embeddable":true,"href":"https:\/\/www.pacteindustrial.org\/ca\/wp-json\/wp\/v2\/media\/11583"}],"wp:attachment":[{"href":"https:\/\/www.pacteindustrial.org\/ca\/wp-json\/wp\/v2\/media?parent=11576"}],"curies":[{"name":"wp","href":"https:\/\/api.w.org\/{rel}","templated":true}]}}