{"id":17770,"date":"2022-11-22T18:02:00","date_gmt":"2022-11-22T16:02:00","guid":{"rendered":"https:\/\/www.pacteindustrial.org\/?post_type=pi_pressrelease&#038;p=17770"},"modified":"2022-11-24T19:04:24","modified_gmt":"2022-11-24T17:04:24","slug":"ajuntaments-i-agents-economics-i-socials-metropolitans-exigeixen-celeritat-en-el-desplegament-del-pacte-nacional-per-a-la-industria","status":"publish","type":"pi_pressrelease","link":"https:\/\/www.pacteindustrial.org\/ca\/notes-premsa\/ajuntaments-i-agents-economics-i-socials-metropolitans-exigeixen-celeritat-en-el-desplegament-del-pacte-nacional-per-a-la-industria\/","title":{"rendered":"Ajuntaments i agents econ\u00f2mics i socials metropolitans exigeixen celeritat en el desplegament del Pacte Nacional per a la Ind\u00fastria"},"content":{"rendered":"\n<ul><li><strong>El Consell General del Pacte Industrial debat al voltant de la import\u00e0ncia de la cooperaci\u00f3 entre els actors per a la sostenibilitat de la ind\u00fastria.<\/strong><\/li><\/ul>\n\n\n\n<ul><li><strong>Durant la reuni\u00f3 s\u2019ha aprovat la incorporaci\u00f3 del Consorci de la Zona Franca de Barcelona (CZFB) com a nou \u201csoci especial de car\u00e0cter rellevant\u201d i l\u2019adhesi\u00f3 de l\u2019Ajuntament de Montmel\u00f3 com a \u201csoci ordinari\u201d.<\/strong><\/li><\/ul>\n\n\n\n<p><strong>Badalona, 22 de novembre de 2022<\/strong>. El <strong>Pacte Industrial de la Regi\u00f3 Metropolitana de Barcelona<\/strong> ha celebrat el <strong>XXVI Consell General<\/strong> de l\u2019Associaci\u00f3 en el marc del qual ha tingut lloc la <strong>presentaci\u00f3 de la pon\u00e8ncia \u201cTransformar la ind\u00fastria des del territori: sostenibilitat, innovaci\u00f3 i empoderament dels agents\u201d<\/strong> a c\u00e0rrec de la <strong>Dra. S\u00f2nia Llorens<\/strong>, directora de la C\u00e0tedra d\u2019Economia Circular i Sostenibilitat del Tecnocampus Matar\u00f3-Maresme. La reuni\u00f3 ha tingut lloc al BCIN (Badalona Centre Internacional de Negocis) de la ciutat de Badalona.<\/p>\n\n\n\n<p>La presentaci\u00f3 de la <strong>Dra. Llorens<\/strong> ha perm\u00e8s reflexionar sobre com la col\u00b7laboraci\u00f3 entre els agents del territori \u00e9s l\u2019element clau per a la transformaci\u00f3 d\u2019una ind\u00fastria que es vol que sigui m\u00e9s sostenible i innovadora. Tamb\u00e9 s\u2019ha analitzat com l\u2019economia circular ser\u00e0 un vector estrat\u00e8gic per a aquesta transformaci\u00f3 i com la formaci\u00f3 pot ajudar a empoderar els agents.<\/p>\n\n\n\n<p>L\u2019acte ha estat presidit per <strong>Jaume Collboni<\/strong>, president del Consell General del Pacte Industrial i primer tinent d\u2019alcaldia d\u2019Economia, Treball, Competitivitat i Hisenda de l\u2019Ajuntament de Barcelona. <strong>Collboni <\/strong>ha assenyalat que l\u2019aprovaci\u00f3 dels PERTE est\u00e0 contribuint de manera molt destacada a garantir el futur econ\u00f2mic del nostre territori. Tanmateix, davant el context econ\u00f2mic actual, tant els ajuntaments com els agents econ\u00f2mics i socials de la Regi\u00f3 Metropolitana de Barcelona esperem que el Govern de la Generalitat desplegui de manera r\u00e0pida i efectiva el Pacte Nacional per a la Ind\u00fastria, i permeti dotar el sector dels instruments i els recursos pressupostaris necessaris per garantir l\u2019ocupaci\u00f3 de qualitat en una ind\u00fastria adaptada a les transicions digital i ecol\u00f2gica.<\/p>\n\n\n\n<p>La benvinguda ha anat a c\u00e0rrec de <strong>Rub\u00e9n Guijarro<\/strong>, alcalde de Badalona. <strong>Guijarro <\/strong>ha destacat que el Pacte Industrial \u00e9s el millor exemple de qu\u00e8 nom\u00e9s des de la col\u00b7laboraci\u00f3 entre diferents actors i institucions es pot aconseguir que un territori, en aquest cas el metropolit\u00e0, estigui cohesionat i avanci per afrontar els reptes m\u00e9s immediats que, indubtablement, passen per un model productiu i econ\u00f2mic m\u00e9s sostenible. Apostar per un di\u00e0leg que generi coneixement i transformi les ciutats, \u00e9s un objectiu que compartim i treballem tamb\u00e9 des de Badalona.<\/p>\n\n\n\n<p><strong>EL PACTE INDUSTRIAL CONTINUA CREIXENT<\/strong><\/p>\n\n\n\n<p>La reuni\u00f3 anual del Pacte Industrial ha comptat amb la participaci\u00f3 dels representants dels ajuntaments i de les entitats que integren l\u2019associaci\u00f3, i enguany ha tornat a celebrar-se a <strong>Badalona<\/strong>. L&#8217;\u00faltima vegada que la ciutat va acollir aquesta celebraci\u00f3 va ser l&#8217;any 2008.<\/p>\n\n\n\n<p>Durant la reuni\u00f3 s\u2019ha aprovat una modificaci\u00f3 dels estatuts de l\u2019associaci\u00f3 que incorpora el <strong>Consorci de la Zona Franca de Barcelona (CZFB)<\/strong> com a nou \u201csoci especial de car\u00e0cter rellevant\u201d, consolidant i enfortint la col\u00b7laboraci\u00f3 iniciada fa dos anys. El delegat especial de l\u2019Estat, <strong>Pere Navarro<\/strong>, ha presentat aquest fet com una aposta coherent amb el rol del consorci com a actor rellevant per a la ind\u00fastria metropolitana.<\/p>\n\n\n\n<p>Tamb\u00e9 s\u2019ha aprovat l\u2019adhesi\u00f3 de l\u2019<strong>Ajuntament de Montmel\u00f3<\/strong> com a soci ordinari del Pacte Industrial. Amb aquestes incorporacions, el Pacte Industrial continua creixent amb l\u2019adhesi\u00f3 de noves entitats que treballen per impulsar la competitivitat de la ind\u00fastria, fomentar la creaci\u00f3 d\u2019ocupaci\u00f3 i millorar la cohesi\u00f3 social i la sostenibilitat.<\/p>\n\n\n\n<figure class=\"wp-block-image size-large\"><img loading=\"lazy\" width=\"1024\" height=\"681\" src=\"https:\/\/www.pacteindustrial.org\/wp-content\/uploads\/2022\/11\/2022.11.22_NdP-Foto-2-1024x681.jpg\" alt=\"\" class=\"wp-image-17780\" srcset=\"https:\/\/www.pacteindustrial.org\/wp-content\/uploads\/2022\/11\/2022.11.22_NdP-Foto-2-1024x681.jpg 1024w, https:\/\/www.pacteindustrial.org\/wp-content\/uploads\/2022\/11\/2022.11.22_NdP-Foto-2-300x200.jpg 300w, https:\/\/www.pacteindustrial.org\/wp-content\/uploads\/2022\/11\/2022.11.22_NdP-Foto-2-768x511.jpg 768w, https:\/\/www.pacteindustrial.org\/wp-content\/uploads\/2022\/11\/2022.11.22_NdP-Foto-2-1536x1022.jpg 1536w, https:\/\/www.pacteindustrial.org\/wp-content\/uploads\/2022\/11\/2022.11.22_NdP-Foto-2-200x133.jpg 200w, https:\/\/www.pacteindustrial.org\/wp-content\/uploads\/2022\/11\/2022.11.22_NdP-Foto-2.jpg 2000w\" sizes=\"(max-width: 1024px) 100vw, 1024px\" \/><figcaption>D&#8217;esq. a dta.: Carles Rivera, Aurora Huerga, Rub\u00e9n Guijarro, Jaume Collboni, Eva Menor, Sergi Fuster i Carles Ruiz.<\/figcaption><\/figure>\n\n\n\n<p>Per la seva part, el coordinador gerent del Pacte Industrial, <strong>Carles Rivera<\/strong>, ha presentat la Mem\u00f2ria d\u2019activitats 2021 de l\u2019entitat i ha apuntat algunes de les que seran les l\u00ednies de treball durant els propers mesos. <strong>Rivera <\/strong>ha reivindicat la funci\u00f3 de l\u2019associaci\u00f3 com a espai idoni per a incentivar la <strong>col\u00b7laboraci\u00f3 entre els diferents agents, p\u00fablic i privats<\/strong>. Tamb\u00e9 ha destacat el <strong>F\u00f2rum Ind\u00fastria de la Mobilitat Sostenible<\/strong>, programa de l\u2019associaci\u00f3 que vol contribuir a transformar els diferents sectors implicats en un ecosistema relacionat amb la mobilitat sostenible capa\u00e7 de fer front als reptes de present i de futur.<\/p>\n\n\n\n<p>El Consell General tamb\u00e9 ha aprovat el nomenament de les vicepresid\u00e8ncies. Atenent a la rotaci\u00f3 anual que contemplen els Estatuts de l\u2019associaci\u00f3, <strong>Sergi Fuster<\/strong>, de PIMEC, ha pres el relleu de <strong>M. Rosa Fiol<\/strong>, d\u2019AEBALL i representant de Foment del Treball, com a vicepresident en representaci\u00f3 de les organitzacions empresarials; i <strong>Omar Minguill\u00f3n<\/strong>, de la UGT de Catalunya, ha pres el relleu d\u2019<strong>Aurora Huerga<\/strong>, de CCOO de Catalunya, com a vicepresident en representaci\u00f3 de les organitzacions sindicals. La tercera vicepresidenta continua sent <strong>Eva Menor<\/strong>, presidenta de l\u2019\u00c0rea de Desenvolupament Econ\u00f2mic, Turisme i Comer\u00e7 de la Diputaci\u00f3 de Barcelona, en representaci\u00f3 dels ajuntaments i altres administracions locals.<\/p>\n\n\n\n<hr class=\"wp-block-separator\"\/>\n\n\n\n<p style=\"font-size:12px\"><strong>EL PACTE INDUSTRIAL<\/strong><\/p>\n\n\n\n<p style=\"font-size:12px\">El Pacte Industrial de la Regi\u00f3 Metropolitana de Barcelona \u00e9s una associaci\u00f3 constitu\u00efda l\u2019any 1997 amb la missi\u00f3 de configurar una alian\u00e7a estrat\u00e8gica entre administracions p\u00fabliques, organitzacions empresarials i sindicats per impulsar la competitivitat de la ind\u00fastria, fomentar la creaci\u00f3 d\u2019ocupaci\u00f3 i millorar la cohesi\u00f3 social i la sostenibilitat al territori metropolit\u00e0.<\/p>\n\n\n\n<p style=\"font-size:12px\">En el marc d\u2019aquesta alian\u00e7a, el Pacte Industrial ha aconseguit sumar les voluntats de 50 ajuntaments, 11 organitzacions empresarials, els 2 sindicats majoritaris, la Generalitat de Catalunya, la Diputaci\u00f3 de Barcelona, l\u2019\u00c0rea metropolitana de Barcelona, 6 consells comarcals, 6 universitats i diverses institucions vinculades al desenvolupament econ\u00f2mic.<\/p>\n","protected":false},"featured_media":17783,"template":"","yoast_head":"<!-- This site is optimized with the Yoast SEO plugin v16.1.1 - https:\/\/yoast.com\/wordpress\/plugins\/seo\/ -->\n<title>Ajuntaments i agents econ\u00f2mics i socials metropolitans exigeixen celeritat en el desplegament del Pacte Nacional per a la Ind\u00fastria - Pacte Industrial RMB<\/title>\n<link rel=\"canonical\" href=\"https:\/\/www.pacteindustrial.org\/ca\/notes-premsa\/ajuntaments-i-agents-economics-i-socials-metropolitans-exigeixen-celeritat-en-el-desplegament-del-pacte-nacional-per-a-la-industria\/\" \/>\n<meta property=\"og:locale\" content=\"ca_ES\" \/>\n<meta property=\"og:type\" content=\"article\" \/>\n<meta property=\"og:title\" content=\"Ajuntaments i agents econ\u00f2mics i socials metropolitans exigeixen celeritat en el desplegament del Pacte Nacional per a la Ind\u00fastria - Pacte Industrial RMB\" \/>\n<meta property=\"og:description\" content=\"El Consell General del Pacte Industrial debat al voltant de la import\u00e0ncia de la cooperaci\u00f3 entre els actors per a la sostenibilitat de la ind\u00fastria. Durant la reuni\u00f3 s\u2019ha aprovat la incorporaci\u00f3 del Consorci de la Zona Franca de Barcelona (CZFB) com a nou \u201csoci especial de car\u00e0cter rellevant\u201d i l\u2019adhesi\u00f3 de l\u2019Ajuntament de Montmel\u00f3 [...]\" \/>\n<meta property=\"og:url\" content=\"https:\/\/www.pacteindustrial.org\/ca\/notes-premsa\/ajuntaments-i-agents-economics-i-socials-metropolitans-exigeixen-celeritat-en-el-desplegament-del-pacte-nacional-per-a-la-industria\/\" \/>\n<meta property=\"og:site_name\" content=\"Pacte Industrial RMB\" \/>\n<meta property=\"article:modified_time\" content=\"2022-11-24T17:04:24+00:00\" \/>\n<meta property=\"og:image\" content=\"https:\/\/www.pacteindustrial.org\/wp-content\/uploads\/2022\/11\/2022.11.22_NdP-Foto-1.jpg\" \/>\n\t<meta property=\"og:image:width\" content=\"2000\" \/>\n\t<meta property=\"og:image:height\" content=\"1331\" \/>\n<meta name=\"twitter:card\" content=\"summary_large_image\" \/>\n<meta name=\"twitter:label1\" content=\"Temps estimat de lectura\">\n\t<meta name=\"twitter:data1\" content=\"5 minuts\">\n<script type=\"application\/ld+json\" class=\"yoast-schema-graph\">{\"@context\":\"https:\/\/schema.org\",\"@graph\":[{\"@type\":\"WebSite\",\"@id\":\"https:\/\/www.pacteindustrial.org\/ca\/#website\",\"url\":\"https:\/\/www.pacteindustrial.org\/ca\/\",\"name\":\"Pacte Industrial RMB\",\"description\":\"\",\"potentialAction\":[{\"@type\":\"SearchAction\",\"target\":\"https:\/\/www.pacteindustrial.org\/ca\/?s={search_term_string}\",\"query-input\":\"required name=search_term_string\"}],\"inLanguage\":\"ca\"},{\"@type\":\"ImageObject\",\"@id\":\"https:\/\/www.pacteindustrial.org\/ca\/notes-premsa\/ajuntaments-i-agents-economics-i-socials-metropolitans-exigeixen-celeritat-en-el-desplegament-del-pacte-nacional-per-a-la-industria\/#primaryimage\",\"inLanguage\":\"ca\",\"url\":\"https:\/\/www.pacteindustrial.org\/wp-content\/uploads\/2022\/11\/2022.11.22_NdP-Foto-1.jpg\",\"contentUrl\":\"https:\/\/www.pacteindustrial.org\/wp-content\/uploads\/2022\/11\/2022.11.22_NdP-Foto-1.jpg\",\"width\":2000,\"height\":1331},{\"@type\":\"WebPage\",\"@id\":\"https:\/\/www.pacteindustrial.org\/ca\/notes-premsa\/ajuntaments-i-agents-economics-i-socials-metropolitans-exigeixen-celeritat-en-el-desplegament-del-pacte-nacional-per-a-la-industria\/#webpage\",\"url\":\"https:\/\/www.pacteindustrial.org\/ca\/notes-premsa\/ajuntaments-i-agents-economics-i-socials-metropolitans-exigeixen-celeritat-en-el-desplegament-del-pacte-nacional-per-a-la-industria\/\",\"name\":\"Ajuntaments i agents econ\\u00f2mics i socials metropolitans exigeixen celeritat en el desplegament del Pacte Nacional per a la Ind\\u00fastria - Pacte Industrial RMB\",\"isPartOf\":{\"@id\":\"https:\/\/www.pacteindustrial.org\/ca\/#website\"},\"primaryImageOfPage\":{\"@id\":\"https:\/\/www.pacteindustrial.org\/ca\/notes-premsa\/ajuntaments-i-agents-economics-i-socials-metropolitans-exigeixen-celeritat-en-el-desplegament-del-pacte-nacional-per-a-la-industria\/#primaryimage\"},\"datePublished\":\"2022-11-22T16:02:00+00:00\",\"dateModified\":\"2022-11-24T17:04:24+00:00\",\"breadcrumb\":{\"@id\":\"https:\/\/www.pacteindustrial.org\/ca\/notes-premsa\/ajuntaments-i-agents-economics-i-socials-metropolitans-exigeixen-celeritat-en-el-desplegament-del-pacte-nacional-per-a-la-industria\/#breadcrumb\"},\"inLanguage\":\"ca\",\"potentialAction\":[{\"@type\":\"ReadAction\",\"target\":[\"https:\/\/www.pacteindustrial.org\/ca\/notes-premsa\/ajuntaments-i-agents-economics-i-socials-metropolitans-exigeixen-celeritat-en-el-desplegament-del-pacte-nacional-per-a-la-industria\/\"]}]},{\"@type\":\"BreadcrumbList\",\"@id\":\"https:\/\/www.pacteindustrial.org\/ca\/notes-premsa\/ajuntaments-i-agents-economics-i-socials-metropolitans-exigeixen-celeritat-en-el-desplegament-del-pacte-nacional-per-a-la-industria\/#breadcrumb\",\"itemListElement\":[{\"@type\":\"ListItem\",\"position\":1,\"item\":{\"@type\":\"WebPage\",\"@id\":\"https:\/\/www.pacteindustrial.org\/ca\/\",\"url\":\"https:\/\/www.pacteindustrial.org\/ca\/\",\"name\":\"Home\"}},{\"@type\":\"ListItem\",\"position\":2,\"item\":{\"@type\":\"WebPage\",\"@id\":\"https:\/\/www.pacteindustrial.org\/ca\/notes-premsa\/ajuntaments-i-agents-economics-i-socials-metropolitans-exigeixen-celeritat-en-el-desplegament-del-pacte-nacional-per-a-la-industria\/\",\"url\":\"https:\/\/www.pacteindustrial.org\/ca\/notes-premsa\/ajuntaments-i-agents-economics-i-socials-metropolitans-exigeixen-celeritat-en-el-desplegament-del-pacte-nacional-per-a-la-industria\/\",\"name\":\"Ajuntaments i agents econ\\u00f2mics i socials metropolitans exigeixen celeritat en el desplegament del Pacte Nacional per a la Ind\\u00fastria\"}}]}]}<\/script>\n<!-- \/ Yoast SEO plugin. -->","_links":{"self":[{"href":"https:\/\/www.pacteindustrial.org\/ca\/wp-json\/wp\/v2\/pi_pressrelease\/17770"}],"collection":[{"href":"https:\/\/www.pacteindustrial.org\/ca\/wp-json\/wp\/v2\/pi_pressrelease"}],"about":[{"href":"https:\/\/www.pacteindustrial.org\/ca\/wp-json\/wp\/v2\/types\/pi_pressrelease"}],"version-history":[{"count":13,"href":"https:\/\/www.pacteindustrial.org\/ca\/wp-json\/wp\/v2\/pi_pressrelease\/17770\/revisions"}],"predecessor-version":[{"id":17889,"href":"https:\/\/www.pacteindustrial.org\/ca\/wp-json\/wp\/v2\/pi_pressrelease\/17770\/revisions\/17889"}],"wp:featuredmedia":[{"embeddable":true,"href":"https:\/\/www.pacteindustrial.org\/ca\/wp-json\/wp\/v2\/media\/17783"}],"wp:attachment":[{"href":"https:\/\/www.pacteindustrial.org\/ca\/wp-json\/wp\/v2\/media?parent=17770"}],"curies":[{"name":"wp","href":"https:\/\/api.w.org\/{rel}","templated":true}]}}