{"id":7113,"date":"2016-12-19T11:47:00","date_gmt":"2016-12-19T09:47:00","guid":{"rendered":"https:\/\/www.pacteindustrial.org\/?post_type=pi_pressrelease&#038;p=7113"},"modified":"2020-09-18T00:33:43","modified_gmt":"2020-09-17T22:33:43","slug":"relleu-en-el-pacte-industrial-amb-la-mirada-posada-en-el-futur-de-la-industria-metropolitana","status":"publish","type":"pi_pressrelease","link":"https:\/\/www.pacteindustrial.org\/ca\/notes-premsa\/relleu-en-el-pacte-industrial-amb-la-mirada-posada-en-el-futur-de-la-industria-metropolitana\/","title":{"rendered":"Relleu en el Pacte Industrial amb la mirada posada en el futur de la ind\u00fastria metropolitana"},"content":{"rendered":"\n<ul><li>\n<strong>El\n\tPacte Industrial de la Regi\u00f3 Metropolitana de Barcelona ha celebrat\n\tel XXI Consell General de l\u2019associaci\u00f3, que ha concl\u00f2s amb una\n\tpon\u00e8ncia de l\u2019especialista en estrat\u00e8gia urbana Boyd Cohen.<\/strong>\n<\/li><\/ul>\n\n\n\n<ul><li>\n<strong>N\u00faria\n\tMar\u00edn, alcaldessa de l\u2019Hospitalet de Llobregat, ha estat nomenada\n\tpresidenta del Comit\u00e8 Executiu en substituci\u00f3 de Carles Ruiz,\n\talcalde de Viladecans, que assumeix el c\u00e0rrec de secretari de\n\tl\u2019associaci\u00f3.<\/strong>\n<\/li><\/ul>\n\n\n\n<ul><li>\n<strong>El\n\tregidor d\u2019Empresa i Turisme de l\u2019Ajuntament de Barcelona, Agust\u00ed\n\tColom, ha estat nomenat president del Consell General en substituci\u00f3\n\tde S\u00f2nia Recasens, regidora de l\u2019Ajuntament de Barcelona.<\/strong>\n<\/li><\/ul>\n\n\n\n<p><strong>L\u2019Hospitalet\nde Llobregat, 19 de desembre de 2016<\/strong>.\nEl Pacte Industrial de la Regi\u00f3 Metropolitana de Barcelona ha\ncelebrat aquesta tarda el seu <strong>XXI\nConsell General<\/strong> al Centre\nCultural Metropolit\u00e0 Tecla Sala de l\u2019Hospitalet de Llobregat.<\/p>\n\n\n\n<p>L\u2019alcaldessa\nde l\u2019Hospitalet de Llobregat, <strong>N\u00faria\nMar\u00edn<\/strong>, ha estat nomenada\n<strong>presidenta del Comit\u00e8\nExecutiu del Pacte Industrial<\/strong>.\nMar\u00edn substitueix en el c\u00e0rrec a <strong>Carles\nRuiz<\/strong>, alcalde de\nViladecans. El fins ara president, ha estat nomenat nou <strong>secretari\nde l\u2019associaci\u00f3<\/strong>.<\/p>\n\n\n\n<p><strong>N\u00faria\nMar\u00edn<\/strong> ha agra\u00eft a Carles\nRuiz la seva tasca durant vuit anys al capdavant del Comit\u00e8 Executiu\ndel Pacte Industrial i ha destacat el <strong>paper\nestrat\u00e8gic de la Regi\u00f3 Metropolitana de Barcelona \u201cuna de les\nzones industrials m\u00e9s importants d\u2019Europa<\/strong>\nque, a m\u00e9s, concentra la major part de la poblaci\u00f3 resident a\nCatalunya\u201d. <strong>Mar\u00edn <\/strong>ha\nexposat que es compromet a \u201ccontinuar treballant per potenciar la\nxarxa, refermant els nostres lligams i la nostra feina per aconseguir\nque aquest territori sigui m\u00e9s competitiu\u201d.<\/p>\n\n\n\n<p>La\nnova presidenta del Comit\u00e8 Executiu de l\u2019Associaci\u00f3 Pacte\nIndustrial de la <strong>Regi\u00f3\nMetropolitana de Barcelona<\/strong>\nha dit que aquest territori \u201c<strong>\u00e9s\nclau en el conjunt de l\u2019economia catalana<\/strong>.\nCatalunya necessita la <strong>capacitat\nde lideratge de la Regi\u00f3 Metropolitana<\/strong>\nper avan\u00e7ar en el desenvolupament econ\u00f2mic i oferir noves\noportunitats a la ciutadania\u201d. En aquest sentit <strong>Mar\u00edn<\/strong>\nha reclamat que \u201cperqu\u00e8 es cre\u00efn les condicions necess\u00e0ries per\nguanyar competitivitat \u00e9s clau disposar d\u2019un <strong>transport\np\u00fablic eficient i sostenible<\/strong>,\ncal que s\u2019executi el <strong>pla\nde Rodalies<\/strong> i la\n<strong>reconversi\u00f3 de la xarxa<\/strong>\nen un metro regional\u201d.<\/p>\n\n\n\n<p>Pel\nque fa al Consell General, el regidor d\u2019Empresa i Turisme de\nl\u2019Ajuntament de Barcelona, <strong>Agust\u00ed\nColom<\/strong>, ha estat nomenat nou\n<strong>president del Consell\nGeneral del Pacte Industrial<\/strong>.\nColom pren el relleu de <strong>S\u00f2nia\nRecasens<\/strong>, que deixa el\nc\u00e0rrec despr\u00e9s de quatre anys.<\/p>\n\n\n\n<p>El\nConsell General tamb\u00e9 ha aprovat el nomenament de dos dels seus tres\nvicepresidents atenent la rotaci\u00f3 anual que contemplen els Estatuts\nde l\u2019associaci\u00f3. D\u2019una banda, <strong>M.\nRosa Fiol<\/strong>, de l\u2019Associaci\u00f3\nEmpresarial de l\u2019Hospitalet i Baix Llobregat (AEBALL) i\nrepresentant de Foment del Treball, pren el relleu de <strong>Sergi\nFuster<\/strong>, de PIMEC, com a\nvicepresidenta en representaci\u00f3 de les organitzacions empresarials.\nD\u2019altra banda, <strong>Jos\u00e9 Luis\nMoure<\/strong>, de CCOO de\nCatalunya, pren el relleu de <strong>M.\ndel Carmen Villarrazo<\/strong>,\nd\u2019UGT de Catalunya, com a vicepresident en representaci\u00f3 de les\norganitzacions sindicals. El tercer vicepresident continua sent <strong>Marc\nCastells<\/strong>, de la Diputaci\u00f3\nde Barcelona, en representaci\u00f3 dels ajuntaments i altres\nadministracions locals.<\/p>\n\n\n\n<p><strong>EL\nPACTE INDUSTRIAL CONTINUA CREIXENT<\/strong><\/p>\n\n\n\n<p>Durant\nla reuni\u00f3 tamb\u00e9 s\u2019ha aprovat l\u2019adhesi\u00f3 del <strong>Consell\nComarcal del Maresme<\/strong> com a\nsoci ordinari del Pacte Industrial i de l\u2019<strong>Associaci\u00f3\nCatalana d\u2019Universitats P\u00fabliques (ACUP) <\/strong>i\n<strong>Node Garraf \u2013 Ag\u00e8ncia de\ndesenvolupament econ\u00f2mic del Garraf<\/strong>\ncom a ens col\u00b7laboradors. Amb aquestes adhesions, el Pacte\nIndustrial continua creixent amb la incorporaci\u00f3 de noves entitats\nque treballen per impulsar la competitivitat de la ind\u00fastria,\nfomentar la creaci\u00f3 d\u2019ocupaci\u00f3 i millorar la cohesi\u00f3 social i la\nsostenibilitat.<\/p>\n\n\n\n<p><strong>COHEN\nDESTACA ELS ACTIUS NECESSARIS PER A LA NOVA IND\u00daSTRIA<\/strong><\/p>\n\n\n\n<p>Com\na cloenda de l\u2019acte, el <strong>Dr.\nBoyd Cohen<\/strong>, director adjunt\nde Recerda d\u2019EADA Business School i professor associat de la\nUniversitat de Vic, ha pronunciat la pon\u00e8ncia <strong>\u201cL\u2019economia\ndel futur a les ciutats\u201d<\/strong>.\nCohen, que \u00e9s doctor en estrat\u00e8gia empresarial i emprenedoria per\nla Universitat de Colorado Boulder i expert en estrat\u00e8gia urbana,\nemprenedoria, innovaci\u00f3, sostenibilitat i ciutats intel\u00b7ligents, ha\nposat en relleu els <strong>forts\nactius de la Regi\u00f3 Metropolitana de Barcelona i de la seva xarxa de\nciutats<\/strong> per encarar els\nreptes de futur de les economies locals.<\/p>\n\n\n\n<figure class=\"wp-block-image size-large\"><img loading=\"lazy\" width=\"1024\" height=\"683\" src=\"https:\/\/www.pacteindustrial.org\/wp-content\/uploads\/2020\/04\/Foto-2-3.jpg\" alt=\"\" class=\"wp-image-7125\" srcset=\"https:\/\/www.pacteindustrial.org\/wp-content\/uploads\/2020\/04\/Foto-2-3.jpg 1024w, https:\/\/www.pacteindustrial.org\/wp-content\/uploads\/2020\/04\/Foto-2-3-300x200.jpg 300w, https:\/\/www.pacteindustrial.org\/wp-content\/uploads\/2020\/04\/Foto-2-3-768x512.jpg 768w, https:\/\/www.pacteindustrial.org\/wp-content\/uploads\/2020\/04\/Foto-2-3-200x133.jpg 200w\" sizes=\"(max-width: 1024px) 100vw, 1024px\" \/><figcaption>Boyd Cohen, director adjunt de Recerda d\u2019EADA Business School i professor associat de la Universitat de Vic<\/figcaption><\/figure>\n\n\n\n<p>Cohen\ndefensa que els <strong>governs\nlocals<\/strong>, mitjan\u00e7ant una\nestrat\u00e8gia proactiva, poden <strong>ajudar\na crear l\u2019entorn d\u2019innovaci\u00f3 idoni<\/strong>\nper tal que els emprenedors locals prosperin. La creaci\u00f3 d\u2019un\n<strong>districte d\u2019innovaci\u00f3<\/strong>\ni la disponibilitat d\u2019<strong>infraestructures\nper a la nova ind\u00fastria<\/strong>\npotents, com xarxes de <em><strong>fab\nlabs<\/strong><\/em> (laboratoris de\nfabricaci\u00f3) o espais de <em><strong>coworking<\/strong><\/em>,\ns\u00f3n algunes <strong>eines<\/strong>\nque les ciutats poden utilitzar per atreure i retenir aquesta\n<strong>activitat emprenedora<\/strong>\nals seus territoris. Cohen emfatitza que aquesta no \u00e9s una tasca\nexclusiva de les grans urbs. Amb una <strong>estrat\u00e8gia\nregional compartida<\/strong>, els\nmunicipis petits i mitjans poden crear una xarxa on col\u00b7laborin en\nla interconnexi\u00f3 d\u2019activitats i recursos atractius per als\nemprenedors urbans.<\/p>\n\n\n\n<hr class=\"wp-block-separator\"\/>\n\n\n\n<p style=\"font-size:12px\">El\nPacte Industrial de la Regi\u00f3 Metropolitana de Barcelona \u00e9s una\nassociaci\u00f3 constitu\u00efda l\u2019any 1997 amb la missi\u00f3 de configurar\nuna alian\u00e7a estrat\u00e8gica entre administracions p\u00fabliques,\norganitzacions empresarials i sindicats per impulsar la\ncompetitivitat de la ind\u00fastria, fomentar la creaci\u00f3 d\u2019ocupaci\u00f3 i\nmillorar la cohesi\u00f3 social i la sostenibilitat al territori\nmetropolit\u00e0. \n<\/p>\n\n\n\n<p style=\"font-size:12px\">En\nel marc d\u2019aquesta alian\u00e7a, el Pacte Industrial ha aconseguit sumar\nles voluntats de 50 ajuntaments, 11 organitzacions empresarials, els\n2 sindicats majoritaris, la Generalitat de Catalunya, la Diputaci\u00f3\nde Barcelona, l\u2019\u00c0rea metropolitana de Barcelona, 6 consells\ncomarcals, 6 universitats i diverses institucions vinculades al\ndesenvolupament econ\u00f2mic.<\/p>\n","protected":false},"featured_media":7117,"template":"","yoast_head":"<!-- This site is optimized with the Yoast SEO plugin v16.1.1 - https:\/\/yoast.com\/wordpress\/plugins\/seo\/ -->\n<title>Relleu en el Pacte Industrial amb la mirada posada en el futur de la ind\u00fastria metropolitana - Pacte Industrial RMB<\/title>\n<link rel=\"canonical\" href=\"https:\/\/www.pacteindustrial.org\/ca\/notes-premsa\/relleu-en-el-pacte-industrial-amb-la-mirada-posada-en-el-futur-de-la-industria-metropolitana\/\" \/>\n<meta property=\"og:locale\" content=\"ca_ES\" \/>\n<meta property=\"og:type\" content=\"article\" \/>\n<meta property=\"og:title\" content=\"Relleu en el Pacte Industrial amb la mirada posada en el futur de la ind\u00fastria metropolitana - Pacte Industrial RMB\" \/>\n<meta property=\"og:description\" content=\"El Pacte Industrial de la Regi\u00f3 Metropolitana de Barcelona ha celebrat el XXI Consell General de l\u2019associaci\u00f3, que ha concl\u00f2s amb una pon\u00e8ncia de l\u2019especialista en estrat\u00e8gia urbana Boyd Cohen. N\u00faria Mar\u00edn, alcaldessa de l\u2019Hospitalet de Llobregat, ha estat nomenada presidenta del Comit\u00e8 Executiu en substituci\u00f3 de Carles Ruiz, alcalde de Viladecans, que assumeix el [...]\" \/>\n<meta property=\"og:url\" content=\"https:\/\/www.pacteindustrial.org\/ca\/notes-premsa\/relleu-en-el-pacte-industrial-amb-la-mirada-posada-en-el-futur-de-la-industria-metropolitana\/\" \/>\n<meta property=\"og:site_name\" content=\"Pacte Industrial RMB\" \/>\n<meta property=\"article:modified_time\" content=\"2020-09-17T22:33:43+00:00\" \/>\n<meta property=\"og:image\" content=\"https:\/\/www.pacteindustrial.org\/wp-content\/uploads\/2016\/12\/Foto-1.jpg\" \/>\n\t<meta property=\"og:image:width\" content=\"1024\" \/>\n\t<meta property=\"og:image:height\" content=\"683\" \/>\n<meta name=\"twitter:card\" content=\"summary_large_image\" \/>\n<meta name=\"twitter:label1\" content=\"Temps estimat de lectura\">\n\t<meta name=\"twitter:data1\" content=\"5 minuts\">\n<script type=\"application\/ld+json\" class=\"yoast-schema-graph\">{\"@context\":\"https:\/\/schema.org\",\"@graph\":[{\"@type\":\"WebSite\",\"@id\":\"https:\/\/www.pacteindustrial.org\/ca\/#website\",\"url\":\"https:\/\/www.pacteindustrial.org\/ca\/\",\"name\":\"Pacte Industrial RMB\",\"description\":\"\",\"potentialAction\":[{\"@type\":\"SearchAction\",\"target\":\"https:\/\/www.pacteindustrial.org\/ca\/?s={search_term_string}\",\"query-input\":\"required name=search_term_string\"}],\"inLanguage\":\"ca\"},{\"@type\":\"ImageObject\",\"@id\":\"https:\/\/www.pacteindustrial.org\/ca\/notes-premsa\/relleu-en-el-pacte-industrial-amb-la-mirada-posada-en-el-futur-de-la-industria-metropolitana\/#primaryimage\",\"inLanguage\":\"ca\",\"url\":\"https:\/\/www.pacteindustrial.org\/wp-content\/uploads\/2016\/12\/Foto-1.jpg\",\"contentUrl\":\"https:\/\/www.pacteindustrial.org\/wp-content\/uploads\/2016\/12\/Foto-1.jpg\",\"width\":1024,\"height\":683},{\"@type\":\"WebPage\",\"@id\":\"https:\/\/www.pacteindustrial.org\/ca\/notes-premsa\/relleu-en-el-pacte-industrial-amb-la-mirada-posada-en-el-futur-de-la-industria-metropolitana\/#webpage\",\"url\":\"https:\/\/www.pacteindustrial.org\/ca\/notes-premsa\/relleu-en-el-pacte-industrial-amb-la-mirada-posada-en-el-futur-de-la-industria-metropolitana\/\",\"name\":\"Relleu en el Pacte Industrial amb la mirada posada en el futur de la ind\\u00fastria metropolitana - Pacte Industrial RMB\",\"isPartOf\":{\"@id\":\"https:\/\/www.pacteindustrial.org\/ca\/#website\"},\"primaryImageOfPage\":{\"@id\":\"https:\/\/www.pacteindustrial.org\/ca\/notes-premsa\/relleu-en-el-pacte-industrial-amb-la-mirada-posada-en-el-futur-de-la-industria-metropolitana\/#primaryimage\"},\"datePublished\":\"2016-12-19T09:47:00+00:00\",\"dateModified\":\"2020-09-17T22:33:43+00:00\",\"breadcrumb\":{\"@id\":\"https:\/\/www.pacteindustrial.org\/ca\/notes-premsa\/relleu-en-el-pacte-industrial-amb-la-mirada-posada-en-el-futur-de-la-industria-metropolitana\/#breadcrumb\"},\"inLanguage\":\"ca\",\"potentialAction\":[{\"@type\":\"ReadAction\",\"target\":[\"https:\/\/www.pacteindustrial.org\/ca\/notes-premsa\/relleu-en-el-pacte-industrial-amb-la-mirada-posada-en-el-futur-de-la-industria-metropolitana\/\"]}]},{\"@type\":\"BreadcrumbList\",\"@id\":\"https:\/\/www.pacteindustrial.org\/ca\/notes-premsa\/relleu-en-el-pacte-industrial-amb-la-mirada-posada-en-el-futur-de-la-industria-metropolitana\/#breadcrumb\",\"itemListElement\":[{\"@type\":\"ListItem\",\"position\":1,\"item\":{\"@type\":\"WebPage\",\"@id\":\"https:\/\/www.pacteindustrial.org\/ca\/\",\"url\":\"https:\/\/www.pacteindustrial.org\/ca\/\",\"name\":\"Home\"}},{\"@type\":\"ListItem\",\"position\":2,\"item\":{\"@type\":\"WebPage\",\"@id\":\"https:\/\/www.pacteindustrial.org\/ca\/notes-premsa\/relleu-en-el-pacte-industrial-amb-la-mirada-posada-en-el-futur-de-la-industria-metropolitana\/\",\"url\":\"https:\/\/www.pacteindustrial.org\/ca\/notes-premsa\/relleu-en-el-pacte-industrial-amb-la-mirada-posada-en-el-futur-de-la-industria-metropolitana\/\",\"name\":\"Relleu en el Pacte Industrial amb la mirada posada en el futur de la ind\\u00fastria metropolitana\"}}]}]}<\/script>\n<!-- \/ Yoast SEO plugin. -->","_links":{"self":[{"href":"https:\/\/www.pacteindustrial.org\/ca\/wp-json\/wp\/v2\/pi_pressrelease\/7113"}],"collection":[{"href":"https:\/\/www.pacteindustrial.org\/ca\/wp-json\/wp\/v2\/pi_pressrelease"}],"about":[{"href":"https:\/\/www.pacteindustrial.org\/ca\/wp-json\/wp\/v2\/types\/pi_pressrelease"}],"version-history":[{"count":12,"href":"https:\/\/www.pacteindustrial.org\/ca\/wp-json\/wp\/v2\/pi_pressrelease\/7113\/revisions"}],"predecessor-version":[{"id":11329,"href":"https:\/\/www.pacteindustrial.org\/ca\/wp-json\/wp\/v2\/pi_pressrelease\/7113\/revisions\/11329"}],"wp:featuredmedia":[{"embeddable":true,"href":"https:\/\/www.pacteindustrial.org\/ca\/wp-json\/wp\/v2\/media\/7117"}],"wp:attachment":[{"href":"https:\/\/www.pacteindustrial.org\/ca\/wp-json\/wp\/v2\/media?parent=7113"}],"curies":[{"name":"wp","href":"https:\/\/api.w.org\/{rel}","templated":true}]}}