{"id":11117,"date":"2019-12-15T18:22:00","date_gmt":"2019-12-15T16:22:00","guid":{"rendered":"https:\/\/www.pacteindustrial.org\/?p=11117"},"modified":"2021-02-22T02:14:58","modified_gmt":"2021-02-22T00:14:58","slug":"11117","status":"publish","type":"post","link":"https:\/\/www.pacteindustrial.org\/ca\/blog\/11117\/","title":{"rendered":"Article a La Vanguardia sobre l&#8217;economia circular com a oportunitat per a la reindustrialitzaci\u00f3 i la creaci\u00f3 d&#8217;ocupaci\u00f3"},"content":{"rendered":"\n<p>El diari <em>La Vanguardia<\/em> ha publicat un article de la periodista Lorena Farr\u00e0s en qu\u00e8 s&#8217;assenyala que l&#8217;economia circular \u00e9s una oportunitat per a la reindustrialitzaci\u00f3 i la creaci\u00f3 d&#8217;ocupaci\u00f3. Concretament, s&#8217;apunta que la implantaci\u00f3 d&#8217;un model econ\u00f2mic circular a Europa fins a l&#8217;any 2030 suposar\u00e0 la creaci\u00f3 de 700.000 llocs de treball nets.<\/p>\n\n\n\n<p>L&#8217;article es fa ress\u00f2 de la celebraci\u00f3 de la jornada &#8220;Economia circular i societat: com gestionem el canvi?&#8221; organitzada pel Pacte Industrial en el marc del cicle &#8220;Di\u00e0legs i sinergies per a la transici\u00f3 circular en l&#8217;horitz\u00f3 2030&#8221;, i ha comptat amb les valoracions de Sonia Ruiz, CEO i fundadora de Noima; Jordi Oliver, director executiu d&#8217;In\u00e8dit, i Carles Rivera, coordinador gerent del Pacte Industrial.<\/p>\n","protected":false},"excerpt":{"rendered":"<p>El diari La Vanguardia ha publicat un article de la periodista Lorena Farr\u00e0s en qu\u00e8 s&#8217;assenyala que l&#8217;economia circular \u00e9s una oportunitat per a la reindustrialitzaci\u00f3 i la creaci\u00f3 d&#8217;ocupaci\u00f3. Concretament, s&#8217;apunta que la implantaci\u00f3 d&#8217;un model econ\u00f2mic circular a Europa fins a l&#8217;any 2030 suposar\u00e0 la creaci\u00f3 de 700.000 llocs de treball nets. L&#8217;article [&#8230;]<\/p>\n","protected":false},"author":6,"featured_media":11121,"comment_status":"open","ping_status":"open","sticky":false,"template":"","format":"standard","meta":[],"categories":[1],"tags":[172,140,347,154,153,171],"post_scope":[],"yoast_head":"<!-- This site is optimized with the Yoast SEO plugin v16.1.1 - https:\/\/yoast.com\/wordpress\/plugins\/seo\/ -->\n<title>Article a La Vanguardia sobre l&#039;economia circular com a oportunitat per a la reindustrialitzaci\u00f3 i la creaci\u00f3 d&#039;ocupaci\u00f3 - Pacte Industrial RMB<\/title>\n<link rel=\"canonical\" href=\"https:\/\/www.pacteindustrial.org\/ca\/blog\/11117\/\" \/>\n<meta property=\"og:locale\" content=\"ca_ES\" \/>\n<meta property=\"og:type\" content=\"article\" \/>\n<meta property=\"og:title\" content=\"Article a La Vanguardia sobre l&#039;economia circular com a oportunitat per a la reindustrialitzaci\u00f3 i la creaci\u00f3 d&#039;ocupaci\u00f3 - Pacte Industrial RMB\" \/>\n<meta property=\"og:description\" content=\"El diari La Vanguardia ha publicat un article de la periodista Lorena Farr\u00e0s en qu\u00e8 s&#8217;assenyala que l&#8217;economia circular \u00e9s una oportunitat per a la reindustrialitzaci\u00f3 i la creaci\u00f3 d&#8217;ocupaci\u00f3. Concretament, s&#8217;apunta que la implantaci\u00f3 d&#8217;un model econ\u00f2mic circular a Europa fins a l&#8217;any 2030 suposar\u00e0 la creaci\u00f3 de 700.000 llocs de treball nets. L&#8217;article [...]\" \/>\n<meta property=\"og:url\" content=\"https:\/\/www.pacteindustrial.org\/ca\/blog\/11117\/\" \/>\n<meta property=\"og:site_name\" content=\"Pacte Industrial RMB\" \/>\n<meta property=\"article:published_time\" content=\"2019-12-15T16:22:00+00:00\" \/>\n<meta property=\"article:modified_time\" content=\"2021-02-22T00:14:58+00:00\" \/>\n<meta property=\"og:image\" content=\"https:\/\/www.pacteindustrial.org\/wp-content\/uploads\/2020\/09\/2019.12.15_La-Vanguardia_CAT_png.png\" \/>\n\t<meta property=\"og:image:width\" content=\"888\" \/>\n\t<meta property=\"og:image:height\" content=\"1950\" \/>\n<meta name=\"twitter:card\" content=\"summary_large_image\" \/>\n<meta name=\"twitter:label1\" content=\"Temps estimat de lectura\">\n\t<meta name=\"twitter:data1\" content=\"1 minut\">\n<script type=\"application\/ld+json\" class=\"yoast-schema-graph\">{\"@context\":\"https:\/\/schema.org\",\"@graph\":[{\"@type\":\"WebSite\",\"@id\":\"https:\/\/www.pacteindustrial.org\/ca\/#website\",\"url\":\"https:\/\/www.pacteindustrial.org\/ca\/\",\"name\":\"Pacte Industrial RMB\",\"description\":\"\",\"potentialAction\":[{\"@type\":\"SearchAction\",\"target\":\"https:\/\/www.pacteindustrial.org\/ca\/?s={search_term_string}\",\"query-input\":\"required name=search_term_string\"}],\"inLanguage\":\"ca\"},{\"@type\":\"ImageObject\",\"@id\":\"https:\/\/www.pacteindustrial.org\/ca\/blog\/11117\/#primaryimage\",\"inLanguage\":\"ca\",\"url\":\"https:\/\/www.pacteindustrial.org\/wp-content\/uploads\/2020\/09\/2019.12.15_La-Vanguardia_CAT_png.png\",\"contentUrl\":\"https:\/\/www.pacteindustrial.org\/wp-content\/uploads\/2020\/09\/2019.12.15_La-Vanguardia_CAT_png.png\",\"width\":888,\"height\":1950},{\"@type\":\"WebPage\",\"@id\":\"https:\/\/www.pacteindustrial.org\/ca\/blog\/11117\/#webpage\",\"url\":\"https:\/\/www.pacteindustrial.org\/ca\/blog\/11117\/\",\"name\":\"Article a La Vanguardia sobre l'economia circular com a oportunitat per a la reindustrialitzaci\\u00f3 i la creaci\\u00f3 d'ocupaci\\u00f3 - Pacte Industrial RMB\",\"isPartOf\":{\"@id\":\"https:\/\/www.pacteindustrial.org\/ca\/#website\"},\"primaryImageOfPage\":{\"@id\":\"https:\/\/www.pacteindustrial.org\/ca\/blog\/11117\/#primaryimage\"},\"datePublished\":\"2019-12-15T16:22:00+00:00\",\"dateModified\":\"2021-02-22T00:14:58+00:00\",\"author\":{\"@id\":\"https:\/\/www.pacteindustrial.org\/ca\/#\/schema\/person\/f468d9850ca7905907ca1d9a87dd47a4\"},\"breadcrumb\":{\"@id\":\"https:\/\/www.pacteindustrial.org\/ca\/blog\/11117\/#breadcrumb\"},\"inLanguage\":\"ca\",\"potentialAction\":[{\"@type\":\"ReadAction\",\"target\":[\"https:\/\/www.pacteindustrial.org\/ca\/blog\/11117\/\"]}]},{\"@type\":\"BreadcrumbList\",\"@id\":\"https:\/\/www.pacteindustrial.org\/ca\/blog\/11117\/#breadcrumb\",\"itemListElement\":[{\"@type\":\"ListItem\",\"position\":1,\"item\":{\"@type\":\"WebPage\",\"@id\":\"https:\/\/www.pacteindustrial.org\/ca\/\",\"url\":\"https:\/\/www.pacteindustrial.org\/ca\/\",\"name\":\"Home\"}},{\"@type\":\"ListItem\",\"position\":2,\"item\":{\"@type\":\"WebPage\",\"@id\":\"https:\/\/www.pacteindustrial.org\/ca\/blog\/11117\/\",\"url\":\"https:\/\/www.pacteindustrial.org\/ca\/blog\/11117\/\",\"name\":\"Article a La Vanguardia sobre l&#8217;economia circular com a oportunitat per a la reindustrialitzaci\\u00f3 i la creaci\\u00f3 d&#8217;ocupaci\\u00f3\"}}]},{\"@type\":\"Person\",\"@id\":\"https:\/\/www.pacteindustrial.org\/ca\/#\/schema\/person\/f468d9850ca7905907ca1d9a87dd47a4\",\"name\":\"cmartinez@pacteindustrial.org\",\"image\":{\"@type\":\"ImageObject\",\"@id\":\"https:\/\/www.pacteindustrial.org\/ca\/#personlogo\",\"inLanguage\":\"ca\",\"url\":\"https:\/\/secure.gravatar.com\/avatar\/fcee0cfd9e0b9895b8dd291573c84526?s=96&d=mm&r=g\",\"contentUrl\":\"https:\/\/secure.gravatar.com\/avatar\/fcee0cfd9e0b9895b8dd291573c84526?s=96&d=mm&r=g\",\"caption\":\"cmartinez@pacteindustrial.org\"}}]}<\/script>\n<!-- \/ Yoast SEO plugin. -->","_links":{"self":[{"href":"https:\/\/www.pacteindustrial.org\/ca\/wp-json\/wp\/v2\/posts\/11117"}],"collection":[{"href":"https:\/\/www.pacteindustrial.org\/ca\/wp-json\/wp\/v2\/posts"}],"about":[{"href":"https:\/\/www.pacteindustrial.org\/ca\/wp-json\/wp\/v2\/types\/post"}],"author":[{"embeddable":true,"href":"https:\/\/www.pacteindustrial.org\/ca\/wp-json\/wp\/v2\/users\/6"}],"replies":[{"embeddable":true,"href":"https:\/\/www.pacteindustrial.org\/ca\/wp-json\/wp\/v2\/comments?post=11117"}],"version-history":[{"count":13,"href":"https:\/\/www.pacteindustrial.org\/ca\/wp-json\/wp\/v2\/posts\/11117\/revisions"}],"predecessor-version":[{"id":13155,"href":"https:\/\/www.pacteindustrial.org\/ca\/wp-json\/wp\/v2\/posts\/11117\/revisions\/13155"}],"wp:featuredmedia":[{"embeddable":true,"href":"https:\/\/www.pacteindustrial.org\/ca\/wp-json\/wp\/v2\/media\/11121"}],"wp:attachment":[{"href":"https:\/\/www.pacteindustrial.org\/ca\/wp-json\/wp\/v2\/media?parent=11117"}],"wp:term":[{"taxonomy":"category","embeddable":true,"href":"https:\/\/www.pacteindustrial.org\/ca\/wp-json\/wp\/v2\/categories?post=11117"},{"taxonomy":"post_tag","embeddable":true,"href":"https:\/\/www.pacteindustrial.org\/ca\/wp-json\/wp\/v2\/tags?post=11117"},{"taxonomy":"post_scope","embeddable":true,"href":"https:\/\/www.pacteindustrial.org\/ca\/wp-json\/wp\/v2\/post_scope?post=11117"}],"curies":[{"name":"wp","href":"https:\/\/api.w.org\/{rel}","templated":true}]}}