{"id":11563,"date":"2020-10-13T19:51:00","date_gmt":"2020-10-13T17:51:00","guid":{"rendered":"https:\/\/www.pacteindustrial.org\/?p=11563"},"modified":"2024-01-25T12:36:39","modified_gmt":"2024-01-25T10:36:39","slug":"el-pacte-industrial-impulsa-leconomia-circular-com-a-aposta-dambicio-metropolitana-per-a-la-recuperacio-economica","status":"publish","type":"post","link":"https:\/\/www.pacteindustrial.org\/ca\/blog\/el-pacte-industrial-impulsa-leconomia-circular-com-a-aposta-dambicio-metropolitana-per-a-la-recuperacio-economica\/","title":{"rendered":"El Pacte Industrial impulsa l\u2019economia circular com a aposta d\u2019ambici\u00f3 metropolitana per a la recuperaci\u00f3 econ\u00f2mica"},"content":{"rendered":"\n<p>El&nbsp;<strong>Pacte Industrial de la Regi\u00f3 Metropolitana de Barcelona<\/strong>&nbsp;ha celebrat el passat 13 d&#8217;octubre la jornada de clausura del&nbsp;<strong>cicle&nbsp;<em>Di\u00e0legs i sinergies per a la transici\u00f3 circular en l\u2019horitz\u00f3 2030<\/em><\/strong>&nbsp;en qu\u00e8 s&#8217;han presentat les&nbsp;<strong>conclusions<\/strong>&nbsp;del cicle i&nbsp;<strong>propostes d&#8217;accions<\/strong>&nbsp;a dur a terme per accelerar la&nbsp;<strong>transici\u00f3 cap a una economia circular des del di\u00e0leg i la col\u00b7laboraci\u00f3 multiactor<\/strong>.<\/p>\n\n\n\n<p><strong>Jaume Collboni<\/strong>, primer tinent d\u2019alcaldia de l\u2019Ajuntament de Barcelona i president del Consell General del Pacte Industrial, ha subratllat durant la cloenda del cicle l\u2019aposta de la&nbsp;<strong>Regi\u00f3 Metropolitana de Barcelona<\/strong>&nbsp;per ser&nbsp;<strong>referent en projectes i aliances per fer front al canvi clim\u00e0tic<\/strong>. Per la seva part,&nbsp;<strong>Carles Rivera<\/strong>, coordinador gerent del Pacte Industrial, ha assenyalat que una estrat\u00e8gia d\u2019economia circular efectiva ha de comptar amb mecanismes de&nbsp;<strong>col\u00b7laboraci\u00f3 publicoprivada<\/strong>&nbsp;que posin en funcionament la roda de creaci\u00f3 del valor compartit: inversi\u00f3 p\u00fablica i privada; creaci\u00f3 de riquesa i ocupaci\u00f3, i cohesi\u00f3 social i territorial.<\/p>\n\n\n\n<figure class=\"wp-block-image size-large\"><img loading=\"lazy\" width=\"1024\" height=\"576\" src=\"https:\/\/www.pacteindustrial.org\/wp-content\/uploads\/2020\/10\/Foto-3-Jaume-Collboni-1024x576.png\" alt=\"\" class=\"wp-image-11589\" srcset=\"https:\/\/www.pacteindustrial.org\/wp-content\/uploads\/2020\/10\/Foto-3-Jaume-Collboni-1024x576.png 1024w, https:\/\/www.pacteindustrial.org\/wp-content\/uploads\/2020\/10\/Foto-3-Jaume-Collboni-300x169.png 300w, https:\/\/www.pacteindustrial.org\/wp-content\/uploads\/2020\/10\/Foto-3-Jaume-Collboni-768x432.png 768w, https:\/\/www.pacteindustrial.org\/wp-content\/uploads\/2020\/10\/Foto-3-Jaume-Collboni-200x112.png 200w, https:\/\/www.pacteindustrial.org\/wp-content\/uploads\/2020\/10\/Foto-3-Jaume-Collboni.png 1099w\" sizes=\"(max-width: 1024px) 100vw, 1024px\" \/><figcaption>Jaume Collboni, primer tinent d\u2019alcaldia de l\u2019Ajuntament de Barcelona i president del Consell General del Pacte Industrial<\/figcaption><\/figure>\n\n\n\n<h2>Propostes d\u2019accions per accelerar la transici\u00f3 cap a una economia circular<\/h2>\n\n\n\n<p><strong>Formaci\u00f3<\/strong>&nbsp;en economia circular en totes les etapes educatives, un&nbsp;<strong>m\u00e0ster universitari<\/strong>&nbsp;de prestigi internacional en la mat\u00e8ria, un&nbsp;<strong>congr\u00e9s<\/strong>&nbsp;de primer nivell amb impacte internacional i impulsar l\u2019<strong>ecosistema&nbsp;<em>greentech<\/em><\/strong>&nbsp;s\u00f3n algunes de les propostes sorgides en els tallers participatius del&nbsp;<strong>grup d\u2019experts<\/strong>&nbsp;que ha contrastat i debatut les reflexions dutes a terme en les jornades. El grup d\u2019experts veu amb&nbsp;<strong>optimisme<\/strong>&nbsp;el futur i valora que en l\u2019horitz\u00f3 2030 hi ha recorregut per augmentar el nostre nivell de circularitat des del 9% actual.<\/p>\n\n\n\n<figure class=\"wp-block-pullquote is-style-default\"><blockquote><p>&#8220;Una estrat\u00e8gia d\u2019economia circular efectiva ha de comptar amb mecanismes de col\u00b7laboraci\u00f3 publicoprivada que posin en funcionament la roda de creaci\u00f3 del valor compartit: inversi\u00f3 p\u00fablica i privada; creaci\u00f3 de riquesa i ocupaci\u00f3, i cohesi\u00f3 social i territorial.&#8221;<\/p><cite>Carles Rivera, coordinador gerent del Pacte Industrial<\/cite><\/blockquote><\/figure>\n\n\n\n<p>La jornada tamb\u00e9 ha comptat amb una&nbsp;<strong>taula rodona<\/strong>&nbsp;amb representants de l&#8217;administraci\u00f3 p\u00fablica i del m\u00f3n empresarial per parlar d\u2019economia circular i col\u00b7laboraci\u00f3 publicoprivada. Hi ha participat&nbsp;<strong>Marta Subir\u00e0<\/strong>, secret\u00e0ria de Medi Ambient i Sostenibilitat de la Generalitat de Catalunya;&nbsp;<strong>Carles Ruiz<\/strong>, alcalde de Viladecans;&nbsp;<strong>Pere Navarro<\/strong>, delegat especial de l\u2019Estat al Consorci de la Zona Franca de Barcelona;&nbsp;<strong>Merc\u00e8 Conesa<\/strong>, presidenta del Port de Barcelona;&nbsp;<strong>Francesc Rubiralta<\/strong>, president i CEO de Celsa Group;&nbsp;<strong>Merc\u00e8 Girbau<\/strong>, presidenta i consellera delegada de Girbau, i&nbsp;<strong>Sergi Ferrer-Salat<\/strong>, president de Ferrer. Els ponents han explicat exemples molt interessants d&#8217;economia circular a les seves institucions i empreses. Tots han coincidit en destacar la necessitat de la&nbsp;<strong>col\u00b7laboraci\u00f3 multiactor<\/strong>.<\/p>\n\n\n\n<figure class=\"wp-block-embed aligncenter is-type-rich is-provider-twitter wp-block-embed-twitter\"><div class=\"wp-block-embed__wrapper\">\n<blockquote class=\"twitter-tweet\" data-width=\"550\" data-dnt=\"true\"><p lang=\"ca\" dir=\"ltr\">\u25b6\ufe0fComencem!<br><br>Jornada \u201c<a href=\"https:\/\/twitter.com\/hashtag\/EconomiaCircular?src=hash&amp;ref_src=twsrc%5Etfw\">#EconomiaCircular<\/a> i acci\u00f3 col\u00b7lectiva en l\u2019<a href=\"https:\/\/twitter.com\/hashtag\/horitz%C3%B32030?src=hash&amp;ref_src=twsrc%5Etfw\">#horitz\u00f32030<\/a>\u201d, l\u2019\u00faltima del cicle <a href=\"https:\/\/twitter.com\/hashtag\/2030circular?src=hash&amp;ref_src=twsrc%5Etfw\">#2030circular<\/a><br><br>\ud83d\udd34EN DIRECTE: <a href=\"https:\/\/t.co\/X9RxhPqvDg\">https:\/\/t.co\/X9RxhPqvDg<\/a><br><br>[Obrim fil]\ud83d\udc47 <a href=\"https:\/\/t.co\/UJF8F5K5AF\">pic.twitter.com\/UJF8F5K5AF<\/a><\/p>&mdash; Pacte Industrial (@pacteindustrial) <a href=\"https:\/\/twitter.com\/pacteindustrial\/status\/1315921706771525632?ref_src=twsrc%5Etfw\">October 13, 2020<\/a><\/blockquote><script async src=\"https:\/\/platform.twitter.com\/widgets.js\" charset=\"utf-8\"><\/script>\n<\/div><\/figure>\n\n\n\n<p>L\u2019objectiu del cicle&nbsp;<em><strong>Di\u00e0legs i sinergies per a la transici\u00f3 circular en l\u2019horitz\u00f3 2030<\/strong><\/em>&nbsp;\u00e9s crear&nbsp;<strong>aliances multiactor<\/strong>&nbsp;per impulsar la transici\u00f3 cap a un model d\u2019economia circular, el que implica millorar el coneixement de la realitat dels diferents agents i fomentar la cooperaci\u00f3 entre l\u2019administraci\u00f3 p\u00fablica, la ind\u00fastria, l\u2019acad\u00e8mia, el tercer sector i resta d\u2019agents. El cicle, seleccionat en la&nbsp;<strong>4a convocat\u00f2ria de projectes de reflexi\u00f3 del Palau Macaya de la Fundaci\u00f3 &#8220;la Caixa&#8221;<\/strong>, ha constat de quatre jornades i tres tallers participatius amb un grup d\u2019experts que es van iniciar el mes d&#8217;octubre de l&#8217;any passat.<\/p>\n\n\n\n<div style=\"height:50px\" aria-hidden=\"true\" class=\"wp-block-spacer\"><\/div>\n\n\n\n<figure class=\"wp-block-embed aligncenter is-type-video is-provider-youtube wp-block-embed-youtube wp-embed-aspect-16-9 wp-has-aspect-ratio\"><div class=\"wp-block-embed__wrapper\">\n<iframe loading=\"lazy\" title=\"Cicle #2030circular - Jornada de clausura &quot;Economia circular i acci\u00f3 col\u00b7lectiva en l&#039;horitz\u00f3 2030&quot;\" width=\"640\" height=\"360\" src=\"https:\/\/www.youtube.com\/embed\/XMWlBUyUYaQ?feature=oembed\" frameborder=\"0\" allow=\"accelerometer; autoplay; clipboard-write; encrypted-media; gyroscope; picture-in-picture; web-share\" allowfullscreen><\/iframe>\n<\/div><figcaption>V\u00cdDEO de la jornada<\/figcaption><\/figure>\n","protected":false},"excerpt":{"rendered":"<p>El&nbsp;Pacte Industrial de la Regi\u00f3 Metropolitana de Barcelona&nbsp;ha celebrat el passat 13 d&#8217;octubre la jornada de clausura del&nbsp;cicle&nbsp;Di\u00e0legs i sinergies per a la transici\u00f3 circular en l\u2019horitz\u00f3 2030&nbsp;en qu\u00e8 s&#8217;han presentat les&nbsp;conclusions&nbsp;del cicle i&nbsp;propostes d&#8217;accions&nbsp;a dur a terme per accelerar la&nbsp;transici\u00f3 cap a una economia circular des del di\u00e0leg i la col\u00b7laboraci\u00f3 multiactor. Jaume Collboni, [&#8230;]<\/p>\n","protected":false},"author":6,"featured_media":11564,"comment_status":"open","ping_status":"open","sticky":false,"template":"","format":"standard","meta":[],"categories":[1],"tags":[172,140,154,153,171],"post_scope":[29],"yoast_head":"<!-- This site is optimized with the Yoast SEO plugin v16.1.1 - https:\/\/yoast.com\/wordpress\/plugins\/seo\/ -->\n<title>El Pacte Industrial impulsa l\u2019economia circular com a aposta d\u2019ambici\u00f3 metropolitana per a la recuperaci\u00f3 econ\u00f2mica - Pacte Industrial RMB<\/title>\n<meta name=\"description\" content=\"Taula rodona amb representants de l&#039;administraci\u00f3 p\u00fablica i d&#039;empreses per parlar d&#039;economia circular i col\u00b7laboraci\u00f3 publicoprivada.\" \/>\n<link rel=\"canonical\" href=\"https:\/\/www.pacteindustrial.org\/ca\/blog\/el-pacte-industrial-impulsa-leconomia-circular-com-a-aposta-dambicio-metropolitana-per-a-la-recuperacio-economica\/\" \/>\n<meta property=\"og:locale\" content=\"ca_ES\" \/>\n<meta property=\"og:type\" content=\"article\" \/>\n<meta property=\"og:title\" content=\"El Pacte Industrial impulsa l\u2019economia circular com a aposta d\u2019ambici\u00f3 metropolitana per a la recuperaci\u00f3 econ\u00f2mica - Pacte Industrial RMB\" \/>\n<meta property=\"og:description\" content=\"Taula rodona amb representants de l&#039;administraci\u00f3 p\u00fablica i d&#039;empreses per parlar d&#039;economia circular i col\u00b7laboraci\u00f3 publicoprivada.\" \/>\n<meta property=\"og:url\" content=\"https:\/\/www.pacteindustrial.org\/ca\/blog\/el-pacte-industrial-impulsa-leconomia-circular-com-a-aposta-dambicio-metropolitana-per-a-la-recuperacio-economica\/\" \/>\n<meta property=\"og:site_name\" content=\"Pacte Industrial RMB\" \/>\n<meta property=\"article:published_time\" content=\"2020-10-13T17:51:00+00:00\" \/>\n<meta property=\"article:modified_time\" content=\"2024-01-25T10:36:39+00:00\" \/>\n<meta property=\"og:image\" content=\"https:\/\/www.pacteindustrial.org\/wp-content\/uploads\/2020\/10\/Foto-2-Taula-rodona.png\" \/>\n\t<meta property=\"og:image:width\" content=\"1074\" \/>\n\t<meta property=\"og:image:height\" content=\"603\" \/>\n<meta name=\"twitter:card\" content=\"summary_large_image\" \/>\n<meta name=\"twitter:label1\" content=\"Temps estimat de lectura\">\n\t<meta name=\"twitter:data1\" content=\"3 minuts\">\n<script type=\"application\/ld+json\" class=\"yoast-schema-graph\">{\"@context\":\"https:\/\/schema.org\",\"@graph\":[{\"@type\":\"WebSite\",\"@id\":\"https:\/\/www.pacteindustrial.org\/ca\/#website\",\"url\":\"https:\/\/www.pacteindustrial.org\/ca\/\",\"name\":\"Pacte Industrial RMB\",\"description\":\"\",\"potentialAction\":[{\"@type\":\"SearchAction\",\"target\":\"https:\/\/www.pacteindustrial.org\/ca\/?s={search_term_string}\",\"query-input\":\"required name=search_term_string\"}],\"inLanguage\":\"ca\"},{\"@type\":\"ImageObject\",\"@id\":\"https:\/\/www.pacteindustrial.org\/ca\/blog\/el-pacte-industrial-impulsa-leconomia-circular-com-a-aposta-dambicio-metropolitana-per-a-la-recuperacio-economica\/#primaryimage\",\"inLanguage\":\"ca\",\"url\":\"https:\/\/www.pacteindustrial.org\/wp-content\/uploads\/2020\/10\/Foto-2-Taula-rodona.png\",\"contentUrl\":\"https:\/\/www.pacteindustrial.org\/wp-content\/uploads\/2020\/10\/Foto-2-Taula-rodona.png\",\"width\":1074,\"height\":603},{\"@type\":\"WebPage\",\"@id\":\"https:\/\/www.pacteindustrial.org\/ca\/blog\/el-pacte-industrial-impulsa-leconomia-circular-com-a-aposta-dambicio-metropolitana-per-a-la-recuperacio-economica\/#webpage\",\"url\":\"https:\/\/www.pacteindustrial.org\/ca\/blog\/el-pacte-industrial-impulsa-leconomia-circular-com-a-aposta-dambicio-metropolitana-per-a-la-recuperacio-economica\/\",\"name\":\"El Pacte Industrial impulsa l\\u2019economia circular com a aposta d\\u2019ambici\\u00f3 metropolitana per a la recuperaci\\u00f3 econ\\u00f2mica - Pacte Industrial RMB\",\"isPartOf\":{\"@id\":\"https:\/\/www.pacteindustrial.org\/ca\/#website\"},\"primaryImageOfPage\":{\"@id\":\"https:\/\/www.pacteindustrial.org\/ca\/blog\/el-pacte-industrial-impulsa-leconomia-circular-com-a-aposta-dambicio-metropolitana-per-a-la-recuperacio-economica\/#primaryimage\"},\"datePublished\":\"2020-10-13T17:51:00+00:00\",\"dateModified\":\"2024-01-25T10:36:39+00:00\",\"author\":{\"@id\":\"https:\/\/www.pacteindustrial.org\/ca\/#\/schema\/person\/f468d9850ca7905907ca1d9a87dd47a4\"},\"description\":\"Taula rodona amb representants de l'administraci\\u00f3 p\\u00fablica i d'empreses per parlar d'economia circular i col\\u00b7laboraci\\u00f3 publicoprivada.\",\"breadcrumb\":{\"@id\":\"https:\/\/www.pacteindustrial.org\/ca\/blog\/el-pacte-industrial-impulsa-leconomia-circular-com-a-aposta-dambicio-metropolitana-per-a-la-recuperacio-economica\/#breadcrumb\"},\"inLanguage\":\"ca\",\"potentialAction\":[{\"@type\":\"ReadAction\",\"target\":[\"https:\/\/www.pacteindustrial.org\/ca\/blog\/el-pacte-industrial-impulsa-leconomia-circular-com-a-aposta-dambicio-metropolitana-per-a-la-recuperacio-economica\/\"]}]},{\"@type\":\"BreadcrumbList\",\"@id\":\"https:\/\/www.pacteindustrial.org\/ca\/blog\/el-pacte-industrial-impulsa-leconomia-circular-com-a-aposta-dambicio-metropolitana-per-a-la-recuperacio-economica\/#breadcrumb\",\"itemListElement\":[{\"@type\":\"ListItem\",\"position\":1,\"item\":{\"@type\":\"WebPage\",\"@id\":\"https:\/\/www.pacteindustrial.org\/ca\/\",\"url\":\"https:\/\/www.pacteindustrial.org\/ca\/\",\"name\":\"Home\"}},{\"@type\":\"ListItem\",\"position\":2,\"item\":{\"@type\":\"WebPage\",\"@id\":\"https:\/\/www.pacteindustrial.org\/ca\/blog\/el-pacte-industrial-impulsa-leconomia-circular-com-a-aposta-dambicio-metropolitana-per-a-la-recuperacio-economica\/\",\"url\":\"https:\/\/www.pacteindustrial.org\/ca\/blog\/el-pacte-industrial-impulsa-leconomia-circular-com-a-aposta-dambicio-metropolitana-per-a-la-recuperacio-economica\/\",\"name\":\"El Pacte Industrial impulsa l\\u2019economia circular com a aposta d\\u2019ambici\\u00f3 metropolitana per a la recuperaci\\u00f3 econ\\u00f2mica\"}}]},{\"@type\":\"Person\",\"@id\":\"https:\/\/www.pacteindustrial.org\/ca\/#\/schema\/person\/f468d9850ca7905907ca1d9a87dd47a4\",\"name\":\"cmartinez@pacteindustrial.org\",\"image\":{\"@type\":\"ImageObject\",\"@id\":\"https:\/\/www.pacteindustrial.org\/ca\/#personlogo\",\"inLanguage\":\"ca\",\"url\":\"https:\/\/secure.gravatar.com\/avatar\/fcee0cfd9e0b9895b8dd291573c84526?s=96&d=mm&r=g\",\"contentUrl\":\"https:\/\/secure.gravatar.com\/avatar\/fcee0cfd9e0b9895b8dd291573c84526?s=96&d=mm&r=g\",\"caption\":\"cmartinez@pacteindustrial.org\"}}]}<\/script>\n<!-- \/ Yoast SEO plugin. -->","_links":{"self":[{"href":"https:\/\/www.pacteindustrial.org\/ca\/wp-json\/wp\/v2\/posts\/11563"}],"collection":[{"href":"https:\/\/www.pacteindustrial.org\/ca\/wp-json\/wp\/v2\/posts"}],"about":[{"href":"https:\/\/www.pacteindustrial.org\/ca\/wp-json\/wp\/v2\/types\/post"}],"author":[{"embeddable":true,"href":"https:\/\/www.pacteindustrial.org\/ca\/wp-json\/wp\/v2\/users\/6"}],"replies":[{"embeddable":true,"href":"https:\/\/www.pacteindustrial.org\/ca\/wp-json\/wp\/v2\/comments?post=11563"}],"version-history":[{"count":29,"href":"https:\/\/www.pacteindustrial.org\/ca\/wp-json\/wp\/v2\/posts\/11563\/revisions"}],"predecessor-version":[{"id":20631,"href":"https:\/\/www.pacteindustrial.org\/ca\/wp-json\/wp\/v2\/posts\/11563\/revisions\/20631"}],"wp:featuredmedia":[{"embeddable":true,"href":"https:\/\/www.pacteindustrial.org\/ca\/wp-json\/wp\/v2\/media\/11564"}],"wp:attachment":[{"href":"https:\/\/www.pacteindustrial.org\/ca\/wp-json\/wp\/v2\/media?parent=11563"}],"wp:term":[{"taxonomy":"category","embeddable":true,"href":"https:\/\/www.pacteindustrial.org\/ca\/wp-json\/wp\/v2\/categories?post=11563"},{"taxonomy":"post_tag","embeddable":true,"href":"https:\/\/www.pacteindustrial.org\/ca\/wp-json\/wp\/v2\/tags?post=11563"},{"taxonomy":"post_scope","embeddable":true,"href":"https:\/\/www.pacteindustrial.org\/ca\/wp-json\/wp\/v2\/post_scope?post=11563"}],"curies":[{"name":"wp","href":"https:\/\/api.w.org\/{rel}","templated":true}]}}