{"id":12009,"date":"2015-05-08T16:31:00","date_gmt":"2015-05-08T14:31:00","guid":{"rendered":"https:\/\/www.pacteindustrial.org\/?p=12009"},"modified":"2020-11-01T13:32:20","modified_gmt":"2020-11-01T11:32:20","slug":"article-al-20-minutos-sobre-la-presentacio-del-quadern-12-del-pacte-industrial","status":"publish","type":"post","link":"https:\/\/www.pacteindustrial.org\/ca\/blog\/article-al-20-minutos-sobre-la-presentacio-del-quadern-12-del-pacte-industrial\/","title":{"rendered":"Article al 20 minutos sobre la presentaci\u00f3 del Quadern 12 del Pacte Industrial"},"content":{"rendered":"\n<p>El diari <em>20 minutos <\/em>s&#8217;ha fet ress\u00f2 de la publicaci\u00f3 del Quadern 12 del Pacte Industrial, <em>La innovaci\u00f3 tecnol\u00f2gica a la RMB: localitzaci\u00f3 i tecnologia de les patents europees<\/em>, i destaca les principals conclusions de l&#8217;estudi.<\/p>\n","protected":false},"excerpt":{"rendered":"<p>El diari 20 minutos s&#8217;ha fet ress\u00f2 de la publicaci\u00f3 del Quadern 12 del Pacte Industrial, La innovaci\u00f3 tecnol\u00f2gica a la RMB: localitzaci\u00f3 i tecnologia de les patents europees, i destaca les principals conclusions de l&#8217;estudi. [&#8230;]<\/p>\n","protected":false},"author":6,"featured_media":12011,"comment_status":"open","ping_status":"open","sticky":false,"template":"","format":"standard","meta":[],"categories":[331],"tags":[72,84,70,347],"post_scope":[],"yoast_head":"<!-- This site is optimized with the Yoast SEO plugin v16.1.1 - https:\/\/yoast.com\/wordpress\/plugins\/seo\/ -->\n<title>Article al 20 minutos sobre la presentaci\u00f3 del Quadern 12 del Pacte Industrial - Pacte Industrial RMB<\/title>\n<link rel=\"canonical\" href=\"https:\/\/www.pacteindustrial.org\/ca\/blog\/article-al-20-minutos-sobre-la-presentacio-del-quadern-12-del-pacte-industrial\/\" \/>\n<meta property=\"og:locale\" content=\"ca_ES\" \/>\n<meta property=\"og:type\" content=\"article\" \/>\n<meta property=\"og:title\" content=\"Article al 20 minutos sobre la presentaci\u00f3 del Quadern 12 del Pacte Industrial - Pacte Industrial RMB\" \/>\n<meta property=\"og:description\" content=\"El diari 20 minutos s&#8217;ha fet ress\u00f2 de la publicaci\u00f3 del Quadern 12 del Pacte Industrial, La innovaci\u00f3 tecnol\u00f2gica a la RMB: localitzaci\u00f3 i tecnologia de les patents europees, i destaca les principals conclusions de l&#8217;estudi. [...]\" \/>\n<meta property=\"og:url\" content=\"https:\/\/www.pacteindustrial.org\/ca\/blog\/article-al-20-minutos-sobre-la-presentacio-del-quadern-12-del-pacte-industrial\/\" \/>\n<meta property=\"og:site_name\" content=\"Pacte Industrial RMB\" \/>\n<meta property=\"article:published_time\" content=\"2015-05-08T14:31:00+00:00\" \/>\n<meta property=\"article:modified_time\" content=\"2020-11-01T11:32:20+00:00\" \/>\n<meta property=\"og:image\" content=\"https:\/\/www.pacteindustrial.org\/wp-content\/uploads\/2020\/11\/2015.05.08-Q12.png\" \/>\n\t<meta property=\"og:image:width\" content=\"175\" \/>\n\t<meta property=\"og:image:height\" content=\"663\" \/>\n<meta name=\"twitter:card\" content=\"summary_large_image\" \/>\n<script type=\"application\/ld+json\" class=\"yoast-schema-graph\">{\"@context\":\"https:\/\/schema.org\",\"@graph\":[{\"@type\":\"WebSite\",\"@id\":\"https:\/\/www.pacteindustrial.org\/ca\/#website\",\"url\":\"https:\/\/www.pacteindustrial.org\/ca\/\",\"name\":\"Pacte Industrial RMB\",\"description\":\"\",\"potentialAction\":[{\"@type\":\"SearchAction\",\"target\":\"https:\/\/www.pacteindustrial.org\/ca\/?s={search_term_string}\",\"query-input\":\"required name=search_term_string\"}],\"inLanguage\":\"ca\"},{\"@type\":\"ImageObject\",\"@id\":\"https:\/\/www.pacteindustrial.org\/ca\/blog\/article-al-20-minutos-sobre-la-presentacio-del-quadern-12-del-pacte-industrial\/#primaryimage\",\"inLanguage\":\"ca\",\"url\":\"https:\/\/www.pacteindustrial.org\/wp-content\/uploads\/2020\/11\/2015.05.08-Q12.png\",\"contentUrl\":\"https:\/\/www.pacteindustrial.org\/wp-content\/uploads\/2020\/11\/2015.05.08-Q12.png\",\"width\":175,\"height\":663},{\"@type\":\"WebPage\",\"@id\":\"https:\/\/www.pacteindustrial.org\/ca\/blog\/article-al-20-minutos-sobre-la-presentacio-del-quadern-12-del-pacte-industrial\/#webpage\",\"url\":\"https:\/\/www.pacteindustrial.org\/ca\/blog\/article-al-20-minutos-sobre-la-presentacio-del-quadern-12-del-pacte-industrial\/\",\"name\":\"Article al 20 minutos sobre la presentaci\\u00f3 del Quadern 12 del Pacte Industrial - Pacte Industrial RMB\",\"isPartOf\":{\"@id\":\"https:\/\/www.pacteindustrial.org\/ca\/#website\"},\"primaryImageOfPage\":{\"@id\":\"https:\/\/www.pacteindustrial.org\/ca\/blog\/article-al-20-minutos-sobre-la-presentacio-del-quadern-12-del-pacte-industrial\/#primaryimage\"},\"datePublished\":\"2015-05-08T14:31:00+00:00\",\"dateModified\":\"2020-11-01T11:32:20+00:00\",\"author\":{\"@id\":\"https:\/\/www.pacteindustrial.org\/ca\/#\/schema\/person\/f468d9850ca7905907ca1d9a87dd47a4\"},\"breadcrumb\":{\"@id\":\"https:\/\/www.pacteindustrial.org\/ca\/blog\/article-al-20-minutos-sobre-la-presentacio-del-quadern-12-del-pacte-industrial\/#breadcrumb\"},\"inLanguage\":\"ca\",\"potentialAction\":[{\"@type\":\"ReadAction\",\"target\":[\"https:\/\/www.pacteindustrial.org\/ca\/blog\/article-al-20-minutos-sobre-la-presentacio-del-quadern-12-del-pacte-industrial\/\"]}]},{\"@type\":\"BreadcrumbList\",\"@id\":\"https:\/\/www.pacteindustrial.org\/ca\/blog\/article-al-20-minutos-sobre-la-presentacio-del-quadern-12-del-pacte-industrial\/#breadcrumb\",\"itemListElement\":[{\"@type\":\"ListItem\",\"position\":1,\"item\":{\"@type\":\"WebPage\",\"@id\":\"https:\/\/www.pacteindustrial.org\/ca\/\",\"url\":\"https:\/\/www.pacteindustrial.org\/ca\/\",\"name\":\"Home\"}},{\"@type\":\"ListItem\",\"position\":2,\"item\":{\"@type\":\"WebPage\",\"@id\":\"https:\/\/www.pacteindustrial.org\/ca\/blog\/article-al-20-minutos-sobre-la-presentacio-del-quadern-12-del-pacte-industrial\/\",\"url\":\"https:\/\/www.pacteindustrial.org\/ca\/blog\/article-al-20-minutos-sobre-la-presentacio-del-quadern-12-del-pacte-industrial\/\",\"name\":\"Article al 20 minutos sobre la presentaci\\u00f3 del Quadern 12 del Pacte Industrial\"}}]},{\"@type\":\"Person\",\"@id\":\"https:\/\/www.pacteindustrial.org\/ca\/#\/schema\/person\/f468d9850ca7905907ca1d9a87dd47a4\",\"name\":\"cmartinez@pacteindustrial.org\",\"image\":{\"@type\":\"ImageObject\",\"@id\":\"https:\/\/www.pacteindustrial.org\/ca\/#personlogo\",\"inLanguage\":\"ca\",\"url\":\"https:\/\/secure.gravatar.com\/avatar\/fcee0cfd9e0b9895b8dd291573c84526?s=96&d=mm&r=g\",\"contentUrl\":\"https:\/\/secure.gravatar.com\/avatar\/fcee0cfd9e0b9895b8dd291573c84526?s=96&d=mm&r=g\",\"caption\":\"cmartinez@pacteindustrial.org\"}}]}<\/script>\n<!-- \/ Yoast SEO plugin. -->","_links":{"self":[{"href":"https:\/\/www.pacteindustrial.org\/ca\/wp-json\/wp\/v2\/posts\/12009"}],"collection":[{"href":"https:\/\/www.pacteindustrial.org\/ca\/wp-json\/wp\/v2\/posts"}],"about":[{"href":"https:\/\/www.pacteindustrial.org\/ca\/wp-json\/wp\/v2\/types\/post"}],"author":[{"embeddable":true,"href":"https:\/\/www.pacteindustrial.org\/ca\/wp-json\/wp\/v2\/users\/6"}],"replies":[{"embeddable":true,"href":"https:\/\/www.pacteindustrial.org\/ca\/wp-json\/wp\/v2\/comments?post=12009"}],"version-history":[{"count":4,"href":"https:\/\/www.pacteindustrial.org\/ca\/wp-json\/wp\/v2\/posts\/12009\/revisions"}],"predecessor-version":[{"id":12037,"href":"https:\/\/www.pacteindustrial.org\/ca\/wp-json\/wp\/v2\/posts\/12009\/revisions\/12037"}],"wp:featuredmedia":[{"embeddable":true,"href":"https:\/\/www.pacteindustrial.org\/ca\/wp-json\/wp\/v2\/media\/12011"}],"wp:attachment":[{"href":"https:\/\/www.pacteindustrial.org\/ca\/wp-json\/wp\/v2\/media?parent=12009"}],"wp:term":[{"taxonomy":"category","embeddable":true,"href":"https:\/\/www.pacteindustrial.org\/ca\/wp-json\/wp\/v2\/categories?post=12009"},{"taxonomy":"post_tag","embeddable":true,"href":"https:\/\/www.pacteindustrial.org\/ca\/wp-json\/wp\/v2\/tags?post=12009"},{"taxonomy":"post_scope","embeddable":true,"href":"https:\/\/www.pacteindustrial.org\/ca\/wp-json\/wp\/v2\/post_scope?post=12009"}],"curies":[{"name":"wp","href":"https:\/\/api.w.org\/{rel}","templated":true}]}}