{"id":12143,"date":"2016-07-31T18:00:00","date_gmt":"2016-07-31T16:00:00","guid":{"rendered":"https:\/\/www.pacteindustrial.org\/?p=12143"},"modified":"2021-02-22T02:19:50","modified_gmt":"2021-02-22T00:19:50","slug":"article-a-la-vanguardia-sobre-el-quadern-14-del-pacte-industrial","status":"publish","type":"post","link":"https:\/\/www.pacteindustrial.org\/ca\/blog\/article-a-la-vanguardia-sobre-el-quadern-14-del-pacte-industrial\/","title":{"rendered":"Article a La Vanguardia sobre el nou model energ\u00e8tic i les seves oportunitats de negoci amb les valoracions de Carles Rivera"},"content":{"rendered":"\n<p>El diari <em>La Vanguardia <\/em>ha publicat un article de Lorena Farr\u00e0s sobre la transici\u00f3 energ\u00e8tica en qu\u00e8 es posen en relleu les oportunitats de negoci que es poden derivar del canvi de model energ\u00e8tic, basat en les fonts d&#8217;energia renovables i en una efici\u00e8ncia m\u00e9s gran en el seu \u00fas. L&#8217;article recull les valoracions de Carles Rivera, coordinador gerent del Pacte Industrial.<\/p>\n\n\n\n<p>Recentment l&#8217;associaci\u00f3 ha presentat la publicaci\u00f3 <em>Guia d\u2019iniciatives locals cap a la transici\u00f3 energ\u00e8tica als pol\u00edgons industrials<\/em>, que esdev\u00e9 el volum 14 de la col\u00b7lecci\u00f3 Quaderns del Pacte Industrial.<\/p>\n","protected":false},"excerpt":{"rendered":"<p>El diari La Vanguardia ha publicat un article de Lorena Farr\u00e0s sobre la transici\u00f3 energ\u00e8tica en qu\u00e8 es posen en relleu les oportunitats de negoci que es poden derivar del canvi de model energ\u00e8tic, basat en les fonts d&#8217;energia renovables i en una efici\u00e8ncia m\u00e9s gran en el seu \u00fas. L&#8217;article recull les valoracions de [&#8230;]<\/p>\n","protected":false},"author":6,"featured_media":12148,"comment_status":"open","ping_status":"open","sticky":false,"template":"","format":"standard","meta":[],"categories":[330],"tags":[140,137,77,80,347,139,138],"post_scope":[],"yoast_head":"<!-- This site is optimized with the Yoast SEO plugin v16.1.1 - https:\/\/yoast.com\/wordpress\/plugins\/seo\/ -->\n<title>Article a La Vanguardia sobre el nou model energ\u00e8tic i les seves oportunitats de negoci amb les valoracions de Carles Rivera - Pacte Industrial RMB<\/title>\n<link rel=\"canonical\" href=\"https:\/\/www.pacteindustrial.org\/ca\/blog\/article-a-la-vanguardia-sobre-el-quadern-14-del-pacte-industrial\/\" \/>\n<meta property=\"og:locale\" content=\"ca_ES\" \/>\n<meta property=\"og:type\" content=\"article\" \/>\n<meta property=\"og:title\" content=\"Article a La Vanguardia sobre el nou model energ\u00e8tic i les seves oportunitats de negoci amb les valoracions de Carles Rivera - Pacte Industrial RMB\" \/>\n<meta property=\"og:description\" content=\"El diari La Vanguardia ha publicat un article de Lorena Farr\u00e0s sobre la transici\u00f3 energ\u00e8tica en qu\u00e8 es posen en relleu les oportunitats de negoci que es poden derivar del canvi de model energ\u00e8tic, basat en les fonts d&#8217;energia renovables i en una efici\u00e8ncia m\u00e9s gran en el seu \u00fas. L&#8217;article recull les valoracions de [...]\" \/>\n<meta property=\"og:url\" content=\"https:\/\/www.pacteindustrial.org\/ca\/blog\/article-a-la-vanguardia-sobre-el-quadern-14-del-pacte-industrial\/\" \/>\n<meta property=\"og:site_name\" content=\"Pacte Industrial RMB\" \/>\n<meta property=\"article:published_time\" content=\"2016-07-31T16:00:00+00:00\" \/>\n<meta property=\"article:modified_time\" content=\"2021-02-22T00:19:50+00:00\" \/>\n<meta property=\"og:image\" content=\"https:\/\/www.pacteindustrial.org\/wp-content\/uploads\/2020\/11\/2016.07.15-La-Vanguardia-Diners-e1615151604290.png\" \/>\n\t<meta property=\"og:image:width\" content=\"841\" \/>\n\t<meta property=\"og:image:height\" content=\"1513\" \/>\n<meta name=\"twitter:card\" content=\"summary_large_image\" \/>\n<script type=\"application\/ld+json\" class=\"yoast-schema-graph\">{\"@context\":\"https:\/\/schema.org\",\"@graph\":[{\"@type\":\"WebSite\",\"@id\":\"https:\/\/www.pacteindustrial.org\/ca\/#website\",\"url\":\"https:\/\/www.pacteindustrial.org\/ca\/\",\"name\":\"Pacte Industrial RMB\",\"description\":\"\",\"potentialAction\":[{\"@type\":\"SearchAction\",\"target\":\"https:\/\/www.pacteindustrial.org\/ca\/?s={search_term_string}\",\"query-input\":\"required name=search_term_string\"}],\"inLanguage\":\"ca\"},{\"@type\":\"ImageObject\",\"@id\":\"https:\/\/www.pacteindustrial.org\/ca\/blog\/article-a-la-vanguardia-sobre-el-quadern-14-del-pacte-industrial\/#primaryimage\",\"inLanguage\":\"ca\",\"url\":\"https:\/\/www.pacteindustrial.org\/wp-content\/uploads\/2020\/11\/2016.07.15-La-Vanguardia-Diners-e1615151604290.png\",\"contentUrl\":\"https:\/\/www.pacteindustrial.org\/wp-content\/uploads\/2020\/11\/2016.07.15-La-Vanguardia-Diners-e1615151604290.png\",\"width\":841,\"height\":1513},{\"@type\":\"WebPage\",\"@id\":\"https:\/\/www.pacteindustrial.org\/ca\/blog\/article-a-la-vanguardia-sobre-el-quadern-14-del-pacte-industrial\/#webpage\",\"url\":\"https:\/\/www.pacteindustrial.org\/ca\/blog\/article-a-la-vanguardia-sobre-el-quadern-14-del-pacte-industrial\/\",\"name\":\"Article a La Vanguardia sobre el nou model energ\\u00e8tic i les seves oportunitats de negoci amb les valoracions de Carles Rivera - Pacte Industrial RMB\",\"isPartOf\":{\"@id\":\"https:\/\/www.pacteindustrial.org\/ca\/#website\"},\"primaryImageOfPage\":{\"@id\":\"https:\/\/www.pacteindustrial.org\/ca\/blog\/article-a-la-vanguardia-sobre-el-quadern-14-del-pacte-industrial\/#primaryimage\"},\"datePublished\":\"2016-07-31T16:00:00+00:00\",\"dateModified\":\"2021-02-22T00:19:50+00:00\",\"author\":{\"@id\":\"https:\/\/www.pacteindustrial.org\/ca\/#\/schema\/person\/f468d9850ca7905907ca1d9a87dd47a4\"},\"breadcrumb\":{\"@id\":\"https:\/\/www.pacteindustrial.org\/ca\/blog\/article-a-la-vanguardia-sobre-el-quadern-14-del-pacte-industrial\/#breadcrumb\"},\"inLanguage\":\"ca\",\"potentialAction\":[{\"@type\":\"ReadAction\",\"target\":[\"https:\/\/www.pacteindustrial.org\/ca\/blog\/article-a-la-vanguardia-sobre-el-quadern-14-del-pacte-industrial\/\"]}]},{\"@type\":\"BreadcrumbList\",\"@id\":\"https:\/\/www.pacteindustrial.org\/ca\/blog\/article-a-la-vanguardia-sobre-el-quadern-14-del-pacte-industrial\/#breadcrumb\",\"itemListElement\":[{\"@type\":\"ListItem\",\"position\":1,\"item\":{\"@type\":\"WebPage\",\"@id\":\"https:\/\/www.pacteindustrial.org\/ca\/\",\"url\":\"https:\/\/www.pacteindustrial.org\/ca\/\",\"name\":\"Home\"}},{\"@type\":\"ListItem\",\"position\":2,\"item\":{\"@type\":\"WebPage\",\"@id\":\"https:\/\/www.pacteindustrial.org\/ca\/blog\/article-a-la-vanguardia-sobre-el-quadern-14-del-pacte-industrial\/\",\"url\":\"https:\/\/www.pacteindustrial.org\/ca\/blog\/article-a-la-vanguardia-sobre-el-quadern-14-del-pacte-industrial\/\",\"name\":\"Article a La Vanguardia sobre el nou model energ\\u00e8tic i les seves oportunitats de negoci amb les valoracions de Carles Rivera\"}}]},{\"@type\":\"Person\",\"@id\":\"https:\/\/www.pacteindustrial.org\/ca\/#\/schema\/person\/f468d9850ca7905907ca1d9a87dd47a4\",\"name\":\"cmartinez@pacteindustrial.org\",\"image\":{\"@type\":\"ImageObject\",\"@id\":\"https:\/\/www.pacteindustrial.org\/ca\/#personlogo\",\"inLanguage\":\"ca\",\"url\":\"https:\/\/secure.gravatar.com\/avatar\/fcee0cfd9e0b9895b8dd291573c84526?s=96&d=mm&r=g\",\"contentUrl\":\"https:\/\/secure.gravatar.com\/avatar\/fcee0cfd9e0b9895b8dd291573c84526?s=96&d=mm&r=g\",\"caption\":\"cmartinez@pacteindustrial.org\"}}]}<\/script>\n<!-- \/ Yoast SEO plugin. -->","_links":{"self":[{"href":"https:\/\/www.pacteindustrial.org\/ca\/wp-json\/wp\/v2\/posts\/12143"}],"collection":[{"href":"https:\/\/www.pacteindustrial.org\/ca\/wp-json\/wp\/v2\/posts"}],"about":[{"href":"https:\/\/www.pacteindustrial.org\/ca\/wp-json\/wp\/v2\/types\/post"}],"author":[{"embeddable":true,"href":"https:\/\/www.pacteindustrial.org\/ca\/wp-json\/wp\/v2\/users\/6"}],"replies":[{"embeddable":true,"href":"https:\/\/www.pacteindustrial.org\/ca\/wp-json\/wp\/v2\/comments?post=12143"}],"version-history":[{"count":9,"href":"https:\/\/www.pacteindustrial.org\/ca\/wp-json\/wp\/v2\/posts\/12143\/revisions"}],"predecessor-version":[{"id":13160,"href":"https:\/\/www.pacteindustrial.org\/ca\/wp-json\/wp\/v2\/posts\/12143\/revisions\/13160"}],"wp:featuredmedia":[{"embeddable":true,"href":"https:\/\/www.pacteindustrial.org\/ca\/wp-json\/wp\/v2\/media\/12148"}],"wp:attachment":[{"href":"https:\/\/www.pacteindustrial.org\/ca\/wp-json\/wp\/v2\/media?parent=12143"}],"wp:term":[{"taxonomy":"category","embeddable":true,"href":"https:\/\/www.pacteindustrial.org\/ca\/wp-json\/wp\/v2\/categories?post=12143"},{"taxonomy":"post_tag","embeddable":true,"href":"https:\/\/www.pacteindustrial.org\/ca\/wp-json\/wp\/v2\/tags?post=12143"},{"taxonomy":"post_scope","embeddable":true,"href":"https:\/\/www.pacteindustrial.org\/ca\/wp-json\/wp\/v2\/post_scope?post=12143"}],"curies":[{"name":"wp","href":"https:\/\/api.w.org\/{rel}","templated":true}]}}