{"id":12442,"date":"2020-12-04T18:35:00","date_gmt":"2020-12-04T16:35:00","guid":{"rendered":"https:\/\/www.pacteindustrial.org\/?p=12442"},"modified":"2021-09-13T14:40:55","modified_gmt":"2021-09-13T12:40:55","slug":"48a-reunio-del-comite-executiu-del-pacte-industrial-i-presentacio-de-les-propostes-del-cicle","status":"publish","type":"post","link":"https:\/\/www.pacteindustrial.org\/ca\/blog\/48a-reunio-del-comite-executiu-del-pacte-industrial-i-presentacio-de-les-propostes-del-cicle\/","title":{"rendered":"48a Reuni\u00f3 del Comit\u00e8 Executiu del Pacte Industrial i presentaci\u00f3 de les propostes del cicle sobre transici\u00f3 circular"},"content":{"rendered":"\n<p>El Pacte Industrial de la Regi\u00f3 Metropolitana de Barcelona ha celebrat el passat 4 de desembre en format&nbsp;<em>online&nbsp;<\/em>la&nbsp;<strong>48a Reuni\u00f3 del Comit\u00e8 Executiu<\/strong>&nbsp;amb l&#8217;assist\u00e8ncia dels representants dels ajuntaments i de les entitats que integren l&#8217;associaci\u00f3. En el marc de la reuni\u00f3 s&#8217;han presentat les propostes sorgides en el cicle &#8220;Di\u00e0legs i sinergies per a la transici\u00f3 circular en l&#8217;horitz\u00f3 2030&#8221;. L&#8217;encarregat de fer-ho ha estat&nbsp;<strong>Jordi Oliver<\/strong>, director executiu d&#8217;<a href=\"http:\/\/www.ineditinnova.com\/\" target=\"_blank\" rel=\"noreferrer noopener\">In\u00e8dit<\/a>&nbsp;i responsable de la secretaria t\u00e8cnica del cicle, que ha destacat que la col\u00b7laboraci\u00f3 entre els diferents agents socioecon\u00f2mics del territori \u00e9s indispensable per a la transici\u00f3 cap a una economia circular.<\/p>\n\n\n\n<p>Com \u00e9s habitual, el coordinador gerent del Pacte Industrial i&nbsp;els presidents de les Comissions de Treball han repassat les darreres activitats de l&#8217;associaci\u00f3 i les previstes per als propers mesos.&nbsp;<strong>Salvador Clar\u00f3s&nbsp;<\/strong>(<a rel=\"noreferrer noopener\" href=\"https:\/\/www.ccoo.cat\/\" target=\"_blank\">CCOO de Catalunya<\/a>), de la Comissi\u00f3 d&#8217;Activitat Econ\u00f2mica, ha anunciat la presentaci\u00f3 del Paper 5 del Pacte Industrial,&nbsp;<em>Present i futur dels pol\u00edgons industrials: m\u00e9s enll\u00e0 de la seva transformaci\u00f3<\/em>, que tindr\u00e0 lloc el proper dimecres 16 de desembre, de 9.30 a 11.30 hores, en format&nbsp;<em>online<\/em>. De l&#8217;activitat de la Comissi\u00f3 de Mobilitat, el seu president,&nbsp;<strong>Juan Jos\u00e9 Casado&nbsp;<\/strong>(<a rel=\"noreferrer noopener\" href=\"http:\/\/www.ugt.cat\/\" target=\"_blank\">UGT de Catalunya<\/a>), ha informat d&#8217;una reuni\u00f3 sobre els reptes de la Distribuci\u00f3 Urbana de Mercaderies (DUM) per al proper 25 de febrer.<\/p>\n\n\n\n<p>Pel que fa a la Comissi\u00f3 de Formaci\u00f3,&nbsp;<strong>M. Rosa Fiol&nbsp;<\/strong>(<a rel=\"noreferrer noopener\" href=\"https:\/\/www.foment.com\/\" target=\"_blank\">Foment del Treball<\/a>), la seva presidenta, ha explicat que, a partir de les propostes d&#8217;actuaci\u00f3 sorgides en el cicle sobre transici\u00f3 circular 2030, des de la comissi\u00f3 s&#8217;impulsar\u00e0 tant l&#8217;adequaci\u00f3 de la formaci\u00f3 a les necessitats de l&#8217;economia circular com la formaci\u00f3 per a l&#8217;emprenedoria i la creaci\u00f3 d&#8217;empreses relacionades amb la sostenibilitat i l&#8217;economia circular.&nbsp;<strong>Sergi Fuster&nbsp;<\/strong>(<a rel=\"noreferrer noopener\" href=\"https:\/\/www.pimec.org\/\" target=\"_blank\">PIMEC<\/a>), president de la Comissi\u00f3 d&#8217;Innovaci\u00f3, ha recordat les \u00faltimes col\u00b7laboracions amb el&nbsp;<a rel=\"noreferrer noopener\" href=\"https:\/\/www.construmat.com\/ca\/\" target=\"_blank\">Barcelona Building Construmat<\/a>&nbsp;que organitza Fira de Barcelona i ha apuntat que el Pacte Industrial continuar\u00e0 treballant en diverses iniciatives sobre el futur de la construcci\u00f3. Per la seva part,&nbsp;<strong>Carles Rivera<\/strong>, coordinador gerent del Pacte Industrial, ha anunciat les properes publicacions de l&#8217;associaci\u00f3.<\/p>\n","protected":false},"excerpt":{"rendered":"<p>El Pacte Industrial de la Regi\u00f3 Metropolitana de Barcelona ha celebrat el passat 4 de desembre en format&nbsp;online&nbsp;la&nbsp;48a Reuni\u00f3 del Comit\u00e8 Executiu&nbsp;amb l&#8217;assist\u00e8ncia dels representants dels ajuntaments i de les entitats que integren l&#8217;associaci\u00f3. En el marc de la reuni\u00f3 s&#8217;han presentat les propostes sorgides en el cicle &#8220;Di\u00e0legs i sinergies per a la transici\u00f3 [&#8230;]<\/p>\n","protected":false},"author":6,"featured_media":12446,"comment_status":"open","ping_status":"open","sticky":false,"template":"","format":"standard","meta":[],"categories":[333],"tags":[36],"post_scope":[],"yoast_head":"<!-- This site is optimized with the Yoast SEO plugin v16.1.1 - https:\/\/yoast.com\/wordpress\/plugins\/seo\/ -->\n<title>48a Reuni\u00f3 del Comit\u00e8 Executiu del Pacte Industrial i presentaci\u00f3 de les propostes del cicle sobre transici\u00f3 circular - Pacte Industrial RMB<\/title>\n<link rel=\"canonical\" href=\"https:\/\/www.pacteindustrial.org\/ca\/blog\/48a-reunio-del-comite-executiu-del-pacte-industrial-i-presentacio-de-les-propostes-del-cicle\/\" \/>\n<meta property=\"og:locale\" content=\"ca_ES\" \/>\n<meta property=\"og:type\" content=\"article\" \/>\n<meta property=\"og:title\" content=\"48a Reuni\u00f3 del Comit\u00e8 Executiu del Pacte Industrial i presentaci\u00f3 de les propostes del cicle sobre transici\u00f3 circular - Pacte Industrial RMB\" \/>\n<meta property=\"og:description\" content=\"El Pacte Industrial de la Regi\u00f3 Metropolitana de Barcelona ha celebrat el passat 4 de desembre en format&nbsp;online&nbsp;la&nbsp;48a Reuni\u00f3 del Comit\u00e8 Executiu&nbsp;amb l&#8217;assist\u00e8ncia dels representants dels ajuntaments i de les entitats que integren l&#8217;associaci\u00f3. En el marc de la reuni\u00f3 s&#8217;han presentat les propostes sorgides en el cicle &#8220;Di\u00e0legs i sinergies per a la transici\u00f3 [...]\" \/>\n<meta property=\"og:url\" content=\"https:\/\/www.pacteindustrial.org\/ca\/blog\/48a-reunio-del-comite-executiu-del-pacte-industrial-i-presentacio-de-les-propostes-del-cicle\/\" \/>\n<meta property=\"og:site_name\" content=\"Pacte Industrial RMB\" \/>\n<meta property=\"article:published_time\" content=\"2020-12-04T16:35:00+00:00\" \/>\n<meta property=\"article:modified_time\" content=\"2021-09-13T12:40:55+00:00\" \/>\n<meta property=\"og:image\" content=\"https:\/\/www.pacteindustrial.org\/wp-content\/uploads\/2020\/12\/Foto-1.png\" \/>\n\t<meta property=\"og:image:width\" content=\"1294\" \/>\n\t<meta property=\"og:image:height\" content=\"728\" \/>\n<meta name=\"twitter:card\" content=\"summary_large_image\" \/>\n<meta name=\"twitter:label1\" content=\"Temps estimat de lectura\">\n\t<meta name=\"twitter:data1\" content=\"2 minuts\">\n<script type=\"application\/ld+json\" class=\"yoast-schema-graph\">{\"@context\":\"https:\/\/schema.org\",\"@graph\":[{\"@type\":\"WebSite\",\"@id\":\"https:\/\/www.pacteindustrial.org\/ca\/#website\",\"url\":\"https:\/\/www.pacteindustrial.org\/ca\/\",\"name\":\"Pacte Industrial RMB\",\"description\":\"\",\"potentialAction\":[{\"@type\":\"SearchAction\",\"target\":\"https:\/\/www.pacteindustrial.org\/ca\/?s={search_term_string}\",\"query-input\":\"required name=search_term_string\"}],\"inLanguage\":\"ca\"},{\"@type\":\"ImageObject\",\"@id\":\"https:\/\/www.pacteindustrial.org\/ca\/blog\/48a-reunio-del-comite-executiu-del-pacte-industrial-i-presentacio-de-les-propostes-del-cicle\/#primaryimage\",\"inLanguage\":\"ca\",\"url\":\"https:\/\/www.pacteindustrial.org\/wp-content\/uploads\/2020\/12\/Foto-1.png\",\"contentUrl\":\"https:\/\/www.pacteindustrial.org\/wp-content\/uploads\/2020\/12\/Foto-1.png\",\"width\":1294,\"height\":728},{\"@type\":\"WebPage\",\"@id\":\"https:\/\/www.pacteindustrial.org\/ca\/blog\/48a-reunio-del-comite-executiu-del-pacte-industrial-i-presentacio-de-les-propostes-del-cicle\/#webpage\",\"url\":\"https:\/\/www.pacteindustrial.org\/ca\/blog\/48a-reunio-del-comite-executiu-del-pacte-industrial-i-presentacio-de-les-propostes-del-cicle\/\",\"name\":\"48a Reuni\\u00f3 del Comit\\u00e8 Executiu del Pacte Industrial i presentaci\\u00f3 de les propostes del cicle sobre transici\\u00f3 circular - Pacte Industrial RMB\",\"isPartOf\":{\"@id\":\"https:\/\/www.pacteindustrial.org\/ca\/#website\"},\"primaryImageOfPage\":{\"@id\":\"https:\/\/www.pacteindustrial.org\/ca\/blog\/48a-reunio-del-comite-executiu-del-pacte-industrial-i-presentacio-de-les-propostes-del-cicle\/#primaryimage\"},\"datePublished\":\"2020-12-04T16:35:00+00:00\",\"dateModified\":\"2021-09-13T12:40:55+00:00\",\"author\":{\"@id\":\"https:\/\/www.pacteindustrial.org\/ca\/#\/schema\/person\/f468d9850ca7905907ca1d9a87dd47a4\"},\"breadcrumb\":{\"@id\":\"https:\/\/www.pacteindustrial.org\/ca\/blog\/48a-reunio-del-comite-executiu-del-pacte-industrial-i-presentacio-de-les-propostes-del-cicle\/#breadcrumb\"},\"inLanguage\":\"ca\",\"potentialAction\":[{\"@type\":\"ReadAction\",\"target\":[\"https:\/\/www.pacteindustrial.org\/ca\/blog\/48a-reunio-del-comite-executiu-del-pacte-industrial-i-presentacio-de-les-propostes-del-cicle\/\"]}]},{\"@type\":\"BreadcrumbList\",\"@id\":\"https:\/\/www.pacteindustrial.org\/ca\/blog\/48a-reunio-del-comite-executiu-del-pacte-industrial-i-presentacio-de-les-propostes-del-cicle\/#breadcrumb\",\"itemListElement\":[{\"@type\":\"ListItem\",\"position\":1,\"item\":{\"@type\":\"WebPage\",\"@id\":\"https:\/\/www.pacteindustrial.org\/ca\/\",\"url\":\"https:\/\/www.pacteindustrial.org\/ca\/\",\"name\":\"Home\"}},{\"@type\":\"ListItem\",\"position\":2,\"item\":{\"@type\":\"WebPage\",\"@id\":\"https:\/\/www.pacteindustrial.org\/ca\/blog\/48a-reunio-del-comite-executiu-del-pacte-industrial-i-presentacio-de-les-propostes-del-cicle\/\",\"url\":\"https:\/\/www.pacteindustrial.org\/ca\/blog\/48a-reunio-del-comite-executiu-del-pacte-industrial-i-presentacio-de-les-propostes-del-cicle\/\",\"name\":\"48a Reuni\\u00f3 del Comit\\u00e8 Executiu del Pacte Industrial i presentaci\\u00f3 de les propostes del cicle sobre transici\\u00f3 circular\"}}]},{\"@type\":\"Person\",\"@id\":\"https:\/\/www.pacteindustrial.org\/ca\/#\/schema\/person\/f468d9850ca7905907ca1d9a87dd47a4\",\"name\":\"cmartinez@pacteindustrial.org\",\"image\":{\"@type\":\"ImageObject\",\"@id\":\"https:\/\/www.pacteindustrial.org\/ca\/#personlogo\",\"inLanguage\":\"ca\",\"url\":\"https:\/\/secure.gravatar.com\/avatar\/fcee0cfd9e0b9895b8dd291573c84526?s=96&d=mm&r=g\",\"contentUrl\":\"https:\/\/secure.gravatar.com\/avatar\/fcee0cfd9e0b9895b8dd291573c84526?s=96&d=mm&r=g\",\"caption\":\"cmartinez@pacteindustrial.org\"}}]}<\/script>\n<!-- \/ Yoast SEO plugin. -->","_links":{"self":[{"href":"https:\/\/www.pacteindustrial.org\/ca\/wp-json\/wp\/v2\/posts\/12442"}],"collection":[{"href":"https:\/\/www.pacteindustrial.org\/ca\/wp-json\/wp\/v2\/posts"}],"about":[{"href":"https:\/\/www.pacteindustrial.org\/ca\/wp-json\/wp\/v2\/types\/post"}],"author":[{"embeddable":true,"href":"https:\/\/www.pacteindustrial.org\/ca\/wp-json\/wp\/v2\/users\/6"}],"replies":[{"embeddable":true,"href":"https:\/\/www.pacteindustrial.org\/ca\/wp-json\/wp\/v2\/comments?post=12442"}],"version-history":[{"count":22,"href":"https:\/\/www.pacteindustrial.org\/ca\/wp-json\/wp\/v2\/posts\/12442\/revisions"}],"predecessor-version":[{"id":15106,"href":"https:\/\/www.pacteindustrial.org\/ca\/wp-json\/wp\/v2\/posts\/12442\/revisions\/15106"}],"wp:featuredmedia":[{"embeddable":true,"href":"https:\/\/www.pacteindustrial.org\/ca\/wp-json\/wp\/v2\/media\/12446"}],"wp:attachment":[{"href":"https:\/\/www.pacteindustrial.org\/ca\/wp-json\/wp\/v2\/media?parent=12442"}],"wp:term":[{"taxonomy":"category","embeddable":true,"href":"https:\/\/www.pacteindustrial.org\/ca\/wp-json\/wp\/v2\/categories?post=12442"},{"taxonomy":"post_tag","embeddable":true,"href":"https:\/\/www.pacteindustrial.org\/ca\/wp-json\/wp\/v2\/tags?post=12442"},{"taxonomy":"post_scope","embeddable":true,"href":"https:\/\/www.pacteindustrial.org\/ca\/wp-json\/wp\/v2\/post_scope?post=12442"}],"curies":[{"name":"wp","href":"https:\/\/api.w.org\/{rel}","templated":true}]}}