{"id":17792,"date":"2022-11-22T18:52:00","date_gmt":"2022-11-22T16:52:00","guid":{"rendered":"https:\/\/www.pacteindustrial.org\/?p=17792"},"modified":"2024-07-08T14:58:25","modified_gmt":"2024-07-08T12:58:25","slug":"el-consorci-de-la-zona-franca-de-barcelona-nou-soci-especial-del-pacte-industrial-i-lajuntament-de-montmelo-nou-soci-ordinari","status":"publish","type":"post","link":"https:\/\/www.pacteindustrial.org\/ca\/blog\/el-consorci-de-la-zona-franca-de-barcelona-nou-soci-especial-del-pacte-industrial-i-lajuntament-de-montmelo-nou-soci-ordinari\/","title":{"rendered":"El Consorci de la Zona Franca de Barcelona, nou &#8220;soci especial&#8221; del Pacte Industrial, i l&#8217;Ajuntament de Montmel\u00f3, nou &#8220;soci ordinari&#8221;"},"content":{"rendered":"\n<p id=\"block-4f80ee4d-8304-435b-8710-c924220f52f8\">El <strong>Pacte Industrial<\/strong> ha celebrat el seu <strong>XXVI Consell General<\/strong> i la 51a reuni\u00f3 del <strong>Comit\u00e8 Executiu<\/strong> amb la participaci\u00f3 dels representants dels ajuntaments i de les entitats que integren l\u2019associaci\u00f3. Les reunions han tingut lloc el passat 22 de novembre al BCIN de Badalona. L&#8217;\u00faltima vegada que la ciutat va acollir aquesta celebraci\u00f3 va ser l&#8217;any 2008.<\/p>\n\n\n\n<p id=\"block-9f721cec-9517-4981-a737-fb13ae2b8912\">Durant la reuni\u00f3 s\u2019ha aprovat una modificaci\u00f3 dels estatuts que incorpora el <strong>Consorci de la Zona Franca de Barcelona (CZFB)<\/strong> com a nou \u201csoci especial de car\u00e0cter rellevant\u201d i com a membre del Comit\u00e8 Executiu de l\u2019Associaci\u00f3, consolidant i enfortint la col\u00b7laboraci\u00f3 iniciada fa dos anys. El delegat especial de l\u2019Estat, <strong>Pere Navarro<\/strong>, ha presentat aquest fet com una aposta coherent amb el rol del consorci com a actor rellevant per a la ind\u00fastria metropolitana.<\/p>\n\n\n\n<p id=\"block-5ec9e51c-6377-43d3-b1e9-478dce4681e6\">Tamb\u00e9 s\u2019ha aprovat l\u2019adhesi\u00f3 de l\u2019<strong>Ajuntament de Montmel\u00f3<\/strong> com a soci ordinari del Pacte Industrial. Amb aquestes incorporacions, el Pacte Industrial continua creixent amb l\u2019adhesi\u00f3 de noves entitats que treballen per impulsar la competitivitat de la ind\u00fastria, fomentar la creaci\u00f3 d\u2019ocupaci\u00f3 i millorar la cohesi\u00f3 social i la sostenibilitat.<\/p>\n\n\n\n<figure class=\"wp-block-pullquote\"><blockquote><p>Ajuntaments i agents econ\u00f2mics i socials metropolitans exigeixen celeritat en el desplegament del Pacte Nacional per a la Ind\u00fastria<\/p><\/blockquote><\/figure>\n\n\n\n<p>L\u2019acte ha estat presidit per <strong>Jaume Collboni<\/strong>, president del Consell General del Pacte Industrial i primer tinent d\u2019alcaldia d\u2019Economia, Treball, Competitivitat i Hisenda de l\u2019Ajuntament de Barcelona. <strong>Collboni <\/strong>ha assenyalat que l\u2019aprovaci\u00f3 dels PERTE est\u00e0 contribuint de manera molt destacada a garantir el futur econ\u00f2mic del nostre territori. Tanmateix, davant el context econ\u00f2mic actual, tant els ajuntaments com els agents econ\u00f2mics i socials de la Regi\u00f3 Metropolitana de Barcelona esperem que el Govern de la Generalitat desplegui de manera r\u00e0pida i efectiva el Pacte Nacional per a la Ind\u00fastria, i permeti dotar el sector dels instruments i els recursos pressupostaris necessaris per garantir l\u2019ocupaci\u00f3 de qualitat en una ind\u00fastria adaptada a les transicions digital i ecol\u00f2gica.<\/p>\n\n\n\n<p id=\"block-d3df961a-9067-4739-9bcf-10923334b7c5\">La benvinguda ha anat a c\u00e0rrec de <strong>Rub\u00e9n Guijarro<\/strong>, alcalde de Badalona. <strong>Guijarro <\/strong>ha destacat que el Pacte Industrial \u00e9s el millor exemple de qu\u00e8 nom\u00e9s des de la col\u00b7laboraci\u00f3 entre diferents actors i institucions es pot aconseguir que un territori, en aquest cas el metropolit\u00e0, estigui cohesionat i avanci per afrontar els reptes m\u00e9s immediats que, indubtablement, passen per un model productiu i econ\u00f2mic m\u00e9s sostenible. Apostar per un di\u00e0leg que generi coneixement i transformi les ciutats, \u00e9s un objectiu que compartim i treballem tamb\u00e9 des de Badalona.<\/p>\n\n\n\n<h2 id=\"block-578131a9-3622-4e1c-b419-62276a447759\">Cooperaci\u00f3 entre els actors<\/h2>\n\n\n\n<p id=\"block-17fcf124-ffaf-4dd4-b804-69f0491a22cd\">Per la seva part, el coordinador gerent del Pacte Industrial, <strong>Carles Rivera<\/strong>, ha presentat la <a href=\"https:\/\/www.pacteindustrial.org\/wp-content\/uploads\/2024\/07\/Memoria-activitats-2021.pdf\" target=\"_blank\" rel=\"noreferrer noopener\">Mem\u00f2ria d\u2019activitats 2021<\/a> de l\u2019entitat i ha apuntat algunes de les que seran les l\u00ednies de treball durant els propers mesos. <strong>Rivera <\/strong>ha reivindicat la funci\u00f3 de l\u2019associaci\u00f3 com a espai idoni per a incentivar la <strong>col\u00b7laboraci\u00f3 entre els diferents agents, p\u00fablic i privats<\/strong>. Tamb\u00e9 ha destacat el <strong>F\u00f2rum Ind\u00fastria de la Mobilitat Sostenible<\/strong>, programa de l\u2019associaci\u00f3 que vol contribuir a transformar els diferents sectors implicats en un ecosistema relacionat amb la mobilitat sostenible capa\u00e7 de fer front als reptes de present i de futur.<\/p>\n\n\n<div class=\"whads-imagecarousel-block\"><ul class=\"image-list\"><li class=\"image-entry\"><img width=\"2000\" height=\"1331\" src=\"https:\/\/www.pacteindustrial.org\/wp-content\/uploads\/2022\/11\/2022.11.22_Foto-1.jpg\" class=\"infographic-image\" alt=\"\" loading=\"lazy\" srcset=\"https:\/\/www.pacteindustrial.org\/wp-content\/uploads\/2022\/11\/2022.11.22_Foto-1.jpg 2000w, https:\/\/www.pacteindustrial.org\/wp-content\/uploads\/2022\/11\/2022.11.22_Foto-1-300x200.jpg 300w, https:\/\/www.pacteindustrial.org\/wp-content\/uploads\/2022\/11\/2022.11.22_Foto-1-1024x681.jpg 1024w, https:\/\/www.pacteindustrial.org\/wp-content\/uploads\/2022\/11\/2022.11.22_Foto-1-768x511.jpg 768w, https:\/\/www.pacteindustrial.org\/wp-content\/uploads\/2022\/11\/2022.11.22_Foto-1-1536x1022.jpg 1536w, https:\/\/www.pacteindustrial.org\/wp-content\/uploads\/2022\/11\/2022.11.22_Foto-1-200x133.jpg 200w\" sizes=\"(max-width: 2000px) 100vw, 2000px\" \/><\/li><li class=\"image-entry\"><img width=\"2000\" height=\"1331\" src=\"https:\/\/www.pacteindustrial.org\/wp-content\/uploads\/2022\/11\/2022.11.22_Foto-2.jpg\" class=\"infographic-image\" alt=\"\" loading=\"lazy\" srcset=\"https:\/\/www.pacteindustrial.org\/wp-content\/uploads\/2022\/11\/2022.11.22_Foto-2.jpg 2000w, https:\/\/www.pacteindustrial.org\/wp-content\/uploads\/2022\/11\/2022.11.22_Foto-2-300x200.jpg 300w, https:\/\/www.pacteindustrial.org\/wp-content\/uploads\/2022\/11\/2022.11.22_Foto-2-1024x681.jpg 1024w, https:\/\/www.pacteindustrial.org\/wp-content\/uploads\/2022\/11\/2022.11.22_Foto-2-768x511.jpg 768w, https:\/\/www.pacteindustrial.org\/wp-content\/uploads\/2022\/11\/2022.11.22_Foto-2-1536x1022.jpg 1536w, https:\/\/www.pacteindustrial.org\/wp-content\/uploads\/2022\/11\/2022.11.22_Foto-2-200x133.jpg 200w\" sizes=\"(max-width: 2000px) 100vw, 2000px\" \/><\/li><li class=\"image-entry\"><img width=\"2000\" height=\"1331\" src=\"https:\/\/www.pacteindustrial.org\/wp-content\/uploads\/2022\/11\/2022.11.22_Foto-3.jpg\" class=\"infographic-image\" alt=\"\" loading=\"lazy\" srcset=\"https:\/\/www.pacteindustrial.org\/wp-content\/uploads\/2022\/11\/2022.11.22_Foto-3.jpg 2000w, https:\/\/www.pacteindustrial.org\/wp-content\/uploads\/2022\/11\/2022.11.22_Foto-3-300x200.jpg 300w, https:\/\/www.pacteindustrial.org\/wp-content\/uploads\/2022\/11\/2022.11.22_Foto-3-1024x681.jpg 1024w, https:\/\/www.pacteindustrial.org\/wp-content\/uploads\/2022\/11\/2022.11.22_Foto-3-768x511.jpg 768w, https:\/\/www.pacteindustrial.org\/wp-content\/uploads\/2022\/11\/2022.11.22_Foto-3-1536x1022.jpg 1536w, https:\/\/www.pacteindustrial.org\/wp-content\/uploads\/2022\/11\/2022.11.22_Foto-3-200x133.jpg 200w\" sizes=\"(max-width: 2000px) 100vw, 2000px\" \/><\/li><li class=\"image-entry\"><img width=\"2000\" height=\"1331\" src=\"https:\/\/www.pacteindustrial.org\/wp-content\/uploads\/2022\/11\/2022.11.22_Foto-4.jpg\" class=\"infographic-image\" alt=\"\" loading=\"lazy\" srcset=\"https:\/\/www.pacteindustrial.org\/wp-content\/uploads\/2022\/11\/2022.11.22_Foto-4.jpg 2000w, https:\/\/www.pacteindustrial.org\/wp-content\/uploads\/2022\/11\/2022.11.22_Foto-4-300x200.jpg 300w, https:\/\/www.pacteindustrial.org\/wp-content\/uploads\/2022\/11\/2022.11.22_Foto-4-1024x681.jpg 1024w, https:\/\/www.pacteindustrial.org\/wp-content\/uploads\/2022\/11\/2022.11.22_Foto-4-768x511.jpg 768w, https:\/\/www.pacteindustrial.org\/wp-content\/uploads\/2022\/11\/2022.11.22_Foto-4-1536x1022.jpg 1536w, https:\/\/www.pacteindustrial.org\/wp-content\/uploads\/2022\/11\/2022.11.22_Foto-4-200x133.jpg 200w\" sizes=\"(max-width: 2000px) 100vw, 2000px\" \/><\/li><li class=\"image-entry\"><img width=\"2000\" height=\"1331\" src=\"https:\/\/www.pacteindustrial.org\/wp-content\/uploads\/2022\/11\/2022.11.22_Foto-5.jpg\" class=\"infographic-image\" alt=\"\" loading=\"lazy\" srcset=\"https:\/\/www.pacteindustrial.org\/wp-content\/uploads\/2022\/11\/2022.11.22_Foto-5.jpg 2000w, https:\/\/www.pacteindustrial.org\/wp-content\/uploads\/2022\/11\/2022.11.22_Foto-5-300x200.jpg 300w, https:\/\/www.pacteindustrial.org\/wp-content\/uploads\/2022\/11\/2022.11.22_Foto-5-1024x681.jpg 1024w, https:\/\/www.pacteindustrial.org\/wp-content\/uploads\/2022\/11\/2022.11.22_Foto-5-768x511.jpg 768w, https:\/\/www.pacteindustrial.org\/wp-content\/uploads\/2022\/11\/2022.11.22_Foto-5-1536x1022.jpg 1536w, https:\/\/www.pacteindustrial.org\/wp-content\/uploads\/2022\/11\/2022.11.22_Foto-5-200x133.jpg 200w\" sizes=\"(max-width: 2000px) 100vw, 2000px\" \/><\/li><li class=\"image-entry\"><img width=\"2000\" height=\"1331\" src=\"https:\/\/www.pacteindustrial.org\/wp-content\/uploads\/2022\/11\/2022.11.22_Foto-6.jpg\" class=\"infographic-image\" alt=\"\" loading=\"lazy\" srcset=\"https:\/\/www.pacteindustrial.org\/wp-content\/uploads\/2022\/11\/2022.11.22_Foto-6.jpg 2000w, https:\/\/www.pacteindustrial.org\/wp-content\/uploads\/2022\/11\/2022.11.22_Foto-6-300x200.jpg 300w, https:\/\/www.pacteindustrial.org\/wp-content\/uploads\/2022\/11\/2022.11.22_Foto-6-1024x681.jpg 1024w, https:\/\/www.pacteindustrial.org\/wp-content\/uploads\/2022\/11\/2022.11.22_Foto-6-768x511.jpg 768w, https:\/\/www.pacteindustrial.org\/wp-content\/uploads\/2022\/11\/2022.11.22_Foto-6-1536x1022.jpg 1536w, https:\/\/www.pacteindustrial.org\/wp-content\/uploads\/2022\/11\/2022.11.22_Foto-6-200x133.jpg 200w\" sizes=\"(max-width: 2000px) 100vw, 2000px\" \/><\/li><li class=\"image-entry\"><img width=\"2000\" height=\"1331\" src=\"https:\/\/www.pacteindustrial.org\/wp-content\/uploads\/2022\/11\/2022.11.22_Foto-7.jpg\" class=\"infographic-image\" alt=\"\" loading=\"lazy\" srcset=\"https:\/\/www.pacteindustrial.org\/wp-content\/uploads\/2022\/11\/2022.11.22_Foto-7.jpg 2000w, https:\/\/www.pacteindustrial.org\/wp-content\/uploads\/2022\/11\/2022.11.22_Foto-7-300x200.jpg 300w, https:\/\/www.pacteindustrial.org\/wp-content\/uploads\/2022\/11\/2022.11.22_Foto-7-1024x681.jpg 1024w, https:\/\/www.pacteindustrial.org\/wp-content\/uploads\/2022\/11\/2022.11.22_Foto-7-768x511.jpg 768w, https:\/\/www.pacteindustrial.org\/wp-content\/uploads\/2022\/11\/2022.11.22_Foto-7-1536x1022.jpg 1536w, https:\/\/www.pacteindustrial.org\/wp-content\/uploads\/2022\/11\/2022.11.22_Foto-7-200x133.jpg 200w\" sizes=\"(max-width: 2000px) 100vw, 2000px\" \/><\/li><li class=\"image-entry\"><img width=\"2000\" height=\"1331\" src=\"https:\/\/www.pacteindustrial.org\/wp-content\/uploads\/2022\/11\/2022.11.22_Foto-8.jpg\" class=\"infographic-image\" alt=\"\" loading=\"lazy\" srcset=\"https:\/\/www.pacteindustrial.org\/wp-content\/uploads\/2022\/11\/2022.11.22_Foto-8.jpg 2000w, https:\/\/www.pacteindustrial.org\/wp-content\/uploads\/2022\/11\/2022.11.22_Foto-8-300x200.jpg 300w, https:\/\/www.pacteindustrial.org\/wp-content\/uploads\/2022\/11\/2022.11.22_Foto-8-1024x681.jpg 1024w, https:\/\/www.pacteindustrial.org\/wp-content\/uploads\/2022\/11\/2022.11.22_Foto-8-768x511.jpg 768w, https:\/\/www.pacteindustrial.org\/wp-content\/uploads\/2022\/11\/2022.11.22_Foto-8-1536x1022.jpg 1536w, https:\/\/www.pacteindustrial.org\/wp-content\/uploads\/2022\/11\/2022.11.22_Foto-8-200x133.jpg 200w\" sizes=\"(max-width: 2000px) 100vw, 2000px\" \/><\/li><\/ul><\/div>\n\n\n<p id=\"block-64214da3-442c-46a5-8cec-95d6dee451b5\">El Consell General tamb\u00e9 ha aprovat el nomenament de les vicepresid\u00e8ncies. Atenent a la rotaci\u00f3 anual que contemplen els Estatuts de l\u2019associaci\u00f3, <strong>Sergi Fuster<\/strong>, de PIMEC, ha pres el relleu de <strong>M. Rosa Fiol<\/strong>, d\u2019AEBALL i representant de Foment del Treball, com a vicepresident en representaci\u00f3 de les organitzacions empresarials; i <strong>Omar Minguill\u00f3n<\/strong>, de la UGT de Catalunya, ha pres el relleu d\u2019<strong>Aurora Huerga<\/strong>, de CCOO de Catalunya, com a vicepresident en representaci\u00f3 de les organitzacions sindicals. La tercera vicepresidenta continua sent <strong>Eva Menor<\/strong>, presidenta de l\u2019\u00c0rea de Desenvolupament Econ\u00f2mic, Turisme i Comer\u00e7 de la Diputaci\u00f3 de Barcelona, en representaci\u00f3 dels ajuntaments i altres administracions locals.<\/p>\n\n\n\n<h2>Pon\u00e8ncia de la Dra. S\u00f2nia Llorens<\/h2>\n\n\n\n<p id=\"block-4f80ee4d-8304-435b-8710-c924220f52f8\">En el marc de la reuni\u00f3 ha tingut lloc la <strong>presentaci\u00f3 de la pon\u00e8ncia \u201cTransformar la ind\u00fastria des del territori: sostenibilitat, innovaci\u00f3 i empoderament dels agents\u201d<\/strong> a c\u00e0rrec de la <strong>Dra. S\u00f2nia Llorens<\/strong>, directora de la <a href=\"https:\/\/catedraeconomiacircular.tecnocampus.cat\/\" target=\"_blank\" rel=\"noreferrer noopener\">C\u00e0tedra d\u2019Economia Circular i Sostenibilitat<\/a> del <a href=\"https:\/\/www.tecnocampus.cat\/\" target=\"_blank\" rel=\"noreferrer noopener\">Tecnocampus Matar\u00f3-Maresme<\/a>.<\/p>\n\n\n\n<p>La presentaci\u00f3 de la <strong>Dra. Llorens<\/strong> ha perm\u00e8s reflexionar sobre com la col\u00b7laboraci\u00f3 entre els agents del territori \u00e9s l\u2019element clau per a la transformaci\u00f3 d\u2019una ind\u00fastria que es vol que sigui m\u00e9s sostenible i innovadora. Tamb\u00e9 s\u2019ha analitzat com l\u2019economia circular ser\u00e0 un vector estrat\u00e8gic per a aquesta transformaci\u00f3 i com la formaci\u00f3 pot ajudar a empoderar els agents.<\/p>\n\n\n\n<p><\/p>\n\n\n\n<p><span class=\"has-inline-color has-luminous-vivid-orange-color\"><strong>V\u00cdDEO DE LA SESSI\u00d3<\/strong><\/span><\/p>\n\n\n\n<figure class=\"wp-block-embed is-type-video is-provider-youtube wp-block-embed-youtube wp-embed-aspect-16-9 wp-has-aspect-ratio\"><div class=\"wp-block-embed__wrapper\">\n<iframe loading=\"lazy\" title=\"XXVI Consell General del Pacte Industrial i pon\u00e8ncia Dra. S\u00f2nia Llorens\" width=\"640\" height=\"360\" src=\"https:\/\/www.youtube.com\/embed\/ddkBDHWzSlI?feature=oembed\" frameborder=\"0\" allow=\"accelerometer; autoplay; clipboard-write; encrypted-media; gyroscope; picture-in-picture; web-share\" referrerpolicy=\"strict-origin-when-cross-origin\" allowfullscreen><\/iframe>\n<\/div><\/figure>\n","protected":false},"excerpt":{"rendered":"<p>El Pacte Industrial ha celebrat el seu XXVI Consell General i la 51a reuni\u00f3 del Comit\u00e8 Executiu amb la participaci\u00f3 dels representants dels ajuntaments i de les entitats que integren l\u2019associaci\u00f3. Les reunions han tingut lloc el passat 22 de novembre al BCIN de Badalona. L&#8217;\u00faltima vegada que la ciutat va acollir aquesta celebraci\u00f3 va [&#8230;]<\/p>\n","protected":false},"author":6,"featured_media":17828,"comment_status":"open","ping_status":"open","sticky":false,"template":"","format":"standard","meta":[],"categories":[333],"tags":[36,37],"post_scope":[],"yoast_head":"<!-- This site is optimized with the Yoast SEO plugin v16.1.1 - https:\/\/yoast.com\/wordpress\/plugins\/seo\/ -->\n<title>El Consorci de la Zona Franca de Barcelona, nou &quot;soci especial&quot; del Pacte Industrial, i l&#039;Ajuntament de Montmel\u00f3, nou &quot;soci ordinari&quot; - Pacte Industrial RMB<\/title>\n<link rel=\"canonical\" href=\"https:\/\/www.pacteindustrial.org\/ca\/blog\/el-consorci-de-la-zona-franca-de-barcelona-nou-soci-especial-del-pacte-industrial-i-lajuntament-de-montmelo-nou-soci-ordinari\/\" \/>\n<meta property=\"og:locale\" content=\"ca_ES\" \/>\n<meta property=\"og:type\" content=\"article\" \/>\n<meta property=\"og:title\" content=\"El Consorci de la Zona Franca de Barcelona, nou &quot;soci especial&quot; del Pacte Industrial, i l&#039;Ajuntament de Montmel\u00f3, nou &quot;soci ordinari&quot; - Pacte Industrial RMB\" \/>\n<meta property=\"og:description\" content=\"El Pacte Industrial ha celebrat el seu XXVI Consell General i la 51a reuni\u00f3 del Comit\u00e8 Executiu amb la participaci\u00f3 dels representants dels ajuntaments i de les entitats que integren l\u2019associaci\u00f3. Les reunions han tingut lloc el passat 22 de novembre al BCIN de Badalona. L&#8217;\u00faltima vegada que la ciutat va acollir aquesta celebraci\u00f3 va [...]\" \/>\n<meta property=\"og:url\" content=\"https:\/\/www.pacteindustrial.org\/ca\/blog\/el-consorci-de-la-zona-franca-de-barcelona-nou-soci-especial-del-pacte-industrial-i-lajuntament-de-montmelo-nou-soci-ordinari\/\" \/>\n<meta property=\"og:site_name\" content=\"Pacte Industrial RMB\" \/>\n<meta property=\"article:published_time\" content=\"2022-11-22T16:52:00+00:00\" \/>\n<meta property=\"article:modified_time\" content=\"2024-07-08T12:58:25+00:00\" \/>\n<meta property=\"og:image\" content=\"https:\/\/www.pacteindustrial.org\/wp-content\/uploads\/2022\/11\/2022.11.22_Foto-9.jpg\" \/>\n\t<meta property=\"og:image:width\" content=\"2000\" \/>\n\t<meta property=\"og:image:height\" content=\"1331\" \/>\n<meta name=\"twitter:card\" content=\"summary_large_image\" \/>\n<meta name=\"twitter:label1\" content=\"Temps estimat de lectura\">\n\t<meta name=\"twitter:data1\" content=\"4 minuts\">\n<script type=\"application\/ld+json\" class=\"yoast-schema-graph\">{\"@context\":\"https:\/\/schema.org\",\"@graph\":[{\"@type\":\"WebSite\",\"@id\":\"https:\/\/www.pacteindustrial.org\/ca\/#website\",\"url\":\"https:\/\/www.pacteindustrial.org\/ca\/\",\"name\":\"Pacte Industrial RMB\",\"description\":\"\",\"potentialAction\":[{\"@type\":\"SearchAction\",\"target\":\"https:\/\/www.pacteindustrial.org\/ca\/?s={search_term_string}\",\"query-input\":\"required name=search_term_string\"}],\"inLanguage\":\"ca\"},{\"@type\":\"ImageObject\",\"@id\":\"https:\/\/www.pacteindustrial.org\/ca\/blog\/el-consorci-de-la-zona-franca-de-barcelona-nou-soci-especial-del-pacte-industrial-i-lajuntament-de-montmelo-nou-soci-ordinari\/#primaryimage\",\"inLanguage\":\"ca\",\"url\":\"https:\/\/www.pacteindustrial.org\/wp-content\/uploads\/2022\/11\/2022.11.22_Foto-9.jpg\",\"contentUrl\":\"https:\/\/www.pacteindustrial.org\/wp-content\/uploads\/2022\/11\/2022.11.22_Foto-9.jpg\",\"width\":2000,\"height\":1331},{\"@type\":\"WebPage\",\"@id\":\"https:\/\/www.pacteindustrial.org\/ca\/blog\/el-consorci-de-la-zona-franca-de-barcelona-nou-soci-especial-del-pacte-industrial-i-lajuntament-de-montmelo-nou-soci-ordinari\/#webpage\",\"url\":\"https:\/\/www.pacteindustrial.org\/ca\/blog\/el-consorci-de-la-zona-franca-de-barcelona-nou-soci-especial-del-pacte-industrial-i-lajuntament-de-montmelo-nou-soci-ordinari\/\",\"name\":\"El Consorci de la Zona Franca de Barcelona, nou \\\"soci especial\\\" del Pacte Industrial, i l'Ajuntament de Montmel\\u00f3, nou \\\"soci ordinari\\\" - Pacte Industrial RMB\",\"isPartOf\":{\"@id\":\"https:\/\/www.pacteindustrial.org\/ca\/#website\"},\"primaryImageOfPage\":{\"@id\":\"https:\/\/www.pacteindustrial.org\/ca\/blog\/el-consorci-de-la-zona-franca-de-barcelona-nou-soci-especial-del-pacte-industrial-i-lajuntament-de-montmelo-nou-soci-ordinari\/#primaryimage\"},\"datePublished\":\"2022-11-22T16:52:00+00:00\",\"dateModified\":\"2024-07-08T12:58:25+00:00\",\"author\":{\"@id\":\"https:\/\/www.pacteindustrial.org\/ca\/#\/schema\/person\/f468d9850ca7905907ca1d9a87dd47a4\"},\"breadcrumb\":{\"@id\":\"https:\/\/www.pacteindustrial.org\/ca\/blog\/el-consorci-de-la-zona-franca-de-barcelona-nou-soci-especial-del-pacte-industrial-i-lajuntament-de-montmelo-nou-soci-ordinari\/#breadcrumb\"},\"inLanguage\":\"ca\",\"potentialAction\":[{\"@type\":\"ReadAction\",\"target\":[\"https:\/\/www.pacteindustrial.org\/ca\/blog\/el-consorci-de-la-zona-franca-de-barcelona-nou-soci-especial-del-pacte-industrial-i-lajuntament-de-montmelo-nou-soci-ordinari\/\"]}]},{\"@type\":\"BreadcrumbList\",\"@id\":\"https:\/\/www.pacteindustrial.org\/ca\/blog\/el-consorci-de-la-zona-franca-de-barcelona-nou-soci-especial-del-pacte-industrial-i-lajuntament-de-montmelo-nou-soci-ordinari\/#breadcrumb\",\"itemListElement\":[{\"@type\":\"ListItem\",\"position\":1,\"item\":{\"@type\":\"WebPage\",\"@id\":\"https:\/\/www.pacteindustrial.org\/ca\/\",\"url\":\"https:\/\/www.pacteindustrial.org\/ca\/\",\"name\":\"Home\"}},{\"@type\":\"ListItem\",\"position\":2,\"item\":{\"@type\":\"WebPage\",\"@id\":\"https:\/\/www.pacteindustrial.org\/ca\/blog\/el-consorci-de-la-zona-franca-de-barcelona-nou-soci-especial-del-pacte-industrial-i-lajuntament-de-montmelo-nou-soci-ordinari\/\",\"url\":\"https:\/\/www.pacteindustrial.org\/ca\/blog\/el-consorci-de-la-zona-franca-de-barcelona-nou-soci-especial-del-pacte-industrial-i-lajuntament-de-montmelo-nou-soci-ordinari\/\",\"name\":\"El Consorci de la Zona Franca de Barcelona, nou &#8220;soci especial&#8221; del Pacte Industrial, i l&#8217;Ajuntament de Montmel\\u00f3, nou &#8220;soci ordinari&#8221;\"}}]},{\"@type\":\"Person\",\"@id\":\"https:\/\/www.pacteindustrial.org\/ca\/#\/schema\/person\/f468d9850ca7905907ca1d9a87dd47a4\",\"name\":\"cmartinez@pacteindustrial.org\",\"image\":{\"@type\":\"ImageObject\",\"@id\":\"https:\/\/www.pacteindustrial.org\/ca\/#personlogo\",\"inLanguage\":\"ca\",\"url\":\"https:\/\/secure.gravatar.com\/avatar\/fcee0cfd9e0b9895b8dd291573c84526?s=96&d=mm&r=g\",\"contentUrl\":\"https:\/\/secure.gravatar.com\/avatar\/fcee0cfd9e0b9895b8dd291573c84526?s=96&d=mm&r=g\",\"caption\":\"cmartinez@pacteindustrial.org\"}}]}<\/script>\n<!-- \/ Yoast SEO plugin. -->","_links":{"self":[{"href":"https:\/\/www.pacteindustrial.org\/ca\/wp-json\/wp\/v2\/posts\/17792"}],"collection":[{"href":"https:\/\/www.pacteindustrial.org\/ca\/wp-json\/wp\/v2\/posts"}],"about":[{"href":"https:\/\/www.pacteindustrial.org\/ca\/wp-json\/wp\/v2\/types\/post"}],"author":[{"embeddable":true,"href":"https:\/\/www.pacteindustrial.org\/ca\/wp-json\/wp\/v2\/users\/6"}],"replies":[{"embeddable":true,"href":"https:\/\/www.pacteindustrial.org\/ca\/wp-json\/wp\/v2\/comments?post=17792"}],"version-history":[{"count":29,"href":"https:\/\/www.pacteindustrial.org\/ca\/wp-json\/wp\/v2\/posts\/17792\/revisions"}],"predecessor-version":[{"id":22430,"href":"https:\/\/www.pacteindustrial.org\/ca\/wp-json\/wp\/v2\/posts\/17792\/revisions\/22430"}],"wp:featuredmedia":[{"embeddable":true,"href":"https:\/\/www.pacteindustrial.org\/ca\/wp-json\/wp\/v2\/media\/17828"}],"wp:attachment":[{"href":"https:\/\/www.pacteindustrial.org\/ca\/wp-json\/wp\/v2\/media?parent=17792"}],"wp:term":[{"taxonomy":"category","embeddable":true,"href":"https:\/\/www.pacteindustrial.org\/ca\/wp-json\/wp\/v2\/categories?post=17792"},{"taxonomy":"post_tag","embeddable":true,"href":"https:\/\/www.pacteindustrial.org\/ca\/wp-json\/wp\/v2\/tags?post=17792"},{"taxonomy":"post_scope","embeddable":true,"href":"https:\/\/www.pacteindustrial.org\/ca\/wp-json\/wp\/v2\/post_scope?post=17792"}],"curies":[{"name":"wp","href":"https:\/\/api.w.org\/{rel}","templated":true}]}}