{"id":18484,"date":"2022-12-23T17:43:00","date_gmt":"2022-12-23T15:43:00","guid":{"rendered":"https:\/\/www.pacteindustrial.org\/?p=18484"},"modified":"2023-01-26T12:41:15","modified_gmt":"2023-01-26T10:41:15","slug":"publicacio-de-les-transcripcions-i-les-conclusions-del-cicle-dialegs-i-sinergies-per-a-la-transicio-circular-en-lhoritzo-2030","status":"publish","type":"post","link":"https:\/\/www.pacteindustrial.org\/ca\/blog\/publicacio-de-les-transcripcions-i-les-conclusions-del-cicle-dialegs-i-sinergies-per-a-la-transicio-circular-en-lhoritzo-2030\/","title":{"rendered":"Publicaci\u00f3 de les transcripcions i les conclusions del cicle \u201cDi\u00e0legs i sinergies per a la transici\u00f3 circular en l\u2019horitz\u00f3 2030\u201d"},"content":{"rendered":"\n<p>Ens trobem en un context mundial caracteritzat per l\u2019<strong>escassetat de recursos naturals<\/strong> i per la irrupci\u00f3 de les <strong>transformacions tecnol\u00f2giques<\/strong> impulsades per la <strong>ind\u00fastria 4.0<\/strong>. Aix\u00ed, sorgeix el repte de fer un <strong>\u00fas m\u00e9s eficient dels recursos i de les noves tecnologies<\/strong>. Alhora, s\u2019obre l\u2019oportunitat d\u2019impulsar una <strong>reindustrialitzaci\u00f3 sostenible<\/strong> basada en l\u2019<strong>economia circular<\/strong> i en el <strong>pacte entre els actors socioecon\u00f2mics<\/strong>.<\/p>\n\n\n\n<p>En aquesta l\u00ednia s\u2019ha desenvolupat el <strong>cicle \u201cDi\u00e0legs i sinergies per a la transici\u00f3 circular en l\u2019horitz\u00f3 2030\u201d<\/strong>, organitzat pel <strong>Pacte Industrial de la Regi\u00f3 Metropolitana de Barcelona<\/strong> en col\u00b7laboraci\u00f3 amb el <strong>Palau Macaya de \u201cla Caixa\u201d<\/strong>. L&#8217;objectiu assolit ha estat <strong>fomentar el di\u00e0leg i la col\u00b7laboraci\u00f3 entre els diferents agents socioecon\u00f2mics<\/strong> del territori per impulsar la <strong>transici\u00f3 cap a una economia circular<\/strong>. El cicle, celebrat durant els anys 2019 i 2020, ha estat seleccionat a la 4a Convocat\u00f2ria de projectes de reflexi\u00f3 al Palau Macaya de \u201cla Caixa\u201d. Es tracta d\u2019una continuaci\u00f3 del cicle \u201cReindustrialitzaci\u00f3 i sostenibilitat. Horitzons per a un nou desenvolupament econ\u00f2mic\u201d, celebrat en el mateix context del Palau Macaya durant els anys 2017 i 2018.<\/p>\n\n\n\n<p>La publicaci\u00f3 Jornades 1 del Pacte Industrial, <em><a href=\"https:\/\/www.pacteindustrial.org\/ca\/publicacions\/cicle-dialegs-i-sinergies-per-a-la-transicio-circular-en-lhoritzo-2030\/\">Cicle Di\u00e0legs i sinergies per a la transici\u00f3 circular en l\u2019horitz\u00f3 2030<\/a><\/em>, recull les <strong>transcripcions de les quatre jornades<\/strong> del cicle de mateix nom, en les quals han intervingut <strong>ponents de prestigi<\/strong>, d\u2019origen nacional i internacional. Paral\u00b7lelament, un <strong>grup d\u2019experts<\/strong> ha contrastat i debatut, en un seguit de tallers participatius, les reflexions dutes a terme en les jornades, per tal d\u2019extreure\u2019n les principals <strong>conclusions i propostes d&#8217;accions<\/strong>. Aquestes tamb\u00e9 es poden consultar en la part final del document.<\/p>\n","protected":false},"excerpt":{"rendered":"<p>Ens trobem en un context mundial caracteritzat per l\u2019escassetat de recursos naturals i per la irrupci\u00f3 de les transformacions tecnol\u00f2giques impulsades per la ind\u00fastria 4.0. Aix\u00ed, sorgeix el repte de fer un \u00fas m\u00e9s eficient dels recursos i de les noves tecnologies. Alhora, s\u2019obre l\u2019oportunitat d\u2019impulsar una reindustrialitzaci\u00f3 sostenible basada en l\u2019economia circular i en [&#8230;]<\/p>\n","protected":false},"author":6,"featured_media":18488,"comment_status":"open","ping_status":"open","sticky":false,"template":"","format":"standard","meta":[],"categories":[1],"tags":[172,140,154,153,171],"post_scope":[29],"yoast_head":"<!-- This site is optimized with the Yoast SEO plugin v16.1.1 - https:\/\/yoast.com\/wordpress\/plugins\/seo\/ -->\n<title>Publicaci\u00f3 de les transcripcions i les conclusions del cicle \u201cDi\u00e0legs i sinergies per a la transici\u00f3 circular en l\u2019horitz\u00f3 2030\u201d - Pacte Industrial RMB<\/title>\n<link rel=\"canonical\" href=\"https:\/\/www.pacteindustrial.org\/ca\/blog\/publicacio-de-les-transcripcions-i-les-conclusions-del-cicle-dialegs-i-sinergies-per-a-la-transicio-circular-en-lhoritzo-2030\/\" \/>\n<meta property=\"og:locale\" content=\"ca_ES\" \/>\n<meta property=\"og:type\" content=\"article\" \/>\n<meta property=\"og:title\" content=\"Publicaci\u00f3 de les transcripcions i les conclusions del cicle \u201cDi\u00e0legs i sinergies per a la transici\u00f3 circular en l\u2019horitz\u00f3 2030\u201d - Pacte Industrial RMB\" \/>\n<meta property=\"og:description\" content=\"Ens trobem en un context mundial caracteritzat per l\u2019escassetat de recursos naturals i per la irrupci\u00f3 de les transformacions tecnol\u00f2giques impulsades per la ind\u00fastria 4.0. Aix\u00ed, sorgeix el repte de fer un \u00fas m\u00e9s eficient dels recursos i de les noves tecnologies. Alhora, s\u2019obre l\u2019oportunitat d\u2019impulsar una reindustrialitzaci\u00f3 sostenible basada en l\u2019economia circular i en [...]\" \/>\n<meta property=\"og:url\" content=\"https:\/\/www.pacteindustrial.org\/ca\/blog\/publicacio-de-les-transcripcions-i-les-conclusions-del-cicle-dialegs-i-sinergies-per-a-la-transicio-circular-en-lhoritzo-2030\/\" \/>\n<meta property=\"og:site_name\" content=\"Pacte Industrial RMB\" \/>\n<meta property=\"article:published_time\" content=\"2022-12-23T15:43:00+00:00\" \/>\n<meta property=\"article:modified_time\" content=\"2023-01-26T10:41:15+00:00\" \/>\n<meta property=\"og:image\" content=\"https:\/\/www.pacteindustrial.org\/wp-content\/uploads\/2023\/01\/2022.12.22_J1.png\" \/>\n\t<meta property=\"og:image:width\" content=\"794\" \/>\n\t<meta property=\"og:image:height\" content=\"529\" \/>\n<meta name=\"twitter:card\" content=\"summary_large_image\" \/>\n<meta name=\"twitter:label1\" content=\"Temps estimat de lectura\">\n\t<meta name=\"twitter:data1\" content=\"2 minuts\">\n<script type=\"application\/ld+json\" class=\"yoast-schema-graph\">{\"@context\":\"https:\/\/schema.org\",\"@graph\":[{\"@type\":\"WebSite\",\"@id\":\"https:\/\/www.pacteindustrial.org\/ca\/#website\",\"url\":\"https:\/\/www.pacteindustrial.org\/ca\/\",\"name\":\"Pacte Industrial RMB\",\"description\":\"\",\"potentialAction\":[{\"@type\":\"SearchAction\",\"target\":\"https:\/\/www.pacteindustrial.org\/ca\/?s={search_term_string}\",\"query-input\":\"required name=search_term_string\"}],\"inLanguage\":\"ca\"},{\"@type\":\"ImageObject\",\"@id\":\"https:\/\/www.pacteindustrial.org\/ca\/blog\/publicacio-de-les-transcripcions-i-les-conclusions-del-cicle-dialegs-i-sinergies-per-a-la-transicio-circular-en-lhoritzo-2030\/#primaryimage\",\"inLanguage\":\"ca\",\"url\":\"https:\/\/www.pacteindustrial.org\/wp-content\/uploads\/2023\/01\/2022.12.22_J1.png\",\"contentUrl\":\"https:\/\/www.pacteindustrial.org\/wp-content\/uploads\/2023\/01\/2022.12.22_J1.png\",\"width\":794,\"height\":529},{\"@type\":\"WebPage\",\"@id\":\"https:\/\/www.pacteindustrial.org\/ca\/blog\/publicacio-de-les-transcripcions-i-les-conclusions-del-cicle-dialegs-i-sinergies-per-a-la-transicio-circular-en-lhoritzo-2030\/#webpage\",\"url\":\"https:\/\/www.pacteindustrial.org\/ca\/blog\/publicacio-de-les-transcripcions-i-les-conclusions-del-cicle-dialegs-i-sinergies-per-a-la-transicio-circular-en-lhoritzo-2030\/\",\"name\":\"Publicaci\\u00f3 de les transcripcions i les conclusions del cicle \\u201cDi\\u00e0legs i sinergies per a la transici\\u00f3 circular en l\\u2019horitz\\u00f3 2030\\u201d - Pacte Industrial RMB\",\"isPartOf\":{\"@id\":\"https:\/\/www.pacteindustrial.org\/ca\/#website\"},\"primaryImageOfPage\":{\"@id\":\"https:\/\/www.pacteindustrial.org\/ca\/blog\/publicacio-de-les-transcripcions-i-les-conclusions-del-cicle-dialegs-i-sinergies-per-a-la-transicio-circular-en-lhoritzo-2030\/#primaryimage\"},\"datePublished\":\"2022-12-23T15:43:00+00:00\",\"dateModified\":\"2023-01-26T10:41:15+00:00\",\"author\":{\"@id\":\"https:\/\/www.pacteindustrial.org\/ca\/#\/schema\/person\/f468d9850ca7905907ca1d9a87dd47a4\"},\"breadcrumb\":{\"@id\":\"https:\/\/www.pacteindustrial.org\/ca\/blog\/publicacio-de-les-transcripcions-i-les-conclusions-del-cicle-dialegs-i-sinergies-per-a-la-transicio-circular-en-lhoritzo-2030\/#breadcrumb\"},\"inLanguage\":\"ca\",\"potentialAction\":[{\"@type\":\"ReadAction\",\"target\":[\"https:\/\/www.pacteindustrial.org\/ca\/blog\/publicacio-de-les-transcripcions-i-les-conclusions-del-cicle-dialegs-i-sinergies-per-a-la-transicio-circular-en-lhoritzo-2030\/\"]}]},{\"@type\":\"BreadcrumbList\",\"@id\":\"https:\/\/www.pacteindustrial.org\/ca\/blog\/publicacio-de-les-transcripcions-i-les-conclusions-del-cicle-dialegs-i-sinergies-per-a-la-transicio-circular-en-lhoritzo-2030\/#breadcrumb\",\"itemListElement\":[{\"@type\":\"ListItem\",\"position\":1,\"item\":{\"@type\":\"WebPage\",\"@id\":\"https:\/\/www.pacteindustrial.org\/ca\/\",\"url\":\"https:\/\/www.pacteindustrial.org\/ca\/\",\"name\":\"Home\"}},{\"@type\":\"ListItem\",\"position\":2,\"item\":{\"@type\":\"WebPage\",\"@id\":\"https:\/\/www.pacteindustrial.org\/ca\/blog\/publicacio-de-les-transcripcions-i-les-conclusions-del-cicle-dialegs-i-sinergies-per-a-la-transicio-circular-en-lhoritzo-2030\/\",\"url\":\"https:\/\/www.pacteindustrial.org\/ca\/blog\/publicacio-de-les-transcripcions-i-les-conclusions-del-cicle-dialegs-i-sinergies-per-a-la-transicio-circular-en-lhoritzo-2030\/\",\"name\":\"Publicaci\\u00f3 de les transcripcions i les conclusions del cicle \\u201cDi\\u00e0legs i sinergies per a la transici\\u00f3 circular en l\\u2019horitz\\u00f3 2030\\u201d\"}}]},{\"@type\":\"Person\",\"@id\":\"https:\/\/www.pacteindustrial.org\/ca\/#\/schema\/person\/f468d9850ca7905907ca1d9a87dd47a4\",\"name\":\"cmartinez@pacteindustrial.org\",\"image\":{\"@type\":\"ImageObject\",\"@id\":\"https:\/\/www.pacteindustrial.org\/ca\/#personlogo\",\"inLanguage\":\"ca\",\"url\":\"https:\/\/secure.gravatar.com\/avatar\/fcee0cfd9e0b9895b8dd291573c84526?s=96&d=mm&r=g\",\"contentUrl\":\"https:\/\/secure.gravatar.com\/avatar\/fcee0cfd9e0b9895b8dd291573c84526?s=96&d=mm&r=g\",\"caption\":\"cmartinez@pacteindustrial.org\"}}]}<\/script>\n<!-- \/ Yoast SEO plugin. -->","_links":{"self":[{"href":"https:\/\/www.pacteindustrial.org\/ca\/wp-json\/wp\/v2\/posts\/18484"}],"collection":[{"href":"https:\/\/www.pacteindustrial.org\/ca\/wp-json\/wp\/v2\/posts"}],"about":[{"href":"https:\/\/www.pacteindustrial.org\/ca\/wp-json\/wp\/v2\/types\/post"}],"author":[{"embeddable":true,"href":"https:\/\/www.pacteindustrial.org\/ca\/wp-json\/wp\/v2\/users\/6"}],"replies":[{"embeddable":true,"href":"https:\/\/www.pacteindustrial.org\/ca\/wp-json\/wp\/v2\/comments?post=18484"}],"version-history":[{"count":11,"href":"https:\/\/www.pacteindustrial.org\/ca\/wp-json\/wp\/v2\/posts\/18484\/revisions"}],"predecessor-version":[{"id":18501,"href":"https:\/\/www.pacteindustrial.org\/ca\/wp-json\/wp\/v2\/posts\/18484\/revisions\/18501"}],"wp:featuredmedia":[{"embeddable":true,"href":"https:\/\/www.pacteindustrial.org\/ca\/wp-json\/wp\/v2\/media\/18488"}],"wp:attachment":[{"href":"https:\/\/www.pacteindustrial.org\/ca\/wp-json\/wp\/v2\/media?parent=18484"}],"wp:term":[{"taxonomy":"category","embeddable":true,"href":"https:\/\/www.pacteindustrial.org\/ca\/wp-json\/wp\/v2\/categories?post=18484"},{"taxonomy":"post_tag","embeddable":true,"href":"https:\/\/www.pacteindustrial.org\/ca\/wp-json\/wp\/v2\/tags?post=18484"},{"taxonomy":"post_scope","embeddable":true,"href":"https:\/\/www.pacteindustrial.org\/ca\/wp-json\/wp\/v2\/post_scope?post=18484"}],"curies":[{"name":"wp","href":"https:\/\/api.w.org\/{rel}","templated":true}]}}