{"id":18991,"date":"2023-04-19T10:06:00","date_gmt":"2023-04-19T08:06:00","guid":{"rendered":"https:\/\/www.pacteindustrial.org\/?p=18991"},"modified":"2023-04-19T11:56:12","modified_gmt":"2023-04-19T09:56:12","slug":"%f0%9f%8c%b9%f0%9f%93%96-recomanacions-de-llibres-per-aquest-sant-jordi","status":"publish","type":"post","link":"https:\/\/www.pacteindustrial.org\/ca\/blog\/%f0%9f%8c%b9%f0%9f%93%96-recomanacions-de-llibres-per-aquest-sant-jordi\/","title":{"rendered":"\ud83c\udf39\ud83d\udcd6 Recomanacions de llibres per aquest Sant Jordi"},"content":{"rendered":"\n<p>Un any m\u00e9s volem recomanar-vos algunes lectures sobre ind\u00fastria, sostenibilitat i desenvolupament local coincidint amb la celebraci\u00f3 de la diada de Sant Jordi. No oblideu que a la secci\u00f3 &#8220;Publicacions&#8221; d&#8217;aquest web trobareu les edicions del Pacte Industrial.<\/p>\n\n\n\n<p><strong><span style=\"color:#e04e39\" class=\"has-inline-color\">Feli\u00e7 diada de Sant Jordi i bones lectures!<\/span><\/strong><\/p>\n\n\n\n<p><em>Feu clic a cada t\u00edtol per obtenir m\u00e9s informaci\u00f3:<\/em><\/p>\n\n\n\n<hr class=\"wp-block-separator\"\/>\n\n\n\n<div class=\"wp-block-media-text alignwide is-stacked-on-mobile is-vertically-aligned-top\" style=\"grid-template-columns:37% auto\"><figure class=\"wp-block-media-text__media\"><img loading=\"lazy\" width=\"332\" height=\"498\" src=\"https:\/\/www.pacteindustrial.org\/wp-content\/uploads\/2023\/04\/2023.04.23_Sant-Jordi-1.jpg\" alt=\"\" class=\"wp-image-19110 size-full\" srcset=\"https:\/\/www.pacteindustrial.org\/wp-content\/uploads\/2023\/04\/2023.04.23_Sant-Jordi-1.jpg 332w, https:\/\/www.pacteindustrial.org\/wp-content\/uploads\/2023\/04\/2023.04.23_Sant-Jordi-1-200x300.jpg 200w\" sizes=\"(max-width: 332px) 100vw, 332px\" \/><\/figure><div class=\"wp-block-media-text__content\">\n<h3><strong><a href=\"https:\/\/www.christophermiller.net\/semiconductors-1\" target=\"_blank\" rel=\"noreferrer noopener\">Chip War: The Fight for the World&#8217;s Most Critical Technology<\/a><\/strong><\/h3>\n\n\n\n<p><strong>Chris Miller<\/strong> (2022)<\/p>\n\n\n\n<p><em>Chip War<\/em> \u00e9s un relat de la batalla des de fa d\u00e8cades per controlar el que s\u2019ha convertit en el recurs m\u00e9s cr\u00edtic del m\u00f3n, la tecnologia del microxip, amb els Estats Units i la Xina cada cop m\u00e9s en conflicte. Els microxips s\u00f3n el nou petroli, el recurs esc\u00e0s del qual dep\u00e8n el m\u00f3n modern. Avui en dia, el poder militar, econ\u00f2mic i geopol\u00edtic es basa en xips de computadora. Pr\u00e0cticament tot, des de m\u00edssils fins a microones, des de tel\u00e8fons intel\u00b7ligents fins al mercat de valors, funciona amb semiconductors. Tal com revela <em>Chip War<\/em>, la Xina, que gasta m\u00e9s diners important xips que qualsevol altre producte, est\u00e0 invertint milers de milions en una iniciativa de construcci\u00f3 de xips per prendre el lideratge als EUA. El que est\u00e0 en joc no \u00e9s nom\u00e9s la prosperitat econ\u00f2mica dels Estats Units, sin\u00f3 tamb\u00e9 la seva superioritat militar.<\/p>\n<\/div><\/div>\n\n\n\n<hr class=\"wp-block-separator\"\/>\n\n\n\n<div class=\"wp-block-media-text alignwide is-stacked-on-mobile is-vertically-aligned-top\" style=\"grid-template-columns:37% auto\"><figure class=\"wp-block-media-text__media\"><img loading=\"lazy\" width=\"654\" height=\"1024\" src=\"https:\/\/www.pacteindustrial.org\/wp-content\/uploads\/2023\/04\/2023.04.23_Sant-Jordi-7-654x1024.jpg\" alt=\"\" class=\"wp-image-19245 size-full\" srcset=\"https:\/\/www.pacteindustrial.org\/wp-content\/uploads\/2023\/04\/2023.04.23_Sant-Jordi-7-654x1024.jpg 654w, https:\/\/www.pacteindustrial.org\/wp-content\/uploads\/2023\/04\/2023.04.23_Sant-Jordi-7-192x300.jpg 192w, https:\/\/www.pacteindustrial.org\/wp-content\/uploads\/2023\/04\/2023.04.23_Sant-Jordi-7-768x1203.jpg 768w, https:\/\/www.pacteindustrial.org\/wp-content\/uploads\/2023\/04\/2023.04.23_Sant-Jordi-7-981x1536.jpg 981w, https:\/\/www.pacteindustrial.org\/wp-content\/uploads\/2023\/04\/2023.04.23_Sant-Jordi-7-200x313.jpg 200w, https:\/\/www.pacteindustrial.org\/wp-content\/uploads\/2023\/04\/2023.04.23_Sant-Jordi-7.jpg 1063w\" sizes=\"(max-width: 654px) 100vw, 654px\" \/><\/figure><div class=\"wp-block-media-text__content\">\n<h3><strong><span style=\"color:#e04e35\" class=\"has-inline-color\"><a href=\"https:\/\/www.planetadelibros.com\/libro-el-mundo-esta-en-venta\/349551\" target=\"_blank\" rel=\"noreferrer noopener\">El mundo est\u00e1 en venta<\/a><\/span><\/strong><\/h3>\n\n\n\n<p><strong>Javier Blas i Jack Farchy<\/strong> (2022)<\/p>\n\n\n\n<p>Les empreses encarregades de la compravenda de mat\u00e8ries primeres mouen 17 bilions de d\u00f2lars a l\u2019any: un ter\u00e7 de l\u2019economia global. No obstant, poques vegades ens aturem a pensar qui s\u00f3n i d\u2019on procedeixen aquestes mat\u00e8ries primeres. Javier Blas i Jack Farchy treuen a la llum un dels aspectes menys coneguts de la globalitzaci\u00f3: les activitats de les empreses que compren, acumulen i venen els recursos del planeta. Aquesta \u00e9s la hist\u00f2ria d\u2019un petit grup d\u2019empresaris que s\u2019han convertit en els principals actors de l\u2019economia internacional. Van ajudar Saddam Hussein a vendre el seu petroli, van finan\u00e7ar les forces rebels durant la Primavera \u00c0rab, i van permetre que Vlad\u00edmir Putin esquiv\u00e9s estrictes sancions econ\u00f2miques. Desconeguts, apol\u00edtics i amb contactes a totes les esferes se salten embargaments, lleis i conflictes amb l\u2019objectiu de mantenir a la poblaci\u00f3 d\u2019Occident alimentada i les estanteries dels comer\u00e7os plenes.<\/p>\n<\/div><\/div>\n\n\n\n<hr class=\"wp-block-separator\"\/>\n\n\n\n<div class=\"wp-block-media-text alignwide is-stacked-on-mobile is-vertically-aligned-top\" style=\"grid-template-columns:37% auto\"><figure class=\"wp-block-media-text__media\"><img loading=\"lazy\" width=\"331\" height=\"499\" src=\"https:\/\/www.pacteindustrial.org\/wp-content\/uploads\/2023\/04\/2023.04.23_Sant-Jordi-2.jpg\" alt=\"\" class=\"wp-image-19113 size-full\" srcset=\"https:\/\/www.pacteindustrial.org\/wp-content\/uploads\/2023\/04\/2023.04.23_Sant-Jordi-2.jpg 331w, https:\/\/www.pacteindustrial.org\/wp-content\/uploads\/2023\/04\/2023.04.23_Sant-Jordi-2-199x300.jpg 199w, https:\/\/www.pacteindustrial.org\/wp-content\/uploads\/2023\/04\/2023.04.23_Sant-Jordi-2-200x302.jpg 200w\" sizes=\"(max-width: 331px) 100vw, 331px\" \/><\/figure><div class=\"wp-block-media-text__content\">\n<h3><strong><span style=\"color:#e04e35\" class=\"has-inline-color\"><a href=\"https:\/\/www.mckinsey.com\/featured-insights\/mckinsey-on-books\/the-titanium-economy\" target=\"_blank\" rel=\"noreferrer noopener\">The Titanium Economy<\/a><\/span><\/strong><\/h3>\n\n\n\n<p><strong>Asutosh Padhi, Gaurav Batra i Nick Santhanam<\/strong> (2022)<\/p>\n\n\n\n<p>Moltes de les empreses m\u00e9s rentables i de m\u00e9s r\u00e0pid creixement dels Estats Units s\u00f3n empreses de les quals segurament mai h\u00e0gim sentit parlar, com HEICO, Trex i Casella. Aquestes formen part d\u2019un sector conegut com tecnologia industrial que ofereix un futur brillant per als treballadors, consumidors i inversors. Es dediquen a la fabricaci\u00f3 d\u2019una gamma de productes \u2013per exemple peces aeroespacials o fusta de pl\u00e0stic reciclada\u2013 que silenciosament formen part de la columna vertebral de les ind\u00fastries m\u00e9s grans dels EUA. En una era d\u2019inestabilitat, la tecnologia industrial \u00e9s la pedra angular del nostre futur econ\u00f2mic. Els autors revelen l\u2019\u201ceconom\u00eda de titani\u201d, un sector industrial modern i reinventat amb llocs de feina locals ben remunerats, preus d\u2019accions a l\u2019al\u00e7a i infraestructura cr\u00edtica, i dissipen el mite que el millor de la manufactura estatunidenca ha quedat enrera.<\/p>\n<\/div><\/div>\n\n\n\n<hr class=\"wp-block-separator\"\/>\n\n\n\n<div class=\"wp-block-media-text alignwide is-stacked-on-mobile is-vertically-aligned-top\" style=\"grid-template-columns:37% auto\"><figure class=\"wp-block-media-text__media\"><img loading=\"lazy\" width=\"685\" height=\"1024\" src=\"https:\/\/www.pacteindustrial.org\/wp-content\/uploads\/2023\/04\/2023.04.23_Sant-Jordi-3-685x1024.jpg\" alt=\"\" class=\"wp-image-19116 size-full\" srcset=\"https:\/\/www.pacteindustrial.org\/wp-content\/uploads\/2023\/04\/2023.04.23_Sant-Jordi-3-685x1024.jpg 685w, https:\/\/www.pacteindustrial.org\/wp-content\/uploads\/2023\/04\/2023.04.23_Sant-Jordi-3-201x300.jpg 201w, https:\/\/www.pacteindustrial.org\/wp-content\/uploads\/2023\/04\/2023.04.23_Sant-Jordi-3-768x1148.jpg 768w, https:\/\/www.pacteindustrial.org\/wp-content\/uploads\/2023\/04\/2023.04.23_Sant-Jordi-3-1028x1536.jpg 1028w, https:\/\/www.pacteindustrial.org\/wp-content\/uploads\/2023\/04\/2023.04.23_Sant-Jordi-3-1370x2048.jpg 1370w, https:\/\/www.pacteindustrial.org\/wp-content\/uploads\/2023\/04\/2023.04.23_Sant-Jordi-3-200x299.jpg 200w, https:\/\/www.pacteindustrial.org\/wp-content\/uploads\/2023\/04\/2023.04.23_Sant-Jordi-3-scaled.jpg 1713w\" sizes=\"(max-width: 685px) 100vw, 685px\" \/><\/figure><div class=\"wp-block-media-text__content\">\n<h3><strong><span style=\"color:#e04e35\" class=\"has-inline-color\"><a href=\"https:\/\/www.planetadelibros.com\/libro-la-era-de-la-resiliencia\/357607\" target=\"_blank\" rel=\"noreferrer noopener\">La era de la resiliencia<\/a><\/span><\/strong><\/h3>\n\n\n\n<p><strong>Jeremy Rifkin<\/strong> (2022)<\/p>\n\n\n\n<p>L\u2019era del progr\u00e9s, a tots els efectes, ha acabat. Davant la crisi clim\u00e0tica, la ra\u00e7a humana necessita repensar-ho tot. La comunitat empresarial, el govern, el m\u00f3n acad\u00e8mic i el p\u00fablic en general han comen\u00e7at a parlar de \u201cresili\u00e8ncia\u201d arran de la pand\u00e8mia de la COVID i el canvi clim\u00e0tic, per\u00f2 ning\u00fa pot assegurar totes les maneres en qu\u00e8 aquesta transformaci\u00f3 fonamental afectar\u00e0 les nostres vides. Rifkin assenyala que podem afirmar que l\u2019era del progr\u00e9s, dominada pel dogma de l\u2019efici\u00e8ncia, ha de donar pas a l\u2019era de la resili\u00e8ncia, en qu\u00e8 l\u2019adaptabilitat sigui la nova m\u00e0xima. Afortunadament, apunta, una generaci\u00f3 m\u00e9s jove ha comen\u00e7at a estendre l\u2019impuls emp\u00e0tic m\u00e9s enll\u00e0 de la nostra pr\u00f2pia esp\u00e8cie per incloure als nostres semblants, els quals s\u00f3n part de la nostra fam\u00edlia evolutiva.<\/p>\n<\/div><\/div>\n\n\n\n<hr class=\"wp-block-separator\"\/>\n\n\n\n<div class=\"wp-block-media-text alignwide is-stacked-on-mobile is-vertically-aligned-top\" style=\"grid-template-columns:37% auto\"><figure class=\"wp-block-media-text__media\"><img loading=\"lazy\" width=\"416\" height=\"616\" src=\"https:\/\/www.pacteindustrial.org\/wp-content\/uploads\/2023\/04\/2023.04.23_Sant-Jordi-4.jpg\" alt=\"\" class=\"wp-image-19119 size-full\" srcset=\"https:\/\/www.pacteindustrial.org\/wp-content\/uploads\/2023\/04\/2023.04.23_Sant-Jordi-4.jpg 416w, https:\/\/www.pacteindustrial.org\/wp-content\/uploads\/2023\/04\/2023.04.23_Sant-Jordi-4-203x300.jpg 203w, https:\/\/www.pacteindustrial.org\/wp-content\/uploads\/2023\/04\/2023.04.23_Sant-Jordi-4-200x296.jpg 200w\" sizes=\"(max-width: 416px) 100vw, 416px\" \/><\/figure><div class=\"wp-block-media-text__content\">\n<h3><strong><span style=\"color:#e04e35\" class=\"has-inline-color\"><a href=\"https:\/\/www.galaxiagutenberg.com\/producto\/resolver-problemas-publicos\/\" target=\"_blank\" rel=\"noreferrer noopener\">C\u00f3mo resolver problemas p\u00fablicos<\/a><\/span><\/strong><\/h3>\n\n\n\n<p><strong>Beth Simone Noveck<\/strong> (2022)<\/p>\n\n\n\n<p>L\u2019auge de les xarxes socials i la pres\u00e8ncia constant en l\u00ednia est\u00e0 canviant la naturalesa del comprom\u00eds c\u00edvic i la participaci\u00f3 pol\u00edtica dels m\u00e9s joves. Els principals desafiaments als quals s\u2019enfronten les societats \u2013des de la desigualtat i el racisme sist\u00e8mic fins al canvi clim\u00e0tic\u2013 no poden resoldre\u2019s amb les eines d\u2019antany. Beth Simone Noveck ens ensenya com hem d\u2019aprofitar la tecnologia digital, les dades i el coneixement col\u00b7lectiu de les nostres comunitats per dissenyar solucions als problemes contemporanis. Tot sovint es produeix una bretxa entre la idea i la implementaci\u00f3, per\u00f2 \u201ctenim a les nostres mans les eines necess\u00e0ries per resoldre els problemes m\u00e9s greus de la democr\u00e0cia\u201d, assenyala Noveck. L\u2019autora proporciona una guia pr\u00e0ctica per a servidors p\u00fablics, l\u00edders comunitaris, estudiants i activistes amb la finalitat de poder abordar amb major efic\u00e0cia i equitat els problemes del segle XXI.<\/p>\n<\/div><\/div>\n\n\n\n<hr class=\"wp-block-separator\"\/>\n\n\n\n<div class=\"wp-block-media-text alignwide is-stacked-on-mobile is-vertically-aligned-top\" style=\"grid-template-columns:37% auto\"><figure class=\"wp-block-media-text__media\"><img loading=\"lazy\" width=\"428\" height=\"675\" src=\"https:\/\/www.pacteindustrial.org\/wp-content\/uploads\/2023\/04\/2023.04.23_Sant-Jordi-5.png\" alt=\"\" class=\"wp-image-19122 size-full\" srcset=\"https:\/\/www.pacteindustrial.org\/wp-content\/uploads\/2023\/04\/2023.04.23_Sant-Jordi-5.png 428w, https:\/\/www.pacteindustrial.org\/wp-content\/uploads\/2023\/04\/2023.04.23_Sant-Jordi-5-190x300.png 190w, https:\/\/www.pacteindustrial.org\/wp-content\/uploads\/2023\/04\/2023.04.23_Sant-Jordi-5-200x315.png 200w\" sizes=\"(max-width: 428px) 100vw, 428px\" \/><\/figure><div class=\"wp-block-media-text__content\">\n<h3><strong><span style=\"color:#e04e35\" class=\"has-inline-color\"><a href=\"https:\/\/www.johnmurraypress.co.uk\/titles\/nouriel-roubini\/megathreats\/9781529373776\/\" target=\"_blank\" rel=\"noreferrer noopener\">Megathreats<\/a><\/span><\/strong><\/h3>\n\n\n\n<p><strong>Nouriel Roubini<\/strong> (2022)<\/p>\n\n\n\n<p>Conegut com Dr. Doom fins que les seves advert\u00e8ncies sobre la crisi de 2008 es van fer realitat, Roubini publica en aquest llibre prediccions m\u00e9s aterridores. L\u2019autor recull deu amenaces superposades i interconnectades que, per la seva gravetat, anomena megaamenaces, cadascuna de les quals amplia potencialment la resta. Des de la pitjor crisi del deute que h\u00e0gim vist mai, fins a governs que injecten massa diners i provoquen inflaci\u00f3, fronteres bloquejades per als treballadors i mercaderies, el sorgiment d\u2019una nova compet\u00e8ncia de superpot\u00e8ncies entre la Xina i els EUA, les pand\u00e8mies, el canvi clim\u00e0tic que colpeja directament a les ciutats m\u00e9s poblades, l\u2019amena\u00e7a als empleats provinent de la intel\u00b7lig\u00e8ncia artificial\u2026 Ens enfrontem a deu causes de desastre. Aix\u00f2 fa que ens dirigim cap a una Gran Estanflaci\u00f3n que far\u00e0 que la d\u00e8cada de 1970 sembli moderada. Per evitar-ho cal recuperar el sentit i actuar ara.<\/p>\n<\/div><\/div>\n\n\n\n<hr class=\"wp-block-separator\"\/>\n\n\n\n<div class=\"wp-block-media-text alignwide is-stacked-on-mobile is-vertically-aligned-top\" style=\"grid-template-columns:37% auto\"><figure class=\"wp-block-media-text__media\"><img loading=\"lazy\" width=\"692\" height=\"1024\" src=\"https:\/\/www.pacteindustrial.org\/wp-content\/uploads\/2023\/04\/2023.04.23_Sant-Jordi-6-692x1024.jpg\" alt=\"\" class=\"wp-image-19125 size-full\" srcset=\"https:\/\/www.pacteindustrial.org\/wp-content\/uploads\/2023\/04\/2023.04.23_Sant-Jordi-6-692x1024.jpg 692w, https:\/\/www.pacteindustrial.org\/wp-content\/uploads\/2023\/04\/2023.04.23_Sant-Jordi-6-203x300.jpg 203w, https:\/\/www.pacteindustrial.org\/wp-content\/uploads\/2023\/04\/2023.04.23_Sant-Jordi-6-768x1137.jpg 768w, https:\/\/www.pacteindustrial.org\/wp-content\/uploads\/2023\/04\/2023.04.23_Sant-Jordi-6-200x296.jpg 200w, https:\/\/www.pacteindustrial.org\/wp-content\/uploads\/2023\/04\/2023.04.23_Sant-Jordi-6.jpg 1000w\" sizes=\"(max-width: 692px) 100vw, 692px\" \/><\/figure><div class=\"wp-block-media-text__content\">\n<h3><strong><span style=\"color:#e04e35\" class=\"has-inline-color\"><a href=\"https:\/\/www.alianzaeditorial.es\/libro\/alianza-ensayo\/la-revolucion-de-la-proximidad-carlos-moreno-9788411482004\/\" target=\"_blank\" rel=\"noreferrer noopener\">La revoluci\u00f3n de la proximidad<\/a><\/span><\/strong><\/h3>\n\n\n\n<p><strong>Carlos Moreno<\/strong> (2023)<\/p>\n\n\n\n<p>Als espais urbans es concentren els grans reptes del desenvolupament de la humanitat. Davant el triple desafiament ecol\u00f2gic, econ\u00f2mic i social al qual ens enfrontem, Carlos Moreno proposa replantejar la ciutat a partir de l\u2019\u00fas, la proximitat i la supressi\u00f3 dels despla\u00e7aments. El que ha anomenat \u201cla ciutat dels quinze minuts\u201d suposa una altra manera de viure, de consumir, de treballar, d\u2019estar a la ciutat; implica repensar la manera de despla\u00e7ar-se, de rec\u00f3rrer l\u2019espai, d\u2019explorar-lo, de descobrir-lo. La ciutat dels quinze minuts busca recuperar el car\u00e0cter multipolar de les urbs, apropar els serveis a la gent, donar m\u00e9s import\u00e0ncia al local, recuperar els vincles de ve\u00efnatge, sortir de l\u2019estatus social imposat pel m\u00f3n del treball i guardar les dist\u00e0ncies amb aquella ciutat lliurada als cotxes per recuperar l\u2019amor pels espais. La ciutat multic\u00e8ntrica vol recuperar el car\u00e0cter particular i l\u2019esperit de cada ciutat i oferir l\u2019ocasi\u00f3 de reprendre el control del temps.<\/p>\n<\/div><\/div>\n\n\n\n<hr class=\"wp-block-separator\"\/>\n","protected":false},"excerpt":{"rendered":"<p>Un any m\u00e9s volem recomanar-vos algunes lectures sobre ind\u00fastria, sostenibilitat i desenvolupament local coincidint amb la celebraci\u00f3 de la diada de Sant Jordi. No oblideu que a la secci\u00f3 &#8220;Publicacions&#8221; d&#8217;aquest web trobareu les edicions del Pacte Industrial. Feli\u00e7 diada de Sant Jordi i bones lectures! Feu clic a cada t\u00edtol per obtenir m\u00e9s informaci\u00f3: [&#8230;]<\/p>\n","protected":false},"author":6,"featured_media":18993,"comment_status":"open","ping_status":"open","sticky":false,"template":"","format":"standard","meta":[],"categories":[334],"tags":[257],"post_scope":[],"yoast_head":"<!-- This site is optimized with the Yoast SEO plugin v16.1.1 - https:\/\/yoast.com\/wordpress\/plugins\/seo\/ -->\n<title>\ud83c\udf39\ud83d\udcd6 Recomanacions de llibres per aquest Sant Jordi - Pacte Industrial RMB<\/title>\n<meta name=\"description\" content=\"Un any m\u00e9s volem recomanar-vos algunes lectures sobre ind\u00fastria, sostenibilitat i desenvolupament local coincidint amb la diada de Sant Jordi.\" \/>\n<link rel=\"canonical\" href=\"https:\/\/www.pacteindustrial.org\/ca\/blog\/%f0%9f%8c%b9%f0%9f%93%96-recomanacions-de-llibres-per-aquest-sant-jordi\/\" \/>\n<meta property=\"og:locale\" content=\"ca_ES\" \/>\n<meta property=\"og:type\" content=\"article\" \/>\n<meta property=\"og:title\" content=\"\ud83c\udf39\ud83d\udcd6 Recomanacions de llibres per aquest Sant Jordi - Pacte Industrial RMB\" \/>\n<meta property=\"og:description\" content=\"Un any m\u00e9s volem recomanar-vos algunes lectures sobre ind\u00fastria, sostenibilitat i desenvolupament local coincidint amb la diada de Sant Jordi.\" \/>\n<meta property=\"og:url\" content=\"https:\/\/www.pacteindustrial.org\/ca\/blog\/%f0%9f%8c%b9%f0%9f%93%96-recomanacions-de-llibres-per-aquest-sant-jordi\/\" \/>\n<meta property=\"og:site_name\" content=\"Pacte Industrial RMB\" \/>\n<meta property=\"article:published_time\" content=\"2023-04-19T08:06:00+00:00\" \/>\n<meta property=\"article:modified_time\" content=\"2023-04-19T09:56:12+00:00\" \/>\n<meta property=\"og:image\" content=\"https:\/\/www.pacteindustrial.org\/wp-content\/uploads\/2023\/03\/2023.04.23_Sant-Jordi_web.png\" \/>\n\t<meta property=\"og:image:width\" content=\"898\" \/>\n\t<meta property=\"og:image:height\" content=\"508\" \/>\n<meta name=\"twitter:card\" content=\"summary_large_image\" \/>\n<meta name=\"twitter:label1\" content=\"Temps estimat de lectura\">\n\t<meta name=\"twitter:data1\" content=\"7 minuts\">\n<script type=\"application\/ld+json\" class=\"yoast-schema-graph\">{\"@context\":\"https:\/\/schema.org\",\"@graph\":[{\"@type\":\"WebSite\",\"@id\":\"https:\/\/www.pacteindustrial.org\/ca\/#website\",\"url\":\"https:\/\/www.pacteindustrial.org\/ca\/\",\"name\":\"Pacte Industrial RMB\",\"description\":\"\",\"potentialAction\":[{\"@type\":\"SearchAction\",\"target\":\"https:\/\/www.pacteindustrial.org\/ca\/?s={search_term_string}\",\"query-input\":\"required name=search_term_string\"}],\"inLanguage\":\"ca\"},{\"@type\":\"ImageObject\",\"@id\":\"https:\/\/www.pacteindustrial.org\/ca\/blog\/%f0%9f%8c%b9%f0%9f%93%96-recomanacions-de-llibres-per-aquest-sant-jordi\/#primaryimage\",\"inLanguage\":\"ca\",\"url\":\"https:\/\/www.pacteindustrial.org\/wp-content\/uploads\/2023\/03\/2023.04.23_Sant-Jordi_web.png\",\"contentUrl\":\"https:\/\/www.pacteindustrial.org\/wp-content\/uploads\/2023\/03\/2023.04.23_Sant-Jordi_web.png\",\"width\":898,\"height\":508},{\"@type\":\"WebPage\",\"@id\":\"https:\/\/www.pacteindustrial.org\/ca\/blog\/%f0%9f%8c%b9%f0%9f%93%96-recomanacions-de-llibres-per-aquest-sant-jordi\/#webpage\",\"url\":\"https:\/\/www.pacteindustrial.org\/ca\/blog\/%f0%9f%8c%b9%f0%9f%93%96-recomanacions-de-llibres-per-aquest-sant-jordi\/\",\"name\":\"\\ud83c\\udf39\\ud83d\\udcd6 Recomanacions de llibres per aquest Sant Jordi - Pacte Industrial RMB\",\"isPartOf\":{\"@id\":\"https:\/\/www.pacteindustrial.org\/ca\/#website\"},\"primaryImageOfPage\":{\"@id\":\"https:\/\/www.pacteindustrial.org\/ca\/blog\/%f0%9f%8c%b9%f0%9f%93%96-recomanacions-de-llibres-per-aquest-sant-jordi\/#primaryimage\"},\"datePublished\":\"2023-04-19T08:06:00+00:00\",\"dateModified\":\"2023-04-19T09:56:12+00:00\",\"author\":{\"@id\":\"https:\/\/www.pacteindustrial.org\/ca\/#\/schema\/person\/f468d9850ca7905907ca1d9a87dd47a4\"},\"description\":\"Un any m\\u00e9s volem recomanar-vos algunes lectures sobre ind\\u00fastria, sostenibilitat i desenvolupament local coincidint amb la diada de Sant Jordi.\",\"breadcrumb\":{\"@id\":\"https:\/\/www.pacteindustrial.org\/ca\/blog\/%f0%9f%8c%b9%f0%9f%93%96-recomanacions-de-llibres-per-aquest-sant-jordi\/#breadcrumb\"},\"inLanguage\":\"ca\",\"potentialAction\":[{\"@type\":\"ReadAction\",\"target\":[\"https:\/\/www.pacteindustrial.org\/ca\/blog\/%f0%9f%8c%b9%f0%9f%93%96-recomanacions-de-llibres-per-aquest-sant-jordi\/\"]}]},{\"@type\":\"BreadcrumbList\",\"@id\":\"https:\/\/www.pacteindustrial.org\/ca\/blog\/%f0%9f%8c%b9%f0%9f%93%96-recomanacions-de-llibres-per-aquest-sant-jordi\/#breadcrumb\",\"itemListElement\":[{\"@type\":\"ListItem\",\"position\":1,\"item\":{\"@type\":\"WebPage\",\"@id\":\"https:\/\/www.pacteindustrial.org\/ca\/\",\"url\":\"https:\/\/www.pacteindustrial.org\/ca\/\",\"name\":\"Home\"}},{\"@type\":\"ListItem\",\"position\":2,\"item\":{\"@type\":\"WebPage\",\"@id\":\"https:\/\/www.pacteindustrial.org\/ca\/blog\/%f0%9f%8c%b9%f0%9f%93%96-recomanacions-de-llibres-per-aquest-sant-jordi\/\",\"url\":\"https:\/\/www.pacteindustrial.org\/ca\/blog\/%f0%9f%8c%b9%f0%9f%93%96-recomanacions-de-llibres-per-aquest-sant-jordi\/\",\"name\":\"\\ud83c\\udf39\\ud83d\\udcd6 Recomanacions de llibres per aquest Sant Jordi\"}}]},{\"@type\":\"Person\",\"@id\":\"https:\/\/www.pacteindustrial.org\/ca\/#\/schema\/person\/f468d9850ca7905907ca1d9a87dd47a4\",\"name\":\"cmartinez@pacteindustrial.org\",\"image\":{\"@type\":\"ImageObject\",\"@id\":\"https:\/\/www.pacteindustrial.org\/ca\/#personlogo\",\"inLanguage\":\"ca\",\"url\":\"https:\/\/secure.gravatar.com\/avatar\/fcee0cfd9e0b9895b8dd291573c84526?s=96&d=mm&r=g\",\"contentUrl\":\"https:\/\/secure.gravatar.com\/avatar\/fcee0cfd9e0b9895b8dd291573c84526?s=96&d=mm&r=g\",\"caption\":\"cmartinez@pacteindustrial.org\"}}]}<\/script>\n<!-- \/ Yoast SEO plugin. -->","_links":{"self":[{"href":"https:\/\/www.pacteindustrial.org\/ca\/wp-json\/wp\/v2\/posts\/18991"}],"collection":[{"href":"https:\/\/www.pacteindustrial.org\/ca\/wp-json\/wp\/v2\/posts"}],"about":[{"href":"https:\/\/www.pacteindustrial.org\/ca\/wp-json\/wp\/v2\/types\/post"}],"author":[{"embeddable":true,"href":"https:\/\/www.pacteindustrial.org\/ca\/wp-json\/wp\/v2\/users\/6"}],"replies":[{"embeddable":true,"href":"https:\/\/www.pacteindustrial.org\/ca\/wp-json\/wp\/v2\/comments?post=18991"}],"version-history":[{"count":34,"href":"https:\/\/www.pacteindustrial.org\/ca\/wp-json\/wp\/v2\/posts\/18991\/revisions"}],"predecessor-version":[{"id":19252,"href":"https:\/\/www.pacteindustrial.org\/ca\/wp-json\/wp\/v2\/posts\/18991\/revisions\/19252"}],"wp:featuredmedia":[{"embeddable":true,"href":"https:\/\/www.pacteindustrial.org\/ca\/wp-json\/wp\/v2\/media\/18993"}],"wp:attachment":[{"href":"https:\/\/www.pacteindustrial.org\/ca\/wp-json\/wp\/v2\/media?parent=18991"}],"wp:term":[{"taxonomy":"category","embeddable":true,"href":"https:\/\/www.pacteindustrial.org\/ca\/wp-json\/wp\/v2\/categories?post=18991"},{"taxonomy":"post_tag","embeddable":true,"href":"https:\/\/www.pacteindustrial.org\/ca\/wp-json\/wp\/v2\/tags?post=18991"},{"taxonomy":"post_scope","embeddable":true,"href":"https:\/\/www.pacteindustrial.org\/ca\/wp-json\/wp\/v2\/post_scope?post=18991"}],"curies":[{"name":"wp","href":"https:\/\/api.w.org\/{rel}","templated":true}]}}