{"id":19400,"date":"2023-05-05T14:33:09","date_gmt":"2023-05-05T12:33:09","guid":{"rendered":"https:\/\/www.pacteindustrial.org\/?p=19400"},"modified":"2024-04-18T15:58:37","modified_gmt":"2024-04-18T13:58:37","slug":"la-innovacio-i-la-ciberseguretat-protagonistes-de-la-7a-edicio-de-la-trobada-indi","status":"publish","type":"post","link":"https:\/\/www.pacteindustrial.org\/ca\/blog\/la-innovacio-i-la-ciberseguretat-protagonistes-de-la-7a-edicio-de-la-trobada-indi\/","title":{"rendered":"Innovaci\u00f3 i ciberseguretat, protagonistes de la 7a edici\u00f3 de la trobada IND+I"},"content":{"rendered":"\n<p>Un any m\u00e9s, i ja en van set, Viladecans ha acollit la celebraci\u00f3 de la <strong>trobada IND+I sobre ind\u00fastria i innovaci\u00f3<\/strong>. La tem\u00e0tica de l\u2019edici\u00f3 d\u2019enguany, celebrada el passat 3 de maig, ha girat entorn dels <strong>ecosistemes industrials<\/strong> i com impulsar-los per mitj\u00e0 de la <strong>innovaci\u00f3<\/strong>, la <strong>ciberseguretat<\/strong>, els <strong>est\u00e0ndards internacionals<\/strong> i les <strong>alternatives a l&#8217;escassetat de recursos<\/strong>.<\/p>\n\n\n\n<p><strong>Carles Ruiz<\/strong>, alcalde de Viladecans i secretari del Pacte Industrial, ha donat la benvinguda als assistents i, durant la seva intervenci\u00f3, ha posat \u00e8mfasi en que \u201c<strong>les ciutats som dades<\/strong>\u201d. Les empreses i els ajuntaments processen cada dia dades que s\u00f3n de gran valor per a la seva gesti\u00f3, i el que aporta valor \u00e9s saber connectar-les i generar espais segurs on fer-ho, ha insistit <strong>Ruiz<\/strong>.<\/p>\n\n\n\n<p>Tamb\u00e9 han pres part en la benvinguda institucional de la jornada <strong>Eva Menor<\/strong>, presidenta de l\u2019\u00c0rea de Desenvolupament Econ\u00f2mic, Turisme i Comer\u00e7 de la <a href=\"https:\/\/www.diba.cat\/\" target=\"_blank\" rel=\"noreferrer noopener\">Diputaci\u00f3 de Barcelona<\/a> i vicepresidenta del Pacte Industrial; <strong>Montserrat Ballar\u00edn<\/strong>, vicepresidenta de Desenvolupament Social i Econ\u00f2mic de l\u2019<a href=\"https:\/\/www.amb.cat\/s\/home.html\" target=\"_blank\" rel=\"noreferrer noopener\">\u00c0rea Metropolitana de Barcelona<\/a>; <strong>Llu\u00eds Junc\u00e0<\/strong>, director general d\u2019Innovaci\u00f3, Economia Digital i Emprenedoria de la <a href=\"https:\/\/empresa.gencat.cat\/ca\/inici\/\" target=\"_blank\" rel=\"noreferrer noopener\">Generalitat de Catalunya<\/a>, i <strong>Felipe Campos<\/strong>, director d\u2019Acci\u00f3 Social d\u2019<a href=\"https:\/\/www.agbar.es\/ca\/\" target=\"_blank\" rel=\"noreferrer noopener\">Agbar<\/a>.<\/p>\n\n\n\n<figure class=\"wp-block-image size-large\"><img loading=\"lazy\" width=\"1024\" height=\"578\" src=\"https:\/\/www.pacteindustrial.org\/wp-content\/uploads\/2023\/05\/2023.05.03_Foto-2-1024x578.jpg\" alt=\"\" class=\"wp-image-19393\" srcset=\"https:\/\/www.pacteindustrial.org\/wp-content\/uploads\/2023\/05\/2023.05.03_Foto-2-1024x578.jpg 1024w, https:\/\/www.pacteindustrial.org\/wp-content\/uploads\/2023\/05\/2023.05.03_Foto-2-300x169.jpg 300w, https:\/\/www.pacteindustrial.org\/wp-content\/uploads\/2023\/05\/2023.05.03_Foto-2-768x433.jpg 768w, https:\/\/www.pacteindustrial.org\/wp-content\/uploads\/2023\/05\/2023.05.03_Foto-2-1536x866.jpg 1536w, https:\/\/www.pacteindustrial.org\/wp-content\/uploads\/2023\/05\/2023.05.03_Foto-2-2048x1155.jpg 2048w, https:\/\/www.pacteindustrial.org\/wp-content\/uploads\/2023\/05\/2023.05.03_Foto-2-200x113.jpg 200w\" sizes=\"(max-width: 1024px) 100vw, 1024px\" \/><figcaption>El professor d&#8217;ESADE Xavier Ferr\u00e0s durant la seva intervenci\u00f3.<\/figcaption><\/figure>\n\n\n\n<p>El professor d\u2019<a href=\"https:\/\/www.esade.edu\/ca\" target=\"_blank\" rel=\"noreferrer noopener\">ESADE<\/a> <strong>Xavier Ferr\u00e0s<\/strong> ha presentat les \u00faltimes tend\u00e8ncies en innovaci\u00f3. <strong>Ferr\u00e0s<\/strong> ha comen\u00e7at la seva intervenci\u00f3 destacant que <strong>la globalitzaci\u00f3 tal com la coneixem fins ara ha mort<\/strong> i evoluciona cap a quelcom totalment diferent. El professor tamb\u00e9 ha estat contundent quan ha afirmat que <strong>\u201cEuropa sense semiconductors se\u2019n va al paleol\u00edtic<\/strong>\u201d. I, tal com \u00e9s habitual, ha actualitzat les dades mundials d\u2019inversi\u00f3 en recerca i desenvolupament tot indicant que Espanya ha millorat lleugerament, per\u00f2 no al ritme que ho estan fent altres pa\u00efsos.<\/p>\n\n\n\n<h2>Innovaci\u00f3 empresarial<\/h2>\n\n\n\n<p>Per la seva part, <strong>Oriol Alcoba<\/strong>, director general d\u2019Ind\u00fastria de la <a href=\"https:\/\/empresa.gencat.cat\/ca\/treb_ambits_actuacio\/industria\/\" target=\"_blank\" rel=\"noreferrer noopener\">Generalitat de Catalunya<\/a>, i <strong>Carme Poveda<\/strong>, directora d\u2019An\u00e0lisi Econ\u00f2mic de la <a href=\"https:\/\/www.cambrabcn.org\/\" target=\"_blank\" rel=\"noreferrer noopener\">Cambra de Comer\u00e7 de Barcelona<\/a>, han conversat amb <strong>Jordi Garcia<\/strong>, secretari de l\u2019IND+I, sobre els nous ecosistemes industrials. <strong>Carme Poveda<\/strong> ha destacat que la pand\u00e8mia i la guerra d\u2019Ucra\u00efna han evidenciat les <strong>depend\u00e8ncies estrat\u00e8giques d\u2019Europa<\/strong>, i ha celebrat que s\u2019hagi posat la <strong>pol\u00edtica industrial al centre de les decisions<\/strong> i les accions que s\u2019estan duent a terme per captar inversions industrials. Tamb\u00e9 ha assenyalat que \u201chem de passar de parlar de sectors tradicionals a <strong>ecosistemes industrials<\/strong>\u201d en qu\u00e8 s\u2019inclogui la fabricaci\u00f3, la venda, la reparaci\u00f3, etc. En la mateixa l\u00ednia, <strong>Oriol Alcoba<\/strong> ha ressaltat que Europa s\u2019est\u00e0 posant les piles per <strong>impulsar la innovaci\u00f3 industrial a nivell global<\/strong>. \u201cEstem en una batalla global on<strong> la rapidesa \u00e9s essencial<\/strong>\u201d. I ha indicat que <strong>les empreses industrials realitzen el 65 % de la inversi\u00f3 privada en recerca i desenvolupament a Catalunya<\/strong>.<\/p>\n\n\n\n<figure class=\"wp-block-image size-large\"><img loading=\"lazy\" width=\"1024\" height=\"578\" src=\"https:\/\/www.pacteindustrial.org\/wp-content\/uploads\/2023\/05\/2023.05.03_Foto-3-1024x578.jpg\" alt=\"\" class=\"wp-image-19396\" srcset=\"https:\/\/www.pacteindustrial.org\/wp-content\/uploads\/2023\/05\/2023.05.03_Foto-3-1024x578.jpg 1024w, https:\/\/www.pacteindustrial.org\/wp-content\/uploads\/2023\/05\/2023.05.03_Foto-3-300x169.jpg 300w, https:\/\/www.pacteindustrial.org\/wp-content\/uploads\/2023\/05\/2023.05.03_Foto-3-768x433.jpg 768w, https:\/\/www.pacteindustrial.org\/wp-content\/uploads\/2023\/05\/2023.05.03_Foto-3-1536x866.jpg 1536w, https:\/\/www.pacteindustrial.org\/wp-content\/uploads\/2023\/05\/2023.05.03_Foto-3-2048x1155.jpg 2048w, https:\/\/www.pacteindustrial.org\/wp-content\/uploads\/2023\/05\/2023.05.03_Foto-3-200x113.jpg 200w\" sizes=\"(max-width: 1024px) 100vw, 1024px\" \/><figcaption>D&#8217;esq. a dta.: Carme Poveda, Oriol Alcoba i Jordi Garcia.<\/figcaption><\/figure>\n\n\n\n<p>Durant la jornada, tamb\u00e9 hi ha hagut presentacions d\u2019empreses, algunes de les quals han aprofitat per mostrar les seves innovacions. <strong>Josep Ramon Freixanet<\/strong>, d\u2019<a href=\"https:\/\/ideaded.com\/\" target=\"_blank\" rel=\"noreferrer noopener\">Ideaded<\/a>, ha apuntat que d\u2019aqu\u00ed a un temps <strong>hi haur\u00e0 un xip en tot<\/strong> i ha explicat que estan construint una planta que els permetr\u00e0 crear xips a Catalunya. I <strong>Ezequiel Navarro<\/strong>, del <a href=\"https:\/\/www.grupopremo.com\/en\/\" target=\"_blank\" rel=\"noreferrer noopener\">Grupo Premo<\/a>, ha insistit que quan una inversi\u00f3 es declara <strong>projecte d\u2019Estat<\/strong>, les <strong>ajudes han de ser suficients fins que el projecte es consolidi<\/strong>. Al seu torn, <strong>Josep Coll<\/strong>, de <a href=\"https:\/\/www.repscan.com\/es\/\" target=\"_blank\" rel=\"noreferrer noopener\">Repscan<\/a>, ha presentat un \u201cbot\u00f3 vermell\u201d per <strong>lluitar contra el ciberbullying escolar<\/strong>; i <strong>Joan Antoni Muns\u00f3<\/strong>, de <a href=\"https:\/\/www.mesoestetic.es\/\" target=\"_blank\" rel=\"noreferrer noopener\">Mesostetic<\/a>, ha pronosticat un \u201cfutur inimaginable\u201d amb la <strong>suma de la intel\u00b7lig\u00e8ncia artificial i la computaci\u00f3 qu\u00e0ntica<\/strong>.<\/p>\n","protected":false},"excerpt":{"rendered":"<p>Un any m\u00e9s, i ja en van set, Viladecans ha acollit la celebraci\u00f3 de la trobada IND+I sobre ind\u00fastria i innovaci\u00f3. La tem\u00e0tica de l\u2019edici\u00f3 d\u2019enguany, celebrada el passat 3 de maig, ha girat entorn dels ecosistemes industrials i com impulsar-los per mitj\u00e0 de la innovaci\u00f3, la ciberseguretat, els est\u00e0ndards internacionals i les alternatives a [&#8230;]<\/p>\n","protected":false},"author":6,"featured_media":19390,"comment_status":"closed","ping_status":"open","sticky":false,"template":"","format":"standard","meta":[],"categories":[331],"tags":[392,155,72,70,154,153],"post_scope":[27,25],"yoast_head":"<!-- This site is optimized with the Yoast SEO plugin v16.1.1 - https:\/\/yoast.com\/wordpress\/plugins\/seo\/ -->\n<title>Innovaci\u00f3 i ciberseguretat, protagonistes de la 7a edici\u00f3 de la trobada IND+I - Pacte Industrial RMB<\/title>\n<link rel=\"canonical\" href=\"https:\/\/www.pacteindustrial.org\/ca\/blog\/la-innovacio-i-la-ciberseguretat-protagonistes-de-la-7a-edicio-de-la-trobada-indi\/\" \/>\n<meta property=\"og:locale\" content=\"ca_ES\" \/>\n<meta property=\"og:type\" content=\"article\" \/>\n<meta property=\"og:title\" content=\"Innovaci\u00f3 i ciberseguretat, protagonistes de la 7a edici\u00f3 de la trobada IND+I - Pacte Industrial RMB\" \/>\n<meta property=\"og:description\" content=\"Un any m\u00e9s, i ja en van set, Viladecans ha acollit la celebraci\u00f3 de la trobada IND+I sobre ind\u00fastria i innovaci\u00f3. La tem\u00e0tica de l\u2019edici\u00f3 d\u2019enguany, celebrada el passat 3 de maig, ha girat entorn dels ecosistemes industrials i com impulsar-los per mitj\u00e0 de la innovaci\u00f3, la ciberseguretat, els est\u00e0ndards internacionals i les alternatives a [...]\" \/>\n<meta property=\"og:url\" content=\"https:\/\/www.pacteindustrial.org\/ca\/blog\/la-innovacio-i-la-ciberseguretat-protagonistes-de-la-7a-edicio-de-la-trobada-indi\/\" \/>\n<meta property=\"og:site_name\" content=\"Pacte Industrial RMB\" \/>\n<meta property=\"article:published_time\" content=\"2023-05-05T12:33:09+00:00\" \/>\n<meta property=\"article:modified_time\" content=\"2024-04-18T13:58:37+00:00\" \/>\n<meta property=\"og:image\" content=\"https:\/\/www.pacteindustrial.org\/wp-content\/uploads\/2023\/05\/2023.05.03_Foto-1.jpg\" \/>\n\t<meta property=\"og:image:width\" content=\"1600\" \/>\n\t<meta property=\"og:image:height\" content=\"902\" \/>\n<meta name=\"twitter:card\" content=\"summary_large_image\" \/>\n<meta name=\"twitter:label1\" content=\"Temps estimat de lectura\">\n\t<meta name=\"twitter:data1\" content=\"3 minuts\">\n<script type=\"application\/ld+json\" class=\"yoast-schema-graph\">{\"@context\":\"https:\/\/schema.org\",\"@graph\":[{\"@type\":\"WebSite\",\"@id\":\"https:\/\/www.pacteindustrial.org\/ca\/#website\",\"url\":\"https:\/\/www.pacteindustrial.org\/ca\/\",\"name\":\"Pacte Industrial RMB\",\"description\":\"\",\"potentialAction\":[{\"@type\":\"SearchAction\",\"target\":\"https:\/\/www.pacteindustrial.org\/ca\/?s={search_term_string}\",\"query-input\":\"required name=search_term_string\"}],\"inLanguage\":\"ca\"},{\"@type\":\"ImageObject\",\"@id\":\"https:\/\/www.pacteindustrial.org\/ca\/blog\/la-innovacio-i-la-ciberseguretat-protagonistes-de-la-7a-edicio-de-la-trobada-indi\/#primaryimage\",\"inLanguage\":\"ca\",\"url\":\"https:\/\/www.pacteindustrial.org\/wp-content\/uploads\/2023\/05\/2023.05.03_Foto-1.jpg\",\"contentUrl\":\"https:\/\/www.pacteindustrial.org\/wp-content\/uploads\/2023\/05\/2023.05.03_Foto-1.jpg\",\"width\":1600,\"height\":902},{\"@type\":\"WebPage\",\"@id\":\"https:\/\/www.pacteindustrial.org\/ca\/blog\/la-innovacio-i-la-ciberseguretat-protagonistes-de-la-7a-edicio-de-la-trobada-indi\/#webpage\",\"url\":\"https:\/\/www.pacteindustrial.org\/ca\/blog\/la-innovacio-i-la-ciberseguretat-protagonistes-de-la-7a-edicio-de-la-trobada-indi\/\",\"name\":\"Innovaci\\u00f3 i ciberseguretat, protagonistes de la 7a edici\\u00f3 de la trobada IND+I - Pacte Industrial RMB\",\"isPartOf\":{\"@id\":\"https:\/\/www.pacteindustrial.org\/ca\/#website\"},\"primaryImageOfPage\":{\"@id\":\"https:\/\/www.pacteindustrial.org\/ca\/blog\/la-innovacio-i-la-ciberseguretat-protagonistes-de-la-7a-edicio-de-la-trobada-indi\/#primaryimage\"},\"datePublished\":\"2023-05-05T12:33:09+00:00\",\"dateModified\":\"2024-04-18T13:58:37+00:00\",\"author\":{\"@id\":\"https:\/\/www.pacteindustrial.org\/ca\/#\/schema\/person\/f468d9850ca7905907ca1d9a87dd47a4\"},\"breadcrumb\":{\"@id\":\"https:\/\/www.pacteindustrial.org\/ca\/blog\/la-innovacio-i-la-ciberseguretat-protagonistes-de-la-7a-edicio-de-la-trobada-indi\/#breadcrumb\"},\"inLanguage\":\"ca\",\"potentialAction\":[{\"@type\":\"ReadAction\",\"target\":[\"https:\/\/www.pacteindustrial.org\/ca\/blog\/la-innovacio-i-la-ciberseguretat-protagonistes-de-la-7a-edicio-de-la-trobada-indi\/\"]}]},{\"@type\":\"BreadcrumbList\",\"@id\":\"https:\/\/www.pacteindustrial.org\/ca\/blog\/la-innovacio-i-la-ciberseguretat-protagonistes-de-la-7a-edicio-de-la-trobada-indi\/#breadcrumb\",\"itemListElement\":[{\"@type\":\"ListItem\",\"position\":1,\"item\":{\"@type\":\"WebPage\",\"@id\":\"https:\/\/www.pacteindustrial.org\/ca\/\",\"url\":\"https:\/\/www.pacteindustrial.org\/ca\/\",\"name\":\"Home\"}},{\"@type\":\"ListItem\",\"position\":2,\"item\":{\"@type\":\"WebPage\",\"@id\":\"https:\/\/www.pacteindustrial.org\/ca\/blog\/la-innovacio-i-la-ciberseguretat-protagonistes-de-la-7a-edicio-de-la-trobada-indi\/\",\"url\":\"https:\/\/www.pacteindustrial.org\/ca\/blog\/la-innovacio-i-la-ciberseguretat-protagonistes-de-la-7a-edicio-de-la-trobada-indi\/\",\"name\":\"Innovaci\\u00f3 i ciberseguretat, protagonistes de la 7a edici\\u00f3 de la trobada IND+I\"}}]},{\"@type\":\"Person\",\"@id\":\"https:\/\/www.pacteindustrial.org\/ca\/#\/schema\/person\/f468d9850ca7905907ca1d9a87dd47a4\",\"name\":\"cmartinez@pacteindustrial.org\",\"image\":{\"@type\":\"ImageObject\",\"@id\":\"https:\/\/www.pacteindustrial.org\/ca\/#personlogo\",\"inLanguage\":\"ca\",\"url\":\"https:\/\/secure.gravatar.com\/avatar\/fcee0cfd9e0b9895b8dd291573c84526?s=96&d=mm&r=g\",\"contentUrl\":\"https:\/\/secure.gravatar.com\/avatar\/fcee0cfd9e0b9895b8dd291573c84526?s=96&d=mm&r=g\",\"caption\":\"cmartinez@pacteindustrial.org\"}}]}<\/script>\n<!-- \/ Yoast SEO plugin. -->","_links":{"self":[{"href":"https:\/\/www.pacteindustrial.org\/ca\/wp-json\/wp\/v2\/posts\/19400"}],"collection":[{"href":"https:\/\/www.pacteindustrial.org\/ca\/wp-json\/wp\/v2\/posts"}],"about":[{"href":"https:\/\/www.pacteindustrial.org\/ca\/wp-json\/wp\/v2\/types\/post"}],"author":[{"embeddable":true,"href":"https:\/\/www.pacteindustrial.org\/ca\/wp-json\/wp\/v2\/users\/6"}],"replies":[{"embeddable":true,"href":"https:\/\/www.pacteindustrial.org\/ca\/wp-json\/wp\/v2\/comments?post=19400"}],"version-history":[{"count":10,"href":"https:\/\/www.pacteindustrial.org\/ca\/wp-json\/wp\/v2\/posts\/19400\/revisions"}],"predecessor-version":[{"id":19413,"href":"https:\/\/www.pacteindustrial.org\/ca\/wp-json\/wp\/v2\/posts\/19400\/revisions\/19413"}],"wp:featuredmedia":[{"embeddable":true,"href":"https:\/\/www.pacteindustrial.org\/ca\/wp-json\/wp\/v2\/media\/19390"}],"wp:attachment":[{"href":"https:\/\/www.pacteindustrial.org\/ca\/wp-json\/wp\/v2\/media?parent=19400"}],"wp:term":[{"taxonomy":"category","embeddable":true,"href":"https:\/\/www.pacteindustrial.org\/ca\/wp-json\/wp\/v2\/categories?post=19400"},{"taxonomy":"post_tag","embeddable":true,"href":"https:\/\/www.pacteindustrial.org\/ca\/wp-json\/wp\/v2\/tags?post=19400"},{"taxonomy":"post_scope","embeddable":true,"href":"https:\/\/www.pacteindustrial.org\/ca\/wp-json\/wp\/v2\/post_scope?post=19400"}],"curies":[{"name":"wp","href":"https:\/\/api.w.org\/{rel}","templated":true}]}}