{"id":19994,"date":"2023-10-17T16:47:20","date_gmt":"2023-10-17T14:47:20","guid":{"rendered":"https:\/\/www.pacteindustrial.org\/?p=19994"},"modified":"2024-01-19T15:19:47","modified_gmt":"2024-01-19T13:19:47","slug":"el-pacte-industrial-participa-en-la-iii-jornada-fecav","status":"publish","type":"post","link":"https:\/\/www.pacteindustrial.org\/ca\/blog\/el-pacte-industrial-participa-en-la-iii-jornada-fecav\/","title":{"rendered":"El Pacte Industrial participa en la III Jornada FECAV"},"content":{"rendered":"\n<p>El coordinador gerent del Pacte Industrial<strong>, Carles Rivera<\/strong>, ha participat en la <a href=\"https:\/\/www.fecav.es\/ca\/iii-jornada-fecav\/\" target=\"_blank\" rel=\"noreferrer noopener\">tercera edici\u00f3 de la jornada anual<\/a> que organitza la <strong><a href=\"https:\/\/www.fecav.es\/ca\/\" target=\"_blank\" rel=\"noreferrer noopener\">Federaci\u00f3 Empresarial Catalana d\u2019Autotransport de Viatgers (FECAV)<\/a><\/strong>, i que s\u2019ha celebrat el passat 17 d\u2019octubre al Palau de la M\u00fasica Catalana sota el t\u00edtol \u201cLa vinculaci\u00f3 multisectorial per un transport p\u00fablic inclusiu\u201d. Concretament, Rivera ha intervingut en una <strong>taula rodona<\/strong> sobre el servei de bus discrecional com a palanca de desenvolupament transversal juntament amb <strong>I\u00f1aki Collado<\/strong> (<a href=\"https:\/\/idemice.com\/\" target=\"_blank\" rel=\"noreferrer noopener\">IDEMICE<\/a>) i <strong>David Sastre<\/strong> (consultor), i moderada per <strong>Daniel Gallego<\/strong> (<a href=\"https:\/\/www.nexotrans.com\/nexobus\" target=\"_blank\" rel=\"noreferrer noopener\">Nexobus<\/a>).<\/p>\n\n\n\n<p><strong>Rivera<\/strong> ha apuntat la necessitat d\u2019analitzar el <strong>sector de la mobilitat<\/strong> des d\u2019una <strong>mirada local<\/strong> i tenint en compte la seva relaci\u00f3 amb el <strong>desenvolupament econ\u00f2mic<\/strong>. Un servei de <strong>transport eficient \u00e9s un factor clau<\/strong> per al desenvolupament de les empreses, la creaci\u00f3 d\u2019ocupaci\u00f3 i l\u2019augment del PIB, ha assenyalat. I aquesta necessitat \u00e9s encara m\u00e9s evident en els <strong>pol\u00edgons industrials<\/strong>, sovint allunyats dels nuclis urbans. Disposar d\u2019un sistema de transport col\u00b7lectiu \u2013discrecional o p\u00fablic\u2013 \u00e9s fonamental per a l&#8217;<strong>atracci\u00f3 i retenci\u00f3 de talent<\/strong>, ja que els treballadors valoren cada cop m\u00e9s tenir a l&#8217;abast <strong>serveis de mobilitat sostenible<\/strong>.<\/p>\n\n\n\n<p>El 35% dels pol\u00edgons de la Regi\u00f3 Metropolitana de Barcelona no t\u00e9 acc\u00e9s en transport p\u00fablic. <strong>Rivera<\/strong> ha apel\u00b7lat a la necessitat de \u201c<strong>pacte<\/strong>\u201d i de cercar <strong>solucions compartides entre administracions p\u00fabliques, empreses i actors socials<\/strong>. Cal millorar les estructures de <strong>governan\u00e7a i l\u2019associacionisme empresarial<\/strong> \u2013ha insistit <strong>Rivera<\/strong>\u2013 per comptar amb la massa cr\u00edtica necess\u00e0ria que permeti articular <strong>serveis de mobilitat compartits pels treballadors de diverses empreses d\u2019un mateix pol\u00edgon<\/strong>. <strong>Rivera<\/strong> tamb\u00e9 ha subratllat que les solucions de transport col\u00b7lectiu no nom\u00e9s s\u00f3n motivades per raons de <strong>sostenibilitat ambiental<\/strong>, sin\u00f3 tamb\u00e9 <strong>social<\/strong>, ja que donen resposta a les <strong>necessitats i expectatives dels treballadors<\/strong>.<\/p>\n\n\n\n<h2>Finan\u00e7ament del transport p\u00fablic<\/h2>\n\n\n\n<p>Per la seva part, <strong>Jos\u00e9 Maria Chavarr\u00eda<\/strong>, president de la FECAV, ha indicat que l\u2019<strong>autob\u00fas regular<\/strong> \u00e9s clau per <strong>restablir l\u2019equilibri territorial i impulsar la transici\u00f3 ecol\u00f2gica<\/strong>. En aquest sentit, ha recordat la necessitat de disposar d\u2019una <strong>llei de finan\u00e7ament del transport p\u00fablic<\/strong>, tant en l\u2019\u00e0mbit de Catalunya com d\u2019Espanya. Tamb\u00e9 ha destacat la necessitat de potenciar els <strong>plans de transport p\u00fablic col\u00b7lectiu<\/strong> perqu\u00e8 els treballadors accedeixin a les empreses i de corregir el <strong>d\u00e8ficit actual de 20.000 conductors<\/strong> a Espanya per al transport de mercaderies i de persones.<\/p>\n\n\n\n<p><strong>Oriol Martori<\/strong>, director general de Transports i Mobilitat de la Generalitat de Catalunya, ha assenyalat que s\u2019ha de refor\u00e7ar la <strong>col\u00b7laboraci\u00f3 publicoprivada<\/strong> per fer front als <strong>reptes mediambientals<\/strong> i que \u00e9s necessari potenciar les <strong>pol\u00edtiques i les inversions en transport p\u00fablic<\/strong> per millorar la <strong>cohesi\u00f3 social i territorial<\/strong>. Alhora ha coincidit en la necessitat de disposar d\u2019una <strong>llei de finan\u00e7ament<\/strong> del transport p\u00fablic, de refor\u00e7ar els <strong>mecanismes de participaci\u00f3<\/strong> i de millorar la <strong>planificaci\u00f3 de la mobilitat<\/strong> a trav\u00e9s de les <strong>noves tecnologies i les dades<\/strong>. Finalment, ha anunciat que l\u2019any 2024 <strong>el Govern integrar\u00e0 tarif\u00e0riament tots els municipis<\/strong> de Catalunya.<\/p>\n","protected":false},"excerpt":{"rendered":"<p>El coordinador gerent del Pacte Industrial, Carles Rivera, ha participat en la tercera edici\u00f3 de la jornada anual que organitza la Federaci\u00f3 Empresarial Catalana d\u2019Autotransport de Viatgers (FECAV), i que s\u2019ha celebrat el passat 17 d\u2019octubre al Palau de la M\u00fasica Catalana sota el t\u00edtol \u201cLa vinculaci\u00f3 multisectorial per un transport p\u00fablic inclusiu\u201d. Concretament, Rivera [&#8230;]<\/p>\n","protected":false},"author":6,"featured_media":19997,"comment_status":"open","ping_status":"open","sticky":false,"template":"","format":"standard","meta":[],"categories":[332],"tags":[79,77,99],"post_scope":[21],"yoast_head":"<!-- This site is optimized with the Yoast SEO plugin v16.1.1 - https:\/\/yoast.com\/wordpress\/plugins\/seo\/ -->\n<title>El Pacte Industrial participa en la III Jornada FECAV - Pacte Industrial RMB<\/title>\n<meta name=\"description\" content=\"Carles Rivera ha assenyalat que les infraestructures i serveis per a la mobilitat s\u00f3n un factor clau per al desenvolupament econ\u00f2mic, la competitivitat de les empreses, la creaci\u00f3 d\u2019ocupaci\u00f3 i l\u2019atracci\u00f3 de talent.\" \/>\n<link rel=\"canonical\" href=\"https:\/\/www.pacteindustrial.org\/ca\/blog\/el-pacte-industrial-participa-en-la-iii-jornada-fecav\/\" \/>\n<meta property=\"og:locale\" content=\"ca_ES\" \/>\n<meta property=\"og:type\" content=\"article\" \/>\n<meta property=\"og:title\" content=\"El Pacte Industrial participa en la III Jornada FECAV - Pacte Industrial RMB\" \/>\n<meta property=\"og:description\" content=\"Carles Rivera ha assenyalat que les infraestructures i serveis per a la mobilitat s\u00f3n un factor clau per al desenvolupament econ\u00f2mic, la competitivitat de les empreses, la creaci\u00f3 d\u2019ocupaci\u00f3 i l\u2019atracci\u00f3 de talent.\" \/>\n<meta property=\"og:url\" content=\"https:\/\/www.pacteindustrial.org\/ca\/blog\/el-pacte-industrial-participa-en-la-iii-jornada-fecav\/\" \/>\n<meta property=\"og:site_name\" content=\"Pacte Industrial RMB\" \/>\n<meta property=\"article:published_time\" content=\"2023-10-17T14:47:20+00:00\" \/>\n<meta property=\"article:modified_time\" content=\"2024-01-19T13:19:47+00:00\" \/>\n<meta property=\"og:image\" content=\"https:\/\/www.pacteindustrial.org\/wp-content\/uploads\/2023\/10\/2023.10.17_Foto-1-scaled.jpg\" \/>\n\t<meta property=\"og:image:width\" content=\"2560\" \/>\n\t<meta property=\"og:image:height\" content=\"1444\" \/>\n<meta name=\"twitter:card\" content=\"summary_large_image\" \/>\n<meta name=\"twitter:label1\" content=\"Temps estimat de lectura\">\n\t<meta name=\"twitter:data1\" content=\"3 minuts\">\n<script type=\"application\/ld+json\" class=\"yoast-schema-graph\">{\"@context\":\"https:\/\/schema.org\",\"@graph\":[{\"@type\":\"WebSite\",\"@id\":\"https:\/\/www.pacteindustrial.org\/ca\/#website\",\"url\":\"https:\/\/www.pacteindustrial.org\/ca\/\",\"name\":\"Pacte Industrial RMB\",\"description\":\"\",\"potentialAction\":[{\"@type\":\"SearchAction\",\"target\":\"https:\/\/www.pacteindustrial.org\/ca\/?s={search_term_string}\",\"query-input\":\"required name=search_term_string\"}],\"inLanguage\":\"ca\"},{\"@type\":\"ImageObject\",\"@id\":\"https:\/\/www.pacteindustrial.org\/ca\/blog\/el-pacte-industrial-participa-en-la-iii-jornada-fecav\/#primaryimage\",\"inLanguage\":\"ca\",\"url\":\"https:\/\/www.pacteindustrial.org\/wp-content\/uploads\/2023\/10\/2023.10.17_Foto-1-scaled.jpg\",\"contentUrl\":\"https:\/\/www.pacteindustrial.org\/wp-content\/uploads\/2023\/10\/2023.10.17_Foto-1-scaled.jpg\",\"width\":2560,\"height\":1444},{\"@type\":\"WebPage\",\"@id\":\"https:\/\/www.pacteindustrial.org\/ca\/blog\/el-pacte-industrial-participa-en-la-iii-jornada-fecav\/#webpage\",\"url\":\"https:\/\/www.pacteindustrial.org\/ca\/blog\/el-pacte-industrial-participa-en-la-iii-jornada-fecav\/\",\"name\":\"El Pacte Industrial participa en la III Jornada FECAV - Pacte Industrial RMB\",\"isPartOf\":{\"@id\":\"https:\/\/www.pacteindustrial.org\/ca\/#website\"},\"primaryImageOfPage\":{\"@id\":\"https:\/\/www.pacteindustrial.org\/ca\/blog\/el-pacte-industrial-participa-en-la-iii-jornada-fecav\/#primaryimage\"},\"datePublished\":\"2023-10-17T14:47:20+00:00\",\"dateModified\":\"2024-01-19T13:19:47+00:00\",\"author\":{\"@id\":\"https:\/\/www.pacteindustrial.org\/ca\/#\/schema\/person\/f468d9850ca7905907ca1d9a87dd47a4\"},\"description\":\"Carles Rivera ha assenyalat que les infraestructures i serveis per a la mobilitat s\\u00f3n un factor clau per al desenvolupament econ\\u00f2mic, la competitivitat de les empreses, la creaci\\u00f3 d\\u2019ocupaci\\u00f3 i l\\u2019atracci\\u00f3 de talent.\",\"breadcrumb\":{\"@id\":\"https:\/\/www.pacteindustrial.org\/ca\/blog\/el-pacte-industrial-participa-en-la-iii-jornada-fecav\/#breadcrumb\"},\"inLanguage\":\"ca\",\"potentialAction\":[{\"@type\":\"ReadAction\",\"target\":[\"https:\/\/www.pacteindustrial.org\/ca\/blog\/el-pacte-industrial-participa-en-la-iii-jornada-fecav\/\"]}]},{\"@type\":\"BreadcrumbList\",\"@id\":\"https:\/\/www.pacteindustrial.org\/ca\/blog\/el-pacte-industrial-participa-en-la-iii-jornada-fecav\/#breadcrumb\",\"itemListElement\":[{\"@type\":\"ListItem\",\"position\":1,\"item\":{\"@type\":\"WebPage\",\"@id\":\"https:\/\/www.pacteindustrial.org\/ca\/\",\"url\":\"https:\/\/www.pacteindustrial.org\/ca\/\",\"name\":\"Home\"}},{\"@type\":\"ListItem\",\"position\":2,\"item\":{\"@type\":\"WebPage\",\"@id\":\"https:\/\/www.pacteindustrial.org\/ca\/blog\/el-pacte-industrial-participa-en-la-iii-jornada-fecav\/\",\"url\":\"https:\/\/www.pacteindustrial.org\/ca\/blog\/el-pacte-industrial-participa-en-la-iii-jornada-fecav\/\",\"name\":\"El Pacte Industrial participa en la III Jornada FECAV\"}}]},{\"@type\":\"Person\",\"@id\":\"https:\/\/www.pacteindustrial.org\/ca\/#\/schema\/person\/f468d9850ca7905907ca1d9a87dd47a4\",\"name\":\"cmartinez@pacteindustrial.org\",\"image\":{\"@type\":\"ImageObject\",\"@id\":\"https:\/\/www.pacteindustrial.org\/ca\/#personlogo\",\"inLanguage\":\"ca\",\"url\":\"https:\/\/secure.gravatar.com\/avatar\/fcee0cfd9e0b9895b8dd291573c84526?s=96&d=mm&r=g\",\"contentUrl\":\"https:\/\/secure.gravatar.com\/avatar\/fcee0cfd9e0b9895b8dd291573c84526?s=96&d=mm&r=g\",\"caption\":\"cmartinez@pacteindustrial.org\"}}]}<\/script>\n<!-- \/ Yoast SEO plugin. -->","_links":{"self":[{"href":"https:\/\/www.pacteindustrial.org\/ca\/wp-json\/wp\/v2\/posts\/19994"}],"collection":[{"href":"https:\/\/www.pacteindustrial.org\/ca\/wp-json\/wp\/v2\/posts"}],"about":[{"href":"https:\/\/www.pacteindustrial.org\/ca\/wp-json\/wp\/v2\/types\/post"}],"author":[{"embeddable":true,"href":"https:\/\/www.pacteindustrial.org\/ca\/wp-json\/wp\/v2\/users\/6"}],"replies":[{"embeddable":true,"href":"https:\/\/www.pacteindustrial.org\/ca\/wp-json\/wp\/v2\/comments?post=19994"}],"version-history":[{"count":7,"href":"https:\/\/www.pacteindustrial.org\/ca\/wp-json\/wp\/v2\/posts\/19994\/revisions"}],"predecessor-version":[{"id":20589,"href":"https:\/\/www.pacteindustrial.org\/ca\/wp-json\/wp\/v2\/posts\/19994\/revisions\/20589"}],"wp:featuredmedia":[{"embeddable":true,"href":"https:\/\/www.pacteindustrial.org\/ca\/wp-json\/wp\/v2\/media\/19997"}],"wp:attachment":[{"href":"https:\/\/www.pacteindustrial.org\/ca\/wp-json\/wp\/v2\/media?parent=19994"}],"wp:term":[{"taxonomy":"category","embeddable":true,"href":"https:\/\/www.pacteindustrial.org\/ca\/wp-json\/wp\/v2\/categories?post=19994"},{"taxonomy":"post_tag","embeddable":true,"href":"https:\/\/www.pacteindustrial.org\/ca\/wp-json\/wp\/v2\/tags?post=19994"},{"taxonomy":"post_scope","embeddable":true,"href":"https:\/\/www.pacteindustrial.org\/ca\/wp-json\/wp\/v2\/post_scope?post=19994"}],"curies":[{"name":"wp","href":"https:\/\/api.w.org\/{rel}","templated":true}]}}