{"id":20912,"date":"2024-03-20T18:01:00","date_gmt":"2024-03-20T16:01:00","guid":{"rendered":"https:\/\/www.pacteindustrial.org\/?p=20912"},"modified":"2024-03-25T10:47:22","modified_gmt":"2024-03-25T08:47:22","slug":"reunio-de-la-comissio-de-formacio-sobre-el-talent-professional-en-la-industria","status":"publish","type":"post","link":"https:\/\/www.pacteindustrial.org\/ca\/blog\/reunio-de-la-comissio-de-formacio-sobre-el-talent-professional-en-la-industria\/","title":{"rendered":"Reuni\u00f3 de la Comissi\u00f3 de Formaci\u00f3 sobre el talent professional en la ind\u00fastria"},"content":{"rendered":"\n<p>El Pacte Industrial de la Regi\u00f3 Metropolitana de Barcelona ha celebrat el passat 20 de mar\u00e7 en format <em>online<\/em> una reuni\u00f3 de la seva Comissi\u00f3 de Formaci\u00f3 en qu\u00e8 s\u2019ha abordat com <strong>impulsar el talent professional en la ind\u00fastria, concretament en el sector metall<\/strong>. La sessi\u00f3 ha estat organitzada amb el suport del <a href=\"https:\/\/www.ceam-metal.es\/\" target=\"_blank\" rel=\"noreferrer noopener\"><strong>Centre d\u2019Estudis i Assessorament Metal\u00b7l\u00fargic (CEAM)<\/strong><\/a>.<\/p>\n\n\n\n<p><strong>Natalia Ortega<\/strong>, secret\u00e0ria general del CEAM, ha presentat l\u2019estudi <em><a href=\"https:\/\/comunicacion.ceam-metal.es\/la-falta-de-perfiles-tecnicos-en-el-sector-metal-catalan-analisis-de-las-causas-y-propuesta-de\" target=\"_blank\" rel=\"noreferrer noopener\">La manca de perfils t\u00e8cnics en el sector metall catal\u00e0. An\u00e0lisi d\u2019una problem\u00e0tica amb llarga traject\u00f2ria en un entorn canviant<\/a><\/em>, elaborat per l\u2019entitat.<\/p>\n\n\n\n<p>La <strong>dificultat de les empreses del metall per incorporar el talent professional<\/strong> que necessiten es registra des de fa d\u00e8cades, per\u00f2 la seva incid\u00e8ncia s\u2019ha intensificat en els darrers anys. Aquestes limitacions es manifesten quan les empreses es plantegen <strong>augmentar la seva capacitat productiva<\/strong>, posar en marxa <strong>nous projectes industrials<\/strong> o requereixen <strong>substituir professionals<\/strong> propers a l\u2019edat de jubilaci\u00f3.<\/p>\n\n\n\n<figure class=\"wp-block-pullquote is-style-default\"><blockquote><p>&#8220;Les conseq\u00fc\u00e8ncies de no disposar d\u2019un sistema de generaci\u00f3 de talent t\u00e8cnic efica\u00e7 i eficient poden ser molt negatives per al desenvolupament futur del sector metall i per assegurar que Catalunya incrementi el seu rol com a pot\u00e8ncia industrial.&#8221;<\/p><cite>Natalia Ortega, secret\u00e0ria general del CEAM<\/cite><\/blockquote><\/figure>\n\n\n\n<p>L\u2019estudi assenyala que els problemes de captaci\u00f3 de talent professional en el metall catal\u00e0 s\u2019atribueixen, habitualment, a <strong>defici\u00e8ncies de l\u2019oferta formativa<\/strong> i a l\u2019<strong>escassa vocaci\u00f3 industrial<\/strong> dels joves; tanmateix, es posa en relleu el fet que hi ha <strong>molts elements a considerar<\/strong>. Alguns estan lligats al funcionament del sistema de generaci\u00f3 del talent i al sector, i d\u2019altres s\u00f3n aspectes de l\u2019entorn. <strong>Ortega<\/strong> ha detallat que l\u2019informe proposa <strong>dissenyar una estrat\u00e8gia encaminada a reduir les dificultats de captaci\u00f3 de talent t\u00e8cnic d\u2019especialistes basada en 17 q\u00fcestions<\/strong>.<\/p>\n\n\n\n<p><strong>Ortega<\/strong> ha emfatitzat que \u201cla generaci\u00f3 de talent t\u00e8cnic ha de ser un <strong>element clau en la pol\u00edtica industrial<\/strong>\u201d; i que \u201cles administracions i altres agents que intervenen en la creaci\u00f3 d\u2019aquest talent han d\u2019entendre que ens trobem en un <strong>moment cr\u00edtic<\/strong>\u201d. \u201cLes conseq\u00fc\u00e8ncies de no disposar d\u2019un sistema de generaci\u00f3 de talent t\u00e8cnic efica\u00e7 i eficient \u2013ha insistit Ortega\u2013 poden ser molt negatives per al <strong>desenvolupament futur del sector metall<\/strong> i per assegurar que <strong>Catalunya incrementi el seu rol com a pot\u00e8ncia industrial<\/strong>\u201d.<\/p>\n\n\n\n<h2>La formaci\u00f3, una prioritat pel Pacte Industrial<\/h2>\n\n\n\n<p><strong>M. Rosa Fiol<\/strong>, presidenta de la Comissi\u00f3 de Formaci\u00f3 del Pacte Industrial i representant de Foment del Treball, tamb\u00e9 s\u2019ha referit a la import\u00e0ncia del sector metall, que \u00e9s <strong>prove\u00efdor de molts altres sectors industrials<\/strong> i que compta amb <strong>250.000 treballadors<\/strong> a la prov\u00edncia de Barcelona. Fiol ha destacat que, davant les jubilacions que es produiran en els propers anys, cal <strong>afrontar el relleu<\/strong>, i precisament \u201cun dels problemes de la ind\u00fastria de la regi\u00f3 \u00e9s la <strong>manca de personal format per a les seves necessitats<\/strong>\u201d.<\/p>\n\n\n\n<p>Per la seva part, <strong>Carles Rivera<\/strong>, coordinador gerent del Pacte Industrial, ha recordat que la <strong>formaci\u00f3<\/strong> &#8211;juntament amb el talent&#8211; \u00e9s una de les preocupacions principals de l\u2019associaci\u00f3, \u201cja que \u00e9s un dels factors que ens ajuda a tenir <strong>territoris m\u00e9s competitius<\/strong>\u201d. Tamb\u00e9 ha destacat la necessitat de <strong>potenciar les vocacions industrials<\/strong>, i que caldria fer-ho des de l\u2019ESO.<\/p>\n\n\n\n<p><\/p>\n\n\n\n<p class=\"has-luminous-vivid-orange-color has-text-color\"><strong>V\u00cdDEO DE LA SESSI\u00d3<\/strong><\/p>\n\n\n\n<figure class=\"wp-block-embed is-type-video is-provider-youtube wp-block-embed-youtube wp-embed-aspect-16-9 wp-has-aspect-ratio\"><div class=\"wp-block-embed__wrapper\">\n<iframe loading=\"lazy\" title=\"Impulsar el talent en la ind\u00fastria: la manca de perfils t\u00e8cnics en el sector metall\" width=\"640\" height=\"360\" src=\"https:\/\/www.youtube.com\/embed\/LGJdQKw4B38?feature=oembed\" frameborder=\"0\" allow=\"accelerometer; autoplay; clipboard-write; encrypted-media; gyroscope; picture-in-picture; web-share\" allowfullscreen><\/iframe>\n<\/div><\/figure>\n","protected":false},"excerpt":{"rendered":"<p>El Pacte Industrial de la Regi\u00f3 Metropolitana de Barcelona ha celebrat el passat 20 de mar\u00e7 en format online una reuni\u00f3 de la seva Comissi\u00f3 de Formaci\u00f3 en qu\u00e8 s\u2019ha abordat com impulsar el talent professional en la ind\u00fastria, concretament en el sector metall. La sessi\u00f3 ha estat organitzada amb el suport del Centre d\u2019Estudis [&#8230;]<\/p>\n","protected":false},"author":6,"featured_media":20913,"comment_status":"open","ping_status":"open","sticky":false,"template":"","format":"standard","meta":[],"categories":[329],"tags":[71,386,387],"post_scope":[26,30,25],"yoast_head":"<!-- This site is optimized with the Yoast SEO plugin v16.1.1 - https:\/\/yoast.com\/wordpress\/plugins\/seo\/ -->\n<title>Reuni\u00f3 de la Comissi\u00f3 de Formaci\u00f3 sobre el talent professional en la ind\u00fastria - Pacte Industrial RMB<\/title>\n<link rel=\"canonical\" href=\"https:\/\/www.pacteindustrial.org\/ca\/blog\/reunio-de-la-comissio-de-formacio-sobre-el-talent-professional-en-la-industria\/\" \/>\n<meta property=\"og:locale\" content=\"ca_ES\" \/>\n<meta property=\"og:type\" content=\"article\" \/>\n<meta property=\"og:title\" content=\"Reuni\u00f3 de la Comissi\u00f3 de Formaci\u00f3 sobre el talent professional en la ind\u00fastria - Pacte Industrial RMB\" \/>\n<meta property=\"og:description\" content=\"El Pacte Industrial de la Regi\u00f3 Metropolitana de Barcelona ha celebrat el passat 20 de mar\u00e7 en format online una reuni\u00f3 de la seva Comissi\u00f3 de Formaci\u00f3 en qu\u00e8 s\u2019ha abordat com impulsar el talent professional en la ind\u00fastria, concretament en el sector metall. La sessi\u00f3 ha estat organitzada amb el suport del Centre d\u2019Estudis [...]\" \/>\n<meta property=\"og:url\" content=\"https:\/\/www.pacteindustrial.org\/ca\/blog\/reunio-de-la-comissio-de-formacio-sobre-el-talent-professional-en-la-industria\/\" \/>\n<meta property=\"og:site_name\" content=\"Pacte Industrial RMB\" \/>\n<meta property=\"article:published_time\" content=\"2024-03-20T16:01:00+00:00\" \/>\n<meta property=\"article:modified_time\" content=\"2024-03-25T08:47:22+00:00\" \/>\n<meta property=\"og:image\" content=\"https:\/\/www.pacteindustrial.org\/wp-content\/uploads\/2024\/03\/2024.03.20_Foto-scaled.jpg\" \/>\n\t<meta property=\"og:image:width\" content=\"2560\" \/>\n\t<meta property=\"og:image:height\" content=\"1444\" \/>\n<meta name=\"twitter:card\" content=\"summary_large_image\" \/>\n<meta name=\"twitter:label1\" content=\"Temps estimat de lectura\">\n\t<meta name=\"twitter:data1\" content=\"3 minuts\">\n<script type=\"application\/ld+json\" class=\"yoast-schema-graph\">{\"@context\":\"https:\/\/schema.org\",\"@graph\":[{\"@type\":\"WebSite\",\"@id\":\"https:\/\/www.pacteindustrial.org\/ca\/#website\",\"url\":\"https:\/\/www.pacteindustrial.org\/ca\/\",\"name\":\"Pacte Industrial RMB\",\"description\":\"\",\"potentialAction\":[{\"@type\":\"SearchAction\",\"target\":\"https:\/\/www.pacteindustrial.org\/ca\/?s={search_term_string}\",\"query-input\":\"required name=search_term_string\"}],\"inLanguage\":\"ca\"},{\"@type\":\"ImageObject\",\"@id\":\"https:\/\/www.pacteindustrial.org\/ca\/blog\/reunio-de-la-comissio-de-formacio-sobre-el-talent-professional-en-la-industria\/#primaryimage\",\"inLanguage\":\"ca\",\"url\":\"https:\/\/www.pacteindustrial.org\/wp-content\/uploads\/2024\/03\/2024.03.20_Foto-scaled.jpg\",\"contentUrl\":\"https:\/\/www.pacteindustrial.org\/wp-content\/uploads\/2024\/03\/2024.03.20_Foto-scaled.jpg\",\"width\":2560,\"height\":1444},{\"@type\":\"WebPage\",\"@id\":\"https:\/\/www.pacteindustrial.org\/ca\/blog\/reunio-de-la-comissio-de-formacio-sobre-el-talent-professional-en-la-industria\/#webpage\",\"url\":\"https:\/\/www.pacteindustrial.org\/ca\/blog\/reunio-de-la-comissio-de-formacio-sobre-el-talent-professional-en-la-industria\/\",\"name\":\"Reuni\\u00f3 de la Comissi\\u00f3 de Formaci\\u00f3 sobre el talent professional en la ind\\u00fastria - Pacte Industrial RMB\",\"isPartOf\":{\"@id\":\"https:\/\/www.pacteindustrial.org\/ca\/#website\"},\"primaryImageOfPage\":{\"@id\":\"https:\/\/www.pacteindustrial.org\/ca\/blog\/reunio-de-la-comissio-de-formacio-sobre-el-talent-professional-en-la-industria\/#primaryimage\"},\"datePublished\":\"2024-03-20T16:01:00+00:00\",\"dateModified\":\"2024-03-25T08:47:22+00:00\",\"author\":{\"@id\":\"https:\/\/www.pacteindustrial.org\/ca\/#\/schema\/person\/f468d9850ca7905907ca1d9a87dd47a4\"},\"breadcrumb\":{\"@id\":\"https:\/\/www.pacteindustrial.org\/ca\/blog\/reunio-de-la-comissio-de-formacio-sobre-el-talent-professional-en-la-industria\/#breadcrumb\"},\"inLanguage\":\"ca\",\"potentialAction\":[{\"@type\":\"ReadAction\",\"target\":[\"https:\/\/www.pacteindustrial.org\/ca\/blog\/reunio-de-la-comissio-de-formacio-sobre-el-talent-professional-en-la-industria\/\"]}]},{\"@type\":\"BreadcrumbList\",\"@id\":\"https:\/\/www.pacteindustrial.org\/ca\/blog\/reunio-de-la-comissio-de-formacio-sobre-el-talent-professional-en-la-industria\/#breadcrumb\",\"itemListElement\":[{\"@type\":\"ListItem\",\"position\":1,\"item\":{\"@type\":\"WebPage\",\"@id\":\"https:\/\/www.pacteindustrial.org\/ca\/\",\"url\":\"https:\/\/www.pacteindustrial.org\/ca\/\",\"name\":\"Home\"}},{\"@type\":\"ListItem\",\"position\":2,\"item\":{\"@type\":\"WebPage\",\"@id\":\"https:\/\/www.pacteindustrial.org\/ca\/blog\/reunio-de-la-comissio-de-formacio-sobre-el-talent-professional-en-la-industria\/\",\"url\":\"https:\/\/www.pacteindustrial.org\/ca\/blog\/reunio-de-la-comissio-de-formacio-sobre-el-talent-professional-en-la-industria\/\",\"name\":\"Reuni\\u00f3 de la Comissi\\u00f3 de Formaci\\u00f3 sobre el talent professional en la ind\\u00fastria\"}}]},{\"@type\":\"Person\",\"@id\":\"https:\/\/www.pacteindustrial.org\/ca\/#\/schema\/person\/f468d9850ca7905907ca1d9a87dd47a4\",\"name\":\"cmartinez@pacteindustrial.org\",\"image\":{\"@type\":\"ImageObject\",\"@id\":\"https:\/\/www.pacteindustrial.org\/ca\/#personlogo\",\"inLanguage\":\"ca\",\"url\":\"https:\/\/secure.gravatar.com\/avatar\/fcee0cfd9e0b9895b8dd291573c84526?s=96&d=mm&r=g\",\"contentUrl\":\"https:\/\/secure.gravatar.com\/avatar\/fcee0cfd9e0b9895b8dd291573c84526?s=96&d=mm&r=g\",\"caption\":\"cmartinez@pacteindustrial.org\"}}]}<\/script>\n<!-- \/ Yoast SEO plugin. -->","_links":{"self":[{"href":"https:\/\/www.pacteindustrial.org\/ca\/wp-json\/wp\/v2\/posts\/20912"}],"collection":[{"href":"https:\/\/www.pacteindustrial.org\/ca\/wp-json\/wp\/v2\/posts"}],"about":[{"href":"https:\/\/www.pacteindustrial.org\/ca\/wp-json\/wp\/v2\/types\/post"}],"author":[{"embeddable":true,"href":"https:\/\/www.pacteindustrial.org\/ca\/wp-json\/wp\/v2\/users\/6"}],"replies":[{"embeddable":true,"href":"https:\/\/www.pacteindustrial.org\/ca\/wp-json\/wp\/v2\/comments?post=20912"}],"version-history":[{"count":19,"href":"https:\/\/www.pacteindustrial.org\/ca\/wp-json\/wp\/v2\/posts\/20912\/revisions"}],"predecessor-version":[{"id":20979,"href":"https:\/\/www.pacteindustrial.org\/ca\/wp-json\/wp\/v2\/posts\/20912\/revisions\/20979"}],"wp:featuredmedia":[{"embeddable":true,"href":"https:\/\/www.pacteindustrial.org\/ca\/wp-json\/wp\/v2\/media\/20913"}],"wp:attachment":[{"href":"https:\/\/www.pacteindustrial.org\/ca\/wp-json\/wp\/v2\/media?parent=20912"}],"wp:term":[{"taxonomy":"category","embeddable":true,"href":"https:\/\/www.pacteindustrial.org\/ca\/wp-json\/wp\/v2\/categories?post=20912"},{"taxonomy":"post_tag","embeddable":true,"href":"https:\/\/www.pacteindustrial.org\/ca\/wp-json\/wp\/v2\/tags?post=20912"},{"taxonomy":"post_scope","embeddable":true,"href":"https:\/\/www.pacteindustrial.org\/ca\/wp-json\/wp\/v2\/post_scope?post=20912"}],"curies":[{"name":"wp","href":"https:\/\/api.w.org\/{rel}","templated":true}]}}