{"id":22178,"date":"2024-07-02T20:06:00","date_gmt":"2024-07-02T18:06:00","guid":{"rendered":"https:\/\/www.pacteindustrial.org\/?p=22178"},"modified":"2026-02-11T14:14:19","modified_gmt":"2026-02-11T12:14:19","slug":"carles-ruiz-nou-president-del-comite-executiu-del-pacte-industrial","status":"publish","type":"post","link":"https:\/\/www.pacteindustrial.org\/ca\/blog\/carles-ruiz-nou-president-del-comite-executiu-del-pacte-industrial\/","title":{"rendered":"Carles Ruiz, nou president del Comit\u00e8 Executiu del Pacte Industrial"},"content":{"rendered":"\n<p>El <strong>Pacte Industrial de la Regi\u00f3 Metropolitana de Barcelona<\/strong> ha celebrat el <strong>XXVIII Consell General<\/strong> de l\u2019Associaci\u00f3 en el marc del qual ha tingut lloc el <strong>col\u00b7loqui \u201cL\u2019economia blava: oportunitats per a la ind\u00fastria metropolitana\u201d<\/strong>. La reuni\u00f3 ha tingut lloc el passat 2 de juliol a l\u2019edifici Ne\u00e0polis de Vilanova i la Geltr\u00fa.<\/p>\n\n\n\n<p>El col\u00b7loqui ha comptat amb la participaci\u00f3 d\u2019<strong>Anna Maj\u00f3<\/strong>, directora de Sectors estrat\u00e8gics i Innovaci\u00f3 de Barcelona Activa; <strong>Emma Cobos<\/strong>, directora d\u2019Innovaci\u00f3 i Estrat\u00e8gia de Negoci del Port de Barcelona; <strong>Samuel G\u00f3mez<\/strong>, conseller delegat de Sym Naval, i la moderaci\u00f3 de <strong>Cristina Buesa<\/strong>, periodista de El Peri\u00f3dico.<\/p>\n\n\n\n<p><\/p>\n\n\n\n<div class=\"wp-block-buttons\">\n<div class=\"wp-block-button\"><a class=\"wp-block-button__link\" href=\"https:\/\/www.pacteindustrial.org\/ca\/blog\/el-pacte-industrial-reivindica-leconomia-blava-com-a-oportunitat-per-a-la-industria-metropolitana\/\">+info sobre el col\u00b7loqui<\/a><\/div>\n<\/div>\n\n\n\n<p><\/p>\n\n\n\n<p>L\u2019acte ha estat presidit per <strong>Jordi Valls<\/strong>, president del Consell General del Pacte Industrial i quart tinent d\u2019alcaldia d\u2019Economia, Hisenda, Promoci\u00f3 Econ\u00f2mica i Turisme de l\u2019Ajuntament de Barcelona. <strong>Valls <\/strong>ha assenyalat que en un context mundialment competitiu, \u00e9s m\u00e9s important que mai que les <strong>diferents administracions i entitats, p\u00fabliques i privades, estableixin estrat\u00e8gies de col\u00b7laboraci\u00f3<\/strong>. En aquest sentit, organitzacions com el Pacte Industrial s\u00f3n un espai de treball idoni per <strong>contribuir en l\u2019impuls d\u2019un model econ\u00f2mic m\u00e9s sostenible, comprom\u00e8s amb el medi ambient, la creaci\u00f3 d\u2019ocupaci\u00f3 de qualitat i la cohesi\u00f3 social<\/strong>.<\/p>\n\n\n\n<figure class=\"wp-block-pullquote\"><blockquote><p>En un context mundialment competitiu, \u00e9s m\u00e9s important que mai que les diferents administracions i entitats, p\u00fabliques i privades, estableixin estrat\u00e8gies de col\u00b7laboraci\u00f3, i el Pacte Industrial \u00e9s un espai de treball idoni per fer-ho.<\/p><cite>JORDI VALLS, PRESIDENT DEL CONSELL GENERAL<\/cite><\/blockquote><\/figure>\n\n\n\n<p>La benvinguda ha anat a c\u00e0rrec de <strong>Juan Luis Ruiz<\/strong>, alcalde de Vilanova i la Geltr\u00fa. <strong>Ruiz <\/strong>ha destacat que el <strong>treball conjunt entre administracions, patronals i sindicats d\u2019abast regional ha de permetre \u201cdetectar els d\u00e8ficits de competitivitat per a les empreses i ciutats, i treballar per convertir-los en oportunitats per a la ind\u00fastria\u201d<\/strong>. En aquest sentit, ha dit, Vilanova i la Geltr\u00fa necessita <strong>augmentar el s\u00f2l industrial<\/strong> davant la demanda existent: \u201cestem en disposici\u00f3 d\u2019oferir a curt termini 60.000 m<sup>2<\/sup> de s\u00f2l per a activitat econ\u00f2mica, per\u00f2 necessitem la complicitat de la Generalitat de Catalunya\u201d. Aix\u00ed mateix, l\u2019alcalde ha apuntat a l\u2019<strong>economia blava i altres economies emergents<\/strong>, com la vinculada a les tecnologies disruptives i la innovaci\u00f3, com a <strong>estrat\u00e8giques \u201cper reformular el model productiu i esdevenir factors d\u2019alta competitivitat\u201d<\/strong>.<\/p>\n\n\n\n<h2>Actualitat del Pacte Industrial<\/h2>\n\n\n\n<p>La reuni\u00f3 anual del Pacte Industrial ha comptat amb la participaci\u00f3 dels representants dels ajuntaments i de les entitats que integren l\u2019associaci\u00f3, i enguany s\u2019ha celebrat per primera vegada a <strong>Vilanova i la Geltr\u00fa<\/strong>.<\/p>\n\n\n\n<p><strong>Carles Ruiz<\/strong>, alcalde de Viladecans, ha estat nomenat <strong>president del Comit\u00e8 Executiu<\/strong> del Pacte Industrial en substituci\u00f3 de <strong>N\u00faria Mar\u00edn<\/strong>, que va anunciar que deixava el c\u00e0rrec amb motiu del seu relleu al capdavant de l\u2019alcaldia de l\u2019Hospitalet de Llobregat. En la seva intervenci\u00f3, el nou president del Comit\u00e8 Executiu ha agra\u00eft a <strong>Mar\u00edn <\/strong>la seva tasca i ha manifestat la voluntat de <strong>continuar treballant en la l\u00ednia dels m\u00e9s de 25 anys d\u2019hist\u00f2ria<\/strong> del Pacte Industrial, fomentant el di\u00e0leg i compartint propostes innovadores. Tamb\u00e9 ha destacat que alguns dels principals elements que han de servir per <strong>impulsar la ind\u00fastria<\/strong> s\u00f3n la <strong>formaci\u00f3, la gesti\u00f3 del talent, l\u2019autonomia estrat\u00e8gica i un planejament i desenvolupament urb\u00e0 compatible amb la nova ind\u00fastria<\/strong>.<\/p>\n\n\n\n<figure class=\"wp-block-pullquote\"><blockquote><p>Alguns dels principals elements que han de servir per impulsar la ind\u00fastria s\u00f3n la formaci\u00f3, la gesti\u00f3 del talent, l\u2019autonomia estrat\u00e8gica i un planejament i desenvolupament urb\u00e0 compatible amb la nova ind\u00fastria.<\/p><cite>CARLES RUIZ, PRESIDENT DEL COMIT\u00c8 EXECUTIU<\/cite><\/blockquote><\/figure>\n\n\n\n<p>El Consell General tamb\u00e9 ha aprovat el nomenament de les vicepresid\u00e8ncies. Atenent a la rotaci\u00f3 anual que contemplen els Estatuts de l\u2019associaci\u00f3, <strong>Sergi Fuster<\/strong>, de PIMEC, ha pres el relleu de <strong>M. Rosa Fiol<\/strong>, d\u2019AEBALL i representant de Foment del Treball, com a vicepresident en representaci\u00f3 de les organitzacions empresarials; i <strong>Omar Minguill\u00f3n<\/strong>, de la UGT de Catalunya, ha pres el relleu de <strong>Liliana Reyes<\/strong>, de CCOO de Catalunya, com a vicepresident en representaci\u00f3 de les organitzacions sindicals.<\/p>\n\n\n\n<p>Per la seva part, el coordinador gerent del Pacte Industrial, <strong>Carles Rivera<\/strong>, ha presentat la <a href=\"https:\/\/www.pacteindustrial.org\/wp-content\/uploads\/2024\/07\/Memoria-activitats-2023.pdf\" target=\"_blank\" rel=\"noreferrer noopener\">Mem\u00f2ria d\u2019activitats 2023<\/a> de l\u2019entitat i ha apuntat algunes de les que seran les l\u00ednies de treball durant els propers mesos. <strong>Rivera <\/strong>ha ressaltat el cas de l\u2019<strong>economia blava<\/strong>, com una <strong>oportunitat d\u2019aprenentatge a partir de les experi\u00e8ncies de col\u00b7laboraci\u00f3 entre actors diversos<\/strong>, que esdevenen factors de desenvolupament sostenible al llarg de tota la geografia metropolitana.<\/p>\n\n\n\n<p><\/p>\n\n\n\n<h4><strong>V\u00cdDEO<\/strong>:<\/h4>\n\n\n\n<figure class=\"wp-block-embed is-type-video is-provider-youtube wp-block-embed-youtube wp-embed-aspect-16-9 wp-has-aspect-ratio\"><div class=\"wp-block-embed__wrapper\">\n<iframe loading=\"lazy\" title=\"XXVIII Consell General del Pacte Industrial i col\u00b7loqui sobre economia blava\" width=\"640\" height=\"360\" src=\"https:\/\/www.youtube.com\/embed\/IrMELTR8xm0?feature=oembed\" frameborder=\"0\" allow=\"accelerometer; autoplay; clipboard-write; encrypted-media; gyroscope; picture-in-picture; web-share\" referrerpolicy=\"strict-origin-when-cross-origin\" allowfullscreen><\/iframe>\n<\/div><\/figure>\n","protected":false},"excerpt":{"rendered":"<p>El Pacte Industrial de la Regi\u00f3 Metropolitana de Barcelona ha celebrat el XXVIII Consell General de l\u2019Associaci\u00f3 en el marc del qual ha tingut lloc el col\u00b7loqui \u201cL\u2019economia blava: oportunitats per a la ind\u00fastria metropolitana\u201d. La reuni\u00f3 ha tingut lloc el passat 2 de juliol a l\u2019edifici Ne\u00e0polis de Vilanova i la Geltr\u00fa. El col\u00b7loqui [&#8230;]<\/p>\n","protected":false},"author":6,"featured_media":22180,"comment_status":"closed","ping_status":"open","sticky":false,"template":"","format":"standard","meta":[],"categories":[333],"tags":[37],"post_scope":[],"yoast_head":"<!-- This site is optimized with the Yoast SEO plugin v16.1.1 - https:\/\/yoast.com\/wordpress\/plugins\/seo\/ -->\n<title>Carles Ruiz, nou president del Comit\u00e8 Executiu del Pacte Industrial - Pacte Industrial RMB<\/title>\n<link rel=\"canonical\" href=\"https:\/\/www.pacteindustrial.org\/ca\/blog\/carles-ruiz-nou-president-del-comite-executiu-del-pacte-industrial\/\" \/>\n<meta property=\"og:locale\" content=\"ca_ES\" \/>\n<meta property=\"og:type\" content=\"article\" \/>\n<meta property=\"og:title\" content=\"Carles Ruiz, nou president del Comit\u00e8 Executiu del Pacte Industrial - Pacte Industrial RMB\" \/>\n<meta property=\"og:description\" content=\"El Pacte Industrial de la Regi\u00f3 Metropolitana de Barcelona ha celebrat el XXVIII Consell General de l\u2019Associaci\u00f3 en el marc del qual ha tingut lloc el col\u00b7loqui \u201cL\u2019economia blava: oportunitats per a la ind\u00fastria metropolitana\u201d. La reuni\u00f3 ha tingut lloc el passat 2 de juliol a l\u2019edifici Ne\u00e0polis de Vilanova i la Geltr\u00fa. El col\u00b7loqui [...]\" \/>\n<meta property=\"og:url\" content=\"https:\/\/www.pacteindustrial.org\/ca\/blog\/carles-ruiz-nou-president-del-comite-executiu-del-pacte-industrial\/\" \/>\n<meta property=\"og:site_name\" content=\"Pacte Industrial RMB\" \/>\n<meta property=\"article:published_time\" content=\"2024-07-02T18:06:00+00:00\" \/>\n<meta property=\"article:modified_time\" content=\"2026-02-11T12:14:19+00:00\" \/>\n<meta property=\"og:image\" content=\"https:\/\/www.pacteindustrial.org\/wp-content\/uploads\/2024\/07\/2024.07.02_Foto-1.jpg\" \/>\n\t<meta property=\"og:image:width\" content=\"1024\" \/>\n\t<meta property=\"og:image:height\" content=\"662\" \/>\n<meta name=\"twitter:card\" content=\"summary_large_image\" \/>\n<meta name=\"twitter:label1\" content=\"Temps estimat de lectura\">\n\t<meta name=\"twitter:data1\" content=\"4 minuts\">\n<script type=\"application\/ld+json\" class=\"yoast-schema-graph\">{\"@context\":\"https:\/\/schema.org\",\"@graph\":[{\"@type\":\"WebSite\",\"@id\":\"https:\/\/www.pacteindustrial.org\/ca\/#website\",\"url\":\"https:\/\/www.pacteindustrial.org\/ca\/\",\"name\":\"Pacte Industrial RMB\",\"description\":\"\",\"potentialAction\":[{\"@type\":\"SearchAction\",\"target\":\"https:\/\/www.pacteindustrial.org\/ca\/?s={search_term_string}\",\"query-input\":\"required name=search_term_string\"}],\"inLanguage\":\"ca\"},{\"@type\":\"ImageObject\",\"@id\":\"https:\/\/www.pacteindustrial.org\/ca\/blog\/carles-ruiz-nou-president-del-comite-executiu-del-pacte-industrial\/#primaryimage\",\"inLanguage\":\"ca\",\"url\":\"https:\/\/www.pacteindustrial.org\/wp-content\/uploads\/2024\/07\/2024.07.02_Foto-1.jpg\",\"contentUrl\":\"https:\/\/www.pacteindustrial.org\/wp-content\/uploads\/2024\/07\/2024.07.02_Foto-1.jpg\",\"width\":1024,\"height\":662},{\"@type\":\"WebPage\",\"@id\":\"https:\/\/www.pacteindustrial.org\/ca\/blog\/carles-ruiz-nou-president-del-comite-executiu-del-pacte-industrial\/#webpage\",\"url\":\"https:\/\/www.pacteindustrial.org\/ca\/blog\/carles-ruiz-nou-president-del-comite-executiu-del-pacte-industrial\/\",\"name\":\"Carles Ruiz, nou president del Comit\\u00e8 Executiu del Pacte Industrial - Pacte Industrial RMB\",\"isPartOf\":{\"@id\":\"https:\/\/www.pacteindustrial.org\/ca\/#website\"},\"primaryImageOfPage\":{\"@id\":\"https:\/\/www.pacteindustrial.org\/ca\/blog\/carles-ruiz-nou-president-del-comite-executiu-del-pacte-industrial\/#primaryimage\"},\"datePublished\":\"2024-07-02T18:06:00+00:00\",\"dateModified\":\"2026-02-11T12:14:19+00:00\",\"author\":{\"@id\":\"https:\/\/www.pacteindustrial.org\/ca\/#\/schema\/person\/f468d9850ca7905907ca1d9a87dd47a4\"},\"breadcrumb\":{\"@id\":\"https:\/\/www.pacteindustrial.org\/ca\/blog\/carles-ruiz-nou-president-del-comite-executiu-del-pacte-industrial\/#breadcrumb\"},\"inLanguage\":\"ca\",\"potentialAction\":[{\"@type\":\"ReadAction\",\"target\":[\"https:\/\/www.pacteindustrial.org\/ca\/blog\/carles-ruiz-nou-president-del-comite-executiu-del-pacte-industrial\/\"]}]},{\"@type\":\"BreadcrumbList\",\"@id\":\"https:\/\/www.pacteindustrial.org\/ca\/blog\/carles-ruiz-nou-president-del-comite-executiu-del-pacte-industrial\/#breadcrumb\",\"itemListElement\":[{\"@type\":\"ListItem\",\"position\":1,\"item\":{\"@type\":\"WebPage\",\"@id\":\"https:\/\/www.pacteindustrial.org\/ca\/\",\"url\":\"https:\/\/www.pacteindustrial.org\/ca\/\",\"name\":\"Home\"}},{\"@type\":\"ListItem\",\"position\":2,\"item\":{\"@type\":\"WebPage\",\"@id\":\"https:\/\/www.pacteindustrial.org\/ca\/blog\/carles-ruiz-nou-president-del-comite-executiu-del-pacte-industrial\/\",\"url\":\"https:\/\/www.pacteindustrial.org\/ca\/blog\/carles-ruiz-nou-president-del-comite-executiu-del-pacte-industrial\/\",\"name\":\"Carles Ruiz, nou president del Comit\\u00e8 Executiu del Pacte Industrial\"}}]},{\"@type\":\"Person\",\"@id\":\"https:\/\/www.pacteindustrial.org\/ca\/#\/schema\/person\/f468d9850ca7905907ca1d9a87dd47a4\",\"name\":\"cmartinez@pacteindustrial.org\",\"image\":{\"@type\":\"ImageObject\",\"@id\":\"https:\/\/www.pacteindustrial.org\/ca\/#personlogo\",\"inLanguage\":\"ca\",\"url\":\"https:\/\/secure.gravatar.com\/avatar\/fcee0cfd9e0b9895b8dd291573c84526?s=96&d=mm&r=g\",\"contentUrl\":\"https:\/\/secure.gravatar.com\/avatar\/fcee0cfd9e0b9895b8dd291573c84526?s=96&d=mm&r=g\",\"caption\":\"cmartinez@pacteindustrial.org\"}}]}<\/script>\n<!-- \/ Yoast SEO plugin. -->","_links":{"self":[{"href":"https:\/\/www.pacteindustrial.org\/ca\/wp-json\/wp\/v2\/posts\/22178"}],"collection":[{"href":"https:\/\/www.pacteindustrial.org\/ca\/wp-json\/wp\/v2\/posts"}],"about":[{"href":"https:\/\/www.pacteindustrial.org\/ca\/wp-json\/wp\/v2\/types\/post"}],"author":[{"embeddable":true,"href":"https:\/\/www.pacteindustrial.org\/ca\/wp-json\/wp\/v2\/users\/6"}],"replies":[{"embeddable":true,"href":"https:\/\/www.pacteindustrial.org\/ca\/wp-json\/wp\/v2\/comments?post=22178"}],"version-history":[{"count":19,"href":"https:\/\/www.pacteindustrial.org\/ca\/wp-json\/wp\/v2\/posts\/22178\/revisions"}],"predecessor-version":[{"id":26372,"href":"https:\/\/www.pacteindustrial.org\/ca\/wp-json\/wp\/v2\/posts\/22178\/revisions\/26372"}],"wp:featuredmedia":[{"embeddable":true,"href":"https:\/\/www.pacteindustrial.org\/ca\/wp-json\/wp\/v2\/media\/22180"}],"wp:attachment":[{"href":"https:\/\/www.pacteindustrial.org\/ca\/wp-json\/wp\/v2\/media?parent=22178"}],"wp:term":[{"taxonomy":"category","embeddable":true,"href":"https:\/\/www.pacteindustrial.org\/ca\/wp-json\/wp\/v2\/categories?post=22178"},{"taxonomy":"post_tag","embeddable":true,"href":"https:\/\/www.pacteindustrial.org\/ca\/wp-json\/wp\/v2\/tags?post=22178"},{"taxonomy":"post_scope","embeddable":true,"href":"https:\/\/www.pacteindustrial.org\/ca\/wp-json\/wp\/v2\/post_scope?post=22178"}],"curies":[{"name":"wp","href":"https:\/\/api.w.org\/{rel}","templated":true}]}}