{"id":23781,"date":"2025-04-23T09:02:00","date_gmt":"2025-04-23T07:02:00","guid":{"rendered":"https:\/\/www.pacteindustrial.org\/?p=23781"},"modified":"2025-04-23T13:33:36","modified_gmt":"2025-04-23T11:33:36","slug":"7-recomanacions-de-llibres-per-aquest-sant-jordi-2025","status":"publish","type":"post","link":"https:\/\/www.pacteindustrial.org\/ca\/blog\/7-recomanacions-de-llibres-per-aquest-sant-jordi-2025\/","title":{"rendered":"7 recomanacions de llibres per aquest Sant Jordi 2025"},"content":{"rendered":"\n<p>Un any m\u00e9s volem recomanar-vos algunes lectures sobre ind\u00fastria, sostenibilitat i desenvolupament local coincidint amb la celebraci\u00f3 de la diada de Sant Jordi. No oblideu que a la secci\u00f3 &#8220;Publicacions&#8221; d&#8217;aquest web trobareu les edicions del Pacte Industrial.<\/p>\n\n\n\n<p>Feu clic a cada t\u00edtol per a m\u00e9s informaci\u00f3.<\/p>\n\n\n\n<h2>\ud83c\udf39Bon Sant Jordi i bones lectures!\ud83d\udcd6<\/h2>\n\n\n\n<hr class=\"wp-block-separator\"\/>\n\n\n\n<div class=\"wp-block-media-text alignwide is-stacked-on-mobile is-vertically-aligned-top\" style=\"grid-template-columns:37% auto\"><figure class=\"wp-block-media-text__media\"><img loading=\"lazy\" width=\"640\" height=\"1024\" src=\"https:\/\/www.pacteindustrial.org\/wp-content\/uploads\/2025\/04\/2025.04.23_Sant-Jordi_llibre-1-640x1024.jpg\" alt=\"\" class=\"wp-image-23839 size-full\" srcset=\"https:\/\/www.pacteindustrial.org\/wp-content\/uploads\/2025\/04\/2025.04.23_Sant-Jordi_llibre-1-640x1024.jpg 640w, https:\/\/www.pacteindustrial.org\/wp-content\/uploads\/2025\/04\/2025.04.23_Sant-Jordi_llibre-1-188x300.jpg 188w, https:\/\/www.pacteindustrial.org\/wp-content\/uploads\/2025\/04\/2025.04.23_Sant-Jordi_llibre-1-768x1228.jpg 768w, https:\/\/www.pacteindustrial.org\/wp-content\/uploads\/2025\/04\/2025.04.23_Sant-Jordi_llibre-1-200x320.jpg 200w, https:\/\/www.pacteindustrial.org\/wp-content\/uploads\/2025\/04\/2025.04.23_Sant-Jordi_llibre-1.jpg 938w\" sizes=\"(max-width: 640px) 100vw, 640px\" \/><\/figure><div class=\"wp-block-media-text__content\">\n<h3><strong><a href=\"https:\/\/swiftpress.com\/book\/kaput\/\" target=\"_blank\" rel=\"noreferrer noopener\">Kaput: The end of the german miracle<\/a><\/strong><\/h3>\n\n\n\n<p><strong>Wolfgang M\u00fcnchau<\/strong> (2024)<\/p>\n\n\n\n<p>Fins fa poc, Alemanya semblava ser un paradigma de l\u2019\u00e8xit econ\u00f2mic \u2013amb un model basat en les exportacions\u2013 i pol\u00edtic. Malgrat aix\u00f2, l\u2019actual depend\u00e8ncia del gas rus i els retards de la ind\u00fastria automobil\u00edstica en la transici\u00f3 cap a l\u2019electricitat han desvirtuat aquesta visi\u00f3. Wolfgang M\u00fcnchau argumenta que les debilitats de l\u2019economia alemanya s\u2019han estat gestant durant d\u00e8cades. Les pol\u00edtiques neomercantilistes de l\u2019Estat, impulsades per les connexions estretes entre l\u2019elit industrial i pol\u00edtica del pa\u00eds, han deixat a Alemanya tecnol\u00f2gicament endarrerida, amb una depend\u00e8ncia excessiva de les autorit\u00e0ries R\u00fassia i Xina, i amb pocs senyals d\u2019adaptaci\u00f3 a les realitats digitals del segle XXI. Aquesta \u00e9s una lectura imprescindible per a qualsevol persona interessada en el futur de l\u2019economia m\u00e9s gran d\u2019Europa.<\/p>\n<\/div><\/div>\n\n\n\n<hr class=\"wp-block-separator\"\/>\n\n\n\n<div class=\"wp-block-media-text alignwide is-stacked-on-mobile is-vertically-aligned-top\" style=\"grid-template-columns:37% auto\"><figure class=\"wp-block-media-text__media\"><img loading=\"lazy\" width=\"667\" height=\"1024\" src=\"https:\/\/www.pacteindustrial.org\/wp-content\/uploads\/2025\/04\/2025.04.23_Sant-Jordi_llibre-2-667x1024.jpg\" alt=\"\" class=\"wp-image-23842 size-full\" srcset=\"https:\/\/www.pacteindustrial.org\/wp-content\/uploads\/2025\/04\/2025.04.23_Sant-Jordi_llibre-2-667x1024.jpg 667w, https:\/\/www.pacteindustrial.org\/wp-content\/uploads\/2025\/04\/2025.04.23_Sant-Jordi_llibre-2-195x300.jpg 195w, https:\/\/www.pacteindustrial.org\/wp-content\/uploads\/2025\/04\/2025.04.23_Sant-Jordi_llibre-2-768x1179.jpg 768w, https:\/\/www.pacteindustrial.org\/wp-content\/uploads\/2025\/04\/2025.04.23_Sant-Jordi_llibre-2-200x307.jpg 200w, https:\/\/www.pacteindustrial.org\/wp-content\/uploads\/2025\/04\/2025.04.23_Sant-Jordi_llibre-2.jpg 977w\" sizes=\"(max-width: 667px) 100vw, 667px\" \/><\/figure><div class=\"wp-block-media-text__content\">\n<h3><strong><a href=\"https:\/\/www.penguin.co.uk\/books\/446381\/growth-by-susskind-daniel\/9780141998718\" target=\"_blank\" rel=\"noreferrer noopener\">Growth: A Reckoning<\/a><\/strong><\/h3>\n\n\n\n<p><strong>Daniel Susskind<\/strong> (2024)<\/p>\n\n\n\n<p>Durant els \u00faltims dos segles, el creixement econ\u00f2mic ha tret milers de milions de persones de la pobresa i ha allargat l\u2019esperan\u00e7a de vida. Com a resultat, la cerca desenfrenada del creixement defineix l\u2019economia a tot el m\u00f3n. No obstant aix\u00f2, aquesta prosperitat ha tingut un preu enorme: l&#8217;aprofundiment de les desigualtats, les tecnologies desestabilitzadores, la destrucci\u00f3 del medi ambient i el canvi clim\u00e0tic. Per a molts, en la nostra era de progr\u00e9s econ\u00f2mic an\u00e8mic, la preocupaci\u00f3 resideix en la desacceleraci\u00f3 del creixement. Uns altres afirmen, donats els seus costos, que l&#8217;\u00fanica sortida \u00e9s el decreixement, una contracci\u00f3 deliberada de les nostres economies. L&#8217;autor argumenta que no podem abandonar el creixement, sin\u00f3 que mostra com hem de reorientar-lo, perqu\u00e8 reflecteixi millor el que realment valorem.<\/p>\n<\/div><\/div>\n\n\n\n<hr class=\"wp-block-separator\"\/>\n\n\n\n<div class=\"wp-block-media-text alignwide is-stacked-on-mobile is-vertically-aligned-top\" style=\"grid-template-columns:37% auto\"><figure class=\"wp-block-media-text__media\"><img loading=\"lazy\" width=\"680\" height=\"1024\" src=\"https:\/\/www.pacteindustrial.org\/wp-content\/uploads\/2025\/04\/2025.04.23_Sant-Jordi_llibre-3-680x1024.jpg\" alt=\"\" class=\"wp-image-23845 size-full\" srcset=\"https:\/\/www.pacteindustrial.org\/wp-content\/uploads\/2025\/04\/2025.04.23_Sant-Jordi_llibre-3-680x1024.jpg 680w, https:\/\/www.pacteindustrial.org\/wp-content\/uploads\/2025\/04\/2025.04.23_Sant-Jordi_llibre-3-199x300.jpg 199w, https:\/\/www.pacteindustrial.org\/wp-content\/uploads\/2025\/04\/2025.04.23_Sant-Jordi_llibre-3-200x301.jpg 200w, https:\/\/www.pacteindustrial.org\/wp-content\/uploads\/2025\/04\/2025.04.23_Sant-Jordi_llibre-3.jpg 740w\" sizes=\"(max-width: 680px) 100vw, 680px\" \/><\/figure><div class=\"wp-block-media-text__content\">\n<h3><strong><a href=\"https:\/\/www.planetadelibros.com\/libro-material-world\/401094\" target=\"_blank\" rel=\"noreferrer noopener\">Material world<\/a><\/strong><\/h3>\n\n\n\n<p><strong>Ed Conway<\/strong> (2024)<\/p>\n\n\n\n<p>El nostre dia a dia seria impossible sense els elements que componen el m\u00f3n material: bateries, xips, pantalles\u2026 Per\u00f2 d&#8217;on surten aquests complexos productes que sustenten nostra cotidianeidad? Des de les sufocants profunditats de la mina m\u00e9s profunda d&#8217;Europa, passant per les impecables f\u00e0briques de xips de silici de Taiwan, fins a les piscines verdes on s&#8217;origina el liti, l\u2019autor tra\u00e7a la genealogia dels sis materials que han definit el desenvolupament, les innovacions i els desitjos de l&#8217;\u00e9sser hum\u00e0, descobrint els foscos processos que fan possible el seu \u00fas. En un context de canvi clim\u00e0tic, crisis energ\u00e8tiques i nous conflictes mundials, aquests recursos importen m\u00e9s que mai i la batalla oculta per controlar-los marcar\u00e0 el nostre futur geopol\u00edtic.<\/p>\n<\/div><\/div>\n\n\n\n<hr class=\"wp-block-separator\"\/>\n\n\n\n<div class=\"wp-block-media-text alignwide is-stacked-on-mobile is-vertically-aligned-top\" style=\"grid-template-columns:37% auto\"><figure class=\"wp-block-media-text__media\"><img loading=\"lazy\" width=\"676\" height=\"1024\" src=\"https:\/\/www.pacteindustrial.org\/wp-content\/uploads\/2025\/04\/2025.04.23_Sant-Jordi_llibre-4-676x1024.jpg\" alt=\"\" class=\"wp-image-23848 size-full\" srcset=\"https:\/\/www.pacteindustrial.org\/wp-content\/uploads\/2025\/04\/2025.04.23_Sant-Jordi_llibre-4-676x1024.jpg 676w, https:\/\/www.pacteindustrial.org\/wp-content\/uploads\/2025\/04\/2025.04.23_Sant-Jordi_llibre-4-198x300.jpg 198w, https:\/\/www.pacteindustrial.org\/wp-content\/uploads\/2025\/04\/2025.04.23_Sant-Jordi_llibre-4-768x1163.jpg 768w, https:\/\/www.pacteindustrial.org\/wp-content\/uploads\/2025\/04\/2025.04.23_Sant-Jordi_llibre-4-200x303.jpg 200w, https:\/\/www.pacteindustrial.org\/wp-content\/uploads\/2025\/04\/2025.04.23_Sant-Jordi_llibre-4.jpg 1000w\" sizes=\"(max-width: 676px) 100vw, 676px\" \/><\/figure><div class=\"wp-block-media-text__content\">\n<h3><strong><a href=\"https:\/\/anayamultimedia.es\/libro\/titulos-especiales\/la-era-de-la-inteligencia-artificial-y-nuestro-futuro-humano-henry-a-kissinger-9788441548503\/\" target=\"_blank\" rel=\"noreferrer noopener\">La era de la Inteligencia Artificial y nuestro futuro humano<\/a><\/strong><\/h3>\n\n\n\n<p><strong>Henry A. Kissinger, Eric Schmidt i Daniel Huttenlocher<\/strong> (2023)<\/p>\n\n\n\n<p>Una IA va aprendre a guanyar als escacs realitzant jugades que els grans mestres mai havien concebut. Una altra IA va descobrir un nou antibi\u00f2tic analitzant propietats moleculars que els cient\u00edfics no comprenien. Avions propulsats per IA estan derrotant a experimentats pilots en combats aeris simulats. La IA est\u00e0 irrompent en la recerca, la transmissi\u00f3 en directe o streaming, la medicina, l&#8217;educaci\u00f3 i molts altres camps i, en fer-ho, est\u00e0 transformant la forma en qu\u00e8 els humans experimenten la realitat. El llibre \u00e9s un full de ruta essencial per al nostre present i el nostre futur, una era distinta a totes les anteriors.<\/p>\n<\/div><\/div>\n\n\n\n<hr class=\"wp-block-separator\"\/>\n\n\n\n<div class=\"wp-block-media-text alignwide is-stacked-on-mobile is-vertically-aligned-top\" style=\"grid-template-columns:37% auto\"><figure class=\"wp-block-media-text__media\"><img loading=\"lazy\" width=\"528\" height=\"773\" src=\"https:\/\/www.pacteindustrial.org\/wp-content\/uploads\/2025\/04\/2025.04.23_Sant-Jordi_llibre-5.png\" alt=\"\" class=\"wp-image-23851 size-full\" srcset=\"https:\/\/www.pacteindustrial.org\/wp-content\/uploads\/2025\/04\/2025.04.23_Sant-Jordi_llibre-5.png 528w, https:\/\/www.pacteindustrial.org\/wp-content\/uploads\/2025\/04\/2025.04.23_Sant-Jordi_llibre-5-205x300.png 205w, https:\/\/www.pacteindustrial.org\/wp-content\/uploads\/2025\/04\/2025.04.23_Sant-Jordi_llibre-5-200x293.png 200w\" sizes=\"(max-width: 528px) 100vw, 528px\" \/><\/figure><div class=\"wp-block-media-text__content\">\n<h3><strong><a href=\"https:\/\/www.tibidaboediciones.com\/productdisplay\/el-liderazgo-de-las-hormigas\" target=\"_blank\" rel=\"noreferrer noopener\">El liderazgo de las hormigas. Una revoluci\u00f3n necesaria en la era de la oligarqu-IA<\/a><\/strong><\/h3>\n\n\n\n<p><strong>\u00c1urea Rodr\u00edguez<\/strong> (2025)<\/p>\n\n\n\n<p>En un m\u00f3n on la intel\u00b7lig\u00e8ncia artificial i la concentraci\u00f3 del poder digital estan redefinint les regles del joc, el llibre ofereix una visi\u00f3 cr\u00edtica i reveladora sobre la batalla pel control geoestrat\u00e8gic de la tecnologia. L\u2019autora ens submergeix en una rondalla pol\u00edtica, empresarial i tecnol\u00f2gica que reflecteix els conflictes actuals entre les grans pot\u00e8ncies per la supremacia digital, el domini de les dades i la intel\u00b7lig\u00e8ncia artificial abordats des d&#8217;una perspectiva humanista. Serem formigues atrapades en un sistema controlat per algorismes i abellots oligarques, o aconseguirem construir un model descentralitzat on la innovaci\u00f3 i la cooperaci\u00f3 siguin les claus del lideratge del futur? El llibre convida a repensar el paper de la tecnologia, la sobirania i el lideratge col\u00b7lectiu en una era dominada per la oligarqu-IA.<\/p>\n<\/div><\/div>\n\n\n\n<hr class=\"wp-block-separator\"\/>\n\n\n\n<div class=\"wp-block-media-text alignwide is-stacked-on-mobile is-vertically-aligned-top\" style=\"grid-template-columns:37% auto\"><figure class=\"wp-block-media-text__media\"><img loading=\"lazy\" width=\"681\" height=\"964\" src=\"https:\/\/www.pacteindustrial.org\/wp-content\/uploads\/2025\/04\/2025.04.23_Sant-Jordi_llibre-6.png\" alt=\"\" class=\"wp-image-23854 size-full\" srcset=\"https:\/\/www.pacteindustrial.org\/wp-content\/uploads\/2025\/04\/2025.04.23_Sant-Jordi_llibre-6.png 681w, https:\/\/www.pacteindustrial.org\/wp-content\/uploads\/2025\/04\/2025.04.23_Sant-Jordi_llibre-6-212x300.png 212w, https:\/\/www.pacteindustrial.org\/wp-content\/uploads\/2025\/04\/2025.04.23_Sant-Jordi_llibre-6-200x283.png 200w\" sizes=\"(max-width: 681px) 100vw, 681px\" \/><\/figure><div class=\"wp-block-media-text__content\">\n<h3><strong><a href=\"https:\/\/www.orkestra.deusto.es\/es\/investigacion\/publicaciones\/libros\/colecciones-especiales\/2959-250012-evolution-action-research-territorial-development-nurturing-an-intergenerational-and-multicultural-environment-cast\" target=\"_blank\" rel=\"noreferrer noopener\">The Evolution of Action Research for Territorial Development. Nurturing an intergenerational and multicultural environment<\/a><\/strong><\/h3>\n\n\n\n<p><strong>Patricia Canto-Farachala i Miren Estensoro (ed.)<\/strong> (2025)<\/p>\n\n\n\n<p>Es tracta del tercer volum dedicat a la Recerca Acci\u00f3 per al Desenvolupament Territorial (IADT, per les seves sigles en castell\u00e0), una comunitat acad\u00e8mica que treballa amb aquest enfocament de recerca participativa, democr\u00e0tica i transformadora, i que, com es mostra amb aquesta publicaci\u00f3, ha crescut en diversitat geogr\u00e0fica i generacional. La primera part presenta cap\u00edtols d&#8217;investigadores que ja havien publicat en els llibres anteriors i que ara aporten nous conceptes i marcs que contribueixen a facilitar els processos d\u2019IADT. La segona part reuneix les contribucions d&#8217;una nova generaci\u00f3 d&#8217;investigadors d\u2019Orkestra i Praxis (Argentina) que s&#8217;han unit a la comunitat ARTD m\u00e9s recentment. Un punt clau del llibre \u00e9s l&#8217;an\u00e0lisi de la mateixa comunitat d\u2019IADT, desenvolupada en espais com Zubigintza (laboratori d\u2019investigaci\u00f3-acci\u00f3), on l&#8217;escriptura d&#8217;aquests cap\u00edtols va donar lloc a un proc\u00e9s d&#8217;aprenentatge col\u00b7lectiu entre autores i editores.<\/p>\n<\/div><\/div>\n\n\n\n<hr class=\"wp-block-separator\"\/>\n\n\n\n<div class=\"wp-block-media-text alignwide is-stacked-on-mobile is-vertically-aligned-top\" style=\"grid-template-columns:37% auto\"><figure class=\"wp-block-media-text__media\"><img loading=\"lazy\" width=\"669\" height=\"1024\" src=\"https:\/\/www.pacteindustrial.org\/wp-content\/uploads\/2025\/04\/2025.04.23_Sant-Jordi_llibre-7-669x1024.jpg\" alt=\"\" class=\"wp-image-23857 size-full\" srcset=\"https:\/\/www.pacteindustrial.org\/wp-content\/uploads\/2025\/04\/2025.04.23_Sant-Jordi_llibre-7-669x1024.jpg 669w, https:\/\/www.pacteindustrial.org\/wp-content\/uploads\/2025\/04\/2025.04.23_Sant-Jordi_llibre-7-196x300.jpg 196w, https:\/\/www.pacteindustrial.org\/wp-content\/uploads\/2025\/04\/2025.04.23_Sant-Jordi_llibre-7-768x1175.jpg 768w, https:\/\/www.pacteindustrial.org\/wp-content\/uploads\/2025\/04\/2025.04.23_Sant-Jordi_llibre-7-1004x1536.jpg 1004w, https:\/\/www.pacteindustrial.org\/wp-content\/uploads\/2025\/04\/2025.04.23_Sant-Jordi_llibre-7-1338x2048.jpg 1338w, https:\/\/www.pacteindustrial.org\/wp-content\/uploads\/2025\/04\/2025.04.23_Sant-Jordi_llibre-7-200x306.jpg 200w, https:\/\/www.pacteindustrial.org\/wp-content\/uploads\/2025\/04\/2025.04.23_Sant-Jordi_llibre-7-scaled.jpg 1673w\" sizes=\"(max-width: 669px) 100vw, 669px\" \/><\/figure><div class=\"wp-block-media-text__content\">\n<h3><strong><a href=\"https:\/\/www.tigredepaper.cat\/ca\/cataleg\/hegemonia-o-supervivencia\" target=\"_blank\" rel=\"noreferrer noopener\">Hegemonia o superviv\u00e8ncia. Els Estats Units a la recerca del domini global<\/a><\/strong><\/h3>\n\n\n\n<p><strong>Noam Chomsky<\/strong> (2025)<\/p>\n\n\n\n<p>El llibre mostra com, des de la fi de la Segona Guerra Mundial, els Estats Units han desplegat una gran estrat\u00e8gia imperial amb l\u2019objectiu de dominar el m\u00f3n. L\u2019autor exposa com les ambicions dels pol\u00edtics nord-americans per aconseguir el domini global, des de la unilateralitat fins al desmantellament d\u2019acords internacionals i el terrorisme d\u2019estat, han donat forma a una hegemonia que posa en perill la superviv\u00e8ncia de la resta del planeta. Publicat origin\u00e0riament en plena \u00e8poca de \u00ablluita contra el terrorisme\u00bb dels Estats Units amb les invasions imperialistes a l\u2019Iraq i l\u2019Afganistan, el llibre va convertir-se r\u00e0pidament en una obra de refer\u00e8ncia. Avui \u00e9s oport\u00fa recuperar aquest cl\u00e0ssic que representa una aut\u00e8ntica lli\u00e7\u00f3 de pol\u00edtica internacional.<\/p>\n<\/div><\/div>\n\n\n\n<hr class=\"wp-block-separator\"\/>\n","protected":false},"excerpt":{"rendered":"<p>Un any m\u00e9s volem recomanar-vos algunes lectures sobre ind\u00fastria, sostenibilitat i desenvolupament local coincidint amb la celebraci\u00f3 de la diada de Sant Jordi. No oblideu que a la secci\u00f3 &#8220;Publicacions&#8221; d&#8217;aquest web trobareu les edicions del Pacte Industrial. Feu clic a cada t\u00edtol per a m\u00e9s informaci\u00f3. \ud83c\udf39Bon Sant Jordi i bones lectures!\ud83d\udcd6 Kaput: The [&#8230;]<\/p>\n","protected":false},"author":6,"featured_media":23836,"comment_status":"open","ping_status":"open","sticky":false,"template":"","format":"standard","meta":[],"categories":[334],"tags":[257],"post_scope":[],"yoast_head":"<!-- This site is optimized with the Yoast SEO plugin v16.1.1 - https:\/\/yoast.com\/wordpress\/plugins\/seo\/ -->\n<title>7 recomanacions de llibres per aquest Sant Jordi 2025 - Pacte Industrial RMB<\/title>\n<link rel=\"canonical\" href=\"https:\/\/www.pacteindustrial.org\/ca\/blog\/7-recomanacions-de-llibres-per-aquest-sant-jordi-2025\/\" \/>\n<meta property=\"og:locale\" content=\"ca_ES\" \/>\n<meta property=\"og:type\" content=\"article\" \/>\n<meta property=\"og:title\" content=\"7 recomanacions de llibres per aquest Sant Jordi 2025 - Pacte Industrial RMB\" \/>\n<meta property=\"og:description\" content=\"Un any m\u00e9s volem recomanar-vos algunes lectures sobre ind\u00fastria, sostenibilitat i desenvolupament local coincidint amb la celebraci\u00f3 de la diada de Sant Jordi. No oblideu que a la secci\u00f3 &#8220;Publicacions&#8221; d&#8217;aquest web trobareu les edicions del Pacte Industrial. Feu clic a cada t\u00edtol per a m\u00e9s informaci\u00f3. \ud83c\udf39Bon Sant Jordi i bones lectures!\ud83d\udcd6 Kaput: The [...]\" \/>\n<meta property=\"og:url\" content=\"https:\/\/www.pacteindustrial.org\/ca\/blog\/7-recomanacions-de-llibres-per-aquest-sant-jordi-2025\/\" \/>\n<meta property=\"og:site_name\" content=\"Pacte Industrial RMB\" \/>\n<meta property=\"article:published_time\" content=\"2025-04-23T07:02:00+00:00\" \/>\n<meta property=\"article:modified_time\" content=\"2025-04-23T11:33:36+00:00\" \/>\n<meta property=\"og:image\" content=\"https:\/\/www.pacteindustrial.org\/wp-content\/uploads\/2025\/04\/2025.04.23_Sant-Jordi.png\" \/>\n\t<meta property=\"og:image:width\" content=\"1024\" \/>\n\t<meta property=\"og:image:height\" content=\"709\" \/>\n<meta name=\"twitter:card\" content=\"summary_large_image\" \/>\n<meta name=\"twitter:label1\" content=\"Temps estimat de lectura\">\n\t<meta name=\"twitter:data1\" content=\"6 minuts\">\n<script type=\"application\/ld+json\" class=\"yoast-schema-graph\">{\"@context\":\"https:\/\/schema.org\",\"@graph\":[{\"@type\":\"WebSite\",\"@id\":\"https:\/\/www.pacteindustrial.org\/ca\/#website\",\"url\":\"https:\/\/www.pacteindustrial.org\/ca\/\",\"name\":\"Pacte Industrial RMB\",\"description\":\"\",\"potentialAction\":[{\"@type\":\"SearchAction\",\"target\":\"https:\/\/www.pacteindustrial.org\/ca\/?s={search_term_string}\",\"query-input\":\"required name=search_term_string\"}],\"inLanguage\":\"ca\"},{\"@type\":\"ImageObject\",\"@id\":\"https:\/\/www.pacteindustrial.org\/ca\/blog\/7-recomanacions-de-llibres-per-aquest-sant-jordi-2025\/#primaryimage\",\"inLanguage\":\"ca\",\"url\":\"https:\/\/www.pacteindustrial.org\/wp-content\/uploads\/2025\/04\/2025.04.23_Sant-Jordi.png\",\"contentUrl\":\"https:\/\/www.pacteindustrial.org\/wp-content\/uploads\/2025\/04\/2025.04.23_Sant-Jordi.png\",\"width\":1024,\"height\":709},{\"@type\":\"WebPage\",\"@id\":\"https:\/\/www.pacteindustrial.org\/ca\/blog\/7-recomanacions-de-llibres-per-aquest-sant-jordi-2025\/#webpage\",\"url\":\"https:\/\/www.pacteindustrial.org\/ca\/blog\/7-recomanacions-de-llibres-per-aquest-sant-jordi-2025\/\",\"name\":\"7 recomanacions de llibres per aquest Sant Jordi 2025 - Pacte Industrial RMB\",\"isPartOf\":{\"@id\":\"https:\/\/www.pacteindustrial.org\/ca\/#website\"},\"primaryImageOfPage\":{\"@id\":\"https:\/\/www.pacteindustrial.org\/ca\/blog\/7-recomanacions-de-llibres-per-aquest-sant-jordi-2025\/#primaryimage\"},\"datePublished\":\"2025-04-23T07:02:00+00:00\",\"dateModified\":\"2025-04-23T11:33:36+00:00\",\"author\":{\"@id\":\"https:\/\/www.pacteindustrial.org\/ca\/#\/schema\/person\/f468d9850ca7905907ca1d9a87dd47a4\"},\"breadcrumb\":{\"@id\":\"https:\/\/www.pacteindustrial.org\/ca\/blog\/7-recomanacions-de-llibres-per-aquest-sant-jordi-2025\/#breadcrumb\"},\"inLanguage\":\"ca\",\"potentialAction\":[{\"@type\":\"ReadAction\",\"target\":[\"https:\/\/www.pacteindustrial.org\/ca\/blog\/7-recomanacions-de-llibres-per-aquest-sant-jordi-2025\/\"]}]},{\"@type\":\"BreadcrumbList\",\"@id\":\"https:\/\/www.pacteindustrial.org\/ca\/blog\/7-recomanacions-de-llibres-per-aquest-sant-jordi-2025\/#breadcrumb\",\"itemListElement\":[{\"@type\":\"ListItem\",\"position\":1,\"item\":{\"@type\":\"WebPage\",\"@id\":\"https:\/\/www.pacteindustrial.org\/ca\/\",\"url\":\"https:\/\/www.pacteindustrial.org\/ca\/\",\"name\":\"Home\"}},{\"@type\":\"ListItem\",\"position\":2,\"item\":{\"@type\":\"WebPage\",\"@id\":\"https:\/\/www.pacteindustrial.org\/ca\/blog\/7-recomanacions-de-llibres-per-aquest-sant-jordi-2025\/\",\"url\":\"https:\/\/www.pacteindustrial.org\/ca\/blog\/7-recomanacions-de-llibres-per-aquest-sant-jordi-2025\/\",\"name\":\"7 recomanacions de llibres per aquest Sant Jordi 2025\"}}]},{\"@type\":\"Person\",\"@id\":\"https:\/\/www.pacteindustrial.org\/ca\/#\/schema\/person\/f468d9850ca7905907ca1d9a87dd47a4\",\"name\":\"cmartinez@pacteindustrial.org\",\"image\":{\"@type\":\"ImageObject\",\"@id\":\"https:\/\/www.pacteindustrial.org\/ca\/#personlogo\",\"inLanguage\":\"ca\",\"url\":\"https:\/\/secure.gravatar.com\/avatar\/fcee0cfd9e0b9895b8dd291573c84526?s=96&d=mm&r=g\",\"contentUrl\":\"https:\/\/secure.gravatar.com\/avatar\/fcee0cfd9e0b9895b8dd291573c84526?s=96&d=mm&r=g\",\"caption\":\"cmartinez@pacteindustrial.org\"}}]}<\/script>\n<!-- \/ Yoast SEO plugin. -->","_links":{"self":[{"href":"https:\/\/www.pacteindustrial.org\/ca\/wp-json\/wp\/v2\/posts\/23781"}],"collection":[{"href":"https:\/\/www.pacteindustrial.org\/ca\/wp-json\/wp\/v2\/posts"}],"about":[{"href":"https:\/\/www.pacteindustrial.org\/ca\/wp-json\/wp\/v2\/types\/post"}],"author":[{"embeddable":true,"href":"https:\/\/www.pacteindustrial.org\/ca\/wp-json\/wp\/v2\/users\/6"}],"replies":[{"embeddable":true,"href":"https:\/\/www.pacteindustrial.org\/ca\/wp-json\/wp\/v2\/comments?post=23781"}],"version-history":[{"count":34,"href":"https:\/\/www.pacteindustrial.org\/ca\/wp-json\/wp\/v2\/posts\/23781\/revisions"}],"predecessor-version":[{"id":23943,"href":"https:\/\/www.pacteindustrial.org\/ca\/wp-json\/wp\/v2\/posts\/23781\/revisions\/23943"}],"wp:featuredmedia":[{"embeddable":true,"href":"https:\/\/www.pacteindustrial.org\/ca\/wp-json\/wp\/v2\/media\/23836"}],"wp:attachment":[{"href":"https:\/\/www.pacteindustrial.org\/ca\/wp-json\/wp\/v2\/media?parent=23781"}],"wp:term":[{"taxonomy":"category","embeddable":true,"href":"https:\/\/www.pacteindustrial.org\/ca\/wp-json\/wp\/v2\/categories?post=23781"},{"taxonomy":"post_tag","embeddable":true,"href":"https:\/\/www.pacteindustrial.org\/ca\/wp-json\/wp\/v2\/tags?post=23781"},{"taxonomy":"post_scope","embeddable":true,"href":"https:\/\/www.pacteindustrial.org\/ca\/wp-json\/wp\/v2\/post_scope?post=23781"}],"curies":[{"name":"wp","href":"https:\/\/api.w.org\/{rel}","templated":true}]}}