{"id":25297,"date":"2025-11-25T11:24:24","date_gmt":"2025-11-25T09:24:24","guid":{"rendered":"https:\/\/www.pacteindustrial.org\/?p=25297"},"modified":"2026-02-11T12:51:33","modified_gmt":"2026-02-11T10:51:33","slug":"el-pacte-industrial-i-la-upc-collaboraran-per-impulsar-la-industria-i-la-descarbonitzacio","status":"publish","type":"post","link":"https:\/\/www.pacteindustrial.org\/ca\/blog\/el-pacte-industrial-i-la-upc-collaboraran-per-impulsar-la-industria-i-la-descarbonitzacio\/","title":{"rendered":"El Pacte Industrial i la UPC col\u00b7laboraran per impulsar la ind\u00fastria i la descarbonitzaci\u00f3"},"content":{"rendered":"\n<p>La presidenta del Comit\u00e8 Executiu del <strong>Pacte Industrial de la Regi\u00f3 Metropolitana de Barcelona i alcaldessa de Rub\u00ed, Ana Mar\u00eda Mart\u00ednez<\/strong>, i el rector de la <strong>Universitat Polit\u00e8cnica de Catalunya &#8211; BarcelonaTech (UPC), Francesc Torres<\/strong>, s\u2019han reunit el passat 24 de novembre a Barcelona amb l\u2019objectiu d\u2019establir sinergies entre ambdues entitats. A la reuni\u00f3 tamb\u00e9 han participat <strong>Carles Rivera<\/strong>, coordinador gerent del Pacte Industrial, i <strong>Jordi Berenguer<\/strong>, vicerector de Transfer\u00e8ncia, Innovaci\u00f3 i Emprenedoria de la UPC.<\/p>\n\n\n\n<p>La presidenta del Comit\u00e8 Executiu del Pacte Industrial ha remarcat la bona sintonia entre les dues entitats i ha encoratjat a <strong>continuar refor\u00e7ant els lligams de col\u00b7laboraci\u00f3<\/strong>. De fet, la UPC \u00e9s <strong>membre fundador<\/strong> del Pacte Industrial i ha participat en l\u2019activitat de l\u2019associaci\u00f3 des dels seus inicis l\u2019any 1997. <strong>\u201cLa UPC \u00e9s un actiu fonamental del nostre territori per generar coneixement que impulsi la descarbonitzaci\u00f3 de la ind\u00fastria metropolitana\u201d<\/strong>, ha destacat <strong>Mart\u00ednez<\/strong>.<\/p>\n\n\n\n<p>Per la seva part, el rector de la UPC, <strong>Francesc Torres<\/strong>, ha afirmat que la intensificaci\u00f3 de la col\u00b7laboraci\u00f3 de la UPC amb el Pacte Industrial de la Regi\u00f3 Metropolitana de Barcelona impulsa la transformaci\u00f3 de l\u2019ecosistema industrial a partir de la transfer\u00e8ncia del coneixement que neix a la Universitat: \u201c<strong>la Universitat pot aportar talent a trav\u00e9s de la formaci\u00f3 dels professionals i tecnologia per a reptes industrials ineludibles en el context actual, com ara la introducci\u00f3 de la IA, la descarbonitzaci\u00f3 o la sostenibilitat<\/strong>\u201d.<\/p>\n\n\n\n<p><strong>Mart\u00ednez<\/strong> ha ofert el <strong>Pacte Industrial com a espai per afavorir les sinergies entre els municipis de la regi\u00f3 metropolitana i la UPC<\/strong>, i contribuir a l\u2019<strong>impuls de la ind\u00fastria metropolitana i la seva descarbonitzaci\u00f3<\/strong>. En aquest sentit, es donar\u00e0 a con\u00e8ixer l\u2019<strong>ecosistema d\u2019innovaci\u00f3<\/strong> de la UPC entre els membres de l\u2019associaci\u00f3 per afavorir la<strong> transfer\u00e8ncia de coneixement al teixit productiu local<\/strong>.<\/p>\n\n\n\n<p><strong>Mart\u00ednez<\/strong> i <strong>Torres<\/strong> s\u2019han empla\u00e7at a impulsar l\u2019organitzaci\u00f3 conjunta de <strong>jornades divulgatives i de debat<\/strong> relatives a formaci\u00f3 i talent, ind\u00fastria 4.0 i intel\u00b7lig\u00e8ncia artificial, economia circular i sostenibilitat, transici\u00f3 energ\u00e8tica, emprenedoria, i sectors com la construcci\u00f3 industrialitzada, l\u2019automoci\u00f3 i la mobilitat sostenible. Tamb\u00e9 col\u00b7laboraran en l\u2019elaboraci\u00f3 d\u2019<strong>estudis<\/strong> sobre \u00e0mbits d\u2019inter\u00e8s compartits.<\/p>\n","protected":false},"excerpt":{"rendered":"<p>La presidenta del Comit\u00e8 Executiu del Pacte Industrial de la Regi\u00f3 Metropolitana de Barcelona i alcaldessa de Rub\u00ed, Ana Mar\u00eda Mart\u00ednez, i el rector de la Universitat Polit\u00e8cnica de Catalunya &#8211; BarcelonaTech (UPC), Francesc Torres, s\u2019han reunit el passat 24 de novembre a Barcelona amb l\u2019objectiu d\u2019establir sinergies entre ambdues entitats. A la reuni\u00f3 tamb\u00e9 [&#8230;]<\/p>\n","protected":false},"author":6,"featured_media":25302,"comment_status":"open","ping_status":"open","sticky":false,"template":"","format":"standard","meta":[],"categories":[329,333],"tags":[451,450,71,72,449,424],"post_scope":[26],"yoast_head":"<!-- This site is optimized with the Yoast SEO plugin v16.1.1 - https:\/\/yoast.com\/wordpress\/plugins\/seo\/ -->\n<title>El Pacte Industrial i la UPC col\u00b7laboraran per impulsar la ind\u00fastria i la descarbonitzaci\u00f3 - Pacte Industrial RMB<\/title>\n<link rel=\"canonical\" href=\"https:\/\/www.pacteindustrial.org\/ca\/blog\/el-pacte-industrial-i-la-upc-collaboraran-per-impulsar-la-industria-i-la-descarbonitzacio\/\" \/>\n<meta property=\"og:locale\" content=\"ca_ES\" \/>\n<meta property=\"og:type\" content=\"article\" \/>\n<meta property=\"og:title\" content=\"El Pacte Industrial i la UPC col\u00b7laboraran per impulsar la ind\u00fastria i la descarbonitzaci\u00f3 - Pacte Industrial RMB\" \/>\n<meta property=\"og:description\" content=\"La presidenta del Comit\u00e8 Executiu del Pacte Industrial de la Regi\u00f3 Metropolitana de Barcelona i alcaldessa de Rub\u00ed, Ana Mar\u00eda Mart\u00ednez, i el rector de la Universitat Polit\u00e8cnica de Catalunya &#8211; BarcelonaTech (UPC), Francesc Torres, s\u2019han reunit el passat 24 de novembre a Barcelona amb l\u2019objectiu d\u2019establir sinergies entre ambdues entitats. A la reuni\u00f3 tamb\u00e9 [...]\" \/>\n<meta property=\"og:url\" content=\"https:\/\/www.pacteindustrial.org\/ca\/blog\/el-pacte-industrial-i-la-upc-collaboraran-per-impulsar-la-industria-i-la-descarbonitzacio\/\" \/>\n<meta property=\"og:site_name\" content=\"Pacte Industrial RMB\" \/>\n<meta property=\"article:published_time\" content=\"2025-11-25T09:24:24+00:00\" \/>\n<meta property=\"article:modified_time\" content=\"2026-02-11T10:51:33+00:00\" \/>\n<meta property=\"og:image\" content=\"https:\/\/www.pacteindustrial.org\/wp-content\/uploads\/2025\/11\/2025.11.24_Foto-1.jpg\" \/>\n\t<meta property=\"og:image:width\" content=\"1024\" \/>\n\t<meta property=\"og:image:height\" content=\"577\" \/>\n<meta name=\"twitter:card\" content=\"summary_large_image\" \/>\n<meta name=\"twitter:label1\" content=\"Temps estimat de lectura\">\n\t<meta name=\"twitter:data1\" content=\"2 minuts\">\n<script type=\"application\/ld+json\" class=\"yoast-schema-graph\">{\"@context\":\"https:\/\/schema.org\",\"@graph\":[{\"@type\":\"WebSite\",\"@id\":\"https:\/\/www.pacteindustrial.org\/ca\/#website\",\"url\":\"https:\/\/www.pacteindustrial.org\/ca\/\",\"name\":\"Pacte Industrial RMB\",\"description\":\"\",\"potentialAction\":[{\"@type\":\"SearchAction\",\"target\":\"https:\/\/www.pacteindustrial.org\/ca\/?s={search_term_string}\",\"query-input\":\"required name=search_term_string\"}],\"inLanguage\":\"ca\"},{\"@type\":\"ImageObject\",\"@id\":\"https:\/\/www.pacteindustrial.org\/ca\/blog\/el-pacte-industrial-i-la-upc-collaboraran-per-impulsar-la-industria-i-la-descarbonitzacio\/#primaryimage\",\"inLanguage\":\"ca\",\"url\":\"https:\/\/www.pacteindustrial.org\/wp-content\/uploads\/2025\/11\/2025.11.24_Foto-1.jpg\",\"contentUrl\":\"https:\/\/www.pacteindustrial.org\/wp-content\/uploads\/2025\/11\/2025.11.24_Foto-1.jpg\",\"width\":1024,\"height\":577},{\"@type\":\"WebPage\",\"@id\":\"https:\/\/www.pacteindustrial.org\/ca\/blog\/el-pacte-industrial-i-la-upc-collaboraran-per-impulsar-la-industria-i-la-descarbonitzacio\/#webpage\",\"url\":\"https:\/\/www.pacteindustrial.org\/ca\/blog\/el-pacte-industrial-i-la-upc-collaboraran-per-impulsar-la-industria-i-la-descarbonitzacio\/\",\"name\":\"El Pacte Industrial i la UPC col\\u00b7laboraran per impulsar la ind\\u00fastria i la descarbonitzaci\\u00f3 - Pacte Industrial RMB\",\"isPartOf\":{\"@id\":\"https:\/\/www.pacteindustrial.org\/ca\/#website\"},\"primaryImageOfPage\":{\"@id\":\"https:\/\/www.pacteindustrial.org\/ca\/blog\/el-pacte-industrial-i-la-upc-collaboraran-per-impulsar-la-industria-i-la-descarbonitzacio\/#primaryimage\"},\"datePublished\":\"2025-11-25T09:24:24+00:00\",\"dateModified\":\"2026-02-11T10:51:33+00:00\",\"author\":{\"@id\":\"https:\/\/www.pacteindustrial.org\/ca\/#\/schema\/person\/f468d9850ca7905907ca1d9a87dd47a4\"},\"breadcrumb\":{\"@id\":\"https:\/\/www.pacteindustrial.org\/ca\/blog\/el-pacte-industrial-i-la-upc-collaboraran-per-impulsar-la-industria-i-la-descarbonitzacio\/#breadcrumb\"},\"inLanguage\":\"ca\",\"potentialAction\":[{\"@type\":\"ReadAction\",\"target\":[\"https:\/\/www.pacteindustrial.org\/ca\/blog\/el-pacte-industrial-i-la-upc-collaboraran-per-impulsar-la-industria-i-la-descarbonitzacio\/\"]}]},{\"@type\":\"BreadcrumbList\",\"@id\":\"https:\/\/www.pacteindustrial.org\/ca\/blog\/el-pacte-industrial-i-la-upc-collaboraran-per-impulsar-la-industria-i-la-descarbonitzacio\/#breadcrumb\",\"itemListElement\":[{\"@type\":\"ListItem\",\"position\":1,\"item\":{\"@type\":\"WebPage\",\"@id\":\"https:\/\/www.pacteindustrial.org\/ca\/\",\"url\":\"https:\/\/www.pacteindustrial.org\/ca\/\",\"name\":\"Home\"}},{\"@type\":\"ListItem\",\"position\":2,\"item\":{\"@type\":\"WebPage\",\"@id\":\"https:\/\/www.pacteindustrial.org\/ca\/blog\/el-pacte-industrial-i-la-upc-collaboraran-per-impulsar-la-industria-i-la-descarbonitzacio\/\",\"url\":\"https:\/\/www.pacteindustrial.org\/ca\/blog\/el-pacte-industrial-i-la-upc-collaboraran-per-impulsar-la-industria-i-la-descarbonitzacio\/\",\"name\":\"El Pacte Industrial i la UPC col\\u00b7laboraran per impulsar la ind\\u00fastria i la descarbonitzaci\\u00f3\"}}]},{\"@type\":\"Person\",\"@id\":\"https:\/\/www.pacteindustrial.org\/ca\/#\/schema\/person\/f468d9850ca7905907ca1d9a87dd47a4\",\"name\":\"cmartinez@pacteindustrial.org\",\"image\":{\"@type\":\"ImageObject\",\"@id\":\"https:\/\/www.pacteindustrial.org\/ca\/#personlogo\",\"inLanguage\":\"ca\",\"url\":\"https:\/\/secure.gravatar.com\/avatar\/fcee0cfd9e0b9895b8dd291573c84526?s=96&d=mm&r=g\",\"contentUrl\":\"https:\/\/secure.gravatar.com\/avatar\/fcee0cfd9e0b9895b8dd291573c84526?s=96&d=mm&r=g\",\"caption\":\"cmartinez@pacteindustrial.org\"}}]}<\/script>\n<!-- \/ Yoast SEO plugin. -->","_links":{"self":[{"href":"https:\/\/www.pacteindustrial.org\/ca\/wp-json\/wp\/v2\/posts\/25297"}],"collection":[{"href":"https:\/\/www.pacteindustrial.org\/ca\/wp-json\/wp\/v2\/posts"}],"about":[{"href":"https:\/\/www.pacteindustrial.org\/ca\/wp-json\/wp\/v2\/types\/post"}],"author":[{"embeddable":true,"href":"https:\/\/www.pacteindustrial.org\/ca\/wp-json\/wp\/v2\/users\/6"}],"replies":[{"embeddable":true,"href":"https:\/\/www.pacteindustrial.org\/ca\/wp-json\/wp\/v2\/comments?post=25297"}],"version-history":[{"count":5,"href":"https:\/\/www.pacteindustrial.org\/ca\/wp-json\/wp\/v2\/posts\/25297\/revisions"}],"predecessor-version":[{"id":26337,"href":"https:\/\/www.pacteindustrial.org\/ca\/wp-json\/wp\/v2\/posts\/25297\/revisions\/26337"}],"wp:featuredmedia":[{"embeddable":true,"href":"https:\/\/www.pacteindustrial.org\/ca\/wp-json\/wp\/v2\/media\/25302"}],"wp:attachment":[{"href":"https:\/\/www.pacteindustrial.org\/ca\/wp-json\/wp\/v2\/media?parent=25297"}],"wp:term":[{"taxonomy":"category","embeddable":true,"href":"https:\/\/www.pacteindustrial.org\/ca\/wp-json\/wp\/v2\/categories?post=25297"},{"taxonomy":"post_tag","embeddable":true,"href":"https:\/\/www.pacteindustrial.org\/ca\/wp-json\/wp\/v2\/tags?post=25297"},{"taxonomy":"post_scope","embeddable":true,"href":"https:\/\/www.pacteindustrial.org\/ca\/wp-json\/wp\/v2\/post_scope?post=25297"}],"curies":[{"name":"wp","href":"https:\/\/api.w.org\/{rel}","templated":true}]}}