{"id":25466,"date":"2025-12-15T10:14:00","date_gmt":"2025-12-15T08:14:00","guid":{"rendered":"https:\/\/www.pacteindustrial.org\/?p=25466"},"modified":"2026-02-11T12:52:19","modified_gmt":"2026-02-11T10:52:19","slug":"el-pacte-industrial-i-aemes-smart-collaboraran-per-impulsar-la-mobilitat-i-lentorn-sostenible","status":"publish","type":"post","link":"https:\/\/www.pacteindustrial.org\/ca\/blog\/el-pacte-industrial-i-aemes-smart-collaboraran-per-impulsar-la-mobilitat-i-lentorn-sostenible\/","title":{"rendered":"El Pacte Industrial i AEMES Smart col\u00b7laboraran per impulsar la mobilitat i l\u2019entorn sostenible"},"content":{"rendered":"\n<p>Les associacions <strong>Pacte Industrial de la Regi\u00f3 Metropolitana de Barcelona<\/strong> i <strong><a href=\"https:\/\/www.aemes-smart.com\/ca\" target=\"_blank\" rel=\"noreferrer noopener\">AEMES Smart<\/a><\/strong> han signat un conveni amb l\u2019objectiu d\u2019establir un <strong>marc general de col\u00b7laboraci\u00f3 <\/strong>entre totes dues entitats per promoure projectes relacionats amb la <strong>mobilitat i l\u2019entorn sostenible i smart<\/strong>. <strong>Ana Mar\u00eda Mart\u00ednez<\/strong>, presidenta del Comit\u00e8 Executiu del Pacte Industrial i alcaldessa de Rub\u00ed, i <strong>Jordi Gazo<\/strong>, vicepresident d\u2019AEMES Smart, han estat els encarregats de rubricar l\u2019acord divendres 12 de desembre a Barcelona.<\/p>\n\n\n\n<p><strong>Ana Mar\u00eda Mart\u00ednez<\/strong>, presidenta del Comit\u00e8 Executiu del Pacte Industrial, ha destacat que \u201camb aquest conveni el Pacte Industrial reafirma el seu comprom\u00eds per impulsar la <strong>mobilitat sostenible com a motor d\u2019innovaci\u00f3, ocupaci\u00f3 de qualitat i sostenibilitat <\/strong>a la Regi\u00f3 Metropolitana de Barcelona\u201d. Mart\u00ednez ha afirmat que, en aquest sentit, servir\u00e0 per refor\u00e7ar i donar continu\u00eftat a les activitats desenvolupades en el marc del <strong>F\u00f2rum Ind\u00fastria de la Mobilitat Sostenible<\/strong>, iniciativa del Pacte Industrial per facilitar la transformaci\u00f3 dels sectors industrials vinculats a l\u2019ecosistema de la mobilitat sostenible.<\/p>\n\n\n\n<p><strong>Jordi Gazo<\/strong>, vicepresident d\u2019AEMES Smart, ha assenyalat que \u201cl\u2019Associaci\u00f3 d\u2019Empreses de Mobilitat, Entorn Sostenible i Smart representa a <strong>m\u00e9s de 180 empreses de mobilitat i entorn sostenible<\/strong>. \u00c9s, per tant, <strong>transversal<\/strong>, ja que integra aparcaments, vehicles, solucions tecnol\u00f2giques, carregadors, gesti\u00f3 de ciutats&#8230; Creiem que <strong>la col\u00b7laboraci\u00f3 publicoprivada \u00e9s una de les palanques m\u00e9s importants per impulsar la demanda i la sostenibilitat<\/strong>. Per aix\u00f2 per nosaltres \u00e9s molt important aquest acord\u201d. A m\u00e9s, ha destacat els darrers <strong>papers<\/strong> realitzats per AEMES Smart, com: <em>SmartVision Paper#5: La contractaci\u00f3 p\u00fablica com a eina de desenvolupament sostenible<\/em>, o <em>SmartVision Paper#6: Captura, \u00das i Emmagatzematge de CO<\/em><em>\u2082<\/em>. A m\u00e9s, ha anunciat la <strong>1a edici\u00f3 dels Reconeixements AEMES Smart a la Contractaci\u00f3 P\u00fablica amb Impacte<\/strong>, que es lliuraran al maig de l\u2019any vinent, juntament amb el cat\u00e0leg de <strong>bones pr\u00e0ctiques<\/strong>.<\/p>\n\n\n\n<p>El conveni signat t\u00e9 com a objectiu impulsar <strong>projectes estrat\u00e8gics que potenci\u00efn la cadena de valor de la mobilitat i el desenvolupament d\u2019entorns sostenibles i smart<\/strong>, i aix\u00ed aprofitar les oportunitats que aquestes tend\u00e8ncies ofereixen a les empreses, contribuint a la seva transformaci\u00f3 i a fomentar la <strong>cooperaci\u00f3 empresarial i la col\u00b7laboraci\u00f3 publicoprivada<\/strong> per enfortir l&#8217;ecosistema d&#8217;innovaci\u00f3. En aquest sentit, es preveu organitzar jornades i elaborar estudis orientats a impulsar la <strong>transformaci\u00f3 de la ind\u00fastria cap a les oportunitats que ofereix la mobilitat sostenible<\/strong>. Tamb\u00e9 es contempla desenvolupar projectes i activitats <strong>smart PAE<\/strong> que promoguin l\u2019aplicaci\u00f3 de noves tecnologies als pol\u00edgons d&#8217;activitat econ\u00f2mica en relaci\u00f3 amb la mobilitat sostenible. Igualment, es contemplen activitats relacionades amb la utilitzaci\u00f3 de l&#8217;<strong>hidrogen<\/strong> com a font energ\u00e8tica per avan\u00e7ar cap a un model de mobilitat m\u00e9s net i eficient. Aix\u00ed mateix, s\u2019inclou l\u2019organitzaci\u00f3 d\u2019activitats en el marc del <strong>F\u00f2rum Ind\u00fastria de la Mobilitat Sostenible <\/strong>impulsat pel Pacte Industrial.<\/p>\n\n\n<div class=\"whads-imagecarousel-block\"><ul class=\"image-list\"><li class=\"image-entry\"><img width=\"1024\" height=\"578\" src=\"https:\/\/www.pacteindustrial.org\/wp-content\/uploads\/2025\/12\/2025.12.15_Foto-2.jpg\" class=\"infographic-image\" alt=\"\" loading=\"lazy\" srcset=\"https:\/\/www.pacteindustrial.org\/wp-content\/uploads\/2025\/12\/2025.12.15_Foto-2.jpg 1024w, https:\/\/www.pacteindustrial.org\/wp-content\/uploads\/2025\/12\/2025.12.15_Foto-2-300x169.jpg 300w, https:\/\/www.pacteindustrial.org\/wp-content\/uploads\/2025\/12\/2025.12.15_Foto-2-768x434.jpg 768w, https:\/\/www.pacteindustrial.org\/wp-content\/uploads\/2025\/12\/2025.12.15_Foto-2-200x113.jpg 200w\" sizes=\"(max-width: 1024px) 100vw, 1024px\" \/><p class=\"image-entry-caption\">Ana Mar\u00eda Mart\u00ednez i Jordi Gazo.<\/p><\/li><li class=\"image-entry\"><img width=\"1024\" height=\"578\" src=\"https:\/\/www.pacteindustrial.org\/wp-content\/uploads\/2025\/12\/2025.12.15_Foto-3.jpg\" class=\"infographic-image\" alt=\"\" loading=\"lazy\" srcset=\"https:\/\/www.pacteindustrial.org\/wp-content\/uploads\/2025\/12\/2025.12.15_Foto-3.jpg 1024w, https:\/\/www.pacteindustrial.org\/wp-content\/uploads\/2025\/12\/2025.12.15_Foto-3-300x169.jpg 300w, https:\/\/www.pacteindustrial.org\/wp-content\/uploads\/2025\/12\/2025.12.15_Foto-3-768x434.jpg 768w, https:\/\/www.pacteindustrial.org\/wp-content\/uploads\/2025\/12\/2025.12.15_Foto-3-200x113.jpg 200w\" sizes=\"(max-width: 1024px) 100vw, 1024px\" \/><p class=\"image-entry-caption\">Ana Mar\u00eda Mart\u00ednez i Jordi Gazo.<\/p><\/li><\/ul><\/div>\n\n\n<p><strong>AEMES Smart<\/strong> \u00e9s un punt de trobada de les empreses que ofereixen productes i serveis relacionats amb Mobilitat, Entorn Sostenible i Smart a Espanya. Integra m\u00e9s de 180 empreses, 100.000 empleats, i m\u00e9s de 10.000 milions d&#8217;euros de facturaci\u00f3, amb la representaci\u00f3 de grans empreses, pimes i start-ups, aix\u00ed com centres tecnol\u00f2gics. Incorpora tamb\u00e9 altres agents com centres log\u00edstics, ports i aeroports; i administracions tractores com municipis i \u00e0rees metropolitanes, mitjan\u00e7ant convenis de col\u00b7laboraci\u00f3. L&#8217;associaci\u00f3 promou el desenvolupament d&#8217;un ecosistema que impulsa la innovaci\u00f3 i la inversi\u00f3, mitjan\u00e7ant la cooperaci\u00f3 empresarial i les aliances estrat\u00e8giques, a m\u00e9s de promoure projectes tractors col\u00b7laboratius publicoprivats.<\/p>\n","protected":false},"excerpt":{"rendered":"<p>Les associacions Pacte Industrial de la Regi\u00f3 Metropolitana de Barcelona i AEMES Smart han signat un conveni amb l\u2019objectiu d\u2019establir un marc general de col\u00b7laboraci\u00f3 entre totes dues entitats per promoure projectes relacionats amb la mobilitat i l\u2019entorn sostenible i smart. Ana Mar\u00eda Mart\u00ednez, presidenta del Comit\u00e8 Executiu del Pacte Industrial i alcaldessa de Rub\u00ed, [&#8230;]<\/p>\n","protected":false},"author":6,"featured_media":25468,"comment_status":"open","ping_status":"open","sticky":false,"template":"","format":"standard","meta":[],"categories":[332],"tags":[451,445,435,444,353,79,443,153],"post_scope":[27,21,29],"yoast_head":"<!-- This site is optimized with the Yoast SEO plugin v16.1.1 - https:\/\/yoast.com\/wordpress\/plugins\/seo\/ -->\n<title>El Pacte Industrial i AEMES Smart col\u00b7laboraran per impulsar la mobilitat i l\u2019entorn sostenible - Pacte Industrial RMB<\/title>\n<link rel=\"canonical\" href=\"https:\/\/www.pacteindustrial.org\/ca\/blog\/el-pacte-industrial-i-aemes-smart-collaboraran-per-impulsar-la-mobilitat-i-lentorn-sostenible\/\" \/>\n<meta property=\"og:locale\" content=\"ca_ES\" \/>\n<meta property=\"og:type\" content=\"article\" \/>\n<meta property=\"og:title\" content=\"El Pacte Industrial i AEMES Smart col\u00b7laboraran per impulsar la mobilitat i l\u2019entorn sostenible - Pacte Industrial RMB\" \/>\n<meta property=\"og:description\" content=\"Les associacions Pacte Industrial de la Regi\u00f3 Metropolitana de Barcelona i AEMES Smart han signat un conveni amb l\u2019objectiu d\u2019establir un marc general de col\u00b7laboraci\u00f3 entre totes dues entitats per promoure projectes relacionats amb la mobilitat i l\u2019entorn sostenible i smart. Ana Mar\u00eda Mart\u00ednez, presidenta del Comit\u00e8 Executiu del Pacte Industrial i alcaldessa de Rub\u00ed, [...]\" \/>\n<meta property=\"og:url\" content=\"https:\/\/www.pacteindustrial.org\/ca\/blog\/el-pacte-industrial-i-aemes-smart-collaboraran-per-impulsar-la-mobilitat-i-lentorn-sostenible\/\" \/>\n<meta property=\"og:site_name\" content=\"Pacte Industrial RMB\" \/>\n<meta property=\"article:published_time\" content=\"2025-12-15T08:14:00+00:00\" \/>\n<meta property=\"article:modified_time\" content=\"2026-02-11T10:52:19+00:00\" \/>\n<meta property=\"og:image\" content=\"https:\/\/www.pacteindustrial.org\/wp-content\/uploads\/2025\/12\/2025.12.15_Foto-1.jpg\" \/>\n\t<meta property=\"og:image:width\" content=\"1024\" \/>\n\t<meta property=\"og:image:height\" content=\"578\" \/>\n<meta name=\"twitter:card\" content=\"summary_large_image\" \/>\n<meta name=\"twitter:label1\" content=\"Temps estimat de lectura\">\n\t<meta name=\"twitter:data1\" content=\"3 minuts\">\n<script type=\"application\/ld+json\" class=\"yoast-schema-graph\">{\"@context\":\"https:\/\/schema.org\",\"@graph\":[{\"@type\":\"WebSite\",\"@id\":\"https:\/\/www.pacteindustrial.org\/ca\/#website\",\"url\":\"https:\/\/www.pacteindustrial.org\/ca\/\",\"name\":\"Pacte Industrial RMB\",\"description\":\"\",\"potentialAction\":[{\"@type\":\"SearchAction\",\"target\":\"https:\/\/www.pacteindustrial.org\/ca\/?s={search_term_string}\",\"query-input\":\"required name=search_term_string\"}],\"inLanguage\":\"ca\"},{\"@type\":\"ImageObject\",\"@id\":\"https:\/\/www.pacteindustrial.org\/ca\/blog\/el-pacte-industrial-i-aemes-smart-collaboraran-per-impulsar-la-mobilitat-i-lentorn-sostenible\/#primaryimage\",\"inLanguage\":\"ca\",\"url\":\"https:\/\/www.pacteindustrial.org\/wp-content\/uploads\/2025\/12\/2025.12.15_Foto-1.jpg\",\"contentUrl\":\"https:\/\/www.pacteindustrial.org\/wp-content\/uploads\/2025\/12\/2025.12.15_Foto-1.jpg\",\"width\":1024,\"height\":578},{\"@type\":\"WebPage\",\"@id\":\"https:\/\/www.pacteindustrial.org\/ca\/blog\/el-pacte-industrial-i-aemes-smart-collaboraran-per-impulsar-la-mobilitat-i-lentorn-sostenible\/#webpage\",\"url\":\"https:\/\/www.pacteindustrial.org\/ca\/blog\/el-pacte-industrial-i-aemes-smart-collaboraran-per-impulsar-la-mobilitat-i-lentorn-sostenible\/\",\"name\":\"El Pacte Industrial i AEMES Smart col\\u00b7laboraran per impulsar la mobilitat i l\\u2019entorn sostenible - Pacte Industrial RMB\",\"isPartOf\":{\"@id\":\"https:\/\/www.pacteindustrial.org\/ca\/#website\"},\"primaryImageOfPage\":{\"@id\":\"https:\/\/www.pacteindustrial.org\/ca\/blog\/el-pacte-industrial-i-aemes-smart-collaboraran-per-impulsar-la-mobilitat-i-lentorn-sostenible\/#primaryimage\"},\"datePublished\":\"2025-12-15T08:14:00+00:00\",\"dateModified\":\"2026-02-11T10:52:19+00:00\",\"author\":{\"@id\":\"https:\/\/www.pacteindustrial.org\/ca\/#\/schema\/person\/f468d9850ca7905907ca1d9a87dd47a4\"},\"breadcrumb\":{\"@id\":\"https:\/\/www.pacteindustrial.org\/ca\/blog\/el-pacte-industrial-i-aemes-smart-collaboraran-per-impulsar-la-mobilitat-i-lentorn-sostenible\/#breadcrumb\"},\"inLanguage\":\"ca\",\"potentialAction\":[{\"@type\":\"ReadAction\",\"target\":[\"https:\/\/www.pacteindustrial.org\/ca\/blog\/el-pacte-industrial-i-aemes-smart-collaboraran-per-impulsar-la-mobilitat-i-lentorn-sostenible\/\"]}]},{\"@type\":\"BreadcrumbList\",\"@id\":\"https:\/\/www.pacteindustrial.org\/ca\/blog\/el-pacte-industrial-i-aemes-smart-collaboraran-per-impulsar-la-mobilitat-i-lentorn-sostenible\/#breadcrumb\",\"itemListElement\":[{\"@type\":\"ListItem\",\"position\":1,\"item\":{\"@type\":\"WebPage\",\"@id\":\"https:\/\/www.pacteindustrial.org\/ca\/\",\"url\":\"https:\/\/www.pacteindustrial.org\/ca\/\",\"name\":\"Home\"}},{\"@type\":\"ListItem\",\"position\":2,\"item\":{\"@type\":\"WebPage\",\"@id\":\"https:\/\/www.pacteindustrial.org\/ca\/blog\/el-pacte-industrial-i-aemes-smart-collaboraran-per-impulsar-la-mobilitat-i-lentorn-sostenible\/\",\"url\":\"https:\/\/www.pacteindustrial.org\/ca\/blog\/el-pacte-industrial-i-aemes-smart-collaboraran-per-impulsar-la-mobilitat-i-lentorn-sostenible\/\",\"name\":\"El Pacte Industrial i AEMES Smart col\\u00b7laboraran per impulsar la mobilitat i l\\u2019entorn sostenible\"}}]},{\"@type\":\"Person\",\"@id\":\"https:\/\/www.pacteindustrial.org\/ca\/#\/schema\/person\/f468d9850ca7905907ca1d9a87dd47a4\",\"name\":\"cmartinez@pacteindustrial.org\",\"image\":{\"@type\":\"ImageObject\",\"@id\":\"https:\/\/www.pacteindustrial.org\/ca\/#personlogo\",\"inLanguage\":\"ca\",\"url\":\"https:\/\/secure.gravatar.com\/avatar\/fcee0cfd9e0b9895b8dd291573c84526?s=96&d=mm&r=g\",\"contentUrl\":\"https:\/\/secure.gravatar.com\/avatar\/fcee0cfd9e0b9895b8dd291573c84526?s=96&d=mm&r=g\",\"caption\":\"cmartinez@pacteindustrial.org\"}}]}<\/script>\n<!-- \/ Yoast SEO plugin. -->","_links":{"self":[{"href":"https:\/\/www.pacteindustrial.org\/ca\/wp-json\/wp\/v2\/posts\/25466"}],"collection":[{"href":"https:\/\/www.pacteindustrial.org\/ca\/wp-json\/wp\/v2\/posts"}],"about":[{"href":"https:\/\/www.pacteindustrial.org\/ca\/wp-json\/wp\/v2\/types\/post"}],"author":[{"embeddable":true,"href":"https:\/\/www.pacteindustrial.org\/ca\/wp-json\/wp\/v2\/users\/6"}],"replies":[{"embeddable":true,"href":"https:\/\/www.pacteindustrial.org\/ca\/wp-json\/wp\/v2\/comments?post=25466"}],"version-history":[{"count":12,"href":"https:\/\/www.pacteindustrial.org\/ca\/wp-json\/wp\/v2\/posts\/25466\/revisions"}],"predecessor-version":[{"id":26335,"href":"https:\/\/www.pacteindustrial.org\/ca\/wp-json\/wp\/v2\/posts\/25466\/revisions\/26335"}],"wp:featuredmedia":[{"embeddable":true,"href":"https:\/\/www.pacteindustrial.org\/ca\/wp-json\/wp\/v2\/media\/25468"}],"wp:attachment":[{"href":"https:\/\/www.pacteindustrial.org\/ca\/wp-json\/wp\/v2\/media?parent=25466"}],"wp:term":[{"taxonomy":"category","embeddable":true,"href":"https:\/\/www.pacteindustrial.org\/ca\/wp-json\/wp\/v2\/categories?post=25466"},{"taxonomy":"post_tag","embeddable":true,"href":"https:\/\/www.pacteindustrial.org\/ca\/wp-json\/wp\/v2\/tags?post=25466"},{"taxonomy":"post_scope","embeddable":true,"href":"https:\/\/www.pacteindustrial.org\/ca\/wp-json\/wp\/v2\/post_scope?post=25466"}],"curies":[{"name":"wp","href":"https:\/\/api.w.org\/{rel}","templated":true}]}}