{"id":25491,"date":"2025-12-12T16:48:00","date_gmt":"2025-12-12T14:48:00","guid":{"rendered":"https:\/\/www.pacteindustrial.org\/?p=25491"},"modified":"2026-02-11T12:45:51","modified_gmt":"2026-02-11T10:45:51","slug":"de-lacord-de-paris-a-la-cop-30-el-pacte-industrial-analitza-els-reptes-climatics-de-la-industria","status":"publish","type":"post","link":"https:\/\/www.pacteindustrial.org\/ca\/blog\/de-lacord-de-paris-a-la-cop-30-el-pacte-industrial-analitza-els-reptes-climatics-de-la-industria\/","title":{"rendered":"De l\u2019Acord de Par\u00eds a la COP30: el Pacte Industrial analitza els reptes clim\u00e0tics de la ind\u00fastria"},"content":{"rendered":"\n<p>El Pacte Industrial de la Regi\u00f3 Metropolitana de Barcelona ha celebrat la <strong>55a Reuni\u00f3 del Comit\u00e8 Executiu<\/strong>, que com \u00e9s habitual ha comptat amb l\u2019assist\u00e8ncia dels representants de les administracions locals, organitzacions empresarials, sindicats i entitats que integren l\u2019associaci\u00f3. En la reuni\u00f3, celebrada el passat 12 de desembre a Ca l&#8217;Alier (Barcelona), ha tingut lloc una pon\u00e8ncia d\u2019<strong>Alba Caba\u00f1as<\/strong>, vicepresidenta del <a href=\"https:\/\/cads.gencat.cat\/ca\/inici\" target=\"_blank\" rel=\"noreferrer noopener\">Consell Assessor per al Desenvolupament Sostenible de Catalunya (CADS)<\/a>, amb motiu de l\u2019efem\u00e8ride del <strong>10\u00e8 aniversari de l\u2019Acord de Par\u00eds<\/strong>.<\/p>\n\n\n\n<p><strong>Ana Mar\u00eda Mart\u00ednez<\/strong>, presidenta del Comit\u00e8 Executiu del Pacte Industrial i alcaldessa de Rub\u00ed, ha recordat que en l\u2019\u00faltima reuni\u00f3 de l\u2019\u00f2rgan, el passat 8 d\u2019abril, va participar Francesc Trillas, secretari d\u2019Afers Econ\u00f2mics i Fons Europeus de la Generalitat de Catalunya, fet que va significar l\u2019inici d\u2019una <strong>nova etapa de col\u00b7laboraci\u00f3 m\u00e9s estreta entre la Generalitat i el Pacte Industrial<\/strong>. <strong>Mart\u00ednez<\/strong> ha agra\u00eft la participaci\u00f3 de la Generalitat de Catalunya en el Pacte Industrial i la pres\u00e8ncia novament de Trillas en la reuni\u00f3. La presidenta del Comit\u00e8 Executiu tamb\u00e9 ha destacat que el Pacte Industrial ha participat recentment &#8212;per primera vegada en la seva hist\u00f2ria&#8212; en un dels <strong>grups de treball del Pacte Nacional per a la Ind\u00fastria (PNI)<\/strong>, concretament en el grup de treball relatiu al Marc institucional i social (eix 10 del PNI 2026-2030), i ha indicat que \u201c\u00e9s una molt bona not\u00edcia\u201d.<\/p>\n\n\n\n<p>Per la seva part, <strong>Carles Rivera<\/strong>, coordinador gerent del Pacte Industrial, ha informat de les activitats que s\u2019han dut a terme recentment i ha apuntat algunes de les l\u00ednies d\u2019actuaci\u00f3 dels pr\u00f2xims mesos. I, com \u00e9s habitual, els presidents de les <strong>Comissions de Treball <\/strong>tamb\u00e9 han repassat les activitats dels seus \u00e0mbits respectius. En finalitzar la reuni\u00f3, ha tingut lloc la signatura de l&#8217;<strong><a href=\"https:\/\/www.pacteindustrial.org\/ca\/blog\/el-pacte-industrial-i-aemes-smart-collaboraran-per-impulsar-la-mobilitat-i-lentorn-sostenible\/\">acord de col\u00b7laboraci\u00f3 entre el Pacte Industrial i AEMES Smart<\/a><\/strong>, que t\u00e9 per objectiu impulsar la mobilitat i l\u2019entorn sostenible.<\/p>\n\n\n\n<h2>10 anys de l\u2019Acord de Par\u00eds<\/h2>\n\n\n\n<p>La reuni\u00f3 ha coincidit amb el <strong>10\u00e8 aniversari de l\u2019Acord de Par\u00eds<\/strong>, que va suposar un punt d\u2019inflexi\u00f3 hist\u00f2ric en la lluita contra el canvi clim\u00e0tic. Per aix\u00f2 s\u2019ha convidat <strong>Alba Caba\u00f1as<\/strong>, vicepresidenta del Consell Assessor de Desenvolupament Sostenible de Catalunya (CADS), a fer balan\u00e7 d\u2019aquesta d\u00e8cada i a exposar les principals novetats i implicacions de l\u2019\u00faltima <a href=\"https:\/\/cop30.br\/es\" target=\"_blank\" rel=\"noreferrer noopener\">Confer\u00e8ncia de l\u2019ONU sobre Canvi Clim\u00e0tic (COP30)<\/a> per a la ind\u00fastria de la regi\u00f3 metropolitana.<\/p>\n\n\n\n<p><strong>Caba\u00f1as<\/strong> ha assenyalat que, deu anys despr\u00e9s de l\u2019Acord de Par\u00eds, \u201c<strong>el canvi clim\u00e0tic ja no ens sembla tanta ci\u00e8ncia-ficci\u00f3<\/strong>\u201d, at\u00e8s que cada cop patim amb m\u00e9s freq\u00fc\u00e8ncia sequeres extremes i fen\u00f2mens meteorol\u00f2gics adversos, que il\u00b7lustren algunes de les previsions que es van fer en el seu dia sobre la q\u00fcesti\u00f3. En aquest per\u00edode, <strong>s\u2019ha passat de l&#8217;euf\u00f2ria inicial en l&#8217;abordatge del repte a un aterratge en la realitat<\/strong>, derivat de l&#8217;actual <strong>context geopol\u00edtic<\/strong>, que certament sembla m\u00e9s una distopia que l\u2019evoluci\u00f3 natural d&#8217;una societat moderna que s&#8217;enfronta als nous reptes del s. XXI. L\u2019aprenentatge d\u2019aquesta d\u00e8cada, ha afegit, evidencia la necessitat de continuar <strong>impulsant una transici\u00f3 sostenible<\/strong>, tenint en compte que les mesures de mitigaci\u00f3 i adaptaci\u00f3 al canvi clim\u00e0tic tenen un <strong>impacte directe sobre els territoris i els sectors industrials<\/strong>.<\/p>\n\n\n\n<p>La vicepresidenta del CADS ha destacat que en els punts previs de l\u2019ordre del dia del Comit\u00e8 Executiu s\u2019ha parlat m\u00e9s de sostenibilitat que quan es va signar l\u2019Acord de Par\u00eds, fet que ha valorat com \u201cun bon senyal\u201d perqu\u00e8 constata que hi ha q\u00fcestions que ja s&#8217;han interioritzat per part de tots els agents socials i de les administracions. En aquest sentit, ha proposat que \u201c<strong>seria interessant que el Pacte Industrial promogui l\u2019elaboraci\u00f3 d\u2019indicadors de vulnerabilitat clim\u00e0tica de la regi\u00f3 metropolitana amb l\u2019objectiu que siguin \u00fatils per a les administracions per adoptar mesures que posin el peu a l\u2019accelerador en la lluita contra el canvi clim\u00e0tic i en les seves pol\u00edtiques d&#8217;adaptaci\u00f3<\/strong>\u201d.<\/p>\n\n\n<div class=\"whads-imagecarousel-block\"><ul class=\"image-list\"><li class=\"image-entry\"><img width=\"1024\" height=\"578\" src=\"https:\/\/www.pacteindustrial.org\/wp-content\/uploads\/2025\/12\/2025.12.12_Foto-2.jpg\" class=\"infographic-image\" alt=\"\" loading=\"lazy\" srcset=\"https:\/\/www.pacteindustrial.org\/wp-content\/uploads\/2025\/12\/2025.12.12_Foto-2.jpg 1024w, https:\/\/www.pacteindustrial.org\/wp-content\/uploads\/2025\/12\/2025.12.12_Foto-2-300x169.jpg 300w, https:\/\/www.pacteindustrial.org\/wp-content\/uploads\/2025\/12\/2025.12.12_Foto-2-768x434.jpg 768w, https:\/\/www.pacteindustrial.org\/wp-content\/uploads\/2025\/12\/2025.12.12_Foto-2-200x113.jpg 200w\" sizes=\"(max-width: 1024px) 100vw, 1024px\" \/><\/li><li class=\"image-entry\"><img width=\"1024\" height=\"578\" src=\"https:\/\/www.pacteindustrial.org\/wp-content\/uploads\/2025\/12\/2025.12.12_Foto-3.jpg\" class=\"infographic-image\" alt=\"\" loading=\"lazy\" srcset=\"https:\/\/www.pacteindustrial.org\/wp-content\/uploads\/2025\/12\/2025.12.12_Foto-3.jpg 1024w, https:\/\/www.pacteindustrial.org\/wp-content\/uploads\/2025\/12\/2025.12.12_Foto-3-300x169.jpg 300w, https:\/\/www.pacteindustrial.org\/wp-content\/uploads\/2025\/12\/2025.12.12_Foto-3-768x434.jpg 768w, https:\/\/www.pacteindustrial.org\/wp-content\/uploads\/2025\/12\/2025.12.12_Foto-3-200x113.jpg 200w\" sizes=\"(max-width: 1024px) 100vw, 1024px\" \/><\/li><li class=\"image-entry\"><img width=\"1024\" height=\"578\" src=\"https:\/\/www.pacteindustrial.org\/wp-content\/uploads\/2025\/12\/2025.12.12_Foto-4.jpg\" class=\"infographic-image\" alt=\"\" loading=\"lazy\" srcset=\"https:\/\/www.pacteindustrial.org\/wp-content\/uploads\/2025\/12\/2025.12.12_Foto-4.jpg 1024w, https:\/\/www.pacteindustrial.org\/wp-content\/uploads\/2025\/12\/2025.12.12_Foto-4-300x169.jpg 300w, https:\/\/www.pacteindustrial.org\/wp-content\/uploads\/2025\/12\/2025.12.12_Foto-4-768x434.jpg 768w, https:\/\/www.pacteindustrial.org\/wp-content\/uploads\/2025\/12\/2025.12.12_Foto-4-200x113.jpg 200w\" sizes=\"(max-width: 1024px) 100vw, 1024px\" \/><\/li><li class=\"image-entry\"><img width=\"1024\" height=\"577\" src=\"https:\/\/www.pacteindustrial.org\/wp-content\/uploads\/2025\/12\/2025.12.12_Foto-5.jpg\" class=\"infographic-image\" alt=\"\" loading=\"lazy\" srcset=\"https:\/\/www.pacteindustrial.org\/wp-content\/uploads\/2025\/12\/2025.12.12_Foto-5.jpg 1024w, https:\/\/www.pacteindustrial.org\/wp-content\/uploads\/2025\/12\/2025.12.12_Foto-5-300x169.jpg 300w, https:\/\/www.pacteindustrial.org\/wp-content\/uploads\/2025\/12\/2025.12.12_Foto-5-768x433.jpg 768w, https:\/\/www.pacteindustrial.org\/wp-content\/uploads\/2025\/12\/2025.12.12_Foto-5-200x113.jpg 200w\" sizes=\"(max-width: 1024px) 100vw, 1024px\" \/><\/li><li class=\"image-entry\"><img width=\"1024\" height=\"578\" src=\"https:\/\/www.pacteindustrial.org\/wp-content\/uploads\/2025\/12\/2025.12.12_Foto-6.jpg\" class=\"infographic-image\" alt=\"\" loading=\"lazy\" srcset=\"https:\/\/www.pacteindustrial.org\/wp-content\/uploads\/2025\/12\/2025.12.12_Foto-6.jpg 1024w, https:\/\/www.pacteindustrial.org\/wp-content\/uploads\/2025\/12\/2025.12.12_Foto-6-300x169.jpg 300w, https:\/\/www.pacteindustrial.org\/wp-content\/uploads\/2025\/12\/2025.12.12_Foto-6-768x434.jpg 768w, https:\/\/www.pacteindustrial.org\/wp-content\/uploads\/2025\/12\/2025.12.12_Foto-6-200x113.jpg 200w\" sizes=\"(max-width: 1024px) 100vw, 1024px\" \/><\/li><li class=\"image-entry\"><img width=\"1024\" height=\"578\" src=\"https:\/\/www.pacteindustrial.org\/wp-content\/uploads\/2025\/12\/2025.12.12_Foto-7.jpg\" class=\"infographic-image\" alt=\"\" loading=\"lazy\" srcset=\"https:\/\/www.pacteindustrial.org\/wp-content\/uploads\/2025\/12\/2025.12.12_Foto-7.jpg 1024w, https:\/\/www.pacteindustrial.org\/wp-content\/uploads\/2025\/12\/2025.12.12_Foto-7-300x169.jpg 300w, https:\/\/www.pacteindustrial.org\/wp-content\/uploads\/2025\/12\/2025.12.12_Foto-7-768x434.jpg 768w, https:\/\/www.pacteindustrial.org\/wp-content\/uploads\/2025\/12\/2025.12.12_Foto-7-200x113.jpg 200w\" sizes=\"(max-width: 1024px) 100vw, 1024px\" \/><\/li><li class=\"image-entry\"><img width=\"1024\" height=\"578\" src=\"https:\/\/www.pacteindustrial.org\/wp-content\/uploads\/2025\/12\/2025.12.12_Foto-8.jpg\" class=\"infographic-image\" alt=\"\" loading=\"lazy\" srcset=\"https:\/\/www.pacteindustrial.org\/wp-content\/uploads\/2025\/12\/2025.12.12_Foto-8.jpg 1024w, https:\/\/www.pacteindustrial.org\/wp-content\/uploads\/2025\/12\/2025.12.12_Foto-8-300x169.jpg 300w, https:\/\/www.pacteindustrial.org\/wp-content\/uploads\/2025\/12\/2025.12.12_Foto-8-768x434.jpg 768w, https:\/\/www.pacteindustrial.org\/wp-content\/uploads\/2025\/12\/2025.12.12_Foto-8-200x113.jpg 200w\" sizes=\"(max-width: 1024px) 100vw, 1024px\" \/><\/li><\/ul><\/div>\n\n\n<p>Pel que fa a la <strong>COP30<\/strong>, <strong>Caba\u00f1as<\/strong> ha lamentat que no ha tingut prou compromisos en mat\u00e8ria de finan\u00e7ament, \u201cquan seria necessari <strong>triplicar els fons econ\u00f2mics per lluitar contra el canvi clim\u00e0tic<\/strong>\u201d. Aix\u00ed mateix, ha mostrat la seva preocupaci\u00f3 per l\u2019<strong>abs\u00e8ncia dels Estats Units<\/strong> i pel fet que no s\u2019hagi acordat objectius de reducci\u00f3 dels <strong>combustibles f\u00f2ssils<\/strong>. En aquest dif\u00edcil context, ha plantejat el <strong>repte d\u2019Europa<\/strong> davant la seva gran <strong>depend\u00e8ncia energ\u00e8tica<\/strong>, la lenta <strong>adaptaci\u00f3 de la ind\u00fastria de l\u2019automoci\u00f3<\/strong> i les <strong>dificultats per assolir acords<\/strong> entre els estats membres. Des del seu punt de vista, <strong>Caba\u00f1as<\/strong> considera <strong>prioritari per a Catalunya resoldre els problemes de mobilitat urbana i interurbana<\/strong>.<\/p>\n\n\n\n<p>Finalment, ha remarcat que el CADS treballa en el repte de la descarbonitzaci\u00f3 de Catalunya, i que recentment ha traslladat al Govern un <strong><a href=\"https:\/\/mediambient.repositori.gencat.cat\/handle\/20.500.14343\/1547#page=1\" target=\"_blank\" rel=\"noreferrer noopener\">informe per avan\u00e7ar en aquesta l\u00ednia amb recomanacions per al sector industrial<\/a><\/strong>. <strong>Caba\u00f1as<\/strong> s\u2019ha comprom\u00e8s a fer arribar aquest document al Pacte Industrial per a la seva difusi\u00f3.<\/p>\n","protected":false},"excerpt":{"rendered":"<p>El Pacte Industrial de la Regi\u00f3 Metropolitana de Barcelona ha celebrat la 55a Reuni\u00f3 del Comit\u00e8 Executiu, que com \u00e9s habitual ha comptat amb l\u2019assist\u00e8ncia dels representants de les administracions locals, organitzacions empresarials, sindicats i entitats que integren l\u2019associaci\u00f3. En la reuni\u00f3, celebrada el passat 12 de desembre a Ca l&#8217;Alier (Barcelona), ha tingut lloc [&#8230;]<\/p>\n","protected":false},"author":6,"featured_media":25497,"comment_status":"open","ping_status":"open","sticky":false,"template":"","format":"standard","meta":[],"categories":[333],"tags":[428,427,153],"post_scope":[29],"yoast_head":"<!-- This site is optimized with the Yoast SEO plugin v16.1.1 - https:\/\/yoast.com\/wordpress\/plugins\/seo\/ -->\n<title>De l\u2019Acord de Par\u00eds a la COP30: el Pacte Industrial analitza els reptes clim\u00e0tics de la ind\u00fastria - Pacte Industrial RMB<\/title>\n<link rel=\"canonical\" href=\"https:\/\/www.pacteindustrial.org\/ca\/blog\/de-lacord-de-paris-a-la-cop-30-el-pacte-industrial-analitza-els-reptes-climatics-de-la-industria\/\" \/>\n<meta property=\"og:locale\" content=\"ca_ES\" \/>\n<meta property=\"og:type\" content=\"article\" \/>\n<meta property=\"og:title\" content=\"De l\u2019Acord de Par\u00eds a la COP30: el Pacte Industrial analitza els reptes clim\u00e0tics de la ind\u00fastria - Pacte Industrial RMB\" \/>\n<meta property=\"og:description\" content=\"El Pacte Industrial de la Regi\u00f3 Metropolitana de Barcelona ha celebrat la 55a Reuni\u00f3 del Comit\u00e8 Executiu, que com \u00e9s habitual ha comptat amb l\u2019assist\u00e8ncia dels representants de les administracions locals, organitzacions empresarials, sindicats i entitats que integren l\u2019associaci\u00f3. En la reuni\u00f3, celebrada el passat 12 de desembre a Ca l&#8217;Alier (Barcelona), ha tingut lloc [...]\" \/>\n<meta property=\"og:url\" content=\"https:\/\/www.pacteindustrial.org\/ca\/blog\/de-lacord-de-paris-a-la-cop-30-el-pacte-industrial-analitza-els-reptes-climatics-de-la-industria\/\" \/>\n<meta property=\"og:site_name\" content=\"Pacte Industrial RMB\" \/>\n<meta property=\"article:published_time\" content=\"2025-12-12T14:48:00+00:00\" \/>\n<meta property=\"article:modified_time\" content=\"2026-02-11T10:45:51+00:00\" \/>\n<meta property=\"og:image\" content=\"https:\/\/www.pacteindustrial.org\/wp-content\/uploads\/2025\/12\/2025.12.12_Foto-1.jpg\" \/>\n\t<meta property=\"og:image:width\" content=\"1024\" \/>\n\t<meta property=\"og:image:height\" content=\"578\" \/>\n<meta name=\"twitter:card\" content=\"summary_large_image\" \/>\n<meta name=\"twitter:label1\" content=\"Temps estimat de lectura\">\n\t<meta name=\"twitter:data1\" content=\"4 minuts\">\n<script type=\"application\/ld+json\" class=\"yoast-schema-graph\">{\"@context\":\"https:\/\/schema.org\",\"@graph\":[{\"@type\":\"WebSite\",\"@id\":\"https:\/\/www.pacteindustrial.org\/ca\/#website\",\"url\":\"https:\/\/www.pacteindustrial.org\/ca\/\",\"name\":\"Pacte Industrial RMB\",\"description\":\"\",\"potentialAction\":[{\"@type\":\"SearchAction\",\"target\":\"https:\/\/www.pacteindustrial.org\/ca\/?s={search_term_string}\",\"query-input\":\"required name=search_term_string\"}],\"inLanguage\":\"ca\"},{\"@type\":\"ImageObject\",\"@id\":\"https:\/\/www.pacteindustrial.org\/ca\/blog\/de-lacord-de-paris-a-la-cop-30-el-pacte-industrial-analitza-els-reptes-climatics-de-la-industria\/#primaryimage\",\"inLanguage\":\"ca\",\"url\":\"https:\/\/www.pacteindustrial.org\/wp-content\/uploads\/2025\/12\/2025.12.12_Foto-1.jpg\",\"contentUrl\":\"https:\/\/www.pacteindustrial.org\/wp-content\/uploads\/2025\/12\/2025.12.12_Foto-1.jpg\",\"width\":1024,\"height\":578},{\"@type\":\"WebPage\",\"@id\":\"https:\/\/www.pacteindustrial.org\/ca\/blog\/de-lacord-de-paris-a-la-cop-30-el-pacte-industrial-analitza-els-reptes-climatics-de-la-industria\/#webpage\",\"url\":\"https:\/\/www.pacteindustrial.org\/ca\/blog\/de-lacord-de-paris-a-la-cop-30-el-pacte-industrial-analitza-els-reptes-climatics-de-la-industria\/\",\"name\":\"De l\\u2019Acord de Par\\u00eds a la COP30: el Pacte Industrial analitza els reptes clim\\u00e0tics de la ind\\u00fastria - Pacte Industrial RMB\",\"isPartOf\":{\"@id\":\"https:\/\/www.pacteindustrial.org\/ca\/#website\"},\"primaryImageOfPage\":{\"@id\":\"https:\/\/www.pacteindustrial.org\/ca\/blog\/de-lacord-de-paris-a-la-cop-30-el-pacte-industrial-analitza-els-reptes-climatics-de-la-industria\/#primaryimage\"},\"datePublished\":\"2025-12-12T14:48:00+00:00\",\"dateModified\":\"2026-02-11T10:45:51+00:00\",\"author\":{\"@id\":\"https:\/\/www.pacteindustrial.org\/ca\/#\/schema\/person\/f468d9850ca7905907ca1d9a87dd47a4\"},\"breadcrumb\":{\"@id\":\"https:\/\/www.pacteindustrial.org\/ca\/blog\/de-lacord-de-paris-a-la-cop-30-el-pacte-industrial-analitza-els-reptes-climatics-de-la-industria\/#breadcrumb\"},\"inLanguage\":\"ca\",\"potentialAction\":[{\"@type\":\"ReadAction\",\"target\":[\"https:\/\/www.pacteindustrial.org\/ca\/blog\/de-lacord-de-paris-a-la-cop-30-el-pacte-industrial-analitza-els-reptes-climatics-de-la-industria\/\"]}]},{\"@type\":\"BreadcrumbList\",\"@id\":\"https:\/\/www.pacteindustrial.org\/ca\/blog\/de-lacord-de-paris-a-la-cop-30-el-pacte-industrial-analitza-els-reptes-climatics-de-la-industria\/#breadcrumb\",\"itemListElement\":[{\"@type\":\"ListItem\",\"position\":1,\"item\":{\"@type\":\"WebPage\",\"@id\":\"https:\/\/www.pacteindustrial.org\/ca\/\",\"url\":\"https:\/\/www.pacteindustrial.org\/ca\/\",\"name\":\"Home\"}},{\"@type\":\"ListItem\",\"position\":2,\"item\":{\"@type\":\"WebPage\",\"@id\":\"https:\/\/www.pacteindustrial.org\/ca\/blog\/de-lacord-de-paris-a-la-cop-30-el-pacte-industrial-analitza-els-reptes-climatics-de-la-industria\/\",\"url\":\"https:\/\/www.pacteindustrial.org\/ca\/blog\/de-lacord-de-paris-a-la-cop-30-el-pacte-industrial-analitza-els-reptes-climatics-de-la-industria\/\",\"name\":\"De l\\u2019Acord de Par\\u00eds a la COP30: el Pacte Industrial analitza els reptes clim\\u00e0tics de la ind\\u00fastria\"}}]},{\"@type\":\"Person\",\"@id\":\"https:\/\/www.pacteindustrial.org\/ca\/#\/schema\/person\/f468d9850ca7905907ca1d9a87dd47a4\",\"name\":\"cmartinez@pacteindustrial.org\",\"image\":{\"@type\":\"ImageObject\",\"@id\":\"https:\/\/www.pacteindustrial.org\/ca\/#personlogo\",\"inLanguage\":\"ca\",\"url\":\"https:\/\/secure.gravatar.com\/avatar\/fcee0cfd9e0b9895b8dd291573c84526?s=96&d=mm&r=g\",\"contentUrl\":\"https:\/\/secure.gravatar.com\/avatar\/fcee0cfd9e0b9895b8dd291573c84526?s=96&d=mm&r=g\",\"caption\":\"cmartinez@pacteindustrial.org\"}}]}<\/script>\n<!-- \/ Yoast SEO plugin. -->","_links":{"self":[{"href":"https:\/\/www.pacteindustrial.org\/ca\/wp-json\/wp\/v2\/posts\/25491"}],"collection":[{"href":"https:\/\/www.pacteindustrial.org\/ca\/wp-json\/wp\/v2\/posts"}],"about":[{"href":"https:\/\/www.pacteindustrial.org\/ca\/wp-json\/wp\/v2\/types\/post"}],"author":[{"embeddable":true,"href":"https:\/\/www.pacteindustrial.org\/ca\/wp-json\/wp\/v2\/users\/6"}],"replies":[{"embeddable":true,"href":"https:\/\/www.pacteindustrial.org\/ca\/wp-json\/wp\/v2\/comments?post=25491"}],"version-history":[{"count":22,"href":"https:\/\/www.pacteindustrial.org\/ca\/wp-json\/wp\/v2\/posts\/25491\/revisions"}],"predecessor-version":[{"id":26342,"href":"https:\/\/www.pacteindustrial.org\/ca\/wp-json\/wp\/v2\/posts\/25491\/revisions\/26342"}],"wp:featuredmedia":[{"embeddable":true,"href":"https:\/\/www.pacteindustrial.org\/ca\/wp-json\/wp\/v2\/media\/25497"}],"wp:attachment":[{"href":"https:\/\/www.pacteindustrial.org\/ca\/wp-json\/wp\/v2\/media?parent=25491"}],"wp:term":[{"taxonomy":"category","embeddable":true,"href":"https:\/\/www.pacteindustrial.org\/ca\/wp-json\/wp\/v2\/categories?post=25491"},{"taxonomy":"post_tag","embeddable":true,"href":"https:\/\/www.pacteindustrial.org\/ca\/wp-json\/wp\/v2\/tags?post=25491"},{"taxonomy":"post_scope","embeddable":true,"href":"https:\/\/www.pacteindustrial.org\/ca\/wp-json\/wp\/v2\/post_scope?post=25491"}],"curies":[{"name":"wp","href":"https:\/\/api.w.org\/{rel}","templated":true}]}}