{"id":26845,"date":"2026-04-22T20:18:00","date_gmt":"2026-04-22T18:18:00","guid":{"rendered":"https:\/\/www.pacteindustrial.org\/?p=26845"},"modified":"2026-04-24T12:17:49","modified_gmt":"2026-04-24T10:17:49","slug":"el-pacte-industrial-i-aemes-smart-aposten-per-la-mobilitat-sostenible-com-a-palanca-de-desenvolupament-industrial-i-territorial","status":"publish","type":"post","link":"https:\/\/www.pacteindustrial.org\/ca\/blog\/el-pacte-industrial-i-aemes-smart-aposten-per-la-mobilitat-sostenible-com-a-palanca-de-desenvolupament-industrial-i-territorial\/","title":{"rendered":"El Pacte Industrial i AEMES Smart aposten per la mobilitat sostenible com a palanca de desenvolupament industrial i territorial"},"content":{"rendered":"\n<p>El&nbsp;<strong>Pacte Industrial de la Regi\u00f3 Metropolitana de Barcelona<\/strong> i <strong><a href=\"https:\/\/www.aemes-smart.com\/ca\" target=\"_blank\" rel=\"noreferrer noopener\">AEMES Smart<\/a><\/strong> han organitzat la jornada <strong>\u201cUn nou marc per a la mobilitat sostenible\u201d<\/strong>.<\/p>\n\n\n\n<p>L\u2019acte, celebrat el passat 22 d&#8217;abril al <a href=\"https:\/\/palaumacaya.fundacionlacaixa.org\/ca\/\" target=\"_blank\" rel=\"noreferrer noopener\">Palau Macaya<\/a>, ha comptat amb el suport de la&nbsp;<strong><a href=\"https:\/\/fundacionlacaixa.org\/ca\/\" target=\"_blank\" rel=\"noreferrer noopener\">Fundaci\u00f3 \u201cla Caixa\u201d<\/a><\/strong>, l\u2019<strong><a href=\"https:\/\/www.atm.cat\/\" target=\"_blank\" rel=\"noreferrer noopener\">ATM<\/a><\/strong>, l\u2019<strong><a href=\"https:\/\/www.amb.cat\/s\/home.html\" target=\"_blank\" rel=\"noreferrer noopener\">AMB<\/a><\/strong>, l\u2019<strong><a href=\"https:\/\/www.aeball.com\/ca\/oficina-zero\" target=\"_blank\" rel=\"noreferrer noopener\">Oficina Zero d\u2019AEBALL<\/a><\/strong>&nbsp;i el&nbsp;<strong>F\u00f2rum Ind\u00fastria de la Mobilitat Sostenible del Pacte Industrial<\/strong>, ha tingut com a objectiu explorar el nou escenari de la mobilitat sostenible, amb especial atenci\u00f3 a l\u2019impacte de la nova llei i al paper clau de les estrat\u00e8gies col\u00b7laboratives per refor\u00e7ar la competitivitat empresarial i territorial.<\/p>\n\n\n\n<p>Amb aquesta iniciativa, els organitzadors han volgut anar m\u00e9s enll\u00e0 d\u2019un simple espai de debat per consolidar una <strong>plataforma estable de reflexi\u00f3, col\u00b7laboraci\u00f3 i acci\u00f3 compartida entre els diferents agents implicats<\/strong>. L\u2019objectiu \u00e9s <strong>avan\u00e7ar de manera decidida cap a un model de mobilitat m\u00e9s sostenible, per\u00f2 tamb\u00e9 m\u00e9s competitiu i plenament alineat amb els reptes econ\u00f2mics, socials i ambientals que afronta el territori<\/strong>.<\/p>\n\n\n\n<p>En aquest sentit, s\u2019ha posat en relleu que la transformaci\u00f3 de la mobilitat no es pot entendre \u00fanicament des de la perspectiva de l\u2019oferta, sin\u00f3 que \u00e9s imprescindible impulsar tamb\u00e9 la <strong>demanda de solucions sostenibles<\/strong>. Aquest element \u00e9s clau per accelerar el desenvolupament i la consolidaci\u00f3 de l\u2019<strong>ecosistema industrial de la regi\u00f3 metropolitana de Barcelona<\/strong>, un entorn altament din\u00e0mic i innovador que ja est\u00e0 generant respostes concretes als <strong>nous reptes de mobilitat<\/strong>.<\/p>\n\n\n\n<p>Aquest ecosistema inclou empreses i iniciatives vinculades al desenvolupament de vehicles sostenibles, infraestructures de rec\u00e0rrega, sistemes energ\u00e8tics avan\u00e7ats i solucions intel\u00b7ligents de gesti\u00f3 de la mobilitat, entre d\u2019altres. Tot plegat configura una <strong>cadena de valor estrat\u00e8gica que no nom\u00e9s contribueix a la descarbonitzaci\u00f3, sin\u00f3 que tamb\u00e9 refor\u00e7a la competitivitat empresarial i la capacitat d\u2019atracci\u00f3 d\u2019inversions del territori<\/strong>.<\/p>\n\n\n<div class=\"whads-imagecarousel-block\"><ul class=\"image-list\"><li class=\"image-entry\"><img width=\"1024\" height=\"577\" src=\"https:\/\/www.pacteindustrial.org\/wp-content\/uploads\/2026\/04\/2026.04.22_Foto-3.jpg\" class=\"infographic-image\" alt=\"\" loading=\"lazy\" srcset=\"https:\/\/www.pacteindustrial.org\/wp-content\/uploads\/2026\/04\/2026.04.22_Foto-3.jpg 1024w, https:\/\/www.pacteindustrial.org\/wp-content\/uploads\/2026\/04\/2026.04.22_Foto-3-300x169.jpg 300w, https:\/\/www.pacteindustrial.org\/wp-content\/uploads\/2026\/04\/2026.04.22_Foto-3-768x433.jpg 768w, https:\/\/www.pacteindustrial.org\/wp-content\/uploads\/2026\/04\/2026.04.22_Foto-3-200x113.jpg 200w\" sizes=\"(max-width: 1024px) 100vw, 1024px\" \/><\/li><li class=\"image-entry\"><img width=\"1024\" height=\"577\" src=\"https:\/\/www.pacteindustrial.org\/wp-content\/uploads\/2026\/04\/2026.04.22_Foto-4.jpg\" class=\"infographic-image\" alt=\"\" loading=\"lazy\" srcset=\"https:\/\/www.pacteindustrial.org\/wp-content\/uploads\/2026\/04\/2026.04.22_Foto-4.jpg 1024w, https:\/\/www.pacteindustrial.org\/wp-content\/uploads\/2026\/04\/2026.04.22_Foto-4-300x169.jpg 300w, https:\/\/www.pacteindustrial.org\/wp-content\/uploads\/2026\/04\/2026.04.22_Foto-4-768x433.jpg 768w, https:\/\/www.pacteindustrial.org\/wp-content\/uploads\/2026\/04\/2026.04.22_Foto-4-200x113.jpg 200w\" sizes=\"(max-width: 1024px) 100vw, 1024px\" \/><\/li><li class=\"image-entry\"><img width=\"1024\" height=\"577\" src=\"https:\/\/www.pacteindustrial.org\/wp-content\/uploads\/2026\/04\/2026.04.22_Foto-5.jpg\" class=\"infographic-image\" alt=\"\" loading=\"lazy\" srcset=\"https:\/\/www.pacteindustrial.org\/wp-content\/uploads\/2026\/04\/2026.04.22_Foto-5.jpg 1024w, https:\/\/www.pacteindustrial.org\/wp-content\/uploads\/2026\/04\/2026.04.22_Foto-5-300x169.jpg 300w, https:\/\/www.pacteindustrial.org\/wp-content\/uploads\/2026\/04\/2026.04.22_Foto-5-768x433.jpg 768w, https:\/\/www.pacteindustrial.org\/wp-content\/uploads\/2026\/04\/2026.04.22_Foto-5-200x113.jpg 200w\" sizes=\"(max-width: 1024px) 100vw, 1024px\" \/><\/li><li class=\"image-entry\"><img width=\"1024\" height=\"577\" src=\"https:\/\/www.pacteindustrial.org\/wp-content\/uploads\/2026\/04\/2026.04.22_Foto-6.jpg\" class=\"infographic-image\" alt=\"\" loading=\"lazy\" srcset=\"https:\/\/www.pacteindustrial.org\/wp-content\/uploads\/2026\/04\/2026.04.22_Foto-6.jpg 1024w, https:\/\/www.pacteindustrial.org\/wp-content\/uploads\/2026\/04\/2026.04.22_Foto-6-300x169.jpg 300w, https:\/\/www.pacteindustrial.org\/wp-content\/uploads\/2026\/04\/2026.04.22_Foto-6-768x433.jpg 768w, https:\/\/www.pacteindustrial.org\/wp-content\/uploads\/2026\/04\/2026.04.22_Foto-6-200x113.jpg 200w\" sizes=\"(max-width: 1024px) 100vw, 1024px\" \/><\/li><li class=\"image-entry\"><img width=\"1024\" height=\"576\" src=\"https:\/\/www.pacteindustrial.org\/wp-content\/uploads\/2026\/04\/2026.04.22_Foto-7.jpg\" class=\"infographic-image\" alt=\"\" loading=\"lazy\" srcset=\"https:\/\/www.pacteindustrial.org\/wp-content\/uploads\/2026\/04\/2026.04.22_Foto-7.jpg 1024w, https:\/\/www.pacteindustrial.org\/wp-content\/uploads\/2026\/04\/2026.04.22_Foto-7-300x169.jpg 300w, https:\/\/www.pacteindustrial.org\/wp-content\/uploads\/2026\/04\/2026.04.22_Foto-7-768x432.jpg 768w, https:\/\/www.pacteindustrial.org\/wp-content\/uploads\/2026\/04\/2026.04.22_Foto-7-200x113.jpg 200w\" sizes=\"(max-width: 1024px) 100vw, 1024px\" \/><\/li><li class=\"image-entry\"><img width=\"1024\" height=\"578\" src=\"https:\/\/www.pacteindustrial.org\/wp-content\/uploads\/2026\/04\/2026.04.22_Foto-2.jpg\" class=\"infographic-image\" alt=\"\" loading=\"lazy\" srcset=\"https:\/\/www.pacteindustrial.org\/wp-content\/uploads\/2026\/04\/2026.04.22_Foto-2.jpg 1024w, https:\/\/www.pacteindustrial.org\/wp-content\/uploads\/2026\/04\/2026.04.22_Foto-2-300x169.jpg 300w, https:\/\/www.pacteindustrial.org\/wp-content\/uploads\/2026\/04\/2026.04.22_Foto-2-768x434.jpg 768w, https:\/\/www.pacteindustrial.org\/wp-content\/uploads\/2026\/04\/2026.04.22_Foto-2-200x113.jpg 200w\" sizes=\"(max-width: 1024px) 100vw, 1024px\" \/><\/li><li class=\"image-entry\"><img width=\"1024\" height=\"578\" src=\"https:\/\/www.pacteindustrial.org\/wp-content\/uploads\/2026\/04\/2026.04.22_Foto-1.jpg\" class=\"infographic-image\" alt=\"\" loading=\"lazy\" srcset=\"https:\/\/www.pacteindustrial.org\/wp-content\/uploads\/2026\/04\/2026.04.22_Foto-1.jpg 1024w, https:\/\/www.pacteindustrial.org\/wp-content\/uploads\/2026\/04\/2026.04.22_Foto-1-300x169.jpg 300w, https:\/\/www.pacteindustrial.org\/wp-content\/uploads\/2026\/04\/2026.04.22_Foto-1-768x434.jpg 768w, https:\/\/www.pacteindustrial.org\/wp-content\/uploads\/2026\/04\/2026.04.22_Foto-1-200x113.jpg 200w\" sizes=\"(max-width: 1024px) 100vw, 1024px\" \/><\/li><li class=\"image-entry\"><img width=\"1024\" height=\"578\" src=\"https:\/\/www.pacteindustrial.org\/wp-content\/uploads\/2026\/04\/2026.04.22_Foto-10.jpg\" class=\"infographic-image\" alt=\"\" loading=\"lazy\" srcset=\"https:\/\/www.pacteindustrial.org\/wp-content\/uploads\/2026\/04\/2026.04.22_Foto-10.jpg 1024w, https:\/\/www.pacteindustrial.org\/wp-content\/uploads\/2026\/04\/2026.04.22_Foto-10-300x169.jpg 300w, https:\/\/www.pacteindustrial.org\/wp-content\/uploads\/2026\/04\/2026.04.22_Foto-10-768x434.jpg 768w, https:\/\/www.pacteindustrial.org\/wp-content\/uploads\/2026\/04\/2026.04.22_Foto-10-200x113.jpg 200w\" sizes=\"(max-width: 1024px) 100vw, 1024px\" \/><\/li><li class=\"image-entry\"><img width=\"1024\" height=\"578\" src=\"https:\/\/www.pacteindustrial.org\/wp-content\/uploads\/2026\/04\/2026.04.22_Foto-8.jpg\" class=\"infographic-image\" alt=\"\" loading=\"lazy\" srcset=\"https:\/\/www.pacteindustrial.org\/wp-content\/uploads\/2026\/04\/2026.04.22_Foto-8.jpg 1024w, https:\/\/www.pacteindustrial.org\/wp-content\/uploads\/2026\/04\/2026.04.22_Foto-8-300x169.jpg 300w, https:\/\/www.pacteindustrial.org\/wp-content\/uploads\/2026\/04\/2026.04.22_Foto-8-768x434.jpg 768w, https:\/\/www.pacteindustrial.org\/wp-content\/uploads\/2026\/04\/2026.04.22_Foto-8-200x113.jpg 200w\" sizes=\"(max-width: 1024px) 100vw, 1024px\" \/><\/li><\/ul><\/div>\n\n\n<p>La jornada ha ofert&nbsp;una visi\u00f3 pr\u00e0ctica i actualitzada dels <strong>canvis normatius<\/strong>, aix\u00ed com de les <strong>oportunitats<\/strong> que s\u2019obren per a les empreses i els territoris que aposten per models de mobilitat m\u00e9s eficients, innovadors i sostenibles. A trav\u00e9s de l\u2019intercanvi d\u2019experi\u00e8ncies i de bones pr\u00e0ctiques, s\u2019ha fomentat la cooperaci\u00f3 entre agents p\u00fablics i privats per impulsar <strong>solucions que generin valor econ\u00f2mic, social i ambiental<\/strong>.<\/p>\n\n\n\n<p>L\u2019acte s\u2019ha iniciat amb la benvinguda institucional a c\u00e0rrec de&nbsp;<strong>Jordi Gazo,<\/strong>&nbsp;vicepresident d\u2019AEMES Smart, i&nbsp;<strong>Carles Rivera<\/strong>, coordinador gerent del Pacte Industrial. Seguidament,&nbsp;<strong>Susi L\u00f3pez<\/strong>, directora general de Transports i Mobilitat de la Generalitat de Catalunya, ha ofert una pon\u00e8ncia sobre la nova llei i el marc normatiu de la mobilitat.<\/p>\n\n\n\n<figure class=\"wp-block-pullquote\"><blockquote><p>\u00abEl m\u00f3n local hi t\u00e9 un paper fonamental: els ajuntaments i les administracions de proximitat s\u00f3n una pe\u00e7a clau per aterrar les pol\u00edtiques de mobilitat i convertir-les en millores tangibles, en col\u00b7laboraci\u00f3 amb les empreses\u00bb.<\/p><cite>CARLES RIVERA, COORDINADOR GERENT DEL PACTE INDUSTRIAL<\/cite><\/blockquote><\/figure>\n\n\n\n<p><strong>Jordi Gazo<\/strong>&nbsp;ha destacat que <strong>\u00aben un moment en qu\u00e8 la transici\u00f3 energ\u00e8tica i la descarbonitzaci\u00f3 del transport s\u00f3n una prioritat,&nbsp;\u00e9s imprescindible que tots els actors implicats treballem alineats i amb una visi\u00f3 compartida. La nova normativa ens marca el cam\u00ed, per\u00f2 som nosaltres \u2013des del territori i des de la ind\u00fastria\u2013 qui hem de transformar-la en resultats tangibles\u00bb<\/strong>.<\/p>\n\n\n\n<p><strong>Carles Rivera<\/strong>&nbsp;ha assenyalat que&nbsp;<strong>\u00abtenim l\u2019objectiu compartit que la mobilitat sostenible no sigui nom\u00e9s una exig\u00e8ncia normativa, sin\u00f3 una aut\u00e8ntica palanca de transformaci\u00f3 econ\u00f2mica, territorial i social\u00bb<\/strong>. En aquest sentit, ha afegit que<strong>&nbsp;\u00abel m\u00f3n local hi t\u00e9 un paper fonamental: els ajuntaments i les administracions de proximitat s\u00f3n una pe\u00e7a clau per aterrar les pol\u00edtiques de mobilitat i convertir-les en millores tangibles, en col\u00b7laboraci\u00f3 amb les empreses\u00bb<\/strong>.<\/p>\n\n\n\n<p>La jornada ha incl\u00f2s dues taules rodones. La primera, centrada en solucions per adaptar les empreses a la nova normativa, que ha comptat amb representants de&nbsp;<strong>SEAT &amp; CUPRA (Lourdes Bueno)<\/strong>,&nbsp;<strong>EURECAT (Laia Garriga)<\/strong>,&nbsp;<strong>Floox (Jordi Gazo)<\/strong>,&nbsp;<strong>BBVA (Carlos Mart\u00ednez)<\/strong>&nbsp;i&nbsp;<strong>Boehringer Ingelheim (M\u00f3nica S\u00e1nchez)<\/strong>, moderada per&nbsp;<strong>Joan Guzman (Eclipse Partners)<\/strong>. La segona ha abordat els reptes i estrat\u00e8gies de les administracions locals per millorar la mobilitat laboral, amb la participaci\u00f3 de la&nbsp;<strong>Diputaci\u00f3 de Barcelona (Jordi Boixader)<\/strong>, l\u2019<strong>AMB (Marc Iglesias), l&#8217;Ajuntament de Granollers (Laura Llavina)&nbsp;<\/strong>i<strong>&nbsp;l&#8217;Ajuntament de l&#8217;Hospitalet de Llobregat (Marc Segura)<\/strong>, sota la moderaci\u00f3 d\u2019<strong>Omar Minguill\u00f3n (Pacte Industrial i UGT de Catalunya).<\/strong><\/p>\n\n\n\n<p>A m\u00e9s, s\u2019ha presentat el nou&nbsp;<strong>Pla Director de Mobilitat (pdM) 2026-2031<\/strong>, a c\u00e0rrec de&nbsp;<strong>Manuel Vald\u00e9s<\/strong>&nbsp;<strong>(ATM)<\/strong>, i el&nbsp;<strong>Pla Metropolit\u00e0 de Mobilitat Urbana (PMMU) 2025-2030<\/strong>, de la m\u00e0 de&nbsp;<strong>Maite P\u00e9rez<\/strong>&nbsp;<strong>(AMB)<\/strong>, destacant les oportunitats que aquests instruments ofereixen al teixit empresarial.<\/p>\n\n\n\n<p>La jornada ha finalitzat amb un resum i l\u00ednies d\u2019acci\u00f3 a futur per part de&nbsp;<strong>Neus Olea<\/strong>, directora d\u2019<strong>AEMES Smart<\/strong>.<\/p>\n","protected":false},"excerpt":{"rendered":"<p>El&nbsp;Pacte Industrial de la Regi\u00f3 Metropolitana de Barcelona i AEMES Smart han organitzat la jornada \u201cUn nou marc per a la mobilitat sostenible\u201d. L\u2019acte, celebrat el passat 22 d&#8217;abril al Palau Macaya, ha comptat amb el suport de la&nbsp;Fundaci\u00f3 \u201cla Caixa\u201d, l\u2019ATM, l\u2019AMB, l\u2019Oficina Zero d\u2019AEBALL&nbsp;i el&nbsp;F\u00f2rum Ind\u00fastria de la Mobilitat Sostenible del Pacte Industrial, [&#8230;]<\/p>\n","protected":false},"author":6,"featured_media":26874,"comment_status":"open","ping_status":"open","sticky":false,"template":"","format":"standard","meta":[],"categories":[332],"tags":[461,450,355,353,72,79,153],"post_scope":[],"yoast_head":"<!-- This site is optimized with the Yoast SEO plugin v16.1.1 - https:\/\/yoast.com\/wordpress\/plugins\/seo\/ -->\n<title>El Pacte Industrial i AEMES Smart aposten per la mobilitat sostenible com a palanca de desenvolupament industrial i territorial - Pacte Industrial RMB<\/title>\n<link rel=\"canonical\" href=\"https:\/\/www.pacteindustrial.org\/ca\/blog\/el-pacte-industrial-i-aemes-smart-aposten-per-la-mobilitat-sostenible-com-a-palanca-de-desenvolupament-industrial-i-territorial\/\" \/>\n<meta property=\"og:locale\" content=\"ca_ES\" \/>\n<meta property=\"og:type\" content=\"article\" \/>\n<meta property=\"og:title\" content=\"El Pacte Industrial i AEMES Smart aposten per la mobilitat sostenible com a palanca de desenvolupament industrial i territorial - Pacte Industrial RMB\" \/>\n<meta property=\"og:description\" content=\"El&nbsp;Pacte Industrial de la Regi\u00f3 Metropolitana de Barcelona i AEMES Smart han organitzat la jornada \u201cUn nou marc per a la mobilitat sostenible\u201d. L\u2019acte, celebrat el passat 22 d&#8217;abril al Palau Macaya, ha comptat amb el suport de la&nbsp;Fundaci\u00f3 \u201cla Caixa\u201d, l\u2019ATM, l\u2019AMB, l\u2019Oficina Zero d\u2019AEBALL&nbsp;i el&nbsp;F\u00f2rum Ind\u00fastria de la Mobilitat Sostenible del Pacte Industrial, [...]\" \/>\n<meta property=\"og:url\" content=\"https:\/\/www.pacteindustrial.org\/ca\/blog\/el-pacte-industrial-i-aemes-smart-aposten-per-la-mobilitat-sostenible-com-a-palanca-de-desenvolupament-industrial-i-territorial\/\" \/>\n<meta property=\"og:site_name\" content=\"Pacte Industrial RMB\" \/>\n<meta property=\"article:published_time\" content=\"2026-04-22T18:18:00+00:00\" \/>\n<meta property=\"article:modified_time\" content=\"2026-04-24T10:17:49+00:00\" \/>\n<meta property=\"og:image\" content=\"https:\/\/www.pacteindustrial.org\/wp-content\/uploads\/2026\/04\/2026.04.22_Foto-9.jpg\" \/>\n\t<meta property=\"og:image:width\" content=\"1024\" \/>\n\t<meta property=\"og:image:height\" content=\"578\" \/>\n<meta name=\"twitter:card\" content=\"summary_large_image\" \/>\n<meta name=\"twitter:label1\" content=\"Temps estimat de lectura\">\n\t<meta name=\"twitter:data1\" content=\"4 minuts\">\n<script type=\"application\/ld+json\" class=\"yoast-schema-graph\">{\"@context\":\"https:\/\/schema.org\",\"@graph\":[{\"@type\":\"WebSite\",\"@id\":\"https:\/\/www.pacteindustrial.org\/ca\/#website\",\"url\":\"https:\/\/www.pacteindustrial.org\/ca\/\",\"name\":\"Pacte Industrial RMB\",\"description\":\"\",\"potentialAction\":[{\"@type\":\"SearchAction\",\"target\":\"https:\/\/www.pacteindustrial.org\/ca\/?s={search_term_string}\",\"query-input\":\"required name=search_term_string\"}],\"inLanguage\":\"ca\"},{\"@type\":\"ImageObject\",\"@id\":\"https:\/\/www.pacteindustrial.org\/ca\/blog\/el-pacte-industrial-i-aemes-smart-aposten-per-la-mobilitat-sostenible-com-a-palanca-de-desenvolupament-industrial-i-territorial\/#primaryimage\",\"inLanguage\":\"ca\",\"url\":\"https:\/\/www.pacteindustrial.org\/wp-content\/uploads\/2026\/04\/2026.04.22_Foto-9.jpg\",\"contentUrl\":\"https:\/\/www.pacteindustrial.org\/wp-content\/uploads\/2026\/04\/2026.04.22_Foto-9.jpg\",\"width\":1024,\"height\":578},{\"@type\":\"WebPage\",\"@id\":\"https:\/\/www.pacteindustrial.org\/ca\/blog\/el-pacte-industrial-i-aemes-smart-aposten-per-la-mobilitat-sostenible-com-a-palanca-de-desenvolupament-industrial-i-territorial\/#webpage\",\"url\":\"https:\/\/www.pacteindustrial.org\/ca\/blog\/el-pacte-industrial-i-aemes-smart-aposten-per-la-mobilitat-sostenible-com-a-palanca-de-desenvolupament-industrial-i-territorial\/\",\"name\":\"El Pacte Industrial i AEMES Smart aposten per la mobilitat sostenible com a palanca de desenvolupament industrial i territorial - Pacte Industrial RMB\",\"isPartOf\":{\"@id\":\"https:\/\/www.pacteindustrial.org\/ca\/#website\"},\"primaryImageOfPage\":{\"@id\":\"https:\/\/www.pacteindustrial.org\/ca\/blog\/el-pacte-industrial-i-aemes-smart-aposten-per-la-mobilitat-sostenible-com-a-palanca-de-desenvolupament-industrial-i-territorial\/#primaryimage\"},\"datePublished\":\"2026-04-22T18:18:00+00:00\",\"dateModified\":\"2026-04-24T10:17:49+00:00\",\"author\":{\"@id\":\"https:\/\/www.pacteindustrial.org\/ca\/#\/schema\/person\/f468d9850ca7905907ca1d9a87dd47a4\"},\"breadcrumb\":{\"@id\":\"https:\/\/www.pacteindustrial.org\/ca\/blog\/el-pacte-industrial-i-aemes-smart-aposten-per-la-mobilitat-sostenible-com-a-palanca-de-desenvolupament-industrial-i-territorial\/#breadcrumb\"},\"inLanguage\":\"ca\",\"potentialAction\":[{\"@type\":\"ReadAction\",\"target\":[\"https:\/\/www.pacteindustrial.org\/ca\/blog\/el-pacte-industrial-i-aemes-smart-aposten-per-la-mobilitat-sostenible-com-a-palanca-de-desenvolupament-industrial-i-territorial\/\"]}]},{\"@type\":\"BreadcrumbList\",\"@id\":\"https:\/\/www.pacteindustrial.org\/ca\/blog\/el-pacte-industrial-i-aemes-smart-aposten-per-la-mobilitat-sostenible-com-a-palanca-de-desenvolupament-industrial-i-territorial\/#breadcrumb\",\"itemListElement\":[{\"@type\":\"ListItem\",\"position\":1,\"item\":{\"@type\":\"WebPage\",\"@id\":\"https:\/\/www.pacteindustrial.org\/ca\/\",\"url\":\"https:\/\/www.pacteindustrial.org\/ca\/\",\"name\":\"Home\"}},{\"@type\":\"ListItem\",\"position\":2,\"item\":{\"@type\":\"WebPage\",\"@id\":\"https:\/\/www.pacteindustrial.org\/ca\/blog\/el-pacte-industrial-i-aemes-smart-aposten-per-la-mobilitat-sostenible-com-a-palanca-de-desenvolupament-industrial-i-territorial\/\",\"url\":\"https:\/\/www.pacteindustrial.org\/ca\/blog\/el-pacte-industrial-i-aemes-smart-aposten-per-la-mobilitat-sostenible-com-a-palanca-de-desenvolupament-industrial-i-territorial\/\",\"name\":\"El Pacte Industrial i AEMES Smart aposten per la mobilitat sostenible com a palanca de desenvolupament industrial i territorial\"}}]},{\"@type\":\"Person\",\"@id\":\"https:\/\/www.pacteindustrial.org\/ca\/#\/schema\/person\/f468d9850ca7905907ca1d9a87dd47a4\",\"name\":\"cmartinez@pacteindustrial.org\",\"image\":{\"@type\":\"ImageObject\",\"@id\":\"https:\/\/www.pacteindustrial.org\/ca\/#personlogo\",\"inLanguage\":\"ca\",\"url\":\"https:\/\/secure.gravatar.com\/avatar\/fcee0cfd9e0b9895b8dd291573c84526?s=96&d=mm&r=g\",\"contentUrl\":\"https:\/\/secure.gravatar.com\/avatar\/fcee0cfd9e0b9895b8dd291573c84526?s=96&d=mm&r=g\",\"caption\":\"cmartinez@pacteindustrial.org\"}}]}<\/script>\n<!-- \/ Yoast SEO plugin. -->","_links":{"self":[{"href":"https:\/\/www.pacteindustrial.org\/ca\/wp-json\/wp\/v2\/posts\/26845"}],"collection":[{"href":"https:\/\/www.pacteindustrial.org\/ca\/wp-json\/wp\/v2\/posts"}],"about":[{"href":"https:\/\/www.pacteindustrial.org\/ca\/wp-json\/wp\/v2\/types\/post"}],"author":[{"embeddable":true,"href":"https:\/\/www.pacteindustrial.org\/ca\/wp-json\/wp\/v2\/users\/6"}],"replies":[{"embeddable":true,"href":"https:\/\/www.pacteindustrial.org\/ca\/wp-json\/wp\/v2\/comments?post=26845"}],"version-history":[{"count":14,"href":"https:\/\/www.pacteindustrial.org\/ca\/wp-json\/wp\/v2\/posts\/26845\/revisions"}],"predecessor-version":[{"id":26902,"href":"https:\/\/www.pacteindustrial.org\/ca\/wp-json\/wp\/v2\/posts\/26845\/revisions\/26902"}],"wp:featuredmedia":[{"embeddable":true,"href":"https:\/\/www.pacteindustrial.org\/ca\/wp-json\/wp\/v2\/media\/26874"}],"wp:attachment":[{"href":"https:\/\/www.pacteindustrial.org\/ca\/wp-json\/wp\/v2\/media?parent=26845"}],"wp:term":[{"taxonomy":"category","embeddable":true,"href":"https:\/\/www.pacteindustrial.org\/ca\/wp-json\/wp\/v2\/categories?post=26845"},{"taxonomy":"post_tag","embeddable":true,"href":"https:\/\/www.pacteindustrial.org\/ca\/wp-json\/wp\/v2\/tags?post=26845"},{"taxonomy":"post_scope","embeddable":true,"href":"https:\/\/www.pacteindustrial.org\/ca\/wp-json\/wp\/v2\/post_scope?post=26845"}],"curies":[{"name":"wp","href":"https:\/\/api.w.org\/{rel}","templated":true}]}}