{"id":3091,"date":"2011-03-30T00:00:00","date_gmt":"2011-03-29T22:00:00","guid":{"rendered":"https:\/\/www.pacteindustrial.org\/el-pacte-industrial-celebra-el-seu-xvi-consell-general-al-parc-cientific-i-de-la-innovacio-tecnocampus-mataro-maresme\/"},"modified":"2020-11-22T22:00:59","modified_gmt":"2020-11-22T20:00:59","slug":"el-pacte-industrial-celebra-el-seu-xvi-consell-general-al-parc-cientific-i-de-la-innovacio-tecnocampus-mataro-maresme","status":"publish","type":"post","link":"https:\/\/www.pacteindustrial.org\/ca\/blog\/el-pacte-industrial-celebra-el-seu-xvi-consell-general-al-parc-cientific-i-de-la-innovacio-tecnocampus-mataro-maresme\/","title":{"rendered":"El Pacte Industrial celebra el seu XVI Consell General al TecnoCampus Matar\u00f3-Maresme"},"content":{"rendered":"\n<p>El Pacte Industrial ha celebrat el passat 30 de mar\u00e7 la XVI reuni\u00f3 del Consell General al TecnoCampus Matar\u00f3-Maresme, que ha estat presidida per D\u00eddac Pesta\u00f1a, president del Consell General del Pacte Industrial.<\/p>\n\n\n\n<p>La benvinguda de l&#8217;acte ha anat a c\u00e0rrec de Joan Antoni Baron, alcalde de Matar\u00f3.<\/p>\n\n\n\n<p>En el transcurs de la reuni\u00f3, Carles Ruiz, president del Comit\u00e8 Executiu del Pacte Industrial, i els quatre presidents de les Comissions han informat dels principals punts de les activitats del Pacte Industrial.<\/p>\n\n\n\n<p>Tamb\u00e9 s&#8217;ha fet el nomenament dels vicepresidents del Consell General:<\/p>\n\n\n\n<ul><li>M. del Carmen Villarrazo, en representaci\u00f3 dels sindicats.<\/li><li>Jordi Roig, en representaci\u00f3 de les associacions empresarials.\u00a0<\/li><\/ul>\n\n\n\n<p>A continuaci\u00f3, Juan Carlos Montiel i Maria Buhigas, de Barcelona Regional, han presentat les conclusions i les propostes de l&#8217;estudi del Pacte Industrial sobre les infraestructures de serveis als pol\u00edgons d&#8217;activitat econ\u00f2mica de la RMB. Aquest estudi, un cop editat, es presentar\u00e0 p\u00fablicament.<\/p>\n\n\n\n<p>En finalitzar l&#8217;acte hi ha hagut una visita al parc cient\u00edfic i de la innovaci\u00f3 TecnoCampus Matar\u00f3-Maresme.<\/p>\n","protected":false},"excerpt":{"rendered":"<p>El Pacte Industrial ha celebrat el passat 30 de mar\u00e7 la XVI reuni\u00f3 del Consell General al TecnoCampus Matar\u00f3-Maresme, que ha estat presidida per D\u00eddac Pesta\u00f1a, president del Consell General del Pacte Industrial. La benvinguda de l&#8217;acte ha anat a c\u00e0rrec de Joan Antoni Baron, alcalde de Matar\u00f3. En el transcurs de la reuni\u00f3, Carles [&#8230;]<\/p>\n","protected":false},"author":3,"featured_media":3092,"comment_status":"closed","ping_status":"open","sticky":false,"template":"","format":"standard","meta":[],"categories":[333,1],"tags":[37],"post_scope":[],"yoast_head":"<!-- This site is optimized with the Yoast SEO plugin v16.1.1 - https:\/\/yoast.com\/wordpress\/plugins\/seo\/ -->\n<title>El Pacte Industrial celebra el seu XVI Consell General al TecnoCampus Matar\u00f3-Maresme - Pacte Industrial RMB<\/title>\n<link rel=\"canonical\" href=\"https:\/\/www.pacteindustrial.org\/ca\/blog\/el-pacte-industrial-celebra-el-seu-xvi-consell-general-al-parc-cientific-i-de-la-innovacio-tecnocampus-mataro-maresme\/\" \/>\n<meta property=\"og:locale\" content=\"ca_ES\" \/>\n<meta property=\"og:type\" content=\"article\" \/>\n<meta property=\"og:title\" content=\"El Pacte Industrial celebra el seu XVI Consell General al TecnoCampus Matar\u00f3-Maresme - Pacte Industrial RMB\" \/>\n<meta property=\"og:description\" content=\"El Pacte Industrial ha celebrat el passat 30 de mar\u00e7 la XVI reuni\u00f3 del Consell General al TecnoCampus Matar\u00f3-Maresme, que ha estat presidida per D\u00eddac Pesta\u00f1a, president del Consell General del Pacte Industrial. La benvinguda de l&#8217;acte ha anat a c\u00e0rrec de Joan Antoni Baron, alcalde de Matar\u00f3. En el transcurs de la reuni\u00f3, Carles [...]\" \/>\n<meta property=\"og:url\" content=\"https:\/\/www.pacteindustrial.org\/ca\/blog\/el-pacte-industrial-celebra-el-seu-xvi-consell-general-al-parc-cientific-i-de-la-innovacio-tecnocampus-mataro-maresme\/\" \/>\n<meta property=\"og:site_name\" content=\"Pacte Industrial RMB\" \/>\n<meta property=\"article:published_time\" content=\"2011-03-29T22:00:00+00:00\" \/>\n<meta property=\"article:modified_time\" content=\"2020-11-22T20:00:59+00:00\" \/>\n<meta property=\"og:image\" content=\"https:\/\/www.pacteindustrial.org\/wp-content\/uploads\/2011\/03\/noticia10_0-2.jpg\" \/>\n\t<meta property=\"og:image:width\" content=\"800\" \/>\n\t<meta property=\"og:image:height\" content=\"533\" \/>\n<meta name=\"twitter:card\" content=\"summary_large_image\" \/>\n<meta name=\"twitter:label1\" content=\"Temps estimat de lectura\">\n\t<meta name=\"twitter:data1\" content=\"1 minut\">\n<script type=\"application\/ld+json\" class=\"yoast-schema-graph\">{\"@context\":\"https:\/\/schema.org\",\"@graph\":[{\"@type\":\"WebSite\",\"@id\":\"https:\/\/www.pacteindustrial.org\/ca\/#website\",\"url\":\"https:\/\/www.pacteindustrial.org\/ca\/\",\"name\":\"Pacte Industrial RMB\",\"description\":\"\",\"potentialAction\":[{\"@type\":\"SearchAction\",\"target\":\"https:\/\/www.pacteindustrial.org\/ca\/?s={search_term_string}\",\"query-input\":\"required name=search_term_string\"}],\"inLanguage\":\"ca\"},{\"@type\":\"ImageObject\",\"@id\":\"https:\/\/www.pacteindustrial.org\/ca\/blog\/el-pacte-industrial-celebra-el-seu-xvi-consell-general-al-parc-cientific-i-de-la-innovacio-tecnocampus-mataro-maresme\/#primaryimage\",\"inLanguage\":\"ca\",\"url\":\"https:\/\/www.pacteindustrial.org\/wp-content\/uploads\/2011\/03\/noticia10_0-2.jpg\",\"contentUrl\":\"https:\/\/www.pacteindustrial.org\/wp-content\/uploads\/2011\/03\/noticia10_0-2.jpg\",\"width\":800,\"height\":533,\"caption\":\"Intervenci\\u00f3 de l'alcalde de Matar\\u00f3, Sr. Joan Antoni Baron\"},{\"@type\":\"WebPage\",\"@id\":\"https:\/\/www.pacteindustrial.org\/ca\/blog\/el-pacte-industrial-celebra-el-seu-xvi-consell-general-al-parc-cientific-i-de-la-innovacio-tecnocampus-mataro-maresme\/#webpage\",\"url\":\"https:\/\/www.pacteindustrial.org\/ca\/blog\/el-pacte-industrial-celebra-el-seu-xvi-consell-general-al-parc-cientific-i-de-la-innovacio-tecnocampus-mataro-maresme\/\",\"name\":\"El Pacte Industrial celebra el seu XVI Consell General al TecnoCampus Matar\\u00f3-Maresme - Pacte Industrial RMB\",\"isPartOf\":{\"@id\":\"https:\/\/www.pacteindustrial.org\/ca\/#website\"},\"primaryImageOfPage\":{\"@id\":\"https:\/\/www.pacteindustrial.org\/ca\/blog\/el-pacte-industrial-celebra-el-seu-xvi-consell-general-al-parc-cientific-i-de-la-innovacio-tecnocampus-mataro-maresme\/#primaryimage\"},\"datePublished\":\"2011-03-29T22:00:00+00:00\",\"dateModified\":\"2020-11-22T20:00:59+00:00\",\"author\":{\"@id\":\"https:\/\/www.pacteindustrial.org\/ca\/#\/schema\/person\/f01c88f2cf2c11c69866641f45df8c6c\"},\"breadcrumb\":{\"@id\":\"https:\/\/www.pacteindustrial.org\/ca\/blog\/el-pacte-industrial-celebra-el-seu-xvi-consell-general-al-parc-cientific-i-de-la-innovacio-tecnocampus-mataro-maresme\/#breadcrumb\"},\"inLanguage\":\"ca\",\"potentialAction\":[{\"@type\":\"ReadAction\",\"target\":[\"https:\/\/www.pacteindustrial.org\/ca\/blog\/el-pacte-industrial-celebra-el-seu-xvi-consell-general-al-parc-cientific-i-de-la-innovacio-tecnocampus-mataro-maresme\/\"]}]},{\"@type\":\"BreadcrumbList\",\"@id\":\"https:\/\/www.pacteindustrial.org\/ca\/blog\/el-pacte-industrial-celebra-el-seu-xvi-consell-general-al-parc-cientific-i-de-la-innovacio-tecnocampus-mataro-maresme\/#breadcrumb\",\"itemListElement\":[{\"@type\":\"ListItem\",\"position\":1,\"item\":{\"@type\":\"WebPage\",\"@id\":\"https:\/\/www.pacteindustrial.org\/ca\/\",\"url\":\"https:\/\/www.pacteindustrial.org\/ca\/\",\"name\":\"Home\"}},{\"@type\":\"ListItem\",\"position\":2,\"item\":{\"@type\":\"WebPage\",\"@id\":\"https:\/\/www.pacteindustrial.org\/ca\/blog\/el-pacte-industrial-celebra-el-seu-xvi-consell-general-al-parc-cientific-i-de-la-innovacio-tecnocampus-mataro-maresme\/\",\"url\":\"https:\/\/www.pacteindustrial.org\/ca\/blog\/el-pacte-industrial-celebra-el-seu-xvi-consell-general-al-parc-cientific-i-de-la-innovacio-tecnocampus-mataro-maresme\/\",\"name\":\"El Pacte Industrial celebra el seu XVI Consell General al TecnoCampus Matar\\u00f3-Maresme\"}}]},{\"@type\":\"Person\",\"@id\":\"https:\/\/www.pacteindustrial.org\/ca\/#\/schema\/person\/f01c88f2cf2c11c69866641f45df8c6c\",\"name\":\"Eduard Nadal\",\"image\":{\"@type\":\"ImageObject\",\"@id\":\"https:\/\/www.pacteindustrial.org\/ca\/#personlogo\",\"inLanguage\":\"ca\",\"url\":\"https:\/\/secure.gravatar.com\/avatar\/1894e8f734287cae5956535114253572?s=96&d=mm&r=g\",\"contentUrl\":\"https:\/\/secure.gravatar.com\/avatar\/1894e8f734287cae5956535114253572?s=96&d=mm&r=g\",\"caption\":\"Eduard Nadal\"}}]}<\/script>\n<!-- \/ Yoast SEO plugin. -->","_links":{"self":[{"href":"https:\/\/www.pacteindustrial.org\/ca\/wp-json\/wp\/v2\/posts\/3091"}],"collection":[{"href":"https:\/\/www.pacteindustrial.org\/ca\/wp-json\/wp\/v2\/posts"}],"about":[{"href":"https:\/\/www.pacteindustrial.org\/ca\/wp-json\/wp\/v2\/types\/post"}],"author":[{"embeddable":true,"href":"https:\/\/www.pacteindustrial.org\/ca\/wp-json\/wp\/v2\/users\/3"}],"replies":[{"embeddable":true,"href":"https:\/\/www.pacteindustrial.org\/ca\/wp-json\/wp\/v2\/comments?post=3091"}],"version-history":[{"count":3,"href":"https:\/\/www.pacteindustrial.org\/ca\/wp-json\/wp\/v2\/posts\/3091\/revisions"}],"predecessor-version":[{"id":12435,"href":"https:\/\/www.pacteindustrial.org\/ca\/wp-json\/wp\/v2\/posts\/3091\/revisions\/12435"}],"wp:featuredmedia":[{"embeddable":true,"href":"https:\/\/www.pacteindustrial.org\/ca\/wp-json\/wp\/v2\/media\/3092"}],"wp:attachment":[{"href":"https:\/\/www.pacteindustrial.org\/ca\/wp-json\/wp\/v2\/media?parent=3091"}],"wp:term":[{"taxonomy":"category","embeddable":true,"href":"https:\/\/www.pacteindustrial.org\/ca\/wp-json\/wp\/v2\/categories?post=3091"},{"taxonomy":"post_tag","embeddable":true,"href":"https:\/\/www.pacteindustrial.org\/ca\/wp-json\/wp\/v2\/tags?post=3091"},{"taxonomy":"post_scope","embeddable":true,"href":"https:\/\/www.pacteindustrial.org\/ca\/wp-json\/wp\/v2\/post_scope?post=3091"}],"curies":[{"name":"wp","href":"https:\/\/api.w.org\/{rel}","templated":true}]}}