{"id":3095,"date":"2012-10-01T00:00:00","date_gmt":"2012-09-30T22:00:00","guid":{"rendered":"https:\/\/www.pacteindustrial.org\/el-pacte-industrial-presenta-el-seu-quadern-numero-6-analisi-de-les-infraestructures-de-serveis-dels-poligons-dactivitat-economica-de-la-regio-metropolitana-de-barcelona\/"},"modified":"2020-11-09T01:16:06","modified_gmt":"2020-11-08T23:16:06","slug":"el-pacte-industrial-presenta-el-seu-quadern-numero-6-analisi-de-les-infraestructures-de-serveis-dels-poligons-dactivitat-economica-de-la-regio-metropolitana-de-barcelona","status":"publish","type":"post","link":"https:\/\/www.pacteindustrial.org\/ca\/blog\/el-pacte-industrial-presenta-el-seu-quadern-numero-6-analisi-de-les-infraestructures-de-serveis-dels-poligons-dactivitat-economica-de-la-regio-metropolitana-de-barcelona\/","title":{"rendered":"El Pacte Industrial presenta el seu quadern n\u00famero 6 \u201cAn\u00e0lisi de les infraestructures de serveis dels pol\u00edgons d\u2019activitat econ\u00f2mica de la Regi\u00f3 Metropolitana de Barcelona\u201d"},"content":{"rendered":"\n<p>El Pacte Industrial ha presentat l&#8217;estudi <em>An\u00e0lisi de les infraestructures de serveis dels pol\u00edgons d\u2019activitat econ\u00f2mica de la Regi\u00f3 Metropolitana de Barcelona <\/em>el passat 1 d\u2019octubre a l\u2019Auditori de Fira Sabadell. L&#8217;acte ha comptat amb la intervenci\u00f3 de Manuel Bustos, alcalde de Sabadell; Montserrat Capdevila, 2a tinenta d\u2019alcalde de l\u2019\u00c0rea d\u2019Economia i Serveis Centrals de l\u2019Ajuntament de Sabadell; Carles Ruiz, president del Comit\u00e8 Executiu del Pacte Industrial; Jos\u00e9 Cachinero, president de la Comissi\u00f3 d\u2019Activitat Econ\u00f2mica del Pacte Industrial; Juan Jos\u00e9 Casado, president de la Comissi\u00f3 de Mobilitat del Pacte Industrial, i Maria Buhigas, directora d\u2019Estrat\u00e8gia Urbana de Barcelona Regional.<\/p>\n\n\n\n<p>El Pacte Industrial ha impulsat aquest ambici\u00f3s estudi &#8211;que esdev\u00e9 el n\u00famero 6 de la col\u00b7lecci\u00f3 Quaderns del Pacte Industrial&#8211; amb l\u2019objectiu d\u2019analitzar la situaci\u00f3&nbsp;actual i potencial dels pol\u00edgons de la Regi\u00f3 Metropolitana de Barcelona en relaci\u00f3 amb les infraestructures de serveis i reivindicar el paper fonamental que aquestes tenen per a la competitivitat del territori metropolit\u00e0 i la seva ind\u00fastria.<\/p>\n\n\n\n<p>Aquest estudi ha estat coordinat per la Comissi\u00f3 d\u2019Activitat Econ\u00f2mica i la Comissi\u00f3 de Mobilitat del Pacte Industrial, i ha sorgit de l\u2019impuls de Sim\u00f3n Rosado per realitzar un treball eminentment pr\u00e0ctic que afavoreixi la transformaci\u00f3 del model productiu.<\/p>\n\n\n\n<p>L\u2019estudi, realitzat per Barcelona Regional, esdev\u00e9 una eina de gran utilitat per con\u00e8ixer les necessitats d\u2019infraestructures de serveis dels pol\u00edgons de la RMB i ofereix les propostes elaborades pel Pacte Industrial amb la intenci\u00f3 de servir d\u2019ajuda per orientar les pol\u00edtiques p\u00fabliques que impulsin la transformaci\u00f3 tant dels pol\u00edgons com del model productiu.<\/p>\n\n\n\n<p>L\u2019estudi destaca els reptes de millora de molts pol\u00edgons de la RMB en els \u00e0mbits d\u2019abastament de l\u2019aigua, l\u2019electricitat, el sanejament, el gas i les telecomunicacions, que s\u00f3n de gran import\u00e0ncia per a futures actuacions de renovaci\u00f3 o adequaci\u00f3 d\u2019aquests.<\/p>\n\n\n\n<p>Segons l\u2019estudi, aproximadament el 50% dels pol\u00edgons d\u2019activitat econ\u00f2mica de la RMB t\u00e9 una mida inferior a les 10 ha. Aquest factor els pot fer poc atractius a l\u2019hora de fer-los arribar infraestructures o dotar-los de serveis que, per la seva naturalesa, necessiten una certa massa cr\u00edtica perqu\u00e8 siguin rendibles.<\/p>\n\n\n\n<p>El 40% d\u2019aquests pol\u00edgons formen un cont\u00ednuum urb\u00e0 amb d\u2019altres de mida similar o superior, i la seva divisi\u00f3 es deu fonamentalment a temes administratius. El tractament conjunt de pol\u00edgons contigus, amb pol\u00edtiques supramunicipals o actuacions mancomunades, permetria aplicar economies d\u2019escala que possibilitarien el desplegament de noves infraestructures i l\u2019oferta de nous serveis que s\u00f3n clau per a la competitivitat.<\/p>\n","protected":false},"excerpt":{"rendered":"<p>El Pacte Industrial ha presentat l&#8217;estudi An\u00e0lisi de les infraestructures de serveis dels pol\u00edgons d\u2019activitat econ\u00f2mica de la Regi\u00f3 Metropolitana de Barcelona el passat 1 d\u2019octubre a l\u2019Auditori de Fira Sabadell. L&#8217;acte ha comptat amb la intervenci\u00f3 de Manuel Bustos, alcalde de Sabadell; Montserrat Capdevila, 2a tinenta d\u2019alcalde de l\u2019\u00c0rea d\u2019Economia i Serveis Centrals de [&#8230;]<\/p>\n","protected":false},"author":3,"featured_media":3096,"comment_status":"closed","ping_status":"open","sticky":false,"template":"","format":"standard","meta":[],"categories":[332,1],"tags":[78,79,77,80],"post_scope":[20,21,19],"yoast_head":"<!-- This site is optimized with the Yoast SEO plugin v16.1.1 - https:\/\/yoast.com\/wordpress\/plugins\/seo\/ -->\n<title>El Pacte Industrial presenta el seu quadern n\u00famero 6 \u201cAn\u00e0lisi de les infraestructures de serveis dels pol\u00edgons d\u2019activitat econ\u00f2mica de la Regi\u00f3 Metropolitana de Barcelona\u201d - Pacte Industrial RMB<\/title>\n<link rel=\"canonical\" href=\"https:\/\/www.pacteindustrial.org\/ca\/blog\/el-pacte-industrial-presenta-el-seu-quadern-numero-6-analisi-de-les-infraestructures-de-serveis-dels-poligons-dactivitat-economica-de-la-regio-metropolitana-de-barcelona\/\" \/>\n<meta property=\"og:locale\" content=\"ca_ES\" \/>\n<meta property=\"og:type\" content=\"article\" \/>\n<meta property=\"og:title\" content=\"El Pacte Industrial presenta el seu quadern n\u00famero 6 \u201cAn\u00e0lisi de les infraestructures de serveis dels pol\u00edgons d\u2019activitat econ\u00f2mica de la Regi\u00f3 Metropolitana de Barcelona\u201d - Pacte Industrial RMB\" \/>\n<meta property=\"og:description\" content=\"El Pacte Industrial ha presentat l&#8217;estudi An\u00e0lisi de les infraestructures de serveis dels pol\u00edgons d\u2019activitat econ\u00f2mica de la Regi\u00f3 Metropolitana de Barcelona el passat 1 d\u2019octubre a l\u2019Auditori de Fira Sabadell. L&#8217;acte ha comptat amb la intervenci\u00f3 de Manuel Bustos, alcalde de Sabadell; Montserrat Capdevila, 2a tinenta d\u2019alcalde de l\u2019\u00c0rea d\u2019Economia i Serveis Centrals de [...]\" \/>\n<meta property=\"og:url\" content=\"https:\/\/www.pacteindustrial.org\/ca\/blog\/el-pacte-industrial-presenta-el-seu-quadern-numero-6-analisi-de-les-infraestructures-de-serveis-dels-poligons-dactivitat-economica-de-la-regio-metropolitana-de-barcelona\/\" \/>\n<meta property=\"og:site_name\" content=\"Pacte Industrial RMB\" \/>\n<meta property=\"article:published_time\" content=\"2012-09-30T22:00:00+00:00\" \/>\n<meta property=\"article:modified_time\" content=\"2020-11-08T23:16:06+00:00\" \/>\n<meta property=\"og:image\" content=\"https:\/\/www.pacteindustrial.org\/wp-content\/uploads\/2012\/10\/e7daa714bfbf7225712b3af7d09082df-2.jpg\" \/>\n\t<meta property=\"og:image:width\" content=\"521\" \/>\n\t<meta property=\"og:image:height\" content=\"346\" \/>\n<meta name=\"twitter:card\" content=\"summary_large_image\" \/>\n<meta name=\"twitter:label1\" content=\"Temps estimat de lectura\">\n\t<meta name=\"twitter:data1\" content=\"2 minuts\">\n<script type=\"application\/ld+json\" class=\"yoast-schema-graph\">{\"@context\":\"https:\/\/schema.org\",\"@graph\":[{\"@type\":\"WebSite\",\"@id\":\"https:\/\/www.pacteindustrial.org\/ca\/#website\",\"url\":\"https:\/\/www.pacteindustrial.org\/ca\/\",\"name\":\"Pacte Industrial RMB\",\"description\":\"\",\"potentialAction\":[{\"@type\":\"SearchAction\",\"target\":\"https:\/\/www.pacteindustrial.org\/ca\/?s={search_term_string}\",\"query-input\":\"required name=search_term_string\"}],\"inLanguage\":\"ca\"},{\"@type\":\"ImageObject\",\"@id\":\"https:\/\/www.pacteindustrial.org\/ca\/blog\/el-pacte-industrial-presenta-el-seu-quadern-numero-6-analisi-de-les-infraestructures-de-serveis-dels-poligons-dactivitat-economica-de-la-regio-metropolitana-de-barcelona\/#primaryimage\",\"inLanguage\":\"ca\",\"url\":\"https:\/\/www.pacteindustrial.org\/wp-content\/uploads\/2012\/10\/e7daa714bfbf7225712b3af7d09082df-2.jpg\",\"contentUrl\":\"https:\/\/www.pacteindustrial.org\/wp-content\/uploads\/2012\/10\/e7daa714bfbf7225712b3af7d09082df-2.jpg\",\"width\":521,\"height\":346},{\"@type\":\"WebPage\",\"@id\":\"https:\/\/www.pacteindustrial.org\/ca\/blog\/el-pacte-industrial-presenta-el-seu-quadern-numero-6-analisi-de-les-infraestructures-de-serveis-dels-poligons-dactivitat-economica-de-la-regio-metropolitana-de-barcelona\/#webpage\",\"url\":\"https:\/\/www.pacteindustrial.org\/ca\/blog\/el-pacte-industrial-presenta-el-seu-quadern-numero-6-analisi-de-les-infraestructures-de-serveis-dels-poligons-dactivitat-economica-de-la-regio-metropolitana-de-barcelona\/\",\"name\":\"El Pacte Industrial presenta el seu quadern n\\u00famero 6 \\u201cAn\\u00e0lisi de les infraestructures de serveis dels pol\\u00edgons d\\u2019activitat econ\\u00f2mica de la Regi\\u00f3 Metropolitana de Barcelona\\u201d - Pacte Industrial RMB\",\"isPartOf\":{\"@id\":\"https:\/\/www.pacteindustrial.org\/ca\/#website\"},\"primaryImageOfPage\":{\"@id\":\"https:\/\/www.pacteindustrial.org\/ca\/blog\/el-pacte-industrial-presenta-el-seu-quadern-numero-6-analisi-de-les-infraestructures-de-serveis-dels-poligons-dactivitat-economica-de-la-regio-metropolitana-de-barcelona\/#primaryimage\"},\"datePublished\":\"2012-09-30T22:00:00+00:00\",\"dateModified\":\"2020-11-08T23:16:06+00:00\",\"author\":{\"@id\":\"https:\/\/www.pacteindustrial.org\/ca\/#\/schema\/person\/f01c88f2cf2c11c69866641f45df8c6c\"},\"breadcrumb\":{\"@id\":\"https:\/\/www.pacteindustrial.org\/ca\/blog\/el-pacte-industrial-presenta-el-seu-quadern-numero-6-analisi-de-les-infraestructures-de-serveis-dels-poligons-dactivitat-economica-de-la-regio-metropolitana-de-barcelona\/#breadcrumb\"},\"inLanguage\":\"ca\",\"potentialAction\":[{\"@type\":\"ReadAction\",\"target\":[\"https:\/\/www.pacteindustrial.org\/ca\/blog\/el-pacte-industrial-presenta-el-seu-quadern-numero-6-analisi-de-les-infraestructures-de-serveis-dels-poligons-dactivitat-economica-de-la-regio-metropolitana-de-barcelona\/\"]}]},{\"@type\":\"BreadcrumbList\",\"@id\":\"https:\/\/www.pacteindustrial.org\/ca\/blog\/el-pacte-industrial-presenta-el-seu-quadern-numero-6-analisi-de-les-infraestructures-de-serveis-dels-poligons-dactivitat-economica-de-la-regio-metropolitana-de-barcelona\/#breadcrumb\",\"itemListElement\":[{\"@type\":\"ListItem\",\"position\":1,\"item\":{\"@type\":\"WebPage\",\"@id\":\"https:\/\/www.pacteindustrial.org\/ca\/\",\"url\":\"https:\/\/www.pacteindustrial.org\/ca\/\",\"name\":\"Home\"}},{\"@type\":\"ListItem\",\"position\":2,\"item\":{\"@type\":\"WebPage\",\"@id\":\"https:\/\/www.pacteindustrial.org\/ca\/blog\/el-pacte-industrial-presenta-el-seu-quadern-numero-6-analisi-de-les-infraestructures-de-serveis-dels-poligons-dactivitat-economica-de-la-regio-metropolitana-de-barcelona\/\",\"url\":\"https:\/\/www.pacteindustrial.org\/ca\/blog\/el-pacte-industrial-presenta-el-seu-quadern-numero-6-analisi-de-les-infraestructures-de-serveis-dels-poligons-dactivitat-economica-de-la-regio-metropolitana-de-barcelona\/\",\"name\":\"El Pacte Industrial presenta el seu quadern n\\u00famero 6 \\u201cAn\\u00e0lisi de les infraestructures de serveis dels pol\\u00edgons d\\u2019activitat econ\\u00f2mica de la Regi\\u00f3 Metropolitana de Barcelona\\u201d\"}}]},{\"@type\":\"Person\",\"@id\":\"https:\/\/www.pacteindustrial.org\/ca\/#\/schema\/person\/f01c88f2cf2c11c69866641f45df8c6c\",\"name\":\"Eduard Nadal\",\"image\":{\"@type\":\"ImageObject\",\"@id\":\"https:\/\/www.pacteindustrial.org\/ca\/#personlogo\",\"inLanguage\":\"ca\",\"url\":\"https:\/\/secure.gravatar.com\/avatar\/1894e8f734287cae5956535114253572?s=96&d=mm&r=g\",\"contentUrl\":\"https:\/\/secure.gravatar.com\/avatar\/1894e8f734287cae5956535114253572?s=96&d=mm&r=g\",\"caption\":\"Eduard Nadal\"}}]}<\/script>\n<!-- \/ Yoast SEO plugin. -->","_links":{"self":[{"href":"https:\/\/www.pacteindustrial.org\/ca\/wp-json\/wp\/v2\/posts\/3095"}],"collection":[{"href":"https:\/\/www.pacteindustrial.org\/ca\/wp-json\/wp\/v2\/posts"}],"about":[{"href":"https:\/\/www.pacteindustrial.org\/ca\/wp-json\/wp\/v2\/types\/post"}],"author":[{"embeddable":true,"href":"https:\/\/www.pacteindustrial.org\/ca\/wp-json\/wp\/v2\/users\/3"}],"replies":[{"embeddable":true,"href":"https:\/\/www.pacteindustrial.org\/ca\/wp-json\/wp\/v2\/comments?post=3095"}],"version-history":[{"count":8,"href":"https:\/\/www.pacteindustrial.org\/ca\/wp-json\/wp\/v2\/posts\/3095\/revisions"}],"predecessor-version":[{"id":12357,"href":"https:\/\/www.pacteindustrial.org\/ca\/wp-json\/wp\/v2\/posts\/3095\/revisions\/12357"}],"wp:featuredmedia":[{"embeddable":true,"href":"https:\/\/www.pacteindustrial.org\/ca\/wp-json\/wp\/v2\/media\/3096"}],"wp:attachment":[{"href":"https:\/\/www.pacteindustrial.org\/ca\/wp-json\/wp\/v2\/media?parent=3095"}],"wp:term":[{"taxonomy":"category","embeddable":true,"href":"https:\/\/www.pacteindustrial.org\/ca\/wp-json\/wp\/v2\/categories?post=3095"},{"taxonomy":"post_tag","embeddable":true,"href":"https:\/\/www.pacteindustrial.org\/ca\/wp-json\/wp\/v2\/tags?post=3095"},{"taxonomy":"post_scope","embeddable":true,"href":"https:\/\/www.pacteindustrial.org\/ca\/wp-json\/wp\/v2\/post_scope?post=3095"}],"curies":[{"name":"wp","href":"https:\/\/api.w.org\/{rel}","templated":true}]}}