{"id":3099,"date":"2009-06-11T00:00:00","date_gmt":"2009-06-10T22:00:00","guid":{"rendered":"https:\/\/www.pacteindustrial.org\/el-pacte-industrial-celebra-el-seu-xiv-consell-general-a-viladecans\/"},"modified":"2020-11-22T22:24:01","modified_gmt":"2020-11-22T20:24:01","slug":"el-pacte-industrial-celebra-el-seu-xiv-consell-general-a-viladecans","status":"publish","type":"post","link":"https:\/\/www.pacteindustrial.org\/ca\/blog\/el-pacte-industrial-celebra-el-seu-xiv-consell-general-a-viladecans\/","title":{"rendered":"El Pacte Industrial celebra el seu XIV Consell General a Viladecans"},"content":{"rendered":"\n<p>El Pacte Industrial ha celebrat el passat 11 de juny la XIV reuni\u00f3 del Consell General a l\u2019edifici C\u00fabic de Viladecans. D\u00eddac Pesta\u00f1a, president del Consell General; Carles Ruiz, president del Comit\u00e8 Executiu, i els quatre presidents de les Comissions de Treball han informat dels principals punts de les activitats del Pacte Industrial.<\/p>\n\n\n\n<p>Entre altres punts de l&#8217;ordre del dia, s&#8217;han nomenat els vicepresidents del Consell General:<\/p>\n\n\n\n<ul><li>Juan Jos\u00e9 Casado, en representaci\u00f3 dels sindicats.<\/li><li>Jordi Roig, en representaci\u00f3 de les associacions empresarials.<\/li><li>Teodoro Romero, en representaci\u00f3 de les corporacions municipals.<\/li><\/ul>\n\n\n\n<p>Durant la reuni\u00f3 s&#8217;ha informat de l\u2019adhesi\u00f3 formal de l\u2019Administraci\u00f3 de la Generalitat de Catalunya al Pacte Industrial de la Regi\u00f3 Metropolitana de Barcelona segons acord de Govern de 16 de desembre de 2008. Andreu Morillas, secretari d\u2019Economia de la Generalitat de Catalunya, ha adre\u00e7at unes paraules als assistents.<\/p>\n\n\n\n<p>Tamb\u00e9 s&#8217;ha ratificat l&#8217;adhesi\u00f3 de Transports Metropolitans de Barcelona (TMB) com a ens col\u00b7laborador.<\/p>\n\n\n\n<p>Finalment, Ant\u00f3n Costas, catedr\u00e0tic de Pol\u00edtica Econ\u00f2mica de la Universitat de Barcelona, ha clos l\u2019acte amb la pon\u00e8ncia &#8220;Reflexions sobre el model productiu i la pol\u00edtica industrial&#8221;.<\/p>\n\n\n\n<figure class=\"wp-block-image\"><img alt=\"\"\/><\/figure>\n","protected":false},"excerpt":{"rendered":"<p>El Pacte Industrial ha celebrat el passat 11 de juny la XIV reuni\u00f3 del Consell General a l\u2019edifici C\u00fabic de Viladecans. D\u00eddac Pesta\u00f1a, president del Consell General; Carles Ruiz, president del Comit\u00e8 Executiu, i els quatre presidents de les Comissions de Treball han informat dels principals punts de les activitats del Pacte Industrial. Entre altres [&#8230;]<\/p>\n","protected":false},"author":3,"featured_media":3100,"comment_status":"closed","ping_status":"open","sticky":false,"template":"","format":"standard","meta":[],"categories":[333,1],"tags":[37],"post_scope":[],"yoast_head":"<!-- This site is optimized with the Yoast SEO plugin v16.1.1 - https:\/\/yoast.com\/wordpress\/plugins\/seo\/ -->\n<title>El Pacte Industrial celebra el seu XIV Consell General a Viladecans - Pacte Industrial RMB<\/title>\n<link rel=\"canonical\" href=\"https:\/\/www.pacteindustrial.org\/ca\/blog\/el-pacte-industrial-celebra-el-seu-xiv-consell-general-a-viladecans\/\" \/>\n<meta property=\"og:locale\" content=\"ca_ES\" \/>\n<meta property=\"og:type\" content=\"article\" \/>\n<meta property=\"og:title\" content=\"El Pacte Industrial celebra el seu XIV Consell General a Viladecans - Pacte Industrial RMB\" \/>\n<meta property=\"og:description\" content=\"El Pacte Industrial ha celebrat el passat 11 de juny la XIV reuni\u00f3 del Consell General a l\u2019edifici C\u00fabic de Viladecans. D\u00eddac Pesta\u00f1a, president del Consell General; Carles Ruiz, president del Comit\u00e8 Executiu, i els quatre presidents de les Comissions de Treball han informat dels principals punts de les activitats del Pacte Industrial. Entre altres [...]\" \/>\n<meta property=\"og:url\" content=\"https:\/\/www.pacteindustrial.org\/ca\/blog\/el-pacte-industrial-celebra-el-seu-xiv-consell-general-a-viladecans\/\" \/>\n<meta property=\"og:site_name\" content=\"Pacte Industrial RMB\" \/>\n<meta property=\"article:published_time\" content=\"2009-06-10T22:00:00+00:00\" \/>\n<meta property=\"article:modified_time\" content=\"2020-11-22T20:24:01+00:00\" \/>\n<meta property=\"og:image\" content=\"https:\/\/www.pacteindustrial.org\/wp-content\/uploads\/2009\/06\/b890a93e294359d8d5af2ae4f8881ef1-2.jpg\" \/>\n\t<meta property=\"og:image:width\" content=\"521\" \/>\n\t<meta property=\"og:image:height\" content=\"347\" \/>\n<meta name=\"twitter:card\" content=\"summary_large_image\" \/>\n<meta name=\"twitter:label1\" content=\"Temps estimat de lectura\">\n\t<meta name=\"twitter:data1\" content=\"1 minut\">\n<script type=\"application\/ld+json\" class=\"yoast-schema-graph\">{\"@context\":\"https:\/\/schema.org\",\"@graph\":[{\"@type\":\"WebSite\",\"@id\":\"https:\/\/www.pacteindustrial.org\/ca\/#website\",\"url\":\"https:\/\/www.pacteindustrial.org\/ca\/\",\"name\":\"Pacte Industrial RMB\",\"description\":\"\",\"potentialAction\":[{\"@type\":\"SearchAction\",\"target\":\"https:\/\/www.pacteindustrial.org\/ca\/?s={search_term_string}\",\"query-input\":\"required name=search_term_string\"}],\"inLanguage\":\"ca\"},{\"@type\":\"ImageObject\",\"@id\":\"https:\/\/www.pacteindustrial.org\/ca\/blog\/el-pacte-industrial-celebra-el-seu-xiv-consell-general-a-viladecans\/#primaryimage\",\"inLanguage\":\"ca\",\"url\":\"https:\/\/www.pacteindustrial.org\/wp-content\/uploads\/2009\/06\/b890a93e294359d8d5af2ae4f8881ef1-2.jpg\",\"contentUrl\":\"https:\/\/www.pacteindustrial.org\/wp-content\/uploads\/2009\/06\/b890a93e294359d8d5af2ae4f8881ef1-2.jpg\",\"width\":521,\"height\":347},{\"@type\":\"WebPage\",\"@id\":\"https:\/\/www.pacteindustrial.org\/ca\/blog\/el-pacte-industrial-celebra-el-seu-xiv-consell-general-a-viladecans\/#webpage\",\"url\":\"https:\/\/www.pacteindustrial.org\/ca\/blog\/el-pacte-industrial-celebra-el-seu-xiv-consell-general-a-viladecans\/\",\"name\":\"El Pacte Industrial celebra el seu XIV Consell General a Viladecans - Pacte Industrial RMB\",\"isPartOf\":{\"@id\":\"https:\/\/www.pacteindustrial.org\/ca\/#website\"},\"primaryImageOfPage\":{\"@id\":\"https:\/\/www.pacteindustrial.org\/ca\/blog\/el-pacte-industrial-celebra-el-seu-xiv-consell-general-a-viladecans\/#primaryimage\"},\"datePublished\":\"2009-06-10T22:00:00+00:00\",\"dateModified\":\"2020-11-22T20:24:01+00:00\",\"author\":{\"@id\":\"https:\/\/www.pacteindustrial.org\/ca\/#\/schema\/person\/f01c88f2cf2c11c69866641f45df8c6c\"},\"breadcrumb\":{\"@id\":\"https:\/\/www.pacteindustrial.org\/ca\/blog\/el-pacte-industrial-celebra-el-seu-xiv-consell-general-a-viladecans\/#breadcrumb\"},\"inLanguage\":\"ca\",\"potentialAction\":[{\"@type\":\"ReadAction\",\"target\":[\"https:\/\/www.pacteindustrial.org\/ca\/blog\/el-pacte-industrial-celebra-el-seu-xiv-consell-general-a-viladecans\/\"]}]},{\"@type\":\"BreadcrumbList\",\"@id\":\"https:\/\/www.pacteindustrial.org\/ca\/blog\/el-pacte-industrial-celebra-el-seu-xiv-consell-general-a-viladecans\/#breadcrumb\",\"itemListElement\":[{\"@type\":\"ListItem\",\"position\":1,\"item\":{\"@type\":\"WebPage\",\"@id\":\"https:\/\/www.pacteindustrial.org\/ca\/\",\"url\":\"https:\/\/www.pacteindustrial.org\/ca\/\",\"name\":\"Home\"}},{\"@type\":\"ListItem\",\"position\":2,\"item\":{\"@type\":\"WebPage\",\"@id\":\"https:\/\/www.pacteindustrial.org\/ca\/blog\/el-pacte-industrial-celebra-el-seu-xiv-consell-general-a-viladecans\/\",\"url\":\"https:\/\/www.pacteindustrial.org\/ca\/blog\/el-pacte-industrial-celebra-el-seu-xiv-consell-general-a-viladecans\/\",\"name\":\"El Pacte Industrial celebra el seu XIV Consell General a Viladecans\"}}]},{\"@type\":\"Person\",\"@id\":\"https:\/\/www.pacteindustrial.org\/ca\/#\/schema\/person\/f01c88f2cf2c11c69866641f45df8c6c\",\"name\":\"Eduard Nadal\",\"image\":{\"@type\":\"ImageObject\",\"@id\":\"https:\/\/www.pacteindustrial.org\/ca\/#personlogo\",\"inLanguage\":\"ca\",\"url\":\"https:\/\/secure.gravatar.com\/avatar\/1894e8f734287cae5956535114253572?s=96&d=mm&r=g\",\"contentUrl\":\"https:\/\/secure.gravatar.com\/avatar\/1894e8f734287cae5956535114253572?s=96&d=mm&r=g\",\"caption\":\"Eduard Nadal\"}}]}<\/script>\n<!-- \/ Yoast SEO plugin. -->","_links":{"self":[{"href":"https:\/\/www.pacteindustrial.org\/ca\/wp-json\/wp\/v2\/posts\/3099"}],"collection":[{"href":"https:\/\/www.pacteindustrial.org\/ca\/wp-json\/wp\/v2\/posts"}],"about":[{"href":"https:\/\/www.pacteindustrial.org\/ca\/wp-json\/wp\/v2\/types\/post"}],"author":[{"embeddable":true,"href":"https:\/\/www.pacteindustrial.org\/ca\/wp-json\/wp\/v2\/users\/3"}],"replies":[{"embeddable":true,"href":"https:\/\/www.pacteindustrial.org\/ca\/wp-json\/wp\/v2\/comments?post=3099"}],"version-history":[{"count":5,"href":"https:\/\/www.pacteindustrial.org\/ca\/wp-json\/wp\/v2\/posts\/3099\/revisions"}],"predecessor-version":[{"id":12441,"href":"https:\/\/www.pacteindustrial.org\/ca\/wp-json\/wp\/v2\/posts\/3099\/revisions\/12441"}],"wp:featuredmedia":[{"embeddable":true,"href":"https:\/\/www.pacteindustrial.org\/ca\/wp-json\/wp\/v2\/media\/3100"}],"wp:attachment":[{"href":"https:\/\/www.pacteindustrial.org\/ca\/wp-json\/wp\/v2\/media?parent=3099"}],"wp:term":[{"taxonomy":"category","embeddable":true,"href":"https:\/\/www.pacteindustrial.org\/ca\/wp-json\/wp\/v2\/categories?post=3099"},{"taxonomy":"post_tag","embeddable":true,"href":"https:\/\/www.pacteindustrial.org\/ca\/wp-json\/wp\/v2\/tags?post=3099"},{"taxonomy":"post_scope","embeddable":true,"href":"https:\/\/www.pacteindustrial.org\/ca\/wp-json\/wp\/v2\/post_scope?post=3099"}],"curies":[{"name":"wp","href":"https:\/\/api.w.org\/{rel}","templated":true}]}}