{"id":3103,"date":"2008-07-16T00:00:00","date_gmt":"2008-07-15T22:00:00","guid":{"rendered":"https:\/\/www.pacteindustrial.org\/el-pacte-industrial-celebra-el-seu-xiii-consell-general-a-badalona\/"},"modified":"2020-11-22T18:00:18","modified_gmt":"2020-11-22T16:00:18","slug":"el-pacte-industrial-celebra-el-seu-xiii-consell-general-a-badalona","status":"publish","type":"post","link":"https:\/\/www.pacteindustrial.org\/ca\/blog\/el-pacte-industrial-celebra-el-seu-xiii-consell-general-a-badalona\/","title":{"rendered":"El Pacte Industrial celebra el seu XIII Consell General a Badalona"},"content":{"rendered":"\n<p>El Pacte Industrial ha celebrat el passat 16 de juliol la XIII reuni\u00f3 del Consell General a l\u2019edifici BCIN de Badalona.\u00a0La benvinguda de l\u2019acte ha anat a c\u00e0rrec de Jordi Serra, alcalde de Badalona.<\/p>\n\n\n\n<p>Tot seguit, D\u00eddac Pesta\u00f1a, president del Consell General, i Carles Ruiz, president del Comit\u00e8 Executiu, han informat dels principals punts de les activitats del Pacte Industrial.<\/p>\n\n\n\n<p>Joan Trull\u00e9n, del Departament d&#8217;Economia Aplicada de la Universitat Aut\u00f2noma de Barcelona (UAB), ha clos l\u2019acte amb la pon\u00e8ncia &#8220;Reptes de futur de la ind\u00fastria a la RMB: cap a un nou model econ\u00f2mic i territorial&#8221;.<\/p>\n","protected":false},"excerpt":{"rendered":"<p>El Pacte Industrial ha celebrat el passat 16 de juliol la XIII reuni\u00f3 del Consell General a l\u2019edifici BCIN de Badalona.\u00a0La benvinguda de l\u2019acte ha anat a c\u00e0rrec de Jordi Serra, alcalde de Badalona. Tot seguit, D\u00eddac Pesta\u00f1a, president del Consell General, i Carles Ruiz, president del Comit\u00e8 Executiu, han informat dels principals punts de [&#8230;]<\/p>\n","protected":false},"author":3,"featured_media":3104,"comment_status":"closed","ping_status":"open","sticky":false,"template":"","format":"standard","meta":[],"categories":[333,1],"tags":[37],"post_scope":[],"yoast_head":"<!-- This site is optimized with the Yoast SEO plugin v16.1.1 - https:\/\/yoast.com\/wordpress\/plugins\/seo\/ -->\n<title>El Pacte Industrial celebra el seu XIII Consell General a Badalona - Pacte Industrial RMB<\/title>\n<link rel=\"canonical\" href=\"https:\/\/www.pacteindustrial.org\/ca\/blog\/el-pacte-industrial-celebra-el-seu-xiii-consell-general-a-badalona\/\" \/>\n<meta property=\"og:locale\" content=\"ca_ES\" \/>\n<meta property=\"og:type\" content=\"article\" \/>\n<meta property=\"og:title\" content=\"El Pacte Industrial celebra el seu XIII Consell General a Badalona - Pacte Industrial RMB\" \/>\n<meta property=\"og:description\" content=\"El Pacte Industrial ha celebrat el passat 16 de juliol la XIII reuni\u00f3 del Consell General a l\u2019edifici BCIN de Badalona.\u00a0La benvinguda de l\u2019acte ha anat a c\u00e0rrec de Jordi Serra, alcalde de Badalona. Tot seguit, D\u00eddac Pesta\u00f1a, president del Consell General, i Carles Ruiz, president del Comit\u00e8 Executiu, han informat dels principals punts de [...]\" \/>\n<meta property=\"og:url\" content=\"https:\/\/www.pacteindustrial.org\/ca\/blog\/el-pacte-industrial-celebra-el-seu-xiii-consell-general-a-badalona\/\" \/>\n<meta property=\"og:site_name\" content=\"Pacte Industrial RMB\" \/>\n<meta property=\"article:published_time\" content=\"2008-07-15T22:00:00+00:00\" \/>\n<meta property=\"article:modified_time\" content=\"2020-11-22T16:00:18+00:00\" \/>\n<meta property=\"og:image\" content=\"https:\/\/www.pacteindustrial.org\/wp-content\/uploads\/2008\/07\/consell_badalona1-2.jpg\" \/>\n\t<meta property=\"og:image:width\" content=\"253\" \/>\n\t<meta property=\"og:image:height\" content=\"171\" \/>\n<meta name=\"twitter:card\" content=\"summary_large_image\" \/>\n<meta name=\"twitter:label1\" content=\"Temps estimat de lectura\">\n\t<meta name=\"twitter:data1\" content=\"1 minut\">\n<script type=\"application\/ld+json\" class=\"yoast-schema-graph\">{\"@context\":\"https:\/\/schema.org\",\"@graph\":[{\"@type\":\"WebSite\",\"@id\":\"https:\/\/www.pacteindustrial.org\/ca\/#website\",\"url\":\"https:\/\/www.pacteindustrial.org\/ca\/\",\"name\":\"Pacte Industrial RMB\",\"description\":\"\",\"potentialAction\":[{\"@type\":\"SearchAction\",\"target\":\"https:\/\/www.pacteindustrial.org\/ca\/?s={search_term_string}\",\"query-input\":\"required name=search_term_string\"}],\"inLanguage\":\"ca\"},{\"@type\":\"ImageObject\",\"@id\":\"https:\/\/www.pacteindustrial.org\/ca\/blog\/el-pacte-industrial-celebra-el-seu-xiii-consell-general-a-badalona\/#primaryimage\",\"inLanguage\":\"ca\",\"url\":\"https:\/\/www.pacteindustrial.org\/wp-content\/uploads\/2008\/07\/consell_badalona1-2.jpg\",\"contentUrl\":\"https:\/\/www.pacteindustrial.org\/wp-content\/uploads\/2008\/07\/consell_badalona1-2.jpg\",\"width\":253,\"height\":171},{\"@type\":\"WebPage\",\"@id\":\"https:\/\/www.pacteindustrial.org\/ca\/blog\/el-pacte-industrial-celebra-el-seu-xiii-consell-general-a-badalona\/#webpage\",\"url\":\"https:\/\/www.pacteindustrial.org\/ca\/blog\/el-pacte-industrial-celebra-el-seu-xiii-consell-general-a-badalona\/\",\"name\":\"El Pacte Industrial celebra el seu XIII Consell General a Badalona - Pacte Industrial RMB\",\"isPartOf\":{\"@id\":\"https:\/\/www.pacteindustrial.org\/ca\/#website\"},\"primaryImageOfPage\":{\"@id\":\"https:\/\/www.pacteindustrial.org\/ca\/blog\/el-pacte-industrial-celebra-el-seu-xiii-consell-general-a-badalona\/#primaryimage\"},\"datePublished\":\"2008-07-15T22:00:00+00:00\",\"dateModified\":\"2020-11-22T16:00:18+00:00\",\"author\":{\"@id\":\"https:\/\/www.pacteindustrial.org\/ca\/#\/schema\/person\/f01c88f2cf2c11c69866641f45df8c6c\"},\"breadcrumb\":{\"@id\":\"https:\/\/www.pacteindustrial.org\/ca\/blog\/el-pacte-industrial-celebra-el-seu-xiii-consell-general-a-badalona\/#breadcrumb\"},\"inLanguage\":\"ca\",\"potentialAction\":[{\"@type\":\"ReadAction\",\"target\":[\"https:\/\/www.pacteindustrial.org\/ca\/blog\/el-pacte-industrial-celebra-el-seu-xiii-consell-general-a-badalona\/\"]}]},{\"@type\":\"BreadcrumbList\",\"@id\":\"https:\/\/www.pacteindustrial.org\/ca\/blog\/el-pacte-industrial-celebra-el-seu-xiii-consell-general-a-badalona\/#breadcrumb\",\"itemListElement\":[{\"@type\":\"ListItem\",\"position\":1,\"item\":{\"@type\":\"WebPage\",\"@id\":\"https:\/\/www.pacteindustrial.org\/ca\/\",\"url\":\"https:\/\/www.pacteindustrial.org\/ca\/\",\"name\":\"Home\"}},{\"@type\":\"ListItem\",\"position\":2,\"item\":{\"@type\":\"WebPage\",\"@id\":\"https:\/\/www.pacteindustrial.org\/ca\/blog\/el-pacte-industrial-celebra-el-seu-xiii-consell-general-a-badalona\/\",\"url\":\"https:\/\/www.pacteindustrial.org\/ca\/blog\/el-pacte-industrial-celebra-el-seu-xiii-consell-general-a-badalona\/\",\"name\":\"El Pacte Industrial celebra el seu XIII Consell General a Badalona\"}}]},{\"@type\":\"Person\",\"@id\":\"https:\/\/www.pacteindustrial.org\/ca\/#\/schema\/person\/f01c88f2cf2c11c69866641f45df8c6c\",\"name\":\"Eduard Nadal\",\"image\":{\"@type\":\"ImageObject\",\"@id\":\"https:\/\/www.pacteindustrial.org\/ca\/#personlogo\",\"inLanguage\":\"ca\",\"url\":\"https:\/\/secure.gravatar.com\/avatar\/1894e8f734287cae5956535114253572?s=96&d=mm&r=g\",\"contentUrl\":\"https:\/\/secure.gravatar.com\/avatar\/1894e8f734287cae5956535114253572?s=96&d=mm&r=g\",\"caption\":\"Eduard Nadal\"}}]}<\/script>\n<!-- \/ Yoast SEO plugin. -->","_links":{"self":[{"href":"https:\/\/www.pacteindustrial.org\/ca\/wp-json\/wp\/v2\/posts\/3103"}],"collection":[{"href":"https:\/\/www.pacteindustrial.org\/ca\/wp-json\/wp\/v2\/posts"}],"about":[{"href":"https:\/\/www.pacteindustrial.org\/ca\/wp-json\/wp\/v2\/types\/post"}],"author":[{"embeddable":true,"href":"https:\/\/www.pacteindustrial.org\/ca\/wp-json\/wp\/v2\/users\/3"}],"replies":[{"embeddable":true,"href":"https:\/\/www.pacteindustrial.org\/ca\/wp-json\/wp\/v2\/comments?post=3103"}],"version-history":[{"count":3,"href":"https:\/\/www.pacteindustrial.org\/ca\/wp-json\/wp\/v2\/posts\/3103\/revisions"}],"predecessor-version":[{"id":12425,"href":"https:\/\/www.pacteindustrial.org\/ca\/wp-json\/wp\/v2\/posts\/3103\/revisions\/12425"}],"wp:featuredmedia":[{"embeddable":true,"href":"https:\/\/www.pacteindustrial.org\/ca\/wp-json\/wp\/v2\/media\/3104"}],"wp:attachment":[{"href":"https:\/\/www.pacteindustrial.org\/ca\/wp-json\/wp\/v2\/media?parent=3103"}],"wp:term":[{"taxonomy":"category","embeddable":true,"href":"https:\/\/www.pacteindustrial.org\/ca\/wp-json\/wp\/v2\/categories?post=3103"},{"taxonomy":"post_tag","embeddable":true,"href":"https:\/\/www.pacteindustrial.org\/ca\/wp-json\/wp\/v2\/tags?post=3103"},{"taxonomy":"post_scope","embeddable":true,"href":"https:\/\/www.pacteindustrial.org\/ca\/wp-json\/wp\/v2\/post_scope?post=3103"}],"curies":[{"name":"wp","href":"https:\/\/api.w.org\/{rel}","templated":true}]}}