{"id":3111,"date":"2012-04-21T00:00:00","date_gmt":"2012-04-20T22:00:00","guid":{"rendered":"https:\/\/www.pacteindustrial.org\/la-tercera-revolucio-industrial\/"},"modified":"2020-11-21T01:24:45","modified_gmt":"2020-11-20T23:24:45","slug":"la-tercera-revolucio-industrial","status":"publish","type":"post","link":"https:\/\/www.pacteindustrial.org\/ca\/blog\/la-tercera-revolucio-industrial\/","title":{"rendered":"La tercera revoluci\u00f3 industrial"},"content":{"rendered":"\n<p>Ens trobem a les portes de la tercera revoluci\u00f3 industrial, on la producci\u00f3 s\u2019est\u00e0 digitalitzant. La f\u00e0brica del futur es basar\u00e0 en la customitzaci\u00f3\/personalitzaci\u00f3 en massa, fent un gir important de la idea tradicional fordiana de la f\u00e0brica i la l\u00ednia de muntatge, gr\u00e0cies a noves tecnologies com el programari intel\u00b7ligent, els nous materials, nous processos (en particular, la impressi\u00f3 tridimensional) i una \u00e0mplia gamma de serveis basats en la web.<\/p>\n\n\n\n<p>Aquests canvis afectaran la manera com produ\u00efm, i tamb\u00e9 el lloc on ho fem. Els costos laborals perden pes en el preu final, i la producci\u00f3 est\u00e0 tornant a ubicar-se cada cop m\u00e9s en pa\u00efsos desenvolupats per tal d\u2019estar prop del consumidor i poder adaptar-se m\u00e9s r\u00e0pidament als canvis de en la demanda. Amb la sofisticaci\u00f3 dels productes i dels processos de producci\u00f3, tamb\u00e9 \u00e9s cada cop m\u00e9s important que siguin al mateix lloc els qui dissenyen els productes i els qui els produeixen. Aquests canvis afectaran d\u2019una manera molt important les necessitats de formaci\u00f3 dels treballadors de la nova ind\u00fastria.<\/p>\n","protected":false},"excerpt":{"rendered":"<p>Ens trobem a les portes de la tercera revoluci\u00f3 industrial, on la producci\u00f3 s\u2019est\u00e0 digitalitzant. La f\u00e0brica del futur es basar\u00e0 en la customitzaci\u00f3\/personalitzaci\u00f3 en massa, fent un gir important de la idea tradicional fordiana de la f\u00e0brica i la l\u00ednia de muntatge, gr\u00e0cies a noves tecnologies com el programari intel\u00b7ligent, els nous materials, nous [&#8230;]<\/p>\n","protected":false},"author":3,"featured_media":3112,"comment_status":"closed","ping_status":"open","sticky":false,"template":"","format":"standard","meta":[],"categories":[1],"tags":[71,72],"post_scope":[26,27],"yoast_head":"<!-- This site is optimized with the Yoast SEO plugin v16.1.1 - https:\/\/yoast.com\/wordpress\/plugins\/seo\/ -->\n<title>La tercera revoluci\u00f3 industrial - Pacte Industrial RMB<\/title>\n<link rel=\"canonical\" href=\"https:\/\/www.pacteindustrial.org\/ca\/blog\/la-tercera-revolucio-industrial\/\" \/>\n<meta property=\"og:locale\" content=\"ca_ES\" \/>\n<meta property=\"og:type\" content=\"article\" \/>\n<meta property=\"og:title\" content=\"La tercera revoluci\u00f3 industrial - Pacte Industrial RMB\" \/>\n<meta property=\"og:description\" content=\"Ens trobem a les portes de la tercera revoluci\u00f3 industrial, on la producci\u00f3 s\u2019est\u00e0 digitalitzant. La f\u00e0brica del futur es basar\u00e0 en la customitzaci\u00f3\/personalitzaci\u00f3 en massa, fent un gir important de la idea tradicional fordiana de la f\u00e0brica i la l\u00ednia de muntatge, gr\u00e0cies a noves tecnologies com el programari intel\u00b7ligent, els nous materials, nous [...]\" \/>\n<meta property=\"og:url\" content=\"https:\/\/www.pacteindustrial.org\/ca\/blog\/la-tercera-revolucio-industrial\/\" \/>\n<meta property=\"og:site_name\" content=\"Pacte Industrial RMB\" \/>\n<meta property=\"article:published_time\" content=\"2012-04-20T22:00:00+00:00\" \/>\n<meta property=\"article:modified_time\" content=\"2020-11-20T23:24:45+00:00\" \/>\n<meta property=\"og:image\" content=\"https:\/\/www.pacteindustrial.org\/wp-content\/uploads\/2012\/04\/4ba157e924a99d6943047b0ee2669ad5-2.jpg\" \/>\n\t<meta property=\"og:image:width\" content=\"571\" \/>\n\t<meta property=\"og:image:height\" content=\"323\" \/>\n<meta name=\"twitter:card\" content=\"summary_large_image\" \/>\n<meta name=\"twitter:label1\" content=\"Temps estimat de lectura\">\n\t<meta name=\"twitter:data1\" content=\"1 minut\">\n<script type=\"application\/ld+json\" class=\"yoast-schema-graph\">{\"@context\":\"https:\/\/schema.org\",\"@graph\":[{\"@type\":\"WebSite\",\"@id\":\"https:\/\/www.pacteindustrial.org\/ca\/#website\",\"url\":\"https:\/\/www.pacteindustrial.org\/ca\/\",\"name\":\"Pacte Industrial RMB\",\"description\":\"\",\"potentialAction\":[{\"@type\":\"SearchAction\",\"target\":\"https:\/\/www.pacteindustrial.org\/ca\/?s={search_term_string}\",\"query-input\":\"required name=search_term_string\"}],\"inLanguage\":\"ca\"},{\"@type\":\"ImageObject\",\"@id\":\"https:\/\/www.pacteindustrial.org\/ca\/blog\/la-tercera-revolucio-industrial\/#primaryimage\",\"inLanguage\":\"ca\",\"url\":\"https:\/\/www.pacteindustrial.org\/wp-content\/uploads\/2012\/04\/4ba157e924a99d6943047b0ee2669ad5-2.jpg\",\"contentUrl\":\"https:\/\/www.pacteindustrial.org\/wp-content\/uploads\/2012\/04\/4ba157e924a99d6943047b0ee2669ad5-2.jpg\",\"width\":571,\"height\":323},{\"@type\":\"WebPage\",\"@id\":\"https:\/\/www.pacteindustrial.org\/ca\/blog\/la-tercera-revolucio-industrial\/#webpage\",\"url\":\"https:\/\/www.pacteindustrial.org\/ca\/blog\/la-tercera-revolucio-industrial\/\",\"name\":\"La tercera revoluci\\u00f3 industrial - Pacte Industrial RMB\",\"isPartOf\":{\"@id\":\"https:\/\/www.pacteindustrial.org\/ca\/#website\"},\"primaryImageOfPage\":{\"@id\":\"https:\/\/www.pacteindustrial.org\/ca\/blog\/la-tercera-revolucio-industrial\/#primaryimage\"},\"datePublished\":\"2012-04-20T22:00:00+00:00\",\"dateModified\":\"2020-11-20T23:24:45+00:00\",\"author\":{\"@id\":\"https:\/\/www.pacteindustrial.org\/ca\/#\/schema\/person\/f01c88f2cf2c11c69866641f45df8c6c\"},\"breadcrumb\":{\"@id\":\"https:\/\/www.pacteindustrial.org\/ca\/blog\/la-tercera-revolucio-industrial\/#breadcrumb\"},\"inLanguage\":\"ca\",\"potentialAction\":[{\"@type\":\"ReadAction\",\"target\":[\"https:\/\/www.pacteindustrial.org\/ca\/blog\/la-tercera-revolucio-industrial\/\"]}]},{\"@type\":\"BreadcrumbList\",\"@id\":\"https:\/\/www.pacteindustrial.org\/ca\/blog\/la-tercera-revolucio-industrial\/#breadcrumb\",\"itemListElement\":[{\"@type\":\"ListItem\",\"position\":1,\"item\":{\"@type\":\"WebPage\",\"@id\":\"https:\/\/www.pacteindustrial.org\/ca\/\",\"url\":\"https:\/\/www.pacteindustrial.org\/ca\/\",\"name\":\"Home\"}},{\"@type\":\"ListItem\",\"position\":2,\"item\":{\"@type\":\"WebPage\",\"@id\":\"https:\/\/www.pacteindustrial.org\/ca\/blog\/la-tercera-revolucio-industrial\/\",\"url\":\"https:\/\/www.pacteindustrial.org\/ca\/blog\/la-tercera-revolucio-industrial\/\",\"name\":\"La tercera revoluci\\u00f3 industrial\"}}]},{\"@type\":\"Person\",\"@id\":\"https:\/\/www.pacteindustrial.org\/ca\/#\/schema\/person\/f01c88f2cf2c11c69866641f45df8c6c\",\"name\":\"Eduard Nadal\",\"image\":{\"@type\":\"ImageObject\",\"@id\":\"https:\/\/www.pacteindustrial.org\/ca\/#personlogo\",\"inLanguage\":\"ca\",\"url\":\"https:\/\/secure.gravatar.com\/avatar\/1894e8f734287cae5956535114253572?s=96&d=mm&r=g\",\"contentUrl\":\"https:\/\/secure.gravatar.com\/avatar\/1894e8f734287cae5956535114253572?s=96&d=mm&r=g\",\"caption\":\"Eduard Nadal\"}}]}<\/script>\n<!-- \/ Yoast SEO plugin. -->","_links":{"self":[{"href":"https:\/\/www.pacteindustrial.org\/ca\/wp-json\/wp\/v2\/posts\/3111"}],"collection":[{"href":"https:\/\/www.pacteindustrial.org\/ca\/wp-json\/wp\/v2\/posts"}],"about":[{"href":"https:\/\/www.pacteindustrial.org\/ca\/wp-json\/wp\/v2\/types\/post"}],"author":[{"embeddable":true,"href":"https:\/\/www.pacteindustrial.org\/ca\/wp-json\/wp\/v2\/users\/3"}],"replies":[{"embeddable":true,"href":"https:\/\/www.pacteindustrial.org\/ca\/wp-json\/wp\/v2\/comments?post=3111"}],"version-history":[{"count":5,"href":"https:\/\/www.pacteindustrial.org\/ca\/wp-json\/wp\/v2\/posts\/3111\/revisions"}],"predecessor-version":[{"id":12377,"href":"https:\/\/www.pacteindustrial.org\/ca\/wp-json\/wp\/v2\/posts\/3111\/revisions\/12377"}],"wp:featuredmedia":[{"embeddable":true,"href":"https:\/\/www.pacteindustrial.org\/ca\/wp-json\/wp\/v2\/media\/3112"}],"wp:attachment":[{"href":"https:\/\/www.pacteindustrial.org\/ca\/wp-json\/wp\/v2\/media?parent=3111"}],"wp:term":[{"taxonomy":"category","embeddable":true,"href":"https:\/\/www.pacteindustrial.org\/ca\/wp-json\/wp\/v2\/categories?post=3111"},{"taxonomy":"post_tag","embeddable":true,"href":"https:\/\/www.pacteindustrial.org\/ca\/wp-json\/wp\/v2\/tags?post=3111"},{"taxonomy":"post_scope","embeddable":true,"href":"https:\/\/www.pacteindustrial.org\/ca\/wp-json\/wp\/v2\/post_scope?post=3111"}],"curies":[{"name":"wp","href":"https:\/\/api.w.org\/{rel}","templated":true}]}}