{"id":3127,"date":"2013-04-11T00:00:00","date_gmt":"2013-04-10T22:00:00","guid":{"rendered":"https:\/\/www.pacteindustrial.org\/presentacio-de-lestudi-sobre-les-infraestructures-de-serveis-dels-poligons-industrials-a-lambit-b30\/"},"modified":"2020-11-09T01:16:49","modified_gmt":"2020-11-08T23:16:49","slug":"presentacio-de-lestudi-sobre-les-infraestructures-de-serveis-dels-poligons-industrials-a-lambit-b30","status":"publish","type":"post","link":"https:\/\/www.pacteindustrial.org\/ca\/blog\/presentacio-de-lestudi-sobre-les-infraestructures-de-serveis-dels-poligons-industrials-a-lambit-b30\/","title":{"rendered":"Presentaci\u00f3 de l\u2019estudi sobre les infraestructures de serveis dels pol\u00edgons industrials a l\u2019\u00c0mbit B30"},"content":{"rendered":"\n<p>El coordinador gerent del Pacte Industrial de la Regi\u00f3 Metropolitana de Barcelona, Carles Rivera, ha participat en la cinquena sessi\u00f3 informativa del Grup de Treball de l\u2019\u00e0mbit de Territori de <a href=\"http:\/\/www.b30i.cat\" target=\"_blank\" rel=\"noreferrer noopener\">l\u2019Associaci\u00f3 \u00c0mbit B30<\/a>, que s\u2019ha centrat en les infraestructures de serveis i telecomunicacions dins els pol\u00edgons d\u2019activitat econ\u00f2mica. La jornada s\u2019ha celebrat al Museu de Ci\u00e8ncies Naturals de Granollers.<\/p>\n\n\n\n<p>En la seva intervenci\u00f3, Carles Rivera ha presentat l\u2019associaci\u00f3 Pacte Industrial i ha introdu\u00eft l\u2019estudi \u201cAn\u00e0lisi de les infraestructures de serveis de Pol\u00edgons d&#8217;Activitat Econ\u00f2mica a la Regi\u00f3 Metropolitana de Barcelona\u201d, encarregat pel Pacte Industrial a <a href=\"http:\/\/www.bcnregional.com\/ca\/\" target=\"_blank\" rel=\"noreferrer noopener\">Barcelona Regional<\/a>. A continuaci\u00f3, Maria Buhigas, directora d\u2019Estrat\u00e8gia Urbana de Barcelona Regional i responsable de l\u2019estudi, ha presentat el seu contingut.<\/p>\n\n\n\n<h2>Els pol\u00edgons industrials, elements clau per a la competitivitat<\/h2>\n\n\n\n<p>L\u2019objectiu d\u2019aquest treball impulsat pel Pacte Industrial ha estat analitzar la situaci\u00f3 actual i potencial del s\u00f2l industrial de la RMB en relaci\u00f3 amb les infraestructures de serveis. L\u2019an\u00e0lisi realitzada serveix de base per a l\u2019elaboraci\u00f3 de propostes per a futures pol\u00edtiques p\u00fabliques relatives als pol\u00edgons d\u2019activitat econ\u00f2mica de la RMB, elements clau per a la competitivitat del territori metropolit\u00e0 i la transformaci\u00f3 del model econ\u00f2mic i industrial.<\/p>\n\n\n\n<p>Els quaderns del Pacte tenen com a objectiu donar a con\u00e8ixer les reflexions i propostes del Pacte Industrial i dels seus membres encaminades a contribuir a la vertebraci\u00f3 i l\u2019optimitzaci\u00f3 de la capacitat econ\u00f2mica, la competitivitat i la innovaci\u00f3 del territori metropolit\u00e0.<\/p>\n","protected":false},"excerpt":{"rendered":"<p>El coordinador gerent del Pacte Industrial de la Regi\u00f3 Metropolitana de Barcelona, Carles Rivera, ha participat en la cinquena sessi\u00f3 informativa del Grup de Treball de l\u2019\u00e0mbit de Territori de l\u2019Associaci\u00f3 \u00c0mbit B30, que s\u2019ha centrat en les infraestructures de serveis i telecomunicacions dins els pol\u00edgons d\u2019activitat econ\u00f2mica. La jornada s\u2019ha celebrat al Museu de [&#8230;]<\/p>\n","protected":false},"author":3,"featured_media":12324,"comment_status":"closed","ping_status":"open","sticky":false,"template":"","format":"standard","meta":[],"categories":[1],"tags":[81,77,80],"post_scope":[20,19],"yoast_head":"<!-- This site is optimized with the Yoast SEO plugin v16.1.1 - https:\/\/yoast.com\/wordpress\/plugins\/seo\/ -->\n<title>Presentaci\u00f3 de l\u2019estudi sobre les infraestructures de serveis dels pol\u00edgons industrials a l\u2019\u00c0mbit B30 - Pacte Industrial RMB<\/title>\n<link rel=\"canonical\" href=\"https:\/\/www.pacteindustrial.org\/ca\/blog\/presentacio-de-lestudi-sobre-les-infraestructures-de-serveis-dels-poligons-industrials-a-lambit-b30\/\" \/>\n<meta property=\"og:locale\" content=\"ca_ES\" \/>\n<meta property=\"og:type\" content=\"article\" \/>\n<meta property=\"og:title\" content=\"Presentaci\u00f3 de l\u2019estudi sobre les infraestructures de serveis dels pol\u00edgons industrials a l\u2019\u00c0mbit B30 - Pacte Industrial RMB\" \/>\n<meta property=\"og:description\" content=\"El coordinador gerent del Pacte Industrial de la Regi\u00f3 Metropolitana de Barcelona, Carles Rivera, ha participat en la cinquena sessi\u00f3 informativa del Grup de Treball de l\u2019\u00e0mbit de Territori de l\u2019Associaci\u00f3 \u00c0mbit B30, que s\u2019ha centrat en les infraestructures de serveis i telecomunicacions dins els pol\u00edgons d\u2019activitat econ\u00f2mica. La jornada s\u2019ha celebrat al Museu de [...]\" \/>\n<meta property=\"og:url\" content=\"https:\/\/www.pacteindustrial.org\/ca\/blog\/presentacio-de-lestudi-sobre-les-infraestructures-de-serveis-dels-poligons-industrials-a-lambit-b30\/\" \/>\n<meta property=\"og:site_name\" content=\"Pacte Industrial RMB\" \/>\n<meta property=\"article:published_time\" content=\"2013-04-10T22:00:00+00:00\" \/>\n<meta property=\"article:modified_time\" content=\"2020-11-08T23:16:49+00:00\" \/>\n<meta property=\"og:image\" content=\"https:\/\/www.pacteindustrial.org\/wp-content\/uploads\/2013\/04\/2013.04.13_Presentaci\u00f3-Q6.jpg\" \/>\n\t<meta property=\"og:image:width\" content=\"1632\" \/>\n\t<meta property=\"og:image:height\" content=\"1224\" \/>\n<meta name=\"twitter:card\" content=\"summary_large_image\" \/>\n<meta name=\"twitter:label1\" content=\"Temps estimat de lectura\">\n\t<meta name=\"twitter:data1\" content=\"1 minut\">\n<script type=\"application\/ld+json\" class=\"yoast-schema-graph\">{\"@context\":\"https:\/\/schema.org\",\"@graph\":[{\"@type\":\"WebSite\",\"@id\":\"https:\/\/www.pacteindustrial.org\/ca\/#website\",\"url\":\"https:\/\/www.pacteindustrial.org\/ca\/\",\"name\":\"Pacte Industrial RMB\",\"description\":\"\",\"potentialAction\":[{\"@type\":\"SearchAction\",\"target\":\"https:\/\/www.pacteindustrial.org\/ca\/?s={search_term_string}\",\"query-input\":\"required name=search_term_string\"}],\"inLanguage\":\"ca\"},{\"@type\":\"ImageObject\",\"@id\":\"https:\/\/www.pacteindustrial.org\/ca\/blog\/presentacio-de-lestudi-sobre-les-infraestructures-de-serveis-dels-poligons-industrials-a-lambit-b30\/#primaryimage\",\"inLanguage\":\"ca\",\"url\":\"https:\/\/www.pacteindustrial.org\/wp-content\/uploads\/2013\/04\/2013.04.13_Presentaci\\u00f3-Q6.jpg\",\"contentUrl\":\"https:\/\/www.pacteindustrial.org\/wp-content\/uploads\/2013\/04\/2013.04.13_Presentaci\\u00f3-Q6.jpg\",\"width\":1632,\"height\":1224},{\"@type\":\"WebPage\",\"@id\":\"https:\/\/www.pacteindustrial.org\/ca\/blog\/presentacio-de-lestudi-sobre-les-infraestructures-de-serveis-dels-poligons-industrials-a-lambit-b30\/#webpage\",\"url\":\"https:\/\/www.pacteindustrial.org\/ca\/blog\/presentacio-de-lestudi-sobre-les-infraestructures-de-serveis-dels-poligons-industrials-a-lambit-b30\/\",\"name\":\"Presentaci\\u00f3 de l\\u2019estudi sobre les infraestructures de serveis dels pol\\u00edgons industrials a l\\u2019\\u00c0mbit B30 - Pacte Industrial RMB\",\"isPartOf\":{\"@id\":\"https:\/\/www.pacteindustrial.org\/ca\/#website\"},\"primaryImageOfPage\":{\"@id\":\"https:\/\/www.pacteindustrial.org\/ca\/blog\/presentacio-de-lestudi-sobre-les-infraestructures-de-serveis-dels-poligons-industrials-a-lambit-b30\/#primaryimage\"},\"datePublished\":\"2013-04-10T22:00:00+00:00\",\"dateModified\":\"2020-11-08T23:16:49+00:00\",\"author\":{\"@id\":\"https:\/\/www.pacteindustrial.org\/ca\/#\/schema\/person\/f01c88f2cf2c11c69866641f45df8c6c\"},\"breadcrumb\":{\"@id\":\"https:\/\/www.pacteindustrial.org\/ca\/blog\/presentacio-de-lestudi-sobre-les-infraestructures-de-serveis-dels-poligons-industrials-a-lambit-b30\/#breadcrumb\"},\"inLanguage\":\"ca\",\"potentialAction\":[{\"@type\":\"ReadAction\",\"target\":[\"https:\/\/www.pacteindustrial.org\/ca\/blog\/presentacio-de-lestudi-sobre-les-infraestructures-de-serveis-dels-poligons-industrials-a-lambit-b30\/\"]}]},{\"@type\":\"BreadcrumbList\",\"@id\":\"https:\/\/www.pacteindustrial.org\/ca\/blog\/presentacio-de-lestudi-sobre-les-infraestructures-de-serveis-dels-poligons-industrials-a-lambit-b30\/#breadcrumb\",\"itemListElement\":[{\"@type\":\"ListItem\",\"position\":1,\"item\":{\"@type\":\"WebPage\",\"@id\":\"https:\/\/www.pacteindustrial.org\/ca\/\",\"url\":\"https:\/\/www.pacteindustrial.org\/ca\/\",\"name\":\"Home\"}},{\"@type\":\"ListItem\",\"position\":2,\"item\":{\"@type\":\"WebPage\",\"@id\":\"https:\/\/www.pacteindustrial.org\/ca\/blog\/presentacio-de-lestudi-sobre-les-infraestructures-de-serveis-dels-poligons-industrials-a-lambit-b30\/\",\"url\":\"https:\/\/www.pacteindustrial.org\/ca\/blog\/presentacio-de-lestudi-sobre-les-infraestructures-de-serveis-dels-poligons-industrials-a-lambit-b30\/\",\"name\":\"Presentaci\\u00f3 de l\\u2019estudi sobre les infraestructures de serveis dels pol\\u00edgons industrials a l\\u2019\\u00c0mbit B30\"}}]},{\"@type\":\"Person\",\"@id\":\"https:\/\/www.pacteindustrial.org\/ca\/#\/schema\/person\/f01c88f2cf2c11c69866641f45df8c6c\",\"name\":\"Eduard Nadal\",\"image\":{\"@type\":\"ImageObject\",\"@id\":\"https:\/\/www.pacteindustrial.org\/ca\/#personlogo\",\"inLanguage\":\"ca\",\"url\":\"https:\/\/secure.gravatar.com\/avatar\/1894e8f734287cae5956535114253572?s=96&d=mm&r=g\",\"contentUrl\":\"https:\/\/secure.gravatar.com\/avatar\/1894e8f734287cae5956535114253572?s=96&d=mm&r=g\",\"caption\":\"Eduard Nadal\"}}]}<\/script>\n<!-- \/ Yoast SEO plugin. -->","_links":{"self":[{"href":"https:\/\/www.pacteindustrial.org\/ca\/wp-json\/wp\/v2\/posts\/3127"}],"collection":[{"href":"https:\/\/www.pacteindustrial.org\/ca\/wp-json\/wp\/v2\/posts"}],"about":[{"href":"https:\/\/www.pacteindustrial.org\/ca\/wp-json\/wp\/v2\/types\/post"}],"author":[{"embeddable":true,"href":"https:\/\/www.pacteindustrial.org\/ca\/wp-json\/wp\/v2\/users\/3"}],"replies":[{"embeddable":true,"href":"https:\/\/www.pacteindustrial.org\/ca\/wp-json\/wp\/v2\/comments?post=3127"}],"version-history":[{"count":7,"href":"https:\/\/www.pacteindustrial.org\/ca\/wp-json\/wp\/v2\/posts\/3127\/revisions"}],"predecessor-version":[{"id":12358,"href":"https:\/\/www.pacteindustrial.org\/ca\/wp-json\/wp\/v2\/posts\/3127\/revisions\/12358"}],"wp:featuredmedia":[{"embeddable":true,"href":"https:\/\/www.pacteindustrial.org\/ca\/wp-json\/wp\/v2\/media\/12324"}],"wp:attachment":[{"href":"https:\/\/www.pacteindustrial.org\/ca\/wp-json\/wp\/v2\/media?parent=3127"}],"wp:term":[{"taxonomy":"category","embeddable":true,"href":"https:\/\/www.pacteindustrial.org\/ca\/wp-json\/wp\/v2\/categories?post=3127"},{"taxonomy":"post_tag","embeddable":true,"href":"https:\/\/www.pacteindustrial.org\/ca\/wp-json\/wp\/v2\/tags?post=3127"},{"taxonomy":"post_scope","embeddable":true,"href":"https:\/\/www.pacteindustrial.org\/ca\/wp-json\/wp\/v2\/post_scope?post=3127"}],"curies":[{"name":"wp","href":"https:\/\/api.w.org\/{rel}","templated":true}]}}