{"id":3131,"date":"2013-05-23T00:00:00","date_gmt":"2013-05-22T22:00:00","guid":{"rendered":"https:\/\/www.pacteindustrial.org\/xavier-casares-presenta-a-la-comissio-de-formacio-el-iii-pla-general-de-formacio-professional-a-catalunya\/"},"modified":"2020-11-08T21:37:34","modified_gmt":"2020-11-08T19:37:34","slug":"xavier-casares-presenta-a-la-comissio-de-formacio-el-iii-pla-general-de-formacio-professional-a-catalunya","status":"publish","type":"post","link":"https:\/\/www.pacteindustrial.org\/ca\/blog\/xavier-casares-presenta-a-la-comissio-de-formacio-el-iii-pla-general-de-formacio-professional-a-catalunya\/","title":{"rendered":"Xavier Casares presenta a la Comissi\u00f3 de Formaci\u00f3 el III Pla General de Formaci\u00f3 Professional a Catalunya"},"content":{"rendered":"\n<p>El president del Consell Catal\u00e0 de Formaci\u00f3 Professional, Xavier Casares, ha presentat el III Pla General de Formaci\u00f3 Professional a Catalunya (2013-2016) i la mem\u00f2ria de la futura Llei de la Formaci\u00f3 Professional als membres de la Comissi\u00f3 de Formaci\u00f3 del Pacte Industrial. Amb aquestes dues mesures, el Govern vol avan\u00e7ar cap a un nou model de FP que doni resposta a les necessitats actuals del mercat laboral.<\/p>\n\n\n\n<p>La reuni\u00f3 ha estat presidida per la presidenta de la Comissi\u00f3 de Formaci\u00f3 del Pacte Industrial, M. Rosa Fiol, i ha comptat amb l\u2019assist\u00e8ncia de nombrosos representants de les entitats que formen el Pacte. La trobada tamb\u00e9 ha servit perqu\u00e8 el president del Consell Catal\u00e0 de Formaci\u00f3 Professional s\u2019endugui les primeres impressions per part de les persones que treballaran en la seva aplicaci\u00f3 i diverses propostes de millora.<\/p>\n\n\n\n<h2>Un nou model de FP<\/h2>\n\n\n\n<p>Xavier Casares ha detallat que el III Pla General de Formaci\u00f3 Professional a Catalunya (2013-2016)\u00a0defineix quatre eixos estrat\u00e8gics on incidir: la planificaci\u00f3 i adaptaci\u00f3 de l\u2019oferta formativa integrada a les necessitats del mercat de treball i de les persones, l\u2019impuls dels centres de Formaci\u00f3 Professional integrats, l\u2019organitzaci\u00f3 d\u2019un mecanisme integrat de reconeixement i acreditaci\u00f3 de les compet\u00e8ncies professionals i el desenvolupament d\u2019un sistema integrat d\u2019informaci\u00f3 i orientaci\u00f3 professional. L\u2019objectiu \u00e9s articular un nou model de FP que impulsi la qualificaci\u00f3 professional i l\u2019ocupabilitat de les persones i que acabi traduint-se en una millora de la competitivitat de les empreses.<\/p>\n\n\n\n<p>Per la seva banda, la futura Llei de la Formaci\u00f3 Professional, de la qual el Govern acaba d\u2019aprovar la mem\u00f2ria de l\u2019avantprojecte, vol integrar les distintes modalitats de l\u2019FP. La llei vol superar els subsistemes per marcar itineraris que van des de la formaci\u00f3 inicial fins a la continuada a trav\u00e9s de diferents itineraris adaptats a les necessitats laborals i a les persones que es formin des de joves i al llarg de la vida.<\/p>\n","protected":false},"excerpt":{"rendered":"<p>El president del Consell Catal\u00e0 de Formaci\u00f3 Professional, Xavier Casares, ha presentat el III Pla General de Formaci\u00f3 Professional a Catalunya (2013-2016) i la mem\u00f2ria de la futura Llei de la Formaci\u00f3 Professional als membres de la Comissi\u00f3 de Formaci\u00f3 del Pacte Industrial. Amb aquestes dues mesures, el Govern vol avan\u00e7ar cap a un nou [&#8230;]<\/p>\n","protected":false},"author":3,"featured_media":3132,"comment_status":"closed","ping_status":"open","sticky":false,"template":"","format":"standard","meta":[],"categories":[329,1],"tags":[71,82],"post_scope":[26],"yoast_head":"<!-- This site is optimized with the Yoast SEO plugin v16.1.1 - https:\/\/yoast.com\/wordpress\/plugins\/seo\/ -->\n<title>Xavier Casares presenta a la Comissi\u00f3 de Formaci\u00f3 el III Pla General de Formaci\u00f3 Professional a Catalunya - Pacte Industrial RMB<\/title>\n<link rel=\"canonical\" href=\"https:\/\/www.pacteindustrial.org\/ca\/blog\/xavier-casares-presenta-a-la-comissio-de-formacio-el-iii-pla-general-de-formacio-professional-a-catalunya\/\" \/>\n<meta property=\"og:locale\" content=\"ca_ES\" \/>\n<meta property=\"og:type\" content=\"article\" \/>\n<meta property=\"og:title\" content=\"Xavier Casares presenta a la Comissi\u00f3 de Formaci\u00f3 el III Pla General de Formaci\u00f3 Professional a Catalunya - Pacte Industrial RMB\" \/>\n<meta property=\"og:description\" content=\"El president del Consell Catal\u00e0 de Formaci\u00f3 Professional, Xavier Casares, ha presentat el III Pla General de Formaci\u00f3 Professional a Catalunya (2013-2016) i la mem\u00f2ria de la futura Llei de la Formaci\u00f3 Professional als membres de la Comissi\u00f3 de Formaci\u00f3 del Pacte Industrial. Amb aquestes dues mesures, el Govern vol avan\u00e7ar cap a un nou [...]\" \/>\n<meta property=\"og:url\" content=\"https:\/\/www.pacteindustrial.org\/ca\/blog\/xavier-casares-presenta-a-la-comissio-de-formacio-el-iii-pla-general-de-formacio-professional-a-catalunya\/\" \/>\n<meta property=\"og:site_name\" content=\"Pacte Industrial RMB\" \/>\n<meta property=\"article:published_time\" content=\"2013-05-22T22:00:00+00:00\" \/>\n<meta property=\"article:modified_time\" content=\"2020-11-08T19:37:34+00:00\" \/>\n<meta property=\"og:image\" content=\"https:\/\/www.pacteindustrial.org\/wp-content\/uploads\/2013\/05\/9f078c47083bf435a67d08a840644134-2.jpg\" \/>\n\t<meta property=\"og:image:width\" content=\"1024\" \/>\n\t<meta property=\"og:image:height\" content=\"768\" \/>\n<meta name=\"twitter:card\" content=\"summary_large_image\" \/>\n<meta name=\"twitter:label1\" content=\"Temps estimat de lectura\">\n\t<meta name=\"twitter:data1\" content=\"2 minuts\">\n<script type=\"application\/ld+json\" class=\"yoast-schema-graph\">{\"@context\":\"https:\/\/schema.org\",\"@graph\":[{\"@type\":\"WebSite\",\"@id\":\"https:\/\/www.pacteindustrial.org\/ca\/#website\",\"url\":\"https:\/\/www.pacteindustrial.org\/ca\/\",\"name\":\"Pacte Industrial RMB\",\"description\":\"\",\"potentialAction\":[{\"@type\":\"SearchAction\",\"target\":\"https:\/\/www.pacteindustrial.org\/ca\/?s={search_term_string}\",\"query-input\":\"required name=search_term_string\"}],\"inLanguage\":\"ca\"},{\"@type\":\"ImageObject\",\"@id\":\"https:\/\/www.pacteindustrial.org\/ca\/blog\/xavier-casares-presenta-a-la-comissio-de-formacio-el-iii-pla-general-de-formacio-professional-a-catalunya\/#primaryimage\",\"inLanguage\":\"ca\",\"url\":\"https:\/\/www.pacteindustrial.org\/wp-content\/uploads\/2013\/05\/9f078c47083bf435a67d08a840644134-2.jpg\",\"contentUrl\":\"https:\/\/www.pacteindustrial.org\/wp-content\/uploads\/2013\/05\/9f078c47083bf435a67d08a840644134-2.jpg\",\"width\":1024,\"height\":768,\"caption\":\"D'esq. a dta.: Xavier Casares, president del Consell Catal\\u00e0 de Formaci\\u00f3 Professional; M. Rosa Fiol, presidenta de la Comissi\\u00f3 de Formaci\\u00f3 del Pacte Industrial, i Carles Rivera, coordinador gerent del Pacte Industrial\"},{\"@type\":\"WebPage\",\"@id\":\"https:\/\/www.pacteindustrial.org\/ca\/blog\/xavier-casares-presenta-a-la-comissio-de-formacio-el-iii-pla-general-de-formacio-professional-a-catalunya\/#webpage\",\"url\":\"https:\/\/www.pacteindustrial.org\/ca\/blog\/xavier-casares-presenta-a-la-comissio-de-formacio-el-iii-pla-general-de-formacio-professional-a-catalunya\/\",\"name\":\"Xavier Casares presenta a la Comissi\\u00f3 de Formaci\\u00f3 el III Pla General de Formaci\\u00f3 Professional a Catalunya - Pacte Industrial RMB\",\"isPartOf\":{\"@id\":\"https:\/\/www.pacteindustrial.org\/ca\/#website\"},\"primaryImageOfPage\":{\"@id\":\"https:\/\/www.pacteindustrial.org\/ca\/blog\/xavier-casares-presenta-a-la-comissio-de-formacio-el-iii-pla-general-de-formacio-professional-a-catalunya\/#primaryimage\"},\"datePublished\":\"2013-05-22T22:00:00+00:00\",\"dateModified\":\"2020-11-08T19:37:34+00:00\",\"author\":{\"@id\":\"https:\/\/www.pacteindustrial.org\/ca\/#\/schema\/person\/f01c88f2cf2c11c69866641f45df8c6c\"},\"breadcrumb\":{\"@id\":\"https:\/\/www.pacteindustrial.org\/ca\/blog\/xavier-casares-presenta-a-la-comissio-de-formacio-el-iii-pla-general-de-formacio-professional-a-catalunya\/#breadcrumb\"},\"inLanguage\":\"ca\",\"potentialAction\":[{\"@type\":\"ReadAction\",\"target\":[\"https:\/\/www.pacteindustrial.org\/ca\/blog\/xavier-casares-presenta-a-la-comissio-de-formacio-el-iii-pla-general-de-formacio-professional-a-catalunya\/\"]}]},{\"@type\":\"BreadcrumbList\",\"@id\":\"https:\/\/www.pacteindustrial.org\/ca\/blog\/xavier-casares-presenta-a-la-comissio-de-formacio-el-iii-pla-general-de-formacio-professional-a-catalunya\/#breadcrumb\",\"itemListElement\":[{\"@type\":\"ListItem\",\"position\":1,\"item\":{\"@type\":\"WebPage\",\"@id\":\"https:\/\/www.pacteindustrial.org\/ca\/\",\"url\":\"https:\/\/www.pacteindustrial.org\/ca\/\",\"name\":\"Home\"}},{\"@type\":\"ListItem\",\"position\":2,\"item\":{\"@type\":\"WebPage\",\"@id\":\"https:\/\/www.pacteindustrial.org\/ca\/blog\/xavier-casares-presenta-a-la-comissio-de-formacio-el-iii-pla-general-de-formacio-professional-a-catalunya\/\",\"url\":\"https:\/\/www.pacteindustrial.org\/ca\/blog\/xavier-casares-presenta-a-la-comissio-de-formacio-el-iii-pla-general-de-formacio-professional-a-catalunya\/\",\"name\":\"Xavier Casares presenta a la Comissi\\u00f3 de Formaci\\u00f3 el III Pla General de Formaci\\u00f3 Professional a Catalunya\"}}]},{\"@type\":\"Person\",\"@id\":\"https:\/\/www.pacteindustrial.org\/ca\/#\/schema\/person\/f01c88f2cf2c11c69866641f45df8c6c\",\"name\":\"Eduard Nadal\",\"image\":{\"@type\":\"ImageObject\",\"@id\":\"https:\/\/www.pacteindustrial.org\/ca\/#personlogo\",\"inLanguage\":\"ca\",\"url\":\"https:\/\/secure.gravatar.com\/avatar\/1894e8f734287cae5956535114253572?s=96&d=mm&r=g\",\"contentUrl\":\"https:\/\/secure.gravatar.com\/avatar\/1894e8f734287cae5956535114253572?s=96&d=mm&r=g\",\"caption\":\"Eduard Nadal\"}}]}<\/script>\n<!-- \/ Yoast SEO plugin. -->","_links":{"self":[{"href":"https:\/\/www.pacteindustrial.org\/ca\/wp-json\/wp\/v2\/posts\/3131"}],"collection":[{"href":"https:\/\/www.pacteindustrial.org\/ca\/wp-json\/wp\/v2\/posts"}],"about":[{"href":"https:\/\/www.pacteindustrial.org\/ca\/wp-json\/wp\/v2\/types\/post"}],"author":[{"embeddable":true,"href":"https:\/\/www.pacteindustrial.org\/ca\/wp-json\/wp\/v2\/users\/3"}],"replies":[{"embeddable":true,"href":"https:\/\/www.pacteindustrial.org\/ca\/wp-json\/wp\/v2\/comments?post=3131"}],"version-history":[{"count":6,"href":"https:\/\/www.pacteindustrial.org\/ca\/wp-json\/wp\/v2\/posts\/3131\/revisions"}],"predecessor-version":[{"id":12322,"href":"https:\/\/www.pacteindustrial.org\/ca\/wp-json\/wp\/v2\/posts\/3131\/revisions\/12322"}],"wp:featuredmedia":[{"embeddable":true,"href":"https:\/\/www.pacteindustrial.org\/ca\/wp-json\/wp\/v2\/media\/3132"}],"wp:attachment":[{"href":"https:\/\/www.pacteindustrial.org\/ca\/wp-json\/wp\/v2\/media?parent=3131"}],"wp:term":[{"taxonomy":"category","embeddable":true,"href":"https:\/\/www.pacteindustrial.org\/ca\/wp-json\/wp\/v2\/categories?post=3131"},{"taxonomy":"post_tag","embeddable":true,"href":"https:\/\/www.pacteindustrial.org\/ca\/wp-json\/wp\/v2\/tags?post=3131"},{"taxonomy":"post_scope","embeddable":true,"href":"https:\/\/www.pacteindustrial.org\/ca\/wp-json\/wp\/v2\/post_scope?post=3131"}],"curies":[{"name":"wp","href":"https:\/\/api.w.org\/{rel}","templated":true}]}}