{"id":3188,"date":"2013-07-30T00:00:00","date_gmt":"2013-07-29T22:00:00","guid":{"rendered":"https:\/\/www.pacteindustrial.org\/lamb-destinara-30-meur-a-millorar-les-infraestructures-dels-poligons-dactivitat-economica\/"},"modified":"2020-11-08T18:09:49","modified_gmt":"2020-11-08T16:09:49","slug":"lamb-destinara-30-meur-a-millorar-les-infraestructures-dels-poligons-dactivitat-economica","status":"publish","type":"post","link":"https:\/\/www.pacteindustrial.org\/ca\/blog\/lamb-destinara-30-meur-a-millorar-les-infraestructures-dels-poligons-dactivitat-economica\/","title":{"rendered":"L\u2019AMB destinar\u00e0 30 MEUR a millorar les infraestructures dels pol\u00edgons d\u2019activitat econ\u00f2mica"},"content":{"rendered":"\n<p>L\u2019<a href=\"http:\/\/www.amb.cat\/web\/guest\" target=\"_blank\" rel=\"noreferrer noopener\">\u00c0rea Metropolitana de Barcelona<\/a> (AMB) ha aprovat el <em>Pla metropolit\u00e0 de suport als ajuntaments, d\u2019est\u00edmul de l\u2019activitat econ\u00f2mica i millora de la qualitat de vida<\/em> amb l\u2019objectiu de dinamitzar l\u2019activitat econ\u00f2mica i generar oportunitats a les pimes radicades al territori de l\u2019\u00c0rea Metropolitana de Barcelona.<\/p>\n\n\n\n<p>El Pla inclou el <em>Programa de millora d\u2019infraestructures i de competitivitat de pol\u00edgons industrials i d\u2019\u00e0rees d\u2019activitat econ\u00f2mica<\/em> per fer front a la proliferaci\u00f3 de naus i solars buits com a conseq\u00fc\u00e8ncia de la conjuntura econ\u00f2mica actual. L\u2019AMB estima que aquesta desocupaci\u00f3 afecta entre el 30 i el 50% de la capacitat total dels pol\u00edgons i que, a m\u00e9s, agreuja les defici\u00e8ncies d\u2019urbanitzaci\u00f3, manteniment, preservaci\u00f3 dels espais i de les infraestructures de serveis que els abasteixen.<\/p>\n\n\n\n<h2>Impacte previst de 75 MEUR<\/h2>\n\n\n\n<p>El programa t\u00e9 una dotaci\u00f3 de 30 MEUR que es repartir\u00e0 entre el 2014 i el 2015. No obstant, la seva aplicaci\u00f3 generar\u00e0 segons l\u2019AMB un impacte inversor de 75 MEUR sobre el territori, ja que el programa subvencionar\u00e0 fins al 40% de les actuacions. Tamb\u00e9 es preveu establir dues l\u00ednies de subvencions de 15 MEUR cadascuna, una reservada als ajuntaments metropolitans i una altra per a empreses i agrupacions d\u2019empreses.<\/p>\n\n\n\n<p>Les inversions aniran en dues direccions: d\u2019una banda volen incrementar l\u2019atractiu dels pol\u00edgons adaptant-los a les empreses que hi estan instal\u00b7lades o aquelles que s\u2019hi vulguin instal\u00b7lar i, de l\u2019altra, volen reactivar un teixit de pimes locals traslladant al s\u00f2l industrial l\u2019experi\u00e8ncia de les pol\u00edtiques actives de rehabilitaci\u00f3 que s\u2019estan desplegant als teixits urbans.<\/p>\n\n\n\n<p><\/p>\n","protected":false},"excerpt":{"rendered":"<p>L\u2019\u00c0rea Metropolitana de Barcelona (AMB) ha aprovat el Pla metropolit\u00e0 de suport als ajuntaments, d\u2019est\u00edmul de l\u2019activitat econ\u00f2mica i millora de la qualitat de vida amb l\u2019objectiu de dinamitzar l\u2019activitat econ\u00f2mica i generar oportunitats a les pimes radicades al territori de l\u2019\u00c0rea Metropolitana de Barcelona. El Pla inclou el Programa de millora d\u2019infraestructures i de [&#8230;]<\/p>\n","protected":false},"author":3,"featured_media":3189,"comment_status":"closed","ping_status":"open","sticky":false,"template":"","format":"standard","meta":[],"categories":[1],"tags":[78,77,70,92],"post_scope":[20,19,25],"yoast_head":"<!-- This site is optimized with the Yoast SEO plugin v16.1.1 - https:\/\/yoast.com\/wordpress\/plugins\/seo\/ -->\n<title>L\u2019AMB destinar\u00e0 30 MEUR a millorar les infraestructures dels pol\u00edgons d\u2019activitat econ\u00f2mica - Pacte Industrial RMB<\/title>\n<link rel=\"canonical\" href=\"https:\/\/www.pacteindustrial.org\/ca\/blog\/lamb-destinara-30-meur-a-millorar-les-infraestructures-dels-poligons-dactivitat-economica\/\" \/>\n<meta property=\"og:locale\" content=\"ca_ES\" \/>\n<meta property=\"og:type\" content=\"article\" \/>\n<meta property=\"og:title\" content=\"L\u2019AMB destinar\u00e0 30 MEUR a millorar les infraestructures dels pol\u00edgons d\u2019activitat econ\u00f2mica - Pacte Industrial RMB\" \/>\n<meta property=\"og:description\" content=\"L\u2019\u00c0rea Metropolitana de Barcelona (AMB) ha aprovat el Pla metropolit\u00e0 de suport als ajuntaments, d\u2019est\u00edmul de l\u2019activitat econ\u00f2mica i millora de la qualitat de vida amb l\u2019objectiu de dinamitzar l\u2019activitat econ\u00f2mica i generar oportunitats a les pimes radicades al territori de l\u2019\u00c0rea Metropolitana de Barcelona. El Pla inclou el Programa de millora d\u2019infraestructures i de [...]\" \/>\n<meta property=\"og:url\" content=\"https:\/\/www.pacteindustrial.org\/ca\/blog\/lamb-destinara-30-meur-a-millorar-les-infraestructures-dels-poligons-dactivitat-economica\/\" \/>\n<meta property=\"og:site_name\" content=\"Pacte Industrial RMB\" \/>\n<meta property=\"article:published_time\" content=\"2013-07-29T22:00:00+00:00\" \/>\n<meta property=\"article:modified_time\" content=\"2020-11-08T16:09:49+00:00\" \/>\n<meta property=\"og:image\" content=\"https:\/\/www.pacteindustrial.org\/wp-content\/uploads\/2013\/07\/c647ae0e90cf6055253910f1f67d70c7-2.jpg\" \/>\n\t<meta property=\"og:image:width\" content=\"640\" \/>\n\t<meta property=\"og:image:height\" content=\"360\" \/>\n<meta name=\"twitter:card\" content=\"summary_large_image\" \/>\n<meta name=\"twitter:label1\" content=\"Temps estimat de lectura\">\n\t<meta name=\"twitter:data1\" content=\"1 minut\">\n<script type=\"application\/ld+json\" class=\"yoast-schema-graph\">{\"@context\":\"https:\/\/schema.org\",\"@graph\":[{\"@type\":\"WebSite\",\"@id\":\"https:\/\/www.pacteindustrial.org\/ca\/#website\",\"url\":\"https:\/\/www.pacteindustrial.org\/ca\/\",\"name\":\"Pacte Industrial RMB\",\"description\":\"\",\"potentialAction\":[{\"@type\":\"SearchAction\",\"target\":\"https:\/\/www.pacteindustrial.org\/ca\/?s={search_term_string}\",\"query-input\":\"required name=search_term_string\"}],\"inLanguage\":\"ca\"},{\"@type\":\"ImageObject\",\"@id\":\"https:\/\/www.pacteindustrial.org\/ca\/blog\/lamb-destinara-30-meur-a-millorar-les-infraestructures-dels-poligons-dactivitat-economica\/#primaryimage\",\"inLanguage\":\"ca\",\"url\":\"https:\/\/www.pacteindustrial.org\/wp-content\/uploads\/2013\/07\/c647ae0e90cf6055253910f1f67d70c7-2.jpg\",\"contentUrl\":\"https:\/\/www.pacteindustrial.org\/wp-content\/uploads\/2013\/07\/c647ae0e90cf6055253910f1f67d70c7-2.jpg\",\"width\":640,\"height\":360},{\"@type\":\"WebPage\",\"@id\":\"https:\/\/www.pacteindustrial.org\/ca\/blog\/lamb-destinara-30-meur-a-millorar-les-infraestructures-dels-poligons-dactivitat-economica\/#webpage\",\"url\":\"https:\/\/www.pacteindustrial.org\/ca\/blog\/lamb-destinara-30-meur-a-millorar-les-infraestructures-dels-poligons-dactivitat-economica\/\",\"name\":\"L\\u2019AMB destinar\\u00e0 30 MEUR a millorar les infraestructures dels pol\\u00edgons d\\u2019activitat econ\\u00f2mica - Pacte Industrial RMB\",\"isPartOf\":{\"@id\":\"https:\/\/www.pacteindustrial.org\/ca\/#website\"},\"primaryImageOfPage\":{\"@id\":\"https:\/\/www.pacteindustrial.org\/ca\/blog\/lamb-destinara-30-meur-a-millorar-les-infraestructures-dels-poligons-dactivitat-economica\/#primaryimage\"},\"datePublished\":\"2013-07-29T22:00:00+00:00\",\"dateModified\":\"2020-11-08T16:09:49+00:00\",\"author\":{\"@id\":\"https:\/\/www.pacteindustrial.org\/ca\/#\/schema\/person\/f01c88f2cf2c11c69866641f45df8c6c\"},\"breadcrumb\":{\"@id\":\"https:\/\/www.pacteindustrial.org\/ca\/blog\/lamb-destinara-30-meur-a-millorar-les-infraestructures-dels-poligons-dactivitat-economica\/#breadcrumb\"},\"inLanguage\":\"ca\",\"potentialAction\":[{\"@type\":\"ReadAction\",\"target\":[\"https:\/\/www.pacteindustrial.org\/ca\/blog\/lamb-destinara-30-meur-a-millorar-les-infraestructures-dels-poligons-dactivitat-economica\/\"]}]},{\"@type\":\"BreadcrumbList\",\"@id\":\"https:\/\/www.pacteindustrial.org\/ca\/blog\/lamb-destinara-30-meur-a-millorar-les-infraestructures-dels-poligons-dactivitat-economica\/#breadcrumb\",\"itemListElement\":[{\"@type\":\"ListItem\",\"position\":1,\"item\":{\"@type\":\"WebPage\",\"@id\":\"https:\/\/www.pacteindustrial.org\/ca\/\",\"url\":\"https:\/\/www.pacteindustrial.org\/ca\/\",\"name\":\"Home\"}},{\"@type\":\"ListItem\",\"position\":2,\"item\":{\"@type\":\"WebPage\",\"@id\":\"https:\/\/www.pacteindustrial.org\/ca\/blog\/lamb-destinara-30-meur-a-millorar-les-infraestructures-dels-poligons-dactivitat-economica\/\",\"url\":\"https:\/\/www.pacteindustrial.org\/ca\/blog\/lamb-destinara-30-meur-a-millorar-les-infraestructures-dels-poligons-dactivitat-economica\/\",\"name\":\"L\\u2019AMB destinar\\u00e0 30 MEUR a millorar les infraestructures dels pol\\u00edgons d\\u2019activitat econ\\u00f2mica\"}}]},{\"@type\":\"Person\",\"@id\":\"https:\/\/www.pacteindustrial.org\/ca\/#\/schema\/person\/f01c88f2cf2c11c69866641f45df8c6c\",\"name\":\"Eduard Nadal\",\"image\":{\"@type\":\"ImageObject\",\"@id\":\"https:\/\/www.pacteindustrial.org\/ca\/#personlogo\",\"inLanguage\":\"ca\",\"url\":\"https:\/\/secure.gravatar.com\/avatar\/1894e8f734287cae5956535114253572?s=96&d=mm&r=g\",\"contentUrl\":\"https:\/\/secure.gravatar.com\/avatar\/1894e8f734287cae5956535114253572?s=96&d=mm&r=g\",\"caption\":\"Eduard Nadal\"}}]}<\/script>\n<!-- \/ Yoast SEO plugin. -->","_links":{"self":[{"href":"https:\/\/www.pacteindustrial.org\/ca\/wp-json\/wp\/v2\/posts\/3188"}],"collection":[{"href":"https:\/\/www.pacteindustrial.org\/ca\/wp-json\/wp\/v2\/posts"}],"about":[{"href":"https:\/\/www.pacteindustrial.org\/ca\/wp-json\/wp\/v2\/types\/post"}],"author":[{"embeddable":true,"href":"https:\/\/www.pacteindustrial.org\/ca\/wp-json\/wp\/v2\/users\/3"}],"replies":[{"embeddable":true,"href":"https:\/\/www.pacteindustrial.org\/ca\/wp-json\/wp\/v2\/comments?post=3188"}],"version-history":[{"count":7,"href":"https:\/\/www.pacteindustrial.org\/ca\/wp-json\/wp\/v2\/posts\/3188\/revisions"}],"predecessor-version":[{"id":12289,"href":"https:\/\/www.pacteindustrial.org\/ca\/wp-json\/wp\/v2\/posts\/3188\/revisions\/12289"}],"wp:featuredmedia":[{"embeddable":true,"href":"https:\/\/www.pacteindustrial.org\/ca\/wp-json\/wp\/v2\/media\/3189"}],"wp:attachment":[{"href":"https:\/\/www.pacteindustrial.org\/ca\/wp-json\/wp\/v2\/media?parent=3188"}],"wp:term":[{"taxonomy":"category","embeddable":true,"href":"https:\/\/www.pacteindustrial.org\/ca\/wp-json\/wp\/v2\/categories?post=3188"},{"taxonomy":"post_tag","embeddable":true,"href":"https:\/\/www.pacteindustrial.org\/ca\/wp-json\/wp\/v2\/tags?post=3188"},{"taxonomy":"post_scope","embeddable":true,"href":"https:\/\/www.pacteindustrial.org\/ca\/wp-json\/wp\/v2\/post_scope?post=3188"}],"curies":[{"name":"wp","href":"https:\/\/api.w.org\/{rel}","templated":true}]}}