{"id":3542,"date":"2015-12-11T00:00:00","date_gmt":"2015-12-10T22:00:00","guid":{"rendered":"https:\/\/www.pacteindustrial.org\/cooperacio-per-a-la-internacionalitzacio-i-la-competitivitat-metropolitana\/"},"modified":"2020-09-18T17:56:18","modified_gmt":"2020-09-18T15:56:18","slug":"cooperacio-per-a-la-internacionalitzacio-i-la-competitivitat-metropolitana","status":"publish","type":"post","link":"https:\/\/www.pacteindustrial.org\/ca\/blog\/cooperacio-per-a-la-internacionalitzacio-i-la-competitivitat-metropolitana\/","title":{"rendered":"Cooperaci\u00f3 per a la internacionalitzaci\u00f3 i la competitivitat metropolitana"},"content":{"rendered":"\n<p>El passat 11 de desembre ha tingut lloc la presentaci\u00f3 del document <strong>\u201cLa xarxa de suport a la internacionalitzaci\u00f3 econ\u00f2mica de la RMB\u201d<\/strong>, dirigit pel professor d\u2019<strong><a href=\"http:\/\/www.esade.edu\/web\/cat\/\" target=\"_blank\" rel=\"noreferrer noopener\">ESADE<\/a> <a href=\"http:\/\/www.esade.edu\/professorat\/angel.saz\" target=\"_blank\" rel=\"noreferrer noopener\">Angel Saz-Carranza<\/a><\/strong>, i que esdev\u00e9 el Quadern n\u00famero 13 del Pacte Industrial. La presentaci\u00f3 s\u2019ha celebrat a l\u2019edifici de Can Marf\u00e0 G\u00e8nere de punt de Matar\u00f3 en el marc de la celebraci\u00f3 del <strong>XX Consell General del Pacte Industrial<\/strong> i ha finalitzat amb una taula rodona en la qual hi han participat, a m\u00e9s de l\u2019autor del document, <strong>David Bote<\/strong>, alcalde de Matar\u00f3; <strong>S\u00f2nia Recasens<\/strong>, presidenta del Consell General del Pacte Industrial i diputada delegada de Promoci\u00f3 Econ\u00f2mica i Ocupaci\u00f3 de la Diputaci\u00f3 de Barcelona; <strong>Carles Ruiz<\/strong>, president del Comit\u00e8 Executiu del Pacte Industrial i alcalde de Viladecans; <strong>Mateu Hern\u00e1ndez<\/strong>, director general de Barcelona Global, i <strong>Toni Mora<\/strong>, president de la Comissi\u00f3 d\u2019Activitat Econ\u00f2mica del Pacte Industrial i representant de CCOO.<\/p>\n\n\n\n<p>L\u2019objectiu de l\u2019estudi \u00e9s identificar i caracteritzar la <strong>xarxa d\u2019actors<\/strong> que promouen i donen suport a la <strong>internacionalitzaci\u00f3<\/strong> de l\u2019economia de la Regi\u00f3 Metropolitana de Barcelona, analitzar els seus <strong>vincles<\/strong> i les seves <strong>interrelacions<\/strong> i fer <strong>propostes per millorar<\/strong> el seu funcionament. L&#8217;estudi conclou que la Regi\u00f3 Metropolitana de Barcelona ha creat una <strong>xarxa<\/strong> de suport a la internacionalitzaci\u00f3 econ\u00f2mica <strong>interessant, prou segmentada i professional<\/strong>, per\u00f2 no es pot quedar en aquest punt: A mesura que la compet\u00e8ncia i dinamisme global s\u2019acceleren, la regi\u00f3 ha de continuar amb la <strong>millora institucional<\/strong> que acompanyi el sector privat i industrial en el proc\u00e9s d\u2019internacionalitzaci\u00f3 \u2014tal com fan totes les metr\u00f2polis rellevants d\u2019arreu del m\u00f3n.<\/p>\n\n\n\n<p>Aquest estudi elaborat per <a href=\"http:\/\/www.esade.edu\/web\/cat\/\" target=\"_blank\" rel=\"noreferrer noopener\">ESADE<\/a> \u00e9s pioner en agrupar les diferents organitzacions que presten serveis d\u2019internacionalitzaci\u00f3 a la Regi\u00f3 Metropolitana de Barcelona en cinc grups, anomenats subsistemes, d\u2019acord amb les seves funcions i activitats principals. Aquests s\u00f3n <strong>m\u00e0rqueting internacional<\/strong> \u2013que inclou la promoci\u00f3 tur\u00edstica, l\u2019atracci\u00f3 d\u2019esdeveniments i rutes comercials, la gesti\u00f3 de la marca Barcelona, i l\u2019organitzaci\u00f3 d\u2019esdeveniments\u2013, <strong>atracci\u00f3 d\u2019inversi\u00f3 estrangera directa<\/strong>, i tres subsistemes relacionats amb l\u2019<strong>exportaci\u00f3: promoci\u00f3, capacitaci\u00f3 i gesti\u00f3<\/strong>.<\/p>\n\n\n\n<h2>Propostes de millora de la xarxa de suport a la internacionalitzaci\u00f3<\/h2>\n\n\n\n<h3><strong>M\u00e0rqueting internacional<\/strong><\/h3>\n\n\n\n<p>L\u2019estudi proposa <strong>ancorar ACCI\u00d3 a l\u2019ag\u00e8ncia Marca Barcelona<\/strong> (en construcci\u00f3) per millorar-ne la coordinaci\u00f3. ACCI\u00d3 es podria incorporar formalment a l\u2019ag\u00e8ncia o simplement participar a les reunions i als consells de coordinaci\u00f3.<\/p>\n\n\n\n<h3><strong>Atracci\u00f3 d\u2019inversi\u00f3 estrangera directa<\/strong><\/h3>\n\n\n\n<p>Pel que fa a aquest subsistema, es proposa <strong>crear un instrument formal de coordinaci\u00f3<\/strong> d\u2019atracci\u00f3 de la inversi\u00f3 a la Regi\u00f3 Metropolitana de Barcelona, <strong>liderat per ACCI\u00d3 i Barcelona Activa<\/strong>, integrant-hi l\u2019ICEX i tamb\u00e9 l\u2019\u00c0rea Metropolitana de Barcelona, el Port i la Cambra de Comer\u00e7. Aquest instrument podria implicar reunions de coordinaci\u00f3 bisetmanals, o una llista de correu on s\u2019anunciessin els projectes que es gestionin a mesura que vagin sorgint.<\/p>\n\n\n\n<h3><strong>Exportaci\u00f3<\/strong><\/h3>\n\n\n\n<p>En els subsistemes vinculats amb l\u2019exportaci\u00f3 \u00e9s on l\u2019estudi ha trobat <strong>m\u00e9s necessitats de millora<\/strong>, degut a les <strong>duplicitats<\/strong> existents en les accions de sensibilitzaci\u00f3 i de formaci\u00f3, i per la <strong>manca de nexe<\/strong> entre els <strong>programes de capacitaci\u00f3 i de gesti\u00f3 de l\u2019exportaci\u00f3<\/strong>. Es proposa:<\/p>\n\n\n\n<ul><li>Crear un <strong>punt \u00fanic d\u2019informaci\u00f3<\/strong> de refer\u00e8ncia que reculli totes les diverses activitats de sensibilitzaci\u00f3 i promoci\u00f3 de l\u2019exportaci\u00f3 que es fan a la Regi\u00f3 Metropolitana de Barcelona. Aquest punt podria ser una web, gestionada per un dels actors.<\/li><li>Crear un <strong>mapa amb tots els productes<\/strong> de capacitaci\u00f3 perqu\u00e8 les empreses puguin seguir una traject\u00f2ria de formaci\u00f3 de manera l\u00f2gica i eficient. Aquest mapa el podria elaborar algun dels actors o b\u00e9 un consell de coordinaci\u00f3 formal integrat per tots.<\/li><li>Pel que fa a la <strong>formaci\u00f3<\/strong>, tamb\u00e9 s\u2019hauria de <strong>millorar la dualitat actual<\/strong>. Es podrien fusionar \u201cAccelera el Creixement\u201d (ACCI\u00d3) i \u201cExpansiona\u2019t\u201d (Diputaci\u00f3) \u2014o, almenys, s\u2019haurien d\u2019especialitzar els dos programes de manera que fossin complementaris i oferissin uns serveis segmentats i menys redundants.<\/li><li><strong>Millorar la coordinaci\u00f3<\/strong> entre els <strong>actors<\/strong> que promouen la <strong>gesti\u00f3 de l\u2019exportaci\u00f3<\/strong> (principalment l\u2019ICEX i ACCI\u00d3) i, si fos possible, diferenciar i segmentar les seves ofertes respectives. Algun mecanisme de comunicaci\u00f3 constant, com ara uns consells de coordinaci\u00f3 peri\u00f2dics o l\u2019\u00fas de plataformes electr\u00f2niques, podria ser \u00fatil.<\/li><\/ul>\n","protected":false},"excerpt":{"rendered":"<p>El passat 11 de desembre ha tingut lloc la presentaci\u00f3 del document \u201cLa xarxa de suport a la internacionalitzaci\u00f3 econ\u00f2mica de la RMB\u201d, dirigit pel professor d\u2019ESADE Angel Saz-Carranza, i que esdev\u00e9 el Quadern n\u00famero 13 del Pacte Industrial. La presentaci\u00f3 s\u2019ha celebrat a l\u2019edifici de Can Marf\u00e0 G\u00e8nere de punt de Matar\u00f3 en el [&#8230;]<\/p>\n","protected":false},"author":3,"featured_media":3543,"comment_status":"closed","ping_status":"open","sticky":false,"template":"","format":"standard","meta":[],"categories":[1],"tags":[90,80],"post_scope":[28],"yoast_head":"<!-- This site is optimized with the Yoast SEO plugin v16.1.1 - https:\/\/yoast.com\/wordpress\/plugins\/seo\/ -->\n<title>Cooperaci\u00f3 per a la internacionalitzaci\u00f3 i la competitivitat metropolitana - Pacte Industrial RMB<\/title>\n<link rel=\"canonical\" href=\"https:\/\/www.pacteindustrial.org\/ca\/blog\/cooperacio-per-a-la-internacionalitzacio-i-la-competitivitat-metropolitana\/\" \/>\n<meta property=\"og:locale\" content=\"ca_ES\" \/>\n<meta property=\"og:type\" content=\"article\" \/>\n<meta property=\"og:title\" content=\"Cooperaci\u00f3 per a la internacionalitzaci\u00f3 i la competitivitat metropolitana - Pacte Industrial RMB\" \/>\n<meta property=\"og:description\" content=\"El passat 11 de desembre ha tingut lloc la presentaci\u00f3 del document \u201cLa xarxa de suport a la internacionalitzaci\u00f3 econ\u00f2mica de la RMB\u201d, dirigit pel professor d\u2019ESADE Angel Saz-Carranza, i que esdev\u00e9 el Quadern n\u00famero 13 del Pacte Industrial. La presentaci\u00f3 s\u2019ha celebrat a l\u2019edifici de Can Marf\u00e0 G\u00e8nere de punt de Matar\u00f3 en el [...]\" \/>\n<meta property=\"og:url\" content=\"https:\/\/www.pacteindustrial.org\/ca\/blog\/cooperacio-per-a-la-internacionalitzacio-i-la-competitivitat-metropolitana\/\" \/>\n<meta property=\"og:site_name\" content=\"Pacte Industrial RMB\" \/>\n<meta property=\"article:published_time\" content=\"2015-12-10T22:00:00+00:00\" \/>\n<meta property=\"article:modified_time\" content=\"2020-09-18T15:56:18+00:00\" \/>\n<meta property=\"og:image\" content=\"https:\/\/www.pacteindustrial.org\/wp-content\/uploads\/2015\/12\/1e4557dbc49781b6fefd7826a3861a68-1.jpg\" \/>\n\t<meta property=\"og:image:width\" content=\"640\" \/>\n\t<meta property=\"og:image:height\" content=\"246\" \/>\n<meta name=\"twitter:card\" content=\"summary_large_image\" \/>\n<meta name=\"twitter:label1\" content=\"Temps estimat de lectura\">\n\t<meta name=\"twitter:data1\" content=\"4 minuts\">\n<script type=\"application\/ld+json\" class=\"yoast-schema-graph\">{\"@context\":\"https:\/\/schema.org\",\"@graph\":[{\"@type\":\"WebSite\",\"@id\":\"https:\/\/www.pacteindustrial.org\/ca\/#website\",\"url\":\"https:\/\/www.pacteindustrial.org\/ca\/\",\"name\":\"Pacte Industrial RMB\",\"description\":\"\",\"potentialAction\":[{\"@type\":\"SearchAction\",\"target\":\"https:\/\/www.pacteindustrial.org\/ca\/?s={search_term_string}\",\"query-input\":\"required name=search_term_string\"}],\"inLanguage\":\"ca\"},{\"@type\":\"ImageObject\",\"@id\":\"https:\/\/www.pacteindustrial.org\/ca\/blog\/cooperacio-per-a-la-internacionalitzacio-i-la-competitivitat-metropolitana\/#primaryimage\",\"inLanguage\":\"ca\",\"url\":\"https:\/\/www.pacteindustrial.org\/wp-content\/uploads\/2015\/12\/1e4557dbc49781b6fefd7826a3861a68-1.jpg\",\"contentUrl\":\"https:\/\/www.pacteindustrial.org\/wp-content\/uploads\/2015\/12\/1e4557dbc49781b6fefd7826a3861a68-1.jpg\",\"width\":640,\"height\":246,\"caption\":\"D'esq. a dta.: Angel Saz-Carranza, Carles Ruiz, S\\u00f2nia Recasens, David Bote, Toni Mora i Mateu Hern\\u00e1ndez\"},{\"@type\":\"WebPage\",\"@id\":\"https:\/\/www.pacteindustrial.org\/ca\/blog\/cooperacio-per-a-la-internacionalitzacio-i-la-competitivitat-metropolitana\/#webpage\",\"url\":\"https:\/\/www.pacteindustrial.org\/ca\/blog\/cooperacio-per-a-la-internacionalitzacio-i-la-competitivitat-metropolitana\/\",\"name\":\"Cooperaci\\u00f3 per a la internacionalitzaci\\u00f3 i la competitivitat metropolitana - Pacte Industrial RMB\",\"isPartOf\":{\"@id\":\"https:\/\/www.pacteindustrial.org\/ca\/#website\"},\"primaryImageOfPage\":{\"@id\":\"https:\/\/www.pacteindustrial.org\/ca\/blog\/cooperacio-per-a-la-internacionalitzacio-i-la-competitivitat-metropolitana\/#primaryimage\"},\"datePublished\":\"2015-12-10T22:00:00+00:00\",\"dateModified\":\"2020-09-18T15:56:18+00:00\",\"author\":{\"@id\":\"https:\/\/www.pacteindustrial.org\/ca\/#\/schema\/person\/f01c88f2cf2c11c69866641f45df8c6c\"},\"breadcrumb\":{\"@id\":\"https:\/\/www.pacteindustrial.org\/ca\/blog\/cooperacio-per-a-la-internacionalitzacio-i-la-competitivitat-metropolitana\/#breadcrumb\"},\"inLanguage\":\"ca\",\"potentialAction\":[{\"@type\":\"ReadAction\",\"target\":[\"https:\/\/www.pacteindustrial.org\/ca\/blog\/cooperacio-per-a-la-internacionalitzacio-i-la-competitivitat-metropolitana\/\"]}]},{\"@type\":\"BreadcrumbList\",\"@id\":\"https:\/\/www.pacteindustrial.org\/ca\/blog\/cooperacio-per-a-la-internacionalitzacio-i-la-competitivitat-metropolitana\/#breadcrumb\",\"itemListElement\":[{\"@type\":\"ListItem\",\"position\":1,\"item\":{\"@type\":\"WebPage\",\"@id\":\"https:\/\/www.pacteindustrial.org\/ca\/\",\"url\":\"https:\/\/www.pacteindustrial.org\/ca\/\",\"name\":\"Home\"}},{\"@type\":\"ListItem\",\"position\":2,\"item\":{\"@type\":\"WebPage\",\"@id\":\"https:\/\/www.pacteindustrial.org\/ca\/blog\/cooperacio-per-a-la-internacionalitzacio-i-la-competitivitat-metropolitana\/\",\"url\":\"https:\/\/www.pacteindustrial.org\/ca\/blog\/cooperacio-per-a-la-internacionalitzacio-i-la-competitivitat-metropolitana\/\",\"name\":\"Cooperaci\\u00f3 per a la internacionalitzaci\\u00f3 i la competitivitat metropolitana\"}}]},{\"@type\":\"Person\",\"@id\":\"https:\/\/www.pacteindustrial.org\/ca\/#\/schema\/person\/f01c88f2cf2c11c69866641f45df8c6c\",\"name\":\"Eduard Nadal\",\"image\":{\"@type\":\"ImageObject\",\"@id\":\"https:\/\/www.pacteindustrial.org\/ca\/#personlogo\",\"inLanguage\":\"ca\",\"url\":\"https:\/\/secure.gravatar.com\/avatar\/1894e8f734287cae5956535114253572?s=96&d=mm&r=g\",\"contentUrl\":\"https:\/\/secure.gravatar.com\/avatar\/1894e8f734287cae5956535114253572?s=96&d=mm&r=g\",\"caption\":\"Eduard Nadal\"}}]}<\/script>\n<!-- \/ Yoast SEO plugin. -->","_links":{"self":[{"href":"https:\/\/www.pacteindustrial.org\/ca\/wp-json\/wp\/v2\/posts\/3542"}],"collection":[{"href":"https:\/\/www.pacteindustrial.org\/ca\/wp-json\/wp\/v2\/posts"}],"about":[{"href":"https:\/\/www.pacteindustrial.org\/ca\/wp-json\/wp\/v2\/types\/post"}],"author":[{"embeddable":true,"href":"https:\/\/www.pacteindustrial.org\/ca\/wp-json\/wp\/v2\/users\/3"}],"replies":[{"embeddable":true,"href":"https:\/\/www.pacteindustrial.org\/ca\/wp-json\/wp\/v2\/comments?post=3542"}],"version-history":[{"count":9,"href":"https:\/\/www.pacteindustrial.org\/ca\/wp-json\/wp\/v2\/posts\/3542\/revisions"}],"predecessor-version":[{"id":11418,"href":"https:\/\/www.pacteindustrial.org\/ca\/wp-json\/wp\/v2\/posts\/3542\/revisions\/11418"}],"wp:featuredmedia":[{"embeddable":true,"href":"https:\/\/www.pacteindustrial.org\/ca\/wp-json\/wp\/v2\/media\/3543"}],"wp:attachment":[{"href":"https:\/\/www.pacteindustrial.org\/ca\/wp-json\/wp\/v2\/media?parent=3542"}],"wp:term":[{"taxonomy":"category","embeddable":true,"href":"https:\/\/www.pacteindustrial.org\/ca\/wp-json\/wp\/v2\/categories?post=3542"},{"taxonomy":"post_tag","embeddable":true,"href":"https:\/\/www.pacteindustrial.org\/ca\/wp-json\/wp\/v2\/tags?post=3542"},{"taxonomy":"post_scope","embeddable":true,"href":"https:\/\/www.pacteindustrial.org\/ca\/wp-json\/wp\/v2\/post_scope?post=3542"}],"curies":[{"name":"wp","href":"https:\/\/api.w.org\/{rel}","templated":true}]}}