{"id":3632,"date":"2016-06-08T00:00:00","date_gmt":"2016-06-07T22:00:00","guid":{"rendered":"https:\/\/www.pacteindustrial.org\/millorar-la-connexio-entre-els-poligons-i-lrdi-clau-per-tenir-una-industria-mes-competitiva\/"},"modified":"2020-09-18T02:07:10","modified_gmt":"2020-09-18T00:07:10","slug":"millorar-la-connexio-entre-els-poligons-i-lrdi-clau-per-tenir-una-industria-mes-competitiva","status":"publish","type":"post","link":"https:\/\/www.pacteindustrial.org\/ca\/blog\/millorar-la-connexio-entre-els-poligons-i-lrdi-clau-per-tenir-una-industria-mes-competitiva\/","title":{"rendered":"Millorar la connexi\u00f3 entre els pol\u00edgons i l\u2019R+D+I, clau per tenir una ind\u00fastria m\u00e9s competitiva"},"content":{"rendered":"\n<p>El Pacte Industrial de la Regi\u00f3 Metropolitana de Barcelona ha presentat el passat 8 de juny el document <strong>&#8220;Reflexions per al disseny d&#8217;iniciatives locals d&#8217;impuls de l&#8217;R+D+I als pol\u00edgons d&#8217;activitat econ\u00f2mica&#8221;<\/strong>, que ha estat elaborat per <strong>Miquel Barcel\u00f3<\/strong>, i esdev\u00e9 el tercer n\u00famero de la col\u00b7lecci\u00f3 Papers de l\u2019associaci\u00f3 Pacte Industrial, que coordina<strong> Carles Rivera<\/strong>. La presentaci\u00f3 s\u2019ha celebrat al Centre d\u2019empreses industrials de Can Roqueta de Sabadell en el marc d\u2019una <strong>taula rodona<\/strong> sota el t\u00edtol <strong>&#8220;Pol\u00edgons i R+D+I: millorem la seva connexi\u00f3?&#8221;<\/strong> que ha comptat amb la participaci\u00f3, a m\u00e9s de l\u2019autor del document, d\u2019<strong>Eduard Navarro<\/strong>, regidor de Treball i Empresa de l\u2019Ajuntament de Sabadell; <strong>Carles Ruiz<\/strong>, president del Comit\u00e8 Executiu del Pacte Industrial i alcalde de Viladecans; <strong>Josep Miquel Piqu\u00e9<\/strong>, president executiu de La Salle Technova Barcelona i president de l\u2019XPCAT (Xarxa de Parcs Cient\u00edfics i Tecnol\u00f2gics de Catalunya), i <strong>Xavier L\u00f3pez<\/strong>, director general Corporatiu i d\u2019Operacions d\u2019Eurecat.<\/p>\n\n\n\n<p>L\u2019objectiu d\u2019aquest document \u00e9s aportar <strong>reflexions i idees<\/strong> que ajudin els <strong>responsables de desenvolupament econ\u00f2mic local i els agents econ\u00f2mics<\/strong> a dissenyar i impulsar <strong>serveis de suport a la innovaci\u00f3<\/strong> en els centres de serveis a les empreses dels pol\u00edgons. El document manifesta la necessitat de <strong>refor\u00e7ar la interrelaci\u00f3 entre el sistema de coneixement i el teixit productiu<\/strong>, i proposa un <strong>cat\u00e0leg de serveis<\/strong> que faciliti a les empreses dels pol\u00edgons avan\u00e7ar en el cam\u00ed de la innovaci\u00f3.<\/p>\n\n\n\n<h2>La transformaci\u00f3 dels pol\u00edgons industrials<\/h2>\n\n\n\n<p>Davant dels reptes de competitivitat i canvis en els models productiu, energ\u00e8tic i de mobilitat, cal <strong>transformar els pol\u00edgons en nous espais d&#8217;activitat econ\u00f2mica<\/strong> de natura m\u00e9s diversa i integrada, que incloguin noves formes de producci\u00f3 i activitat, d\u2019innovaci\u00f3 i creativitat, de reincorporaci\u00f3 a la trama urbana i al sector terciari d\u2019alt valor afegit, de connexi\u00f3 amb el talent i el coneixement proper i internacional.<\/p>\n\n\n\n<figure class=\"wp-block-image size-large\"><img loading=\"lazy\" width=\"1024\" height=\"768\" src=\"https:\/\/www.pacteindustrial.org\/wp-content\/uploads\/2020\/09\/Foto-1-2.jpg\" alt=\"\" class=\"wp-image-11394\" srcset=\"https:\/\/www.pacteindustrial.org\/wp-content\/uploads\/2020\/09\/Foto-1-2.jpg 1024w, https:\/\/www.pacteindustrial.org\/wp-content\/uploads\/2020\/09\/Foto-1-2-300x225.jpg 300w, https:\/\/www.pacteindustrial.org\/wp-content\/uploads\/2020\/09\/Foto-1-2-768x576.jpg 768w, https:\/\/www.pacteindustrial.org\/wp-content\/uploads\/2020\/09\/Foto-1-2-200x150.jpg 200w\" sizes=\"(max-width: 1024px) 100vw, 1024px\" \/><figcaption>Miquel Barcel\u00f3, autor del Paper 3 del Pacte Industrial, en un moment de la presentaci\u00f3 del document<\/figcaption><\/figure>\n\n\n\n<p>Aquests nous pol\u00edgons han d&#8217;<strong>oferir serveis<\/strong> que permetin impulsar l&#8217;R+D i la innovaci\u00f3. En primer lloc trobem els <strong>serveis b\u00e0sics<\/strong> com poden ser els subministraments, l\u2019elaboraci\u00f3 d\u2019un cens, la promoci\u00f3, o b\u00e9 el manteniment, que assegurin que l\u2019espai f\u00edsic industrial funciona correctament. \u00c9s fonamental consolidar aquests serveis per disposar de les bases necess\u00e0ries perqu\u00e8 les empreses puguin innovar i desenvolupar-se tecnol\u00f2gicament. A continuaci\u00f3, es podran crear <strong>nous serveis avan\u00e7ats<\/strong> que permetin la millora de la competitivitat de les empreses i fomentin el creixement econ\u00f2mic, com poden ser la recerca, tecnologia i innovaci\u00f3 oberta; l&#8217;atracci\u00f3 d&#8217;inversions; la formaci\u00f3 i el talent; la col\u00b7laboraci\u00f3 empresarial, i l&#8217;<em>smart environment<\/em> i l\u2019ecologia industrial.<\/p>\n\n\n\n<h2>Paper clau dels ajuntaments<\/h2>\n\n\n\n<p>Els ajuntaments, amb els agents del territori, han de <strong>decidir estrat\u00e8gicament<\/strong> cap a quin <strong>tipus d\u2019espai d\u2019activitat econ\u00f2mica<\/strong> ha d\u2019avan\u00e7ar cada pol\u00edgon. Atesa la visi\u00f3 de conjunt que els serveis de promoci\u00f3 econ\u00f2mica tenen sobre el territori, \u00e9s clau el paper dels ajuntaments a l\u2019hora de <strong>liderar les iniciatives de transformaci\u00f3<\/strong> dels pol\u00edgons. Resulta convenient l\u2019establiment d\u2019acords de <strong>col\u00b7laboraci\u00f3 publicoprivada<\/strong> per a la gesti\u00f3 dels serveis a les empreses dels pol\u00edgons, de manera que s\u2019aglutini la <strong>visi\u00f3 conjunta<\/strong> que els <strong>serveis de promoci\u00f3 econ\u00f2mica<\/strong> poden tenir sobre un territori global amb els interessos privats que les <strong>empreses<\/strong> poden aportar. D\u2019altra banda, per optimitzar els recursos, els serveis de promoci\u00f3 econ\u00f2mica necessiten <strong>con\u00e8ixer en detall el sistema catal\u00e0 d\u2019R+D<\/strong>.<\/p>\n\n\n\n<h2>La innovaci\u00f3 a Catalunya<\/h2>\n\n\n\n<p>La <strong>inversi\u00f3 en R+D a Catalunya<\/strong> nom\u00e9s arriba a l\u2019<strong>1,5% del PIB<\/strong>, lluny dels <strong>objectius europeus del 3%<\/strong>. Les empreses catalanes representen m\u00e9s del <strong>20% de les empreses innovadores de l\u2019estat espanyol<\/strong>, per\u00f2 la seva <strong>connexi\u00f3 amb els centres de coneixement \u00e9s baixa<\/strong>. A m\u00e9s, Catalunya, i principalment la Regi\u00f3 Metropolitana de Barcelona, disposen de <strong>grans infraestructures cient\u00edfiques i tecnol\u00f2giques<\/strong> aix\u00ed com importants <strong>empreses<\/strong> que inverteixen en R+D per donar suport al teixit productiu. Aquest teixit productiu tamb\u00e9 t\u00e9 a l\u2019abast <strong>institucions<\/strong>,<strong> associacions<\/strong> i <strong>cl\u00fasters<\/strong> que dinamitzen diferents sectors d\u2019especialitzaci\u00f3.<\/p>\n\n\n\n<h2>La connexi\u00f3 entre els pol\u00edgons i l&#8217;R+D+I<\/h2>\n\n\n\n<p>\u00c9s imprescindible la <strong>connexi\u00f3 dels pol\u00edgons amb l\u2019ecosistema d\u2019innovaci\u00f3<\/strong>: les<strong> institucions de coneixement<\/strong>, els <strong>cl\u00fasters<\/strong> i els <strong>sistemes d\u2019innovaci\u00f3<\/strong>, i les principals <strong>infraestructures cient\u00edfiques i tecnol\u00f2giques<\/strong> del pa\u00eds, per disposar de serveis que no necess\u00e0riament trobarem dins del propi espai f\u00edsic dels pol\u00edgons, i aix\u00ed transformar-se en nous espais d\u2019activitat econ\u00f2mica. D\u2019aquesta manera, les <strong>empreses<\/strong> dels pol\u00edgons podrien <strong>augmentar la seva capacitat d\u2019innovaci\u00f3<\/strong> per donar resposta a les necessitats del mercat i, per tant, ser m\u00e9s <strong>competitives<\/strong>.<\/p>\n","protected":false},"excerpt":{"rendered":"<p>El Pacte Industrial de la Regi\u00f3 Metropolitana de Barcelona ha presentat el passat 8 de juny el document &#8220;Reflexions per al disseny d&#8217;iniciatives locals d&#8217;impuls de l&#8217;R+D+I als pol\u00edgons d&#8217;activitat econ\u00f2mica&#8221;, que ha estat elaborat per Miquel Barcel\u00f3, i esdev\u00e9 el tercer n\u00famero de la col\u00b7lecci\u00f3 Papers de l\u2019associaci\u00f3 Pacte Industrial, que coordina Carles Rivera. [&#8230;]<\/p>\n","protected":false},"author":3,"featured_media":3633,"comment_status":"closed","ping_status":"open","sticky":false,"template":"","format":"standard","meta":[],"categories":[331,330,1],"tags":[72,128,77,70],"post_scope":[27,19,25],"yoast_head":"<!-- This site is optimized with the Yoast SEO plugin v16.1.1 - https:\/\/yoast.com\/wordpress\/plugins\/seo\/ -->\n<title>Millorar la connexi\u00f3 entre els pol\u00edgons i l\u2019R+D+I, clau per tenir una ind\u00fastria m\u00e9s competitiva - Pacte Industrial RMB<\/title>\n<link rel=\"canonical\" href=\"https:\/\/www.pacteindustrial.org\/ca\/blog\/millorar-la-connexio-entre-els-poligons-i-lrdi-clau-per-tenir-una-industria-mes-competitiva\/\" \/>\n<meta property=\"og:locale\" content=\"ca_ES\" \/>\n<meta property=\"og:type\" content=\"article\" \/>\n<meta property=\"og:title\" content=\"Millorar la connexi\u00f3 entre els pol\u00edgons i l\u2019R+D+I, clau per tenir una ind\u00fastria m\u00e9s competitiva - Pacte Industrial RMB\" \/>\n<meta property=\"og:description\" content=\"El Pacte Industrial de la Regi\u00f3 Metropolitana de Barcelona ha presentat el passat 8 de juny el document &#8220;Reflexions per al disseny d&#8217;iniciatives locals d&#8217;impuls de l&#8217;R+D+I als pol\u00edgons d&#8217;activitat econ\u00f2mica&#8221;, que ha estat elaborat per Miquel Barcel\u00f3, i esdev\u00e9 el tercer n\u00famero de la col\u00b7lecci\u00f3 Papers de l\u2019associaci\u00f3 Pacte Industrial, que coordina Carles Rivera. [...]\" \/>\n<meta property=\"og:url\" content=\"https:\/\/www.pacteindustrial.org\/ca\/blog\/millorar-la-connexio-entre-els-poligons-i-lrdi-clau-per-tenir-una-industria-mes-competitiva\/\" \/>\n<meta property=\"og:site_name\" content=\"Pacte Industrial RMB\" \/>\n<meta property=\"article:published_time\" content=\"2016-06-07T22:00:00+00:00\" \/>\n<meta property=\"article:modified_time\" content=\"2020-09-18T00:07:10+00:00\" \/>\n<meta property=\"og:image\" content=\"https:\/\/www.pacteindustrial.org\/wp-content\/uploads\/2016\/06\/0c9db6a55405929d5e4bcaa25ef86b57-1.jpg\" \/>\n\t<meta property=\"og:image:width\" content=\"1024\" \/>\n\t<meta property=\"og:image:height\" content=\"768\" \/>\n<meta name=\"twitter:card\" content=\"summary_large_image\" \/>\n<meta name=\"twitter:label1\" content=\"Temps estimat de lectura\">\n\t<meta name=\"twitter:data1\" content=\"4 minuts\">\n<script type=\"application\/ld+json\" class=\"yoast-schema-graph\">{\"@context\":\"https:\/\/schema.org\",\"@graph\":[{\"@type\":\"WebSite\",\"@id\":\"https:\/\/www.pacteindustrial.org\/ca\/#website\",\"url\":\"https:\/\/www.pacteindustrial.org\/ca\/\",\"name\":\"Pacte Industrial RMB\",\"description\":\"\",\"potentialAction\":[{\"@type\":\"SearchAction\",\"target\":\"https:\/\/www.pacteindustrial.org\/ca\/?s={search_term_string}\",\"query-input\":\"required name=search_term_string\"}],\"inLanguage\":\"ca\"},{\"@type\":\"ImageObject\",\"@id\":\"https:\/\/www.pacteindustrial.org\/ca\/blog\/millorar-la-connexio-entre-els-poligons-i-lrdi-clau-per-tenir-una-industria-mes-competitiva\/#primaryimage\",\"inLanguage\":\"ca\",\"url\":\"https:\/\/www.pacteindustrial.org\/wp-content\/uploads\/2016\/06\/0c9db6a55405929d5e4bcaa25ef86b57-1.jpg\",\"contentUrl\":\"https:\/\/www.pacteindustrial.org\/wp-content\/uploads\/2016\/06\/0c9db6a55405929d5e4bcaa25ef86b57-1.jpg\",\"width\":1024,\"height\":768,\"caption\":\"D\\u2019esq. a dta.: Josep Miquel Piqu\\u00e9, Eduard Navarro, Carles Ruiz, Miquel Barcel\\u00f3 i Xavier L\\u00f3pez\"},{\"@type\":\"WebPage\",\"@id\":\"https:\/\/www.pacteindustrial.org\/ca\/blog\/millorar-la-connexio-entre-els-poligons-i-lrdi-clau-per-tenir-una-industria-mes-competitiva\/#webpage\",\"url\":\"https:\/\/www.pacteindustrial.org\/ca\/blog\/millorar-la-connexio-entre-els-poligons-i-lrdi-clau-per-tenir-una-industria-mes-competitiva\/\",\"name\":\"Millorar la connexi\\u00f3 entre els pol\\u00edgons i l\\u2019R+D+I, clau per tenir una ind\\u00fastria m\\u00e9s competitiva - Pacte Industrial RMB\",\"isPartOf\":{\"@id\":\"https:\/\/www.pacteindustrial.org\/ca\/#website\"},\"primaryImageOfPage\":{\"@id\":\"https:\/\/www.pacteindustrial.org\/ca\/blog\/millorar-la-connexio-entre-els-poligons-i-lrdi-clau-per-tenir-una-industria-mes-competitiva\/#primaryimage\"},\"datePublished\":\"2016-06-07T22:00:00+00:00\",\"dateModified\":\"2020-09-18T00:07:10+00:00\",\"author\":{\"@id\":\"https:\/\/www.pacteindustrial.org\/ca\/#\/schema\/person\/f01c88f2cf2c11c69866641f45df8c6c\"},\"breadcrumb\":{\"@id\":\"https:\/\/www.pacteindustrial.org\/ca\/blog\/millorar-la-connexio-entre-els-poligons-i-lrdi-clau-per-tenir-una-industria-mes-competitiva\/#breadcrumb\"},\"inLanguage\":\"ca\",\"potentialAction\":[{\"@type\":\"ReadAction\",\"target\":[\"https:\/\/www.pacteindustrial.org\/ca\/blog\/millorar-la-connexio-entre-els-poligons-i-lrdi-clau-per-tenir-una-industria-mes-competitiva\/\"]}]},{\"@type\":\"BreadcrumbList\",\"@id\":\"https:\/\/www.pacteindustrial.org\/ca\/blog\/millorar-la-connexio-entre-els-poligons-i-lrdi-clau-per-tenir-una-industria-mes-competitiva\/#breadcrumb\",\"itemListElement\":[{\"@type\":\"ListItem\",\"position\":1,\"item\":{\"@type\":\"WebPage\",\"@id\":\"https:\/\/www.pacteindustrial.org\/ca\/\",\"url\":\"https:\/\/www.pacteindustrial.org\/ca\/\",\"name\":\"Home\"}},{\"@type\":\"ListItem\",\"position\":2,\"item\":{\"@type\":\"WebPage\",\"@id\":\"https:\/\/www.pacteindustrial.org\/ca\/blog\/millorar-la-connexio-entre-els-poligons-i-lrdi-clau-per-tenir-una-industria-mes-competitiva\/\",\"url\":\"https:\/\/www.pacteindustrial.org\/ca\/blog\/millorar-la-connexio-entre-els-poligons-i-lrdi-clau-per-tenir-una-industria-mes-competitiva\/\",\"name\":\"Millorar la connexi\\u00f3 entre els pol\\u00edgons i l\\u2019R+D+I, clau per tenir una ind\\u00fastria m\\u00e9s competitiva\"}}]},{\"@type\":\"Person\",\"@id\":\"https:\/\/www.pacteindustrial.org\/ca\/#\/schema\/person\/f01c88f2cf2c11c69866641f45df8c6c\",\"name\":\"Eduard Nadal\",\"image\":{\"@type\":\"ImageObject\",\"@id\":\"https:\/\/www.pacteindustrial.org\/ca\/#personlogo\",\"inLanguage\":\"ca\",\"url\":\"https:\/\/secure.gravatar.com\/avatar\/1894e8f734287cae5956535114253572?s=96&d=mm&r=g\",\"contentUrl\":\"https:\/\/secure.gravatar.com\/avatar\/1894e8f734287cae5956535114253572?s=96&d=mm&r=g\",\"caption\":\"Eduard Nadal\"}}]}<\/script>\n<!-- \/ Yoast SEO plugin. -->","_links":{"self":[{"href":"https:\/\/www.pacteindustrial.org\/ca\/wp-json\/wp\/v2\/posts\/3632"}],"collection":[{"href":"https:\/\/www.pacteindustrial.org\/ca\/wp-json\/wp\/v2\/posts"}],"about":[{"href":"https:\/\/www.pacteindustrial.org\/ca\/wp-json\/wp\/v2\/types\/post"}],"author":[{"embeddable":true,"href":"https:\/\/www.pacteindustrial.org\/ca\/wp-json\/wp\/v2\/users\/3"}],"replies":[{"embeddable":true,"href":"https:\/\/www.pacteindustrial.org\/ca\/wp-json\/wp\/v2\/comments?post=3632"}],"version-history":[{"count":6,"href":"https:\/\/www.pacteindustrial.org\/ca\/wp-json\/wp\/v2\/posts\/3632\/revisions"}],"predecessor-version":[{"id":11398,"href":"https:\/\/www.pacteindustrial.org\/ca\/wp-json\/wp\/v2\/posts\/3632\/revisions\/11398"}],"wp:featuredmedia":[{"embeddable":true,"href":"https:\/\/www.pacteindustrial.org\/ca\/wp-json\/wp\/v2\/media\/3633"}],"wp:attachment":[{"href":"https:\/\/www.pacteindustrial.org\/ca\/wp-json\/wp\/v2\/media?parent=3632"}],"wp:term":[{"taxonomy":"category","embeddable":true,"href":"https:\/\/www.pacteindustrial.org\/ca\/wp-json\/wp\/v2\/categories?post=3632"},{"taxonomy":"post_tag","embeddable":true,"href":"https:\/\/www.pacteindustrial.org\/ca\/wp-json\/wp\/v2\/tags?post=3632"},{"taxonomy":"post_scope","embeddable":true,"href":"https:\/\/www.pacteindustrial.org\/ca\/wp-json\/wp\/v2\/post_scope?post=3632"}],"curies":[{"name":"wp","href":"https:\/\/api.w.org\/{rel}","templated":true}]}}