{"id":3756,"date":"2017-02-09T00:00:00","date_gmt":"2017-02-08T22:00:00","guid":{"rendered":"https:\/\/www.pacteindustrial.org\/reunio-de-la-comissio-de-formacio-sobre-la-llei-catalana-dfp-i-el-seu-desplegament\/"},"modified":"2020-09-06T01:58:15","modified_gmt":"2020-09-05T23:58:15","slug":"reunio-de-la-comissio-de-formacio-sobre-la-llei-catalana-dfp-i-el-seu-desplegament","status":"publish","type":"post","link":"https:\/\/www.pacteindustrial.org\/ca\/blog\/reunio-de-la-comissio-de-formacio-sobre-la-llei-catalana-dfp-i-el-seu-desplegament\/","title":{"rendered":"Reuni\u00f3 de la Comissi\u00f3 de Formaci\u00f3 sobre la llei catalana d&#8217;FP i el seu desplegament"},"content":{"rendered":"\n<p>El president del Consell Catal\u00e0 de Formaci\u00f3 Professional, <strong>Jordi Ficapal<\/strong>, ha estat convidat a participar en la darrera reuni\u00f3 de la Comissi\u00f3 de Formaci\u00f3 del Pacte Industrial, celebrada el passat 9 de febrer a l&#8217;edifici El Vag\u00f3 del recinte de l&#8217;Escola Industrial. <strong>Ficapal<\/strong> ha explicat la llei catalana d\u2019FP i el seu proc\u00e9s de desplegament.<\/p>\n\n\n\n<p>La reuni\u00f3 ha comen\u00e7at amb la benvinguda de <strong>M. Rosa Fiol<\/strong>, presidenta de la Comissi\u00f3 de Formaci\u00f3, qui ha recordat que la Formaci\u00f3 Professional ha estat un tema cabdal de les reunions de la comissi\u00f3 al llarg dels \u00faltims anys. <strong>Fiol<\/strong> ha destacat que &#8220;tenim una llei de Formaci\u00f3 Professional, que gaireb\u00e9 fa dos anys va ser aprovada, i que segurament molts es pregunten pel seu desplegament i aplicaci\u00f3&#8221;. Per aix\u00f2 ha ressaltat que la participaci\u00f3 de <strong>Jordi Ficapal<\/strong> en la reuni\u00f3 ha estat una oportunitat per con\u00e8ixer de primera m\u00e0 en quin punt es troba la llei.<\/p>\n\n\n\n<p>Per la seva part, <strong>Jordi Ficapal<\/strong>, president del Consell General de Formaci\u00f3 Professional, ha iniciat la seva intervenci\u00f3 ressaltant que ens trobem en un context de canvi en el m\u00f3n econ\u00f2mic i laboral degut a les disrupcions tecnol\u00f2giques, socioecon\u00f2miques, geopol\u00edtiques i demogr\u00e0fiques, i a un nou entorn productiu globalitzat i digital. Per aix\u00f2 ha insistit en qu\u00e8 necessitem una transformaci\u00f3 del sistema de Formaci\u00f3 Professional per impulsar un aprenentatge al llarg de la vida que adeq\u00fci les compet\u00e8ncies de les persones a les necessitats de les empreses per facilitar-ne l\u2019ocupabilitat.<\/p>\n\n\n\n<p><strong>Ficapal<\/strong> ha apuntat que la visi\u00f3 d&#8217;aquesta necessitat de canvi \u00e9s compartida per tots els agents econ\u00f2mics i socials, per\u00f2 el que manca \u00e9s acabar d&#8217;aconseguir el m\u00e0xim consens en la governan\u00e7a del sistema d\u2019FP perqu\u00e8 aquest funcioni d\u2019una manera \u00f2ptima. <strong>Ficapal<\/strong> ha detallat que s&#8217;est\u00e0 treballant en aquest aspecte, que necess\u00e0riament haur\u00e0 d&#8217;implicar algunes ren\u00fancies per part de tots els agents.<\/p>\n\n\n\n<p>La reuni\u00f3 ha finalitzat amb un rep\u00e0s de les l\u00ednies d&#8217;actuaci\u00f3 del Pacte Industrial i de les activitats previstes pels propers mesos, a c\u00e0rrec de <strong>Carles Rivera<\/strong>, coordinador gerent del Pacte Industrial.<\/p>\n\n\n\n<figure class=\"wp-block-image size-large\"><img loading=\"lazy\" width=\"1024\" height=\"768\" src=\"https:\/\/www.pacteindustrial.org\/wp-content\/uploads\/2020\/08\/IMG_20170209_122431.jpg\" alt=\"\" class=\"wp-image-10884\" srcset=\"https:\/\/www.pacteindustrial.org\/wp-content\/uploads\/2020\/08\/IMG_20170209_122431.jpg 1024w, https:\/\/www.pacteindustrial.org\/wp-content\/uploads\/2020\/08\/IMG_20170209_122431-300x225.jpg 300w, https:\/\/www.pacteindustrial.org\/wp-content\/uploads\/2020\/08\/IMG_20170209_122431-768x576.jpg 768w, https:\/\/www.pacteindustrial.org\/wp-content\/uploads\/2020\/08\/IMG_20170209_122431-200x150.jpg 200w\" sizes=\"(max-width: 1024px) 100vw, 1024px\" \/><figcaption>Un moment de la reuni\u00f3 de la Comissi\u00f3 de Formaci\u00f3<\/figcaption><\/figure>\n","protected":false},"excerpt":{"rendered":"<p>El president del Consell Catal\u00e0 de Formaci\u00f3 Professional, Jordi Ficapal, ha estat convidat a participar en la darrera reuni\u00f3 de la Comissi\u00f3 de Formaci\u00f3 del Pacte Industrial, celebrada el passat 9 de febrer a l&#8217;edifici El Vag\u00f3 del recinte de l&#8217;Escola Industrial. Ficapal ha explicat la llei catalana d\u2019FP i el seu proc\u00e9s de desplegament. [&#8230;]<\/p>\n","protected":false},"author":3,"featured_media":3757,"comment_status":"closed","ping_status":"open","sticky":false,"template":"","format":"standard","meta":[],"categories":[329,1],"tags":[71,82],"post_scope":[26],"yoast_head":"<!-- This site is optimized with the Yoast SEO plugin v16.1.1 - https:\/\/yoast.com\/wordpress\/plugins\/seo\/ -->\n<title>Reuni\u00f3 de la Comissi\u00f3 de Formaci\u00f3 sobre la llei catalana d&#039;FP i el seu desplegament - Pacte Industrial RMB<\/title>\n<link rel=\"canonical\" href=\"https:\/\/www.pacteindustrial.org\/ca\/blog\/reunio-de-la-comissio-de-formacio-sobre-la-llei-catalana-dfp-i-el-seu-desplegament\/\" \/>\n<meta property=\"og:locale\" content=\"ca_ES\" \/>\n<meta property=\"og:type\" content=\"article\" \/>\n<meta property=\"og:title\" content=\"Reuni\u00f3 de la Comissi\u00f3 de Formaci\u00f3 sobre la llei catalana d&#039;FP i el seu desplegament - Pacte Industrial RMB\" \/>\n<meta property=\"og:description\" content=\"El president del Consell Catal\u00e0 de Formaci\u00f3 Professional, Jordi Ficapal, ha estat convidat a participar en la darrera reuni\u00f3 de la Comissi\u00f3 de Formaci\u00f3 del Pacte Industrial, celebrada el passat 9 de febrer a l&#8217;edifici El Vag\u00f3 del recinte de l&#8217;Escola Industrial. Ficapal ha explicat la llei catalana d\u2019FP i el seu proc\u00e9s de desplegament. [...]\" \/>\n<meta property=\"og:url\" content=\"https:\/\/www.pacteindustrial.org\/ca\/blog\/reunio-de-la-comissio-de-formacio-sobre-la-llei-catalana-dfp-i-el-seu-desplegament\/\" \/>\n<meta property=\"og:site_name\" content=\"Pacte Industrial RMB\" \/>\n<meta property=\"article:published_time\" content=\"2017-02-08T22:00:00+00:00\" \/>\n<meta property=\"article:modified_time\" content=\"2020-09-05T23:58:15+00:00\" \/>\n<meta property=\"og:image\" content=\"https:\/\/www.pacteindustrial.org\/wp-content\/uploads\/2017\/02\/5e95b8a3b94e0df810914f8957af3ab8.jpg\" \/>\n\t<meta property=\"og:image:width\" content=\"1024\" \/>\n\t<meta property=\"og:image:height\" content=\"768\" \/>\n<meta name=\"twitter:card\" content=\"summary_large_image\" \/>\n<meta name=\"twitter:label1\" content=\"Temps estimat de lectura\">\n\t<meta name=\"twitter:data1\" content=\"2 minuts\">\n<script type=\"application\/ld+json\" class=\"yoast-schema-graph\">{\"@context\":\"https:\/\/schema.org\",\"@graph\":[{\"@type\":\"WebSite\",\"@id\":\"https:\/\/www.pacteindustrial.org\/ca\/#website\",\"url\":\"https:\/\/www.pacteindustrial.org\/ca\/\",\"name\":\"Pacte Industrial RMB\",\"description\":\"\",\"potentialAction\":[{\"@type\":\"SearchAction\",\"target\":\"https:\/\/www.pacteindustrial.org\/ca\/?s={search_term_string}\",\"query-input\":\"required name=search_term_string\"}],\"inLanguage\":\"ca\"},{\"@type\":\"ImageObject\",\"@id\":\"https:\/\/www.pacteindustrial.org\/ca\/blog\/reunio-de-la-comissio-de-formacio-sobre-la-llei-catalana-dfp-i-el-seu-desplegament\/#primaryimage\",\"inLanguage\":\"ca\",\"url\":\"https:\/\/www.pacteindustrial.org\/wp-content\/uploads\/2017\/02\/5e95b8a3b94e0df810914f8957af3ab8.jpg\",\"contentUrl\":\"https:\/\/www.pacteindustrial.org\/wp-content\/uploads\/2017\/02\/5e95b8a3b94e0df810914f8957af3ab8.jpg\",\"width\":1024,\"height\":768,\"caption\":\"Jordi Ficapal durant la seva intervenci\\u00f3\"},{\"@type\":\"WebPage\",\"@id\":\"https:\/\/www.pacteindustrial.org\/ca\/blog\/reunio-de-la-comissio-de-formacio-sobre-la-llei-catalana-dfp-i-el-seu-desplegament\/#webpage\",\"url\":\"https:\/\/www.pacteindustrial.org\/ca\/blog\/reunio-de-la-comissio-de-formacio-sobre-la-llei-catalana-dfp-i-el-seu-desplegament\/\",\"name\":\"Reuni\\u00f3 de la Comissi\\u00f3 de Formaci\\u00f3 sobre la llei catalana d'FP i el seu desplegament - Pacte Industrial RMB\",\"isPartOf\":{\"@id\":\"https:\/\/www.pacteindustrial.org\/ca\/#website\"},\"primaryImageOfPage\":{\"@id\":\"https:\/\/www.pacteindustrial.org\/ca\/blog\/reunio-de-la-comissio-de-formacio-sobre-la-llei-catalana-dfp-i-el-seu-desplegament\/#primaryimage\"},\"datePublished\":\"2017-02-08T22:00:00+00:00\",\"dateModified\":\"2020-09-05T23:58:15+00:00\",\"author\":{\"@id\":\"https:\/\/www.pacteindustrial.org\/ca\/#\/schema\/person\/f01c88f2cf2c11c69866641f45df8c6c\"},\"breadcrumb\":{\"@id\":\"https:\/\/www.pacteindustrial.org\/ca\/blog\/reunio-de-la-comissio-de-formacio-sobre-la-llei-catalana-dfp-i-el-seu-desplegament\/#breadcrumb\"},\"inLanguage\":\"ca\",\"potentialAction\":[{\"@type\":\"ReadAction\",\"target\":[\"https:\/\/www.pacteindustrial.org\/ca\/blog\/reunio-de-la-comissio-de-formacio-sobre-la-llei-catalana-dfp-i-el-seu-desplegament\/\"]}]},{\"@type\":\"BreadcrumbList\",\"@id\":\"https:\/\/www.pacteindustrial.org\/ca\/blog\/reunio-de-la-comissio-de-formacio-sobre-la-llei-catalana-dfp-i-el-seu-desplegament\/#breadcrumb\",\"itemListElement\":[{\"@type\":\"ListItem\",\"position\":1,\"item\":{\"@type\":\"WebPage\",\"@id\":\"https:\/\/www.pacteindustrial.org\/ca\/\",\"url\":\"https:\/\/www.pacteindustrial.org\/ca\/\",\"name\":\"Home\"}},{\"@type\":\"ListItem\",\"position\":2,\"item\":{\"@type\":\"WebPage\",\"@id\":\"https:\/\/www.pacteindustrial.org\/ca\/blog\/reunio-de-la-comissio-de-formacio-sobre-la-llei-catalana-dfp-i-el-seu-desplegament\/\",\"url\":\"https:\/\/www.pacteindustrial.org\/ca\/blog\/reunio-de-la-comissio-de-formacio-sobre-la-llei-catalana-dfp-i-el-seu-desplegament\/\",\"name\":\"Reuni\\u00f3 de la Comissi\\u00f3 de Formaci\\u00f3 sobre la llei catalana d&#8217;FP i el seu desplegament\"}}]},{\"@type\":\"Person\",\"@id\":\"https:\/\/www.pacteindustrial.org\/ca\/#\/schema\/person\/f01c88f2cf2c11c69866641f45df8c6c\",\"name\":\"Eduard Nadal\",\"image\":{\"@type\":\"ImageObject\",\"@id\":\"https:\/\/www.pacteindustrial.org\/ca\/#personlogo\",\"inLanguage\":\"ca\",\"url\":\"https:\/\/secure.gravatar.com\/avatar\/1894e8f734287cae5956535114253572?s=96&d=mm&r=g\",\"contentUrl\":\"https:\/\/secure.gravatar.com\/avatar\/1894e8f734287cae5956535114253572?s=96&d=mm&r=g\",\"caption\":\"Eduard Nadal\"}}]}<\/script>\n<!-- \/ Yoast SEO plugin. -->","_links":{"self":[{"href":"https:\/\/www.pacteindustrial.org\/ca\/wp-json\/wp\/v2\/posts\/3756"}],"collection":[{"href":"https:\/\/www.pacteindustrial.org\/ca\/wp-json\/wp\/v2\/posts"}],"about":[{"href":"https:\/\/www.pacteindustrial.org\/ca\/wp-json\/wp\/v2\/types\/post"}],"author":[{"embeddable":true,"href":"https:\/\/www.pacteindustrial.org\/ca\/wp-json\/wp\/v2\/users\/3"}],"replies":[{"embeddable":true,"href":"https:\/\/www.pacteindustrial.org\/ca\/wp-json\/wp\/v2\/comments?post=3756"}],"version-history":[{"count":7,"href":"https:\/\/www.pacteindustrial.org\/ca\/wp-json\/wp\/v2\/posts\/3756\/revisions"}],"predecessor-version":[{"id":10905,"href":"https:\/\/www.pacteindustrial.org\/ca\/wp-json\/wp\/v2\/posts\/3756\/revisions\/10905"}],"wp:featuredmedia":[{"embeddable":true,"href":"https:\/\/www.pacteindustrial.org\/ca\/wp-json\/wp\/v2\/media\/3757"}],"wp:attachment":[{"href":"https:\/\/www.pacteindustrial.org\/ca\/wp-json\/wp\/v2\/media?parent=3756"}],"wp:term":[{"taxonomy":"category","embeddable":true,"href":"https:\/\/www.pacteindustrial.org\/ca\/wp-json\/wp\/v2\/categories?post=3756"},{"taxonomy":"post_tag","embeddable":true,"href":"https:\/\/www.pacteindustrial.org\/ca\/wp-json\/wp\/v2\/tags?post=3756"},{"taxonomy":"post_scope","embeddable":true,"href":"https:\/\/www.pacteindustrial.org\/ca\/wp-json\/wp\/v2\/post_scope?post=3756"}],"curies":[{"name":"wp","href":"https:\/\/api.w.org\/{rel}","templated":true}]}}