{"id":3803,"date":"2017-04-24T00:00:00","date_gmt":"2017-04-23T22:00:00","guid":{"rendered":"https:\/\/www.pacteindustrial.org\/43a-reunio-del-comite-executiu-del-pacte-industrial-i-debat-sobre-economia-circular\/"},"modified":"2021-09-13T14:50:40","modified_gmt":"2021-09-13T12:50:40","slug":"43a-reunio-del-comite-executiu-del-pacte-industrial-i-debat-sobre-economia-circular","status":"publish","type":"post","link":"https:\/\/www.pacteindustrial.org\/ca\/blog\/43a-reunio-del-comite-executiu-del-pacte-industrial-i-debat-sobre-economia-circular\/","title":{"rendered":"43a Reuni\u00f3 del Comit\u00e8 Executiu del Pacte Industrial i debat sobre economia circular"},"content":{"rendered":"\n<p>El Pacte Industrial de la Regi\u00f3 Metropolitana de Barcelona ha celebrat la 43a Reuni\u00f3 del Comit\u00e8 Executiu el passat 24 d&#8217;abril al Palauet Can Buxeres de l&#8217;Hospitalet de Llobregat amb l&#8217;assist\u00e8ncia dels representants dels ajuntaments i de les entitats que integren l&#8217;associaci\u00f3.<\/p>\n\n\n\n<p>La reuni\u00f3 ha estat presidida per primera vegada per <strong>N\u00faria Mar\u00edn<\/strong>, alcaldessa de l&#8217;Hospitalet de Llobregat i presidenta del Comit\u00e8 Executiu del Pacte Industrial des del passat mes de desembre. Durant la seva intervenci\u00f3, <strong>Mar\u00edn<\/strong> ha defensat la necessitat que la recuperaci\u00f3 econ\u00f2mica s\u2019impulsi des d\u2019una visi\u00f3 de regi\u00f3 metropolitana. Per aix\u00f2 ha destacat la import\u00e0ncia d\u2019institucions com el Pacte Industrial com a eina per debatre i consensuar l\u00ednies d\u2019actuaci\u00f3 que impulsin una reindustrialitzaci\u00f3 sostenible i inclusiva.<\/p>\n\n\n\n<h2>Actualitat del Pacte Industrial<\/h2>\n\n\n\n<p>El coordinador gerent del Pacte Industrial, <strong>Carles Rivera<\/strong>, ha informat de les activitats realitzades per l&#8217;associaci\u00f3 i ha avan\u00e7at algunes de les que es duran a terme en els propers mesos. Entre les activitats previstes ha ressaltat el projecte &#8220;Reindustrialitzaci\u00f3 i sostenibilitat. Horitzons per a un nou model econ\u00f2mic&#8221; presentat pel Pacte Industrial a la 2a Convocat\u00f2ria de projectes de reflexi\u00f3 al Palau Macaya de l&#8217;Obra social &#8220;la Caixa&#8221; i que ha estat seleccionat. <strong>Rivera<\/strong> ha explicat que l&#8217;objectiu del projecte \u00e9s promoure el debat entre experts en els \u00e0mbits de la competitivitat, de la sostenibilitat i de les noves tecnologies per identificar tend\u00e8ncies de futur i aportar propostes innovadores per impulsar una reindustrialitzaci\u00f3 sostenible capa\u00e7 de generar ocupaci\u00f3 de qualitat. <strong>Rivera<\/strong> ha detallat que el format ser\u00e0 un conjunt de jornades i tallers participatius de contrast amb un grup d\u2019experts per extreure les principals conclusions de les jornades i explorar noves l\u00ednies d&#8217;actuaci\u00f3. <strong>Rivera<\/strong> tamb\u00e9 ha informat del tancament dels comptes anuals del 2016 i de la proposta de pressupost per al 2017.<\/p>\n\n\n\n<p>Per la seva part, els presidents de les Comissions de Treball s&#8217;han referit a les activitats de les respectives comissions. En l&#8217;<strong>\u00c0mbit de Mobilitat<\/strong> s\u2019ha destacat la signatura del conveni de col\u00b7laboraci\u00f3 entre el Pacte Industrial i l&#8217;Autoritat del Transport Metropolit\u00e0 (ATM). De l&#8217;<strong>\u00c0mbit de Formaci\u00f3<\/strong> s&#8217;ha anunciat la propera reuni\u00f3 de la comissi\u00f3 per presentar l&#8217;estudi de la Fundaci\u00f3 BCN Formaci\u00f3 Professional sobre models comparats d&#8217;FP dual. Pel que fa a l&#8217;<strong>\u00c0mbit d&#8217;Activitat Econ\u00f2mica<\/strong> s&#8217;ha esmentat el proper enc\u00e0rrec d&#8217;un paper sobre planificaci\u00f3 i governan\u00e7a dels PAE. Finalment, de l&#8217;<strong>\u00c0mbit d&#8217;Innovaci\u00f3<\/strong> s&#8217;ha citat la col\u00b7laboraci\u00f3 amb Fira de Barcelona i amb la direcci\u00f3 del sal\u00f3 <a href=\"http:\/\/www.construmat.com\/ca\/\" target=\"_blank\" rel=\"noreferrer noopener\">Barcelona Building Construmat<\/a> fruit de la qual els socis del Pacte Industrial que ho sol\u00b7licitin disposaran d&#8217;un codi d&#8217;acreditaci\u00f3 gratu\u00efta per assistir com a visitants al sal\u00f3.<\/p>\n\n\n\n<h2>Reflexions sobre l&#8217;economia circular<\/h2>\n\n\n\n<p>Com a cloenda de la reuni\u00f3, <strong>Xavier Marcet<\/strong>, de Lead To Change, ha parlat de la publicaci\u00f3 que est\u00e0 elaborant per enc\u00e0rrec del Pacte Industrial sobre economia circular i ha aprofitat l&#8217;ocasi\u00f3 per fer una reflexi\u00f3 sobre el tema. <strong>Marcet<\/strong> ha subratllat que la preocupaci\u00f3 per la sostenibilitat del planeta ha motivat l&#8217;inter\u00e8s per impulsar l&#8217;economia circular, que ha resumit que consisteix en imitar el funcionament de la naturalesa, on no hi ha residus. L&#8217;aigua, l&#8217;energia, l&#8217;aire, la mobilitat i els residus, segons <strong>Marcet<\/strong>, s&#8217;han de poder gestionar d&#8217;una manera integrada i, per fer-ho possible, caldr\u00e0 disposar d&#8217;un tipus d&#8217;informaci\u00f3 de nova generaci\u00f3 i que el m\u00f3n local es posicioni per fer un salt en la gesti\u00f3 del territori. <strong>Marcet&nbsp;<\/strong>tamb\u00e9 ha explicat que es coneixen molts dels factors que incidiran en el funcionament de l&#8217;economia circular, per\u00f2 no quan es produiran els canvis. D&#8217;aqu\u00ed que hagi defensat que \u00e9s necessari el lideratge del sector p\u00fablic per abordar tant la sostenibilitat ambiental com la social.<\/p>\n\n\n<div class=\"whads-imagecarousel-block aligncenter\"><ul class=\"image-list\"><li class=\"image-entry\"><img width=\"1024\" height=\"768\" src=\"https:\/\/www.pacteindustrial.org\/wp-content\/uploads\/2017\/04\/Foto-3.1-IMG_20170424_180253.jpg\" class=\"infographic-image\" alt=\"\" loading=\"lazy\" srcset=\"https:\/\/www.pacteindustrial.org\/wp-content\/uploads\/2017\/04\/Foto-3.1-IMG_20170424_180253.jpg 1024w, https:\/\/www.pacteindustrial.org\/wp-content\/uploads\/2017\/04\/Foto-3.1-IMG_20170424_180253-300x225.jpg 300w, https:\/\/www.pacteindustrial.org\/wp-content\/uploads\/2017\/04\/Foto-3.1-IMG_20170424_180253-768x576.jpg 768w, https:\/\/www.pacteindustrial.org\/wp-content\/uploads\/2017\/04\/Foto-3.1-IMG_20170424_180253-200x150.jpg 200w\" sizes=\"(max-width: 1024px) 100vw, 1024px\" \/><p class=\"image-entry-caption\">Xavier Marcet durant el debat sobre economia circular<\/p><\/li><li class=\"image-entry\"><img width=\"1024\" height=\"768\" src=\"https:\/\/www.pacteindustrial.org\/wp-content\/uploads\/2017\/04\/Foto-4.2-IMG_20170424_174059.jpg\" class=\"infographic-image\" alt=\"\" loading=\"lazy\" srcset=\"https:\/\/www.pacteindustrial.org\/wp-content\/uploads\/2017\/04\/Foto-4.2-IMG_20170424_174059.jpg 1024w, https:\/\/www.pacteindustrial.org\/wp-content\/uploads\/2017\/04\/Foto-4.2-IMG_20170424_174059-300x225.jpg 300w, https:\/\/www.pacteindustrial.org\/wp-content\/uploads\/2017\/04\/Foto-4.2-IMG_20170424_174059-768x576.jpg 768w, https:\/\/www.pacteindustrial.org\/wp-content\/uploads\/2017\/04\/Foto-4.2-IMG_20170424_174059-200x150.jpg 200w\" sizes=\"(max-width: 1024px) 100vw, 1024px\" \/><p class=\"image-entry-caption\">Els assistents a la reuni\u00f3 durant el rep\u00e0s a les activitats de l&#8217;associaci\u00f3<\/p><\/li><li class=\"image-entry\"><img width=\"1024\" height=\"768\" src=\"https:\/\/www.pacteindustrial.org\/wp-content\/uploads\/2017\/04\/Foto-4.1-IMG_20170424_171023.jpg\" class=\"infographic-image\" alt=\"\" loading=\"lazy\" srcset=\"https:\/\/www.pacteindustrial.org\/wp-content\/uploads\/2017\/04\/Foto-4.1-IMG_20170424_171023.jpg 1024w, https:\/\/www.pacteindustrial.org\/wp-content\/uploads\/2017\/04\/Foto-4.1-IMG_20170424_171023-300x225.jpg 300w, https:\/\/www.pacteindustrial.org\/wp-content\/uploads\/2017\/04\/Foto-4.1-IMG_20170424_171023-768x576.jpg 768w, https:\/\/www.pacteindustrial.org\/wp-content\/uploads\/2017\/04\/Foto-4.1-IMG_20170424_171023-200x150.jpg 200w\" sizes=\"(max-width: 1024px) 100vw, 1024px\" \/><p class=\"image-entry-caption\">Un moment de la 43a reuni\u00f3 del Comit\u00e8 Executiu<\/p><\/li><li class=\"image-entry\"><img width=\"1024\" height=\"768\" src=\"https:\/\/www.pacteindustrial.org\/wp-content\/uploads\/2017\/04\/Foto-1-IMG_20170424_172140-1.jpg\" class=\"infographic-image\" alt=\"\" loading=\"lazy\" srcset=\"https:\/\/www.pacteindustrial.org\/wp-content\/uploads\/2017\/04\/Foto-1-IMG_20170424_172140-1.jpg 1024w, https:\/\/www.pacteindustrial.org\/wp-content\/uploads\/2017\/04\/Foto-1-IMG_20170424_172140-1-300x225.jpg 300w, https:\/\/www.pacteindustrial.org\/wp-content\/uploads\/2017\/04\/Foto-1-IMG_20170424_172140-1-768x576.jpg 768w, https:\/\/www.pacteindustrial.org\/wp-content\/uploads\/2017\/04\/Foto-1-IMG_20170424_172140-1-200x150.jpg 200w\" sizes=\"(max-width: 1024px) 100vw, 1024px\" \/><p class=\"image-entry-caption\">D&#8217;esq. a dta.: Carles Ruiz, N\u00faria Mar\u00edn i Carles Rivera<\/p><\/li><\/ul><\/div>","protected":false},"excerpt":{"rendered":"<p>El Pacte Industrial de la Regi\u00f3 Metropolitana de Barcelona ha celebrat la 43a Reuni\u00f3 del Comit\u00e8 Executiu el passat 24 d&#8217;abril al Palauet Can Buxeres de l&#8217;Hospitalet de Llobregat amb l&#8217;assist\u00e8ncia dels representants dels ajuntaments i de les entitats que integren l&#8217;associaci\u00f3. La reuni\u00f3 ha estat presidida per primera vegada per N\u00faria Mar\u00edn, alcaldessa de [&#8230;]<\/p>\n","protected":false},"author":3,"featured_media":10830,"comment_status":"closed","ping_status":"open","sticky":false,"template":"","format":"standard","meta":[],"categories":[333,1],"tags":[36,140],"post_scope":[],"yoast_head":"<!-- This site is optimized with the Yoast SEO plugin v16.1.1 - https:\/\/yoast.com\/wordpress\/plugins\/seo\/ -->\n<title>43a Reuni\u00f3 del Comit\u00e8 Executiu del Pacte Industrial i debat sobre economia circular - Pacte Industrial RMB<\/title>\n<link rel=\"canonical\" href=\"https:\/\/www.pacteindustrial.org\/ca\/blog\/43a-reunio-del-comite-executiu-del-pacte-industrial-i-debat-sobre-economia-circular\/\" \/>\n<meta property=\"og:locale\" content=\"ca_ES\" \/>\n<meta property=\"og:type\" content=\"article\" \/>\n<meta property=\"og:title\" content=\"43a Reuni\u00f3 del Comit\u00e8 Executiu del Pacte Industrial i debat sobre economia circular - Pacte Industrial RMB\" \/>\n<meta property=\"og:description\" content=\"El Pacte Industrial de la Regi\u00f3 Metropolitana de Barcelona ha celebrat la 43a Reuni\u00f3 del Comit\u00e8 Executiu el passat 24 d&#8217;abril al Palauet Can Buxeres de l&#8217;Hospitalet de Llobregat amb l&#8217;assist\u00e8ncia dels representants dels ajuntaments i de les entitats que integren l&#8217;associaci\u00f3. La reuni\u00f3 ha estat presidida per primera vegada per N\u00faria Mar\u00edn, alcaldessa de [...]\" \/>\n<meta property=\"og:url\" content=\"https:\/\/www.pacteindustrial.org\/ca\/blog\/43a-reunio-del-comite-executiu-del-pacte-industrial-i-debat-sobre-economia-circular\/\" \/>\n<meta property=\"og:site_name\" content=\"Pacte Industrial RMB\" \/>\n<meta property=\"article:published_time\" content=\"2017-04-23T22:00:00+00:00\" \/>\n<meta property=\"article:modified_time\" content=\"2021-09-13T12:50:40+00:00\" \/>\n<meta property=\"og:image\" content=\"https:\/\/www.pacteindustrial.org\/wp-content\/uploads\/2017\/04\/Foto-1-IMG_20170424_172140.jpg\" \/>\n\t<meta property=\"og:image:width\" content=\"1024\" \/>\n\t<meta property=\"og:image:height\" content=\"768\" \/>\n<meta name=\"twitter:card\" content=\"summary_large_image\" \/>\n<meta name=\"twitter:label1\" content=\"Temps estimat de lectura\">\n\t<meta name=\"twitter:data1\" content=\"3 minuts\">\n<script type=\"application\/ld+json\" class=\"yoast-schema-graph\">{\"@context\":\"https:\/\/schema.org\",\"@graph\":[{\"@type\":\"WebSite\",\"@id\":\"https:\/\/www.pacteindustrial.org\/ca\/#website\",\"url\":\"https:\/\/www.pacteindustrial.org\/ca\/\",\"name\":\"Pacte Industrial RMB\",\"description\":\"\",\"potentialAction\":[{\"@type\":\"SearchAction\",\"target\":\"https:\/\/www.pacteindustrial.org\/ca\/?s={search_term_string}\",\"query-input\":\"required name=search_term_string\"}],\"inLanguage\":\"ca\"},{\"@type\":\"ImageObject\",\"@id\":\"https:\/\/www.pacteindustrial.org\/ca\/blog\/43a-reunio-del-comite-executiu-del-pacte-industrial-i-debat-sobre-economia-circular\/#primaryimage\",\"inLanguage\":\"ca\",\"url\":\"https:\/\/www.pacteindustrial.org\/wp-content\/uploads\/2017\/04\/Foto-1-IMG_20170424_172140.jpg\",\"contentUrl\":\"https:\/\/www.pacteindustrial.org\/wp-content\/uploads\/2017\/04\/Foto-1-IMG_20170424_172140.jpg\",\"width\":1024,\"height\":768},{\"@type\":\"WebPage\",\"@id\":\"https:\/\/www.pacteindustrial.org\/ca\/blog\/43a-reunio-del-comite-executiu-del-pacte-industrial-i-debat-sobre-economia-circular\/#webpage\",\"url\":\"https:\/\/www.pacteindustrial.org\/ca\/blog\/43a-reunio-del-comite-executiu-del-pacte-industrial-i-debat-sobre-economia-circular\/\",\"name\":\"43a Reuni\\u00f3 del Comit\\u00e8 Executiu del Pacte Industrial i debat sobre economia circular - Pacte Industrial RMB\",\"isPartOf\":{\"@id\":\"https:\/\/www.pacteindustrial.org\/ca\/#website\"},\"primaryImageOfPage\":{\"@id\":\"https:\/\/www.pacteindustrial.org\/ca\/blog\/43a-reunio-del-comite-executiu-del-pacte-industrial-i-debat-sobre-economia-circular\/#primaryimage\"},\"datePublished\":\"2017-04-23T22:00:00+00:00\",\"dateModified\":\"2021-09-13T12:50:40+00:00\",\"author\":{\"@id\":\"https:\/\/www.pacteindustrial.org\/ca\/#\/schema\/person\/f01c88f2cf2c11c69866641f45df8c6c\"},\"breadcrumb\":{\"@id\":\"https:\/\/www.pacteindustrial.org\/ca\/blog\/43a-reunio-del-comite-executiu-del-pacte-industrial-i-debat-sobre-economia-circular\/#breadcrumb\"},\"inLanguage\":\"ca\",\"potentialAction\":[{\"@type\":\"ReadAction\",\"target\":[\"https:\/\/www.pacteindustrial.org\/ca\/blog\/43a-reunio-del-comite-executiu-del-pacte-industrial-i-debat-sobre-economia-circular\/\"]}]},{\"@type\":\"BreadcrumbList\",\"@id\":\"https:\/\/www.pacteindustrial.org\/ca\/blog\/43a-reunio-del-comite-executiu-del-pacte-industrial-i-debat-sobre-economia-circular\/#breadcrumb\",\"itemListElement\":[{\"@type\":\"ListItem\",\"position\":1,\"item\":{\"@type\":\"WebPage\",\"@id\":\"https:\/\/www.pacteindustrial.org\/ca\/\",\"url\":\"https:\/\/www.pacteindustrial.org\/ca\/\",\"name\":\"Home\"}},{\"@type\":\"ListItem\",\"position\":2,\"item\":{\"@type\":\"WebPage\",\"@id\":\"https:\/\/www.pacteindustrial.org\/ca\/blog\/43a-reunio-del-comite-executiu-del-pacte-industrial-i-debat-sobre-economia-circular\/\",\"url\":\"https:\/\/www.pacteindustrial.org\/ca\/blog\/43a-reunio-del-comite-executiu-del-pacte-industrial-i-debat-sobre-economia-circular\/\",\"name\":\"43a Reuni\\u00f3 del Comit\\u00e8 Executiu del Pacte Industrial i debat sobre economia circular\"}}]},{\"@type\":\"Person\",\"@id\":\"https:\/\/www.pacteindustrial.org\/ca\/#\/schema\/person\/f01c88f2cf2c11c69866641f45df8c6c\",\"name\":\"Eduard Nadal\",\"image\":{\"@type\":\"ImageObject\",\"@id\":\"https:\/\/www.pacteindustrial.org\/ca\/#personlogo\",\"inLanguage\":\"ca\",\"url\":\"https:\/\/secure.gravatar.com\/avatar\/1894e8f734287cae5956535114253572?s=96&d=mm&r=g\",\"contentUrl\":\"https:\/\/secure.gravatar.com\/avatar\/1894e8f734287cae5956535114253572?s=96&d=mm&r=g\",\"caption\":\"Eduard Nadal\"}}]}<\/script>\n<!-- \/ Yoast SEO plugin. -->","_links":{"self":[{"href":"https:\/\/www.pacteindustrial.org\/ca\/wp-json\/wp\/v2\/posts\/3803"}],"collection":[{"href":"https:\/\/www.pacteindustrial.org\/ca\/wp-json\/wp\/v2\/posts"}],"about":[{"href":"https:\/\/www.pacteindustrial.org\/ca\/wp-json\/wp\/v2\/types\/post"}],"author":[{"embeddable":true,"href":"https:\/\/www.pacteindustrial.org\/ca\/wp-json\/wp\/v2\/users\/3"}],"replies":[{"embeddable":true,"href":"https:\/\/www.pacteindustrial.org\/ca\/wp-json\/wp\/v2\/comments?post=3803"}],"version-history":[{"count":8,"href":"https:\/\/www.pacteindustrial.org\/ca\/wp-json\/wp\/v2\/posts\/3803\/revisions"}],"predecessor-version":[{"id":15114,"href":"https:\/\/www.pacteindustrial.org\/ca\/wp-json\/wp\/v2\/posts\/3803\/revisions\/15114"}],"wp:featuredmedia":[{"embeddable":true,"href":"https:\/\/www.pacteindustrial.org\/ca\/wp-json\/wp\/v2\/media\/10830"}],"wp:attachment":[{"href":"https:\/\/www.pacteindustrial.org\/ca\/wp-json\/wp\/v2\/media?parent=3803"}],"wp:term":[{"taxonomy":"category","embeddable":true,"href":"https:\/\/www.pacteindustrial.org\/ca\/wp-json\/wp\/v2\/categories?post=3803"},{"taxonomy":"post_tag","embeddable":true,"href":"https:\/\/www.pacteindustrial.org\/ca\/wp-json\/wp\/v2\/tags?post=3803"},{"taxonomy":"post_scope","embeddable":true,"href":"https:\/\/www.pacteindustrial.org\/ca\/wp-json\/wp\/v2\/post_scope?post=3803"}],"curies":[{"name":"wp","href":"https:\/\/api.w.org\/{rel}","templated":true}]}}