{"id":3822,"date":"2017-06-15T00:00:00","date_gmt":"2017-06-14T22:00:00","guid":{"rendered":"https:\/\/www.pacteindustrial.org\/el-pacte-industrial-participa-en-una-jornada-sobre-gestio-de-poligons-a-valencia\/"},"modified":"2020-08-01T01:30:13","modified_gmt":"2020-07-31T23:30:13","slug":"el-pacte-industrial-participa-en-una-jornada-sobre-gestio-de-poligons-a-valencia","status":"publish","type":"post","link":"https:\/\/www.pacteindustrial.org\/ca\/blog\/el-pacte-industrial-participa-en-una-jornada-sobre-gestio-de-poligons-a-valencia\/","title":{"rendered":"El Pacte Industrial participa en una jornada sobre gesti\u00f3 de pol\u00edgons a Val\u00e8ncia"},"content":{"rendered":"\n<p><strong>Carles Rivera<\/strong>, coordinador gerent del Pacte Industrial de la Regi\u00f3 Metropolitana de Barcelona, ha participat com a ponent en la <strong>Jornada sobre Gesti\u00f3 d\u2019\u00c0rees Empresarials<\/strong> organitzada pel <a href=\"http:\/\/www.fhortasud.org\/empreses\/foro-empresarial\" target=\"_blank\" rel=\"noreferrer noopener\">Foro Empresarial de l\u2019Horta Sud<\/a> i <a href=\"http:\/\/www.fepeval.com\/\" target=\"_blank\" rel=\"noreferrer noopener\">FEPEVAL<\/a> (Federaci\u00f3 de Pol\u00edgons Empresarials de la Comunitat Valenciana) el passat 15 de juny a Torrent (Val\u00e8ncia). L\u2019objectiu de la jornada, a la qual han assistit prop de 100 persones, ha estat donar a con\u00e8ixer bones pr\u00e0ctiques en la gesti\u00f3 de pol\u00edgons a diversos territoris de l\u2019Estat. Els altres ponents han estat <strong>Idoia Madariaga<\/strong>, directora d\u2019Innovaci\u00f3 de l\u2019empresa <a href=\"http:\/\/www.nasuvinsa.es\/\" target=\"_blank\" rel=\"noreferrer noopener\">NASUVINSA<\/a> del Govern Foral de Navarra; <strong>Diego Maci\u00e1<\/strong>, director general d\u2019Ind\u00fastria i Energia de la <a href=\"http:\/\/www.indi.gva.es\/ca\/web\/industria-e-i-d-i\" target=\"_blank\" rel=\"noreferrer noopener\">Generalitat Valenciana<\/a>, i <strong>Jos\u00e9 Miguel Artaza<\/strong>, director adjunt de la societat <a href=\"http:\/\/www.sprilur.eus\/es\/\" target=\"_blank\" rel=\"noreferrer noopener\">SPRILUR<\/a> del Govern Basc.<\/p>\n\n\n\n<p>El coordinador gerent del Pacte Industrial ha ressaltat la import\u00e0ncia de la col\u00b7laboraci\u00f3 p\u00fablicoprivada entre els m\u00faltiples actors en la gesti\u00f3 i millora dels pol\u00edgons. <strong>Rivera<\/strong> ha presentat el Pacte Industrial i les darreres publicacions referents a pol\u00edgons que ha editat l\u2019associaci\u00f3, destacant el paper que entitats com el Pacte Industrial o d&#8217;altres poden tenir en l&#8217;impuls de pol\u00edtiques i en la facilitaci\u00f3 de processos de cooperaci\u00f3 entre actors molt diversos.<\/p>\n","protected":false},"excerpt":{"rendered":"<p>Carles Rivera, coordinador gerent del Pacte Industrial de la Regi\u00f3 Metropolitana de Barcelona, ha participat com a ponent en la Jornada sobre Gesti\u00f3 d\u2019\u00c0rees Empresarials organitzada pel Foro Empresarial de l\u2019Horta Sud i FEPEVAL (Federaci\u00f3 de Pol\u00edgons Empresarials de la Comunitat Valenciana) el passat 15 de juny a Torrent (Val\u00e8ncia). L\u2019objectiu de la jornada, a [&#8230;]<\/p>\n","protected":false},"author":3,"featured_media":3823,"comment_status":"closed","ping_status":"open","sticky":false,"template":"","format":"standard","meta":[],"categories":[330,1],"tags":[128,77,80],"post_scope":[19,25],"yoast_head":"<!-- This site is optimized with the Yoast SEO plugin v16.1.1 - https:\/\/yoast.com\/wordpress\/plugins\/seo\/ -->\n<title>El Pacte Industrial participa en una jornada sobre gesti\u00f3 de pol\u00edgons a Val\u00e8ncia - Pacte Industrial RMB<\/title>\n<link rel=\"canonical\" href=\"https:\/\/www.pacteindustrial.org\/ca\/blog\/el-pacte-industrial-participa-en-una-jornada-sobre-gestio-de-poligons-a-valencia\/\" \/>\n<meta property=\"og:locale\" content=\"ca_ES\" \/>\n<meta property=\"og:type\" content=\"article\" \/>\n<meta property=\"og:title\" content=\"El Pacte Industrial participa en una jornada sobre gesti\u00f3 de pol\u00edgons a Val\u00e8ncia - Pacte Industrial RMB\" \/>\n<meta property=\"og:description\" content=\"Carles Rivera, coordinador gerent del Pacte Industrial de la Regi\u00f3 Metropolitana de Barcelona, ha participat com a ponent en la Jornada sobre Gesti\u00f3 d\u2019\u00c0rees Empresarials organitzada pel Foro Empresarial de l\u2019Horta Sud i FEPEVAL (Federaci\u00f3 de Pol\u00edgons Empresarials de la Comunitat Valenciana) el passat 15 de juny a Torrent (Val\u00e8ncia). L\u2019objectiu de la jornada, a [...]\" \/>\n<meta property=\"og:url\" content=\"https:\/\/www.pacteindustrial.org\/ca\/blog\/el-pacte-industrial-participa-en-una-jornada-sobre-gestio-de-poligons-a-valencia\/\" \/>\n<meta property=\"og:site_name\" content=\"Pacte Industrial RMB\" \/>\n<meta property=\"article:published_time\" content=\"2017-06-14T22:00:00+00:00\" \/>\n<meta property=\"article:modified_time\" content=\"2020-07-31T23:30:13+00:00\" \/>\n<meta property=\"og:image\" content=\"https:\/\/www.pacteindustrial.org\/wp-content\/uploads\/2017\/06\/6b0eeaab18eeb81395f3647ac019f6e8.jpg\" \/>\n\t<meta property=\"og:image:width\" content=\"1024\" \/>\n\t<meta property=\"og:image:height\" content=\"768\" \/>\n<meta name=\"twitter:card\" content=\"summary_large_image\" \/>\n<meta name=\"twitter:label1\" content=\"Temps estimat de lectura\">\n\t<meta name=\"twitter:data1\" content=\"1 minut\">\n<script type=\"application\/ld+json\" class=\"yoast-schema-graph\">{\"@context\":\"https:\/\/schema.org\",\"@graph\":[{\"@type\":\"WebSite\",\"@id\":\"https:\/\/www.pacteindustrial.org\/ca\/#website\",\"url\":\"https:\/\/www.pacteindustrial.org\/ca\/\",\"name\":\"Pacte Industrial RMB\",\"description\":\"\",\"potentialAction\":[{\"@type\":\"SearchAction\",\"target\":\"https:\/\/www.pacteindustrial.org\/ca\/?s={search_term_string}\",\"query-input\":\"required name=search_term_string\"}],\"inLanguage\":\"ca\"},{\"@type\":\"ImageObject\",\"@id\":\"https:\/\/www.pacteindustrial.org\/ca\/blog\/el-pacte-industrial-participa-en-una-jornada-sobre-gestio-de-poligons-a-valencia\/#primaryimage\",\"inLanguage\":\"ca\",\"url\":\"https:\/\/www.pacteindustrial.org\/wp-content\/uploads\/2017\/06\/6b0eeaab18eeb81395f3647ac019f6e8.jpg\",\"contentUrl\":\"https:\/\/www.pacteindustrial.org\/wp-content\/uploads\/2017\/06\/6b0eeaab18eeb81395f3647ac019f6e8.jpg\",\"width\":1024,\"height\":768,\"caption\":\"Participants i organitzadors abans de l'inici de la jornada.\"},{\"@type\":\"WebPage\",\"@id\":\"https:\/\/www.pacteindustrial.org\/ca\/blog\/el-pacte-industrial-participa-en-una-jornada-sobre-gestio-de-poligons-a-valencia\/#webpage\",\"url\":\"https:\/\/www.pacteindustrial.org\/ca\/blog\/el-pacte-industrial-participa-en-una-jornada-sobre-gestio-de-poligons-a-valencia\/\",\"name\":\"El Pacte Industrial participa en una jornada sobre gesti\\u00f3 de pol\\u00edgons a Val\\u00e8ncia - Pacte Industrial RMB\",\"isPartOf\":{\"@id\":\"https:\/\/www.pacteindustrial.org\/ca\/#website\"},\"primaryImageOfPage\":{\"@id\":\"https:\/\/www.pacteindustrial.org\/ca\/blog\/el-pacte-industrial-participa-en-una-jornada-sobre-gestio-de-poligons-a-valencia\/#primaryimage\"},\"datePublished\":\"2017-06-14T22:00:00+00:00\",\"dateModified\":\"2020-07-31T23:30:13+00:00\",\"author\":{\"@id\":\"https:\/\/www.pacteindustrial.org\/ca\/#\/schema\/person\/f01c88f2cf2c11c69866641f45df8c6c\"},\"breadcrumb\":{\"@id\":\"https:\/\/www.pacteindustrial.org\/ca\/blog\/el-pacte-industrial-participa-en-una-jornada-sobre-gestio-de-poligons-a-valencia\/#breadcrumb\"},\"inLanguage\":\"ca\",\"potentialAction\":[{\"@type\":\"ReadAction\",\"target\":[\"https:\/\/www.pacteindustrial.org\/ca\/blog\/el-pacte-industrial-participa-en-una-jornada-sobre-gestio-de-poligons-a-valencia\/\"]}]},{\"@type\":\"BreadcrumbList\",\"@id\":\"https:\/\/www.pacteindustrial.org\/ca\/blog\/el-pacte-industrial-participa-en-una-jornada-sobre-gestio-de-poligons-a-valencia\/#breadcrumb\",\"itemListElement\":[{\"@type\":\"ListItem\",\"position\":1,\"item\":{\"@type\":\"WebPage\",\"@id\":\"https:\/\/www.pacteindustrial.org\/ca\/\",\"url\":\"https:\/\/www.pacteindustrial.org\/ca\/\",\"name\":\"Home\"}},{\"@type\":\"ListItem\",\"position\":2,\"item\":{\"@type\":\"WebPage\",\"@id\":\"https:\/\/www.pacteindustrial.org\/ca\/blog\/el-pacte-industrial-participa-en-una-jornada-sobre-gestio-de-poligons-a-valencia\/\",\"url\":\"https:\/\/www.pacteindustrial.org\/ca\/blog\/el-pacte-industrial-participa-en-una-jornada-sobre-gestio-de-poligons-a-valencia\/\",\"name\":\"El Pacte Industrial participa en una jornada sobre gesti\\u00f3 de pol\\u00edgons a Val\\u00e8ncia\"}}]},{\"@type\":\"Person\",\"@id\":\"https:\/\/www.pacteindustrial.org\/ca\/#\/schema\/person\/f01c88f2cf2c11c69866641f45df8c6c\",\"name\":\"Eduard Nadal\",\"image\":{\"@type\":\"ImageObject\",\"@id\":\"https:\/\/www.pacteindustrial.org\/ca\/#personlogo\",\"inLanguage\":\"ca\",\"url\":\"https:\/\/secure.gravatar.com\/avatar\/1894e8f734287cae5956535114253572?s=96&d=mm&r=g\",\"contentUrl\":\"https:\/\/secure.gravatar.com\/avatar\/1894e8f734287cae5956535114253572?s=96&d=mm&r=g\",\"caption\":\"Eduard Nadal\"}}]}<\/script>\n<!-- \/ Yoast SEO plugin. -->","_links":{"self":[{"href":"https:\/\/www.pacteindustrial.org\/ca\/wp-json\/wp\/v2\/posts\/3822"}],"collection":[{"href":"https:\/\/www.pacteindustrial.org\/ca\/wp-json\/wp\/v2\/posts"}],"about":[{"href":"https:\/\/www.pacteindustrial.org\/ca\/wp-json\/wp\/v2\/types\/post"}],"author":[{"embeddable":true,"href":"https:\/\/www.pacteindustrial.org\/ca\/wp-json\/wp\/v2\/users\/3"}],"replies":[{"embeddable":true,"href":"https:\/\/www.pacteindustrial.org\/ca\/wp-json\/wp\/v2\/comments?post=3822"}],"version-history":[{"count":6,"href":"https:\/\/www.pacteindustrial.org\/ca\/wp-json\/wp\/v2\/posts\/3822\/revisions"}],"predecessor-version":[{"id":10825,"href":"https:\/\/www.pacteindustrial.org\/ca\/wp-json\/wp\/v2\/posts\/3822\/revisions\/10825"}],"wp:featuredmedia":[{"embeddable":true,"href":"https:\/\/www.pacteindustrial.org\/ca\/wp-json\/wp\/v2\/media\/3823"}],"wp:attachment":[{"href":"https:\/\/www.pacteindustrial.org\/ca\/wp-json\/wp\/v2\/media?parent=3822"}],"wp:term":[{"taxonomy":"category","embeddable":true,"href":"https:\/\/www.pacteindustrial.org\/ca\/wp-json\/wp\/v2\/categories?post=3822"},{"taxonomy":"post_tag","embeddable":true,"href":"https:\/\/www.pacteindustrial.org\/ca\/wp-json\/wp\/v2\/tags?post=3822"},{"taxonomy":"post_scope","embeddable":true,"href":"https:\/\/www.pacteindustrial.org\/ca\/wp-json\/wp\/v2\/post_scope?post=3822"}],"curies":[{"name":"wp","href":"https:\/\/api.w.org\/{rel}","templated":true}]}}