{"id":3915,"date":"2018-02-08T00:00:00","date_gmt":"2018-02-07T22:00:00","guid":{"rendered":"https:\/\/www.pacteindustrial.org\/lliurament-dels-premis-indi-science-que-apropen-la-ciencia-al-desenvolupament-territorial\/"},"modified":"2024-04-18T16:00:22","modified_gmt":"2024-04-18T14:00:22","slug":"lliurament-dels-premis-indi-science-que-apropen-la-ciencia-al-desenvolupament-territorial","status":"publish","type":"post","link":"https:\/\/www.pacteindustrial.org\/ca\/blog\/lliurament-dels-premis-indi-science-que-apropen-la-ciencia-al-desenvolupament-territorial\/","title":{"rendered":"Lliurament dels Premis IND+I Science, que apropen la ci\u00e8ncia al desenvolupament territorial"},"content":{"rendered":"\n<ul><li><strong>Elisenda Jov\u00e9 Llopis de la URV ha estat la guanyadora en la categoria Ind\u00fastria verda per al creixement sostenible, impulsada pel Pacte Industrial, amb un assaig sobre els efectes de les ecoestrat\u00e8gies en el creixement de les pimes.<\/strong><\/li><\/ul>\n\n\n\n<ul><li><strong>La resta de treballs guanyadors han tractat temes com un robot social, els \u201ccomuns urbans\u201d, les emissions de CO2 i la teoria de la participaci\u00f3 p\u00fablica en el disseny de pol\u00edtiques.<\/strong><\/li><\/ul>\n\n\n\n<ul><li><strong>L<\/strong><strong>\u2019IND+I Science \u00e9s un exemple de col\u00b7laboraci\u00f3 entre institucions p\u00fabliques, universitats i empreses per tal de fomentar la ci\u00e8ncia i la innovaci\u00f3 en empreses i territoris.<\/strong><\/li><\/ul>\n\n\n\n<p>L\u2019IND+I Science, la plataforma de recerca que promou la investigaci\u00f3 i la divulgaci\u00f3 cient\u00edfica en ind\u00fastria, innovaci\u00f3 i ciutats sostenibles, a trav\u00e9s de la perspectiva del valor p\u00fablic i de la finalitat p\u00fablica, ha celebrat el passat 8 de febrer a Barcelona l&#8217;acte de lliurament de premis de la primera edici\u00f3 IND+I Science 2018. <strong>Carles Ruiz<\/strong>, president del Consell Assessor de l&#8217;IND+I i secretari del Pacte Industrial, i <strong>S\u00f2nia Recasens<\/strong>, diputada delegada de Promoci\u00f3 Econ\u00f2mica i Ocupaci\u00f3 de la Diputaci\u00f3 de Barcelona, han lliurat el premis als millors assajos de recerca en ind\u00fastria, innovaci\u00f3 i l&#8217;agenda de les ciutats sostenibles.<\/p>\n\n\n\n<p>El Pacte Industrial de la Regi\u00f3 Metropolitana de Barcelona promou aquesta iniciativa conjuntament amb l&#8217;<strong><a href=\"http:\/\/indi.cat\/\" target=\"_blank\" rel=\"noreferrer noopener\">IND+I<\/a><\/strong>, l&#8217;<strong><a href=\"http:\/\/www.amb.cat\/s\/home.html\" target=\"_blank\" rel=\"noreferrer noopener\">\u00c0rea Metropolitana de Barcelona (AMB)<\/a><\/strong>, el <strong><a href=\"http:\/\/pemb.cat\/\" target=\"_blank\" rel=\"noreferrer noopener\">Pla Estrat\u00e8gic Metropolit\u00e0 de Barcelona (PEMB)<\/a><\/strong>, l&#8217;<strong><a href=\"https:\/\/www.ucl.ac.uk\/bartlett\/public-purpose\/\" target=\"_blank\" rel=\"noreferrer noopener\">Institut for Innovation and Public Purpose (IIPP)<\/a> <\/strong>de la University College London, i amb el suport de la <strong><a href=\"http:\/\/www.diba.cat\/\" target=\"_blank\" rel=\"noreferrer noopener\">Diputaci\u00f3 de Barcelona<\/a><\/strong>. L&#8217;IND+I Science vol posar la ci\u00e8ncia al servei del desenvolupament sostenible, innovador, industrial i territorial. Es busca influenciar i millorar l&#8217;efic\u00e0cia dels instruments de pol\u00edtica p\u00fablica que s&#8217;estan portant a terme a nivell regional i local, generant debat sobre l&#8217;aplicaci\u00f3 de la investigaci\u00f3 en el nostre dia a dia.<\/p>\n\n\n\n<h2>Premi Ind\u00fastria Verda per al creixement sostenible<\/h2>\n\n\n\n<p>El&nbsp;<strong>Pacte Industrial<\/strong>&nbsp;ha impulsat la categoria de premis&nbsp;<strong>Ind\u00fastria verda per al creixement sostenible<\/strong>&nbsp;seguint el seu comprom\u00eds amb el desenvolupament i la sostenibilitat del territori metropolit\u00e0 i amb vocaci\u00f3 de contribuir a apropar el coneixement basat en evid\u00e8ncia cient\u00edfica als&nbsp;<em>policymakers<\/em>. La guanyadora en aquesta categoria ha estat&nbsp;<strong>Elisenda Jov\u00e9 Llopis<\/strong>, estudiant del programa de doctorat en Economia i Empresa de la <a href=\"http:\/\/www.urv.cat\/ca\/\" target=\"_blank\" rel=\"noreferrer noopener\">Universitat Rovira i Virgili (URV)<\/a>, amb l&#8217;assaig&nbsp;<em><strong>Eco-strategies and firm growth in SMEs: EU15 and new EU members<\/strong><\/em>, en qu\u00e8 ha analitzat la relaci\u00f3 entre un seguit de pr\u00e0ctiques verdes i el creixement empresarial, prenent com a mostra 11.336 pimes de 28 pa\u00efsos de la Uni\u00f3 Europea. Les ecoestrat\u00e8gies analitzades han estat: reducci\u00f3 d\u2019aigua, reducci\u00f3 d\u2019energia, \u00fas d\u2019energies renovables, reducci\u00f3 de materials, minimitzaci\u00f3 de residus, reciclatge, disseny de productes f\u00e0cils de mantenir, reparar o reutilitzar.<\/p>\n\n\n\n<p><strong>Jov\u00e9<\/strong> conclou que no totes les ecoestrat\u00e8gies tenen el mateix efecte en el creixement empresarial de les pimes. L\u2019an\u00e0lisi assenyala que la utilitzaci\u00f3 d\u2019energies renovables, el reciclatge i el disseny de productes f\u00e0cils de mantenir, reparar o reutilitzar tenen un impacte positiu en el rendiment de les empreses. A m\u00e9s, un altre factor amb efectes positius \u00e9s el volum d\u2019inversi\u00f3 i la diversitat d\u2019ecoestrat\u00e8gies implementades. <strong>Jov\u00e9<\/strong>&nbsp;apunta que com que poques pimes europees tenen capacitat de fer grans inversions i\/o desenvolupar m\u00faltiples ecoestrat\u00e8gies, hi ha marge per a la implementaci\u00f3 de pol\u00edtiques p\u00fabliques en aquest sentit.<\/p>\n\n\n\n<div class=\"wp-block-image\"><figure class=\"aligncenter size-large\"><img loading=\"lazy\" width=\"1024\" height=\"683\" src=\"https:\/\/www.pacteindustrial.org\/wp-content\/uploads\/2020\/07\/IMG_20180208_100449.jpg\" alt=\"\" class=\"wp-image-10745\" srcset=\"https:\/\/www.pacteindustrial.org\/wp-content\/uploads\/2020\/07\/IMG_20180208_100449.jpg 1024w, https:\/\/www.pacteindustrial.org\/wp-content\/uploads\/2020\/07\/IMG_20180208_100449-300x200.jpg 300w, https:\/\/www.pacteindustrial.org\/wp-content\/uploads\/2020\/07\/IMG_20180208_100449-768x512.jpg 768w, https:\/\/www.pacteindustrial.org\/wp-content\/uploads\/2020\/07\/IMG_20180208_100449-200x133.jpg 200w\" sizes=\"(max-width: 1024px) 100vw, 1024px\" \/><figcaption>Elisenda Jov\u00e9-Llopis, guanyadora del premi Ind\u00fastria verda per al creixement sostenible impulsat pel Pacte Industrial<\/figcaption><\/figure><\/div>\n\n\n\n<h2>Les altres categories de premiats<\/h2>\n\n\n\n<p>En la categoria <strong>Agenda de ciutats sostenibles<\/strong>,&nbsp;<strong>Jordi Rosell&nbsp;<\/strong>(Universitat de Barcelona) ha analitzat en el seu assaig com afecten els factors socioecon\u00f2mics a les emissions de CO2 dels individus en la seva mobilitat quotidiana, revelant que el g\u00e8nere, els ingressos i el municipi de resid\u00e8ncia tenen una gran incid\u00e8ncia, per\u00f2 no els estudis i l\u2019ocupaci\u00f3. Els resultats de la investigaci\u00f3 possibilitarien realitzar una millora en les pol\u00edtiques de mobilitat urbana. <strong>Rosell<\/strong> ha afirmat que &#8220;el 10% de ve\u00efns de l\u2019AMB emeten el 50% del total de CO2&#8221;.<\/p>\n\n\n\n<p>En la mateixa categoria,&nbsp;<strong>N\u00faria Vall\u00e8s&nbsp;<\/strong>(Universitat Aut\u00f2noma de Barcelona) analitza algunes q\u00fcestions vinculades amb la participaci\u00f3 en els processos de disseny tecnol\u00f2gic, a partir d\u2019una experi\u00e8ncia participativa amb infants per dissenyar un prototip de robot social per a un hospital pedi\u00e0tric pensat per interactuar amb les persones seguint les normes de conducta social. L&#8217;estudi proposa eixamplar la discussi\u00f3 sobre la democratitzaci\u00f3 de la tecnologia, introduint en el debat les responsabilitats, en aquest cas de cura, en les ciutats intel\u00b7ligents i sostenibles.<\/p>\n\n\n\n<p>En la categoria <strong>Pol\u00edtiques d\u2019innovaci\u00f3 metropolitana<\/strong>, <strong>Carlos C\u00e1mara&nbsp;<\/strong>(Universitat Oberta de Catalunya) se centra en el concepte dels &#8220;comuns urbans&#8221;, terme antic que ha ressorgit en un context de crisi global, que afecta diversos \u00e0mbits de la societat. L&#8217;objectiu de la recerca \u00e9s comprendre aquest concepte, a partir de l\u2019estudi de 29 casos etnogr\u00e0fics de la Barcelona de principis del segle XXI, confeccionant cinc discursos a partir de les seves reivindicacions, autogesti\u00f3 i institucionalitzaci\u00f3, materialitat i tecnologia i cultura lliures. <strong>C\u00e1mara<\/strong> ha afirmat que &#8220;sense les comunitats i les persones que hi ha darrera, no es podria parlar de comuns urbans. S\u00f3n els que decideixen com s&#8217;organitzen per gestionar comunit\u00e0riament un determinat recurs&#8221;.<\/p>\n\n\n\n<p>Finalment, en la categoria <strong>Innovaci\u00f3 i ind\u00fastria<\/strong>, <strong>Liliana Fonseca&nbsp;<\/strong>(Universitat d\u2019Aveiro, Portugal, en col\u00b7laboraci\u00f3 amb la Universitat Aut\u00f2noma de Barcelona) profunditza en la teoria de la participaci\u00f3 p\u00fablica en el disseny de pol\u00edtiques, posant especial \u00e8mfasi en el potencial de les universitats per contribuir a una innovaci\u00f3 m\u00e9s informada, efectiva i a pol\u00edtiques de desenvolupament regional, mitjan\u00e7ant el recolzament d\u2019altres actors interessats, desbloquejant la in\u00e8rcia institucional. L&#8217;estudi reflecteix que el potencial de les universitat \u00e9s cada cop m\u00e9s rellevant en una societat competitiva basada en el coneixement.<\/p>\n\n\n\n<p>Les conclusions de l\u2019acte han estat a c\u00e0rrec de <strong>Rainer Kettel<\/strong>, subdirector de l\u2019Institute for Innovation and Public Purpose de la University College London, que ha insistit en la import\u00e0ncia de la innovaci\u00f3 per avan\u00e7ar en pol\u00edtiques p\u00fabliques. Tamb\u00e9 hi han participat el <strong>Dr. Albert Sorribas<\/strong>, vicerector de Pol\u00edtica Cient\u00edfica i Tecnol\u00f2gica de la Universitat de Lleida, la <strong>Dra. Maria Callej\u00f3n<\/strong>, ex-Vicerectora de Pol\u00edtica Internacional i ex-Catedr\u00e0tica d\u2019Economia del Departament de Pol\u00edtica Econ\u00f2mica i Estructura Econ\u00f2mica Mundial de la Universitat de Barcelona i la <strong>Dra. Montserrat Pallar\u00e8s-Barber\u00e0<\/strong>, cap del Grup de Recerca en Geografia Econ\u00f2mica del Departament de Geografia de la Universitat Aut\u00f2noma de Barcelona, que han debatut amb els guanyadors i el p\u00fablic el contingut dels assajos.<\/p>\n","protected":false},"excerpt":{"rendered":"<p>Elisenda Jov\u00e9 Llopis de la URV ha estat la guanyadora en la categoria Ind\u00fastria verda per al creixement sostenible, impulsada pel Pacte Industrial, amb un assaig sobre els efectes de les ecoestrat\u00e8gies en el creixement de les pimes. La resta de treballs guanyadors han tractat temes com un robot social, els \u201ccomuns urbans\u201d, les emissions [&#8230;]<\/p>\n","protected":false},"author":3,"featured_media":3916,"comment_status":"closed","ping_status":"open","sticky":false,"template":"","format":"standard","meta":[],"categories":[331,1],"tags":[392,151,72,152],"post_scope":[27],"yoast_head":"<!-- This site is optimized with the Yoast SEO plugin v16.1.1 - https:\/\/yoast.com\/wordpress\/plugins\/seo\/ -->\n<title>Lliurament dels Premis IND+I Science, que apropen la ci\u00e8ncia al desenvolupament territorial - Pacte Industrial RMB<\/title>\n<link rel=\"canonical\" href=\"https:\/\/www.pacteindustrial.org\/ca\/blog\/lliurament-dels-premis-indi-science-que-apropen-la-ciencia-al-desenvolupament-territorial\/\" \/>\n<meta property=\"og:locale\" content=\"ca_ES\" \/>\n<meta property=\"og:type\" content=\"article\" \/>\n<meta property=\"og:title\" content=\"Lliurament dels Premis IND+I Science, que apropen la ci\u00e8ncia al desenvolupament territorial - Pacte Industrial RMB\" \/>\n<meta property=\"og:description\" content=\"Elisenda Jov\u00e9 Llopis de la URV ha estat la guanyadora en la categoria Ind\u00fastria verda per al creixement sostenible, impulsada pel Pacte Industrial, amb un assaig sobre els efectes de les ecoestrat\u00e8gies en el creixement de les pimes. La resta de treballs guanyadors han tractat temes com un robot social, els \u201ccomuns urbans\u201d, les emissions [...]\" \/>\n<meta property=\"og:url\" content=\"https:\/\/www.pacteindustrial.org\/ca\/blog\/lliurament-dels-premis-indi-science-que-apropen-la-ciencia-al-desenvolupament-territorial\/\" \/>\n<meta property=\"og:site_name\" content=\"Pacte Industrial RMB\" \/>\n<meta property=\"article:published_time\" content=\"2018-02-07T22:00:00+00:00\" \/>\n<meta property=\"article:modified_time\" content=\"2024-04-18T14:00:22+00:00\" \/>\n<meta property=\"og:image\" content=\"https:\/\/www.pacteindustrial.org\/wp-content\/uploads\/2018\/02\/665e05ffa8330beb1f320d327d0e7a70.jpg\" \/>\n\t<meta property=\"og:image:width\" content=\"1024\" \/>\n\t<meta property=\"og:image:height\" content=\"683\" \/>\n<meta name=\"twitter:card\" content=\"summary_large_image\" \/>\n<meta name=\"twitter:label1\" content=\"Temps estimat de lectura\">\n\t<meta name=\"twitter:data1\" content=\"6 minuts\">\n<script type=\"application\/ld+json\" class=\"yoast-schema-graph\">{\"@context\":\"https:\/\/schema.org\",\"@graph\":[{\"@type\":\"WebSite\",\"@id\":\"https:\/\/www.pacteindustrial.org\/ca\/#website\",\"url\":\"https:\/\/www.pacteindustrial.org\/ca\/\",\"name\":\"Pacte Industrial RMB\",\"description\":\"\",\"potentialAction\":[{\"@type\":\"SearchAction\",\"target\":\"https:\/\/www.pacteindustrial.org\/ca\/?s={search_term_string}\",\"query-input\":\"required name=search_term_string\"}],\"inLanguage\":\"ca\"},{\"@type\":\"ImageObject\",\"@id\":\"https:\/\/www.pacteindustrial.org\/ca\/blog\/lliurament-dels-premis-indi-science-que-apropen-la-ciencia-al-desenvolupament-territorial\/#primaryimage\",\"inLanguage\":\"ca\",\"url\":\"https:\/\/www.pacteindustrial.org\/wp-content\/uploads\/2018\/02\/665e05ffa8330beb1f320d327d0e7a70.jpg\",\"contentUrl\":\"https:\/\/www.pacteindustrial.org\/wp-content\/uploads\/2018\/02\/665e05ffa8330beb1f320d327d0e7a70.jpg\",\"width\":1024,\"height\":683,\"caption\":\"D'esq. a dta.: S\\u00f2nia Recasens, Carlos C\\u00e1mara, N\\u00faria Vall\\u00e8s, Jordi Rosell, Liliana Fonseca, Elisenda Jov\\u00e9 i Carles Ruiz.\"},{\"@type\":\"WebPage\",\"@id\":\"https:\/\/www.pacteindustrial.org\/ca\/blog\/lliurament-dels-premis-indi-science-que-apropen-la-ciencia-al-desenvolupament-territorial\/#webpage\",\"url\":\"https:\/\/www.pacteindustrial.org\/ca\/blog\/lliurament-dels-premis-indi-science-que-apropen-la-ciencia-al-desenvolupament-territorial\/\",\"name\":\"Lliurament dels Premis IND+I Science, que apropen la ci\\u00e8ncia al desenvolupament territorial - Pacte Industrial RMB\",\"isPartOf\":{\"@id\":\"https:\/\/www.pacteindustrial.org\/ca\/#website\"},\"primaryImageOfPage\":{\"@id\":\"https:\/\/www.pacteindustrial.org\/ca\/blog\/lliurament-dels-premis-indi-science-que-apropen-la-ciencia-al-desenvolupament-territorial\/#primaryimage\"},\"datePublished\":\"2018-02-07T22:00:00+00:00\",\"dateModified\":\"2024-04-18T14:00:22+00:00\",\"author\":{\"@id\":\"https:\/\/www.pacteindustrial.org\/ca\/#\/schema\/person\/f01c88f2cf2c11c69866641f45df8c6c\"},\"breadcrumb\":{\"@id\":\"https:\/\/www.pacteindustrial.org\/ca\/blog\/lliurament-dels-premis-indi-science-que-apropen-la-ciencia-al-desenvolupament-territorial\/#breadcrumb\"},\"inLanguage\":\"ca\",\"potentialAction\":[{\"@type\":\"ReadAction\",\"target\":[\"https:\/\/www.pacteindustrial.org\/ca\/blog\/lliurament-dels-premis-indi-science-que-apropen-la-ciencia-al-desenvolupament-territorial\/\"]}]},{\"@type\":\"BreadcrumbList\",\"@id\":\"https:\/\/www.pacteindustrial.org\/ca\/blog\/lliurament-dels-premis-indi-science-que-apropen-la-ciencia-al-desenvolupament-territorial\/#breadcrumb\",\"itemListElement\":[{\"@type\":\"ListItem\",\"position\":1,\"item\":{\"@type\":\"WebPage\",\"@id\":\"https:\/\/www.pacteindustrial.org\/ca\/\",\"url\":\"https:\/\/www.pacteindustrial.org\/ca\/\",\"name\":\"Home\"}},{\"@type\":\"ListItem\",\"position\":2,\"item\":{\"@type\":\"WebPage\",\"@id\":\"https:\/\/www.pacteindustrial.org\/ca\/blog\/lliurament-dels-premis-indi-science-que-apropen-la-ciencia-al-desenvolupament-territorial\/\",\"url\":\"https:\/\/www.pacteindustrial.org\/ca\/blog\/lliurament-dels-premis-indi-science-que-apropen-la-ciencia-al-desenvolupament-territorial\/\",\"name\":\"Lliurament dels Premis IND+I Science, que apropen la ci\\u00e8ncia al desenvolupament territorial\"}}]},{\"@type\":\"Person\",\"@id\":\"https:\/\/www.pacteindustrial.org\/ca\/#\/schema\/person\/f01c88f2cf2c11c69866641f45df8c6c\",\"name\":\"Eduard Nadal\",\"image\":{\"@type\":\"ImageObject\",\"@id\":\"https:\/\/www.pacteindustrial.org\/ca\/#personlogo\",\"inLanguage\":\"ca\",\"url\":\"https:\/\/secure.gravatar.com\/avatar\/1894e8f734287cae5956535114253572?s=96&d=mm&r=g\",\"contentUrl\":\"https:\/\/secure.gravatar.com\/avatar\/1894e8f734287cae5956535114253572?s=96&d=mm&r=g\",\"caption\":\"Eduard Nadal\"}}]}<\/script>\n<!-- \/ Yoast SEO plugin. -->","_links":{"self":[{"href":"https:\/\/www.pacteindustrial.org\/ca\/wp-json\/wp\/v2\/posts\/3915"}],"collection":[{"href":"https:\/\/www.pacteindustrial.org\/ca\/wp-json\/wp\/v2\/posts"}],"about":[{"href":"https:\/\/www.pacteindustrial.org\/ca\/wp-json\/wp\/v2\/types\/post"}],"author":[{"embeddable":true,"href":"https:\/\/www.pacteindustrial.org\/ca\/wp-json\/wp\/v2\/users\/3"}],"replies":[{"embeddable":true,"href":"https:\/\/www.pacteindustrial.org\/ca\/wp-json\/wp\/v2\/comments?post=3915"}],"version-history":[{"count":11,"href":"https:\/\/www.pacteindustrial.org\/ca\/wp-json\/wp\/v2\/posts\/3915\/revisions"}],"predecessor-version":[{"id":11885,"href":"https:\/\/www.pacteindustrial.org\/ca\/wp-json\/wp\/v2\/posts\/3915\/revisions\/11885"}],"wp:featuredmedia":[{"embeddable":true,"href":"https:\/\/www.pacteindustrial.org\/ca\/wp-json\/wp\/v2\/media\/3916"}],"wp:attachment":[{"href":"https:\/\/www.pacteindustrial.org\/ca\/wp-json\/wp\/v2\/media?parent=3915"}],"wp:term":[{"taxonomy":"category","embeddable":true,"href":"https:\/\/www.pacteindustrial.org\/ca\/wp-json\/wp\/v2\/categories?post=3915"},{"taxonomy":"post_tag","embeddable":true,"href":"https:\/\/www.pacteindustrial.org\/ca\/wp-json\/wp\/v2\/tags?post=3915"},{"taxonomy":"post_scope","embeddable":true,"href":"https:\/\/www.pacteindustrial.org\/ca\/wp-json\/wp\/v2\/post_scope?post=3915"}],"curies":[{"name":"wp","href":"https:\/\/api.w.org\/{rel}","templated":true}]}}