{"id":3945,"date":"2018-03-20T00:00:00","date_gmt":"2018-03-19T22:00:00","guid":{"rendered":"https:\/\/www.pacteindustrial.org\/conclusions-del-cicle-reindustrialitzacio-i-sostenibilitat-horitzons-per-a-un-nou-desenvolupament-economic\/"},"modified":"2020-09-15T02:14:03","modified_gmt":"2020-09-15T00:14:03","slug":"conclusions-del-cicle-reindustrialitzacio-i-sostenibilitat-horitzons-per-a-un-nou-desenvolupament-economic","status":"publish","type":"post","link":"https:\/\/www.pacteindustrial.org\/ca\/blog\/conclusions-del-cicle-reindustrialitzacio-i-sostenibilitat-horitzons-per-a-un-nou-desenvolupament-economic\/","title":{"rendered":"Conclusions del cicle &#8220;Reindustrialitzaci\u00f3 i sostenibilitat. Horitzons per a un nou desenvolupament econ\u00f2mic&#8221;"},"content":{"rendered":"\n<p>A l&#8217;enlla\u00e7 seg\u00fcent us podeu descarregar el <strong>document de conclusions del cicle &#8220;<a href=\"https:\/\/goo.gl\/S1zLDr\">Reindustrialitzaci\u00f3 i sostenibilitat. Horitzons per a un nou desenvolupament econ\u00f2mic<\/a>&#8220;<\/strong>&nbsp;que el Pacte Industrial de la Regi\u00f3 Metropolitana de Barcelona ha organitzat amb la col\u00b7laboraci\u00f3 de l&#8217;Obra Social La Caixa. Es tracta d&#8217;una recopilaci\u00f3 de les&nbsp;<strong>principals conclusions<\/strong>, extretes de les jornades i dels tallers d\u2019experts, amb l\u2019objectiu d\u2019obtenir&nbsp;<strong>propostes i iniciatives<\/strong>&nbsp;que serveixin d\u2019orientaci\u00f3 per&nbsp;<strong>transformar la ind\u00fastria<\/strong>&nbsp;i promoure un&nbsp;<strong>desenvolupament econ\u00f2mic m\u00e9s sostenible<\/strong>.<\/p>\n","protected":false},"excerpt":{"rendered":"<p>A l&#8217;enlla\u00e7 seg\u00fcent us podeu descarregar el document de conclusions del cicle &#8220;Reindustrialitzaci\u00f3 i sostenibilitat. Horitzons per a un nou desenvolupament econ\u00f2mic&#8220;&nbsp;que el Pacte Industrial de la Regi\u00f3 Metropolitana de Barcelona ha organitzat amb la col\u00b7laboraci\u00f3 de l&#8217;Obra Social La Caixa. Es tracta d&#8217;una recopilaci\u00f3 de les&nbsp;principals conclusions, extretes de les jornades i dels tallers [&#8230;]<\/p>\n","protected":false},"author":3,"featured_media":3946,"comment_status":"closed","ping_status":"open","sticky":false,"template":"","format":"standard","meta":[],"categories":[1],"tags":[156,140,155,74,154,153],"post_scope":[30,29],"yoast_head":"<!-- This site is optimized with the Yoast SEO plugin v16.1.1 - https:\/\/yoast.com\/wordpress\/plugins\/seo\/ -->\n<title>Conclusions del cicle &quot;Reindustrialitzaci\u00f3 i sostenibilitat. Horitzons per a un nou desenvolupament econ\u00f2mic&quot; - Pacte Industrial RMB<\/title>\n<link rel=\"canonical\" href=\"https:\/\/www.pacteindustrial.org\/ca\/blog\/conclusions-del-cicle-reindustrialitzacio-i-sostenibilitat-horitzons-per-a-un-nou-desenvolupament-economic\/\" \/>\n<meta property=\"og:locale\" content=\"ca_ES\" \/>\n<meta property=\"og:type\" content=\"article\" \/>\n<meta property=\"og:title\" content=\"Conclusions del cicle &quot;Reindustrialitzaci\u00f3 i sostenibilitat. Horitzons per a un nou desenvolupament econ\u00f2mic&quot; - Pacte Industrial RMB\" \/>\n<meta property=\"og:description\" content=\"A l&#8217;enlla\u00e7 seg\u00fcent us podeu descarregar el document de conclusions del cicle &#8220;Reindustrialitzaci\u00f3 i sostenibilitat. Horitzons per a un nou desenvolupament econ\u00f2mic&#8220;&nbsp;que el Pacte Industrial de la Regi\u00f3 Metropolitana de Barcelona ha organitzat amb la col\u00b7laboraci\u00f3 de l&#8217;Obra Social La Caixa. Es tracta d&#8217;una recopilaci\u00f3 de les&nbsp;principals conclusions, extretes de les jornades i dels tallers [...]\" \/>\n<meta property=\"og:url\" content=\"https:\/\/www.pacteindustrial.org\/ca\/blog\/conclusions-del-cicle-reindustrialitzacio-i-sostenibilitat-horitzons-per-a-un-nou-desenvolupament-economic\/\" \/>\n<meta property=\"og:site_name\" content=\"Pacte Industrial RMB\" \/>\n<meta property=\"article:published_time\" content=\"2018-03-19T22:00:00+00:00\" \/>\n<meta property=\"article:modified_time\" content=\"2020-09-15T00:14:03+00:00\" \/>\n<meta property=\"og:image\" content=\"https:\/\/www.pacteindustrial.org\/wp-content\/uploads\/2018\/03\/aed8b77e4cfc856824b75071b3251a2c.png\" \/>\n\t<meta property=\"og:image:width\" content=\"1024\" \/>\n\t<meta property=\"og:image:height\" content=\"512\" \/>\n<meta name=\"twitter:card\" content=\"summary_large_image\" \/>\n<script type=\"application\/ld+json\" class=\"yoast-schema-graph\">{\"@context\":\"https:\/\/schema.org\",\"@graph\":[{\"@type\":\"WebSite\",\"@id\":\"https:\/\/www.pacteindustrial.org\/ca\/#website\",\"url\":\"https:\/\/www.pacteindustrial.org\/ca\/\",\"name\":\"Pacte Industrial RMB\",\"description\":\"\",\"potentialAction\":[{\"@type\":\"SearchAction\",\"target\":\"https:\/\/www.pacteindustrial.org\/ca\/?s={search_term_string}\",\"query-input\":\"required name=search_term_string\"}],\"inLanguage\":\"ca\"},{\"@type\":\"ImageObject\",\"@id\":\"https:\/\/www.pacteindustrial.org\/ca\/blog\/conclusions-del-cicle-reindustrialitzacio-i-sostenibilitat-horitzons-per-a-un-nou-desenvolupament-economic\/#primaryimage\",\"inLanguage\":\"ca\",\"url\":\"https:\/\/www.pacteindustrial.org\/wp-content\/uploads\/2018\/03\/aed8b77e4cfc856824b75071b3251a2c.png\",\"contentUrl\":\"https:\/\/www.pacteindustrial.org\/wp-content\/uploads\/2018\/03\/aed8b77e4cfc856824b75071b3251a2c.png\",\"width\":1024,\"height\":512},{\"@type\":\"WebPage\",\"@id\":\"https:\/\/www.pacteindustrial.org\/ca\/blog\/conclusions-del-cicle-reindustrialitzacio-i-sostenibilitat-horitzons-per-a-un-nou-desenvolupament-economic\/#webpage\",\"url\":\"https:\/\/www.pacteindustrial.org\/ca\/blog\/conclusions-del-cicle-reindustrialitzacio-i-sostenibilitat-horitzons-per-a-un-nou-desenvolupament-economic\/\",\"name\":\"Conclusions del cicle \\\"Reindustrialitzaci\\u00f3 i sostenibilitat. Horitzons per a un nou desenvolupament econ\\u00f2mic\\\" - Pacte Industrial RMB\",\"isPartOf\":{\"@id\":\"https:\/\/www.pacteindustrial.org\/ca\/#website\"},\"primaryImageOfPage\":{\"@id\":\"https:\/\/www.pacteindustrial.org\/ca\/blog\/conclusions-del-cicle-reindustrialitzacio-i-sostenibilitat-horitzons-per-a-un-nou-desenvolupament-economic\/#primaryimage\"},\"datePublished\":\"2018-03-19T22:00:00+00:00\",\"dateModified\":\"2020-09-15T00:14:03+00:00\",\"author\":{\"@id\":\"https:\/\/www.pacteindustrial.org\/ca\/#\/schema\/person\/f01c88f2cf2c11c69866641f45df8c6c\"},\"breadcrumb\":{\"@id\":\"https:\/\/www.pacteindustrial.org\/ca\/blog\/conclusions-del-cicle-reindustrialitzacio-i-sostenibilitat-horitzons-per-a-un-nou-desenvolupament-economic\/#breadcrumb\"},\"inLanguage\":\"ca\",\"potentialAction\":[{\"@type\":\"ReadAction\",\"target\":[\"https:\/\/www.pacteindustrial.org\/ca\/blog\/conclusions-del-cicle-reindustrialitzacio-i-sostenibilitat-horitzons-per-a-un-nou-desenvolupament-economic\/\"]}]},{\"@type\":\"BreadcrumbList\",\"@id\":\"https:\/\/www.pacteindustrial.org\/ca\/blog\/conclusions-del-cicle-reindustrialitzacio-i-sostenibilitat-horitzons-per-a-un-nou-desenvolupament-economic\/#breadcrumb\",\"itemListElement\":[{\"@type\":\"ListItem\",\"position\":1,\"item\":{\"@type\":\"WebPage\",\"@id\":\"https:\/\/www.pacteindustrial.org\/ca\/\",\"url\":\"https:\/\/www.pacteindustrial.org\/ca\/\",\"name\":\"Home\"}},{\"@type\":\"ListItem\",\"position\":2,\"item\":{\"@type\":\"WebPage\",\"@id\":\"https:\/\/www.pacteindustrial.org\/ca\/blog\/conclusions-del-cicle-reindustrialitzacio-i-sostenibilitat-horitzons-per-a-un-nou-desenvolupament-economic\/\",\"url\":\"https:\/\/www.pacteindustrial.org\/ca\/blog\/conclusions-del-cicle-reindustrialitzacio-i-sostenibilitat-horitzons-per-a-un-nou-desenvolupament-economic\/\",\"name\":\"Conclusions del cicle &#8220;Reindustrialitzaci\\u00f3 i sostenibilitat. Horitzons per a un nou desenvolupament econ\\u00f2mic&#8221;\"}}]},{\"@type\":\"Person\",\"@id\":\"https:\/\/www.pacteindustrial.org\/ca\/#\/schema\/person\/f01c88f2cf2c11c69866641f45df8c6c\",\"name\":\"Eduard Nadal\",\"image\":{\"@type\":\"ImageObject\",\"@id\":\"https:\/\/www.pacteindustrial.org\/ca\/#personlogo\",\"inLanguage\":\"ca\",\"url\":\"https:\/\/secure.gravatar.com\/avatar\/1894e8f734287cae5956535114253572?s=96&d=mm&r=g\",\"contentUrl\":\"https:\/\/secure.gravatar.com\/avatar\/1894e8f734287cae5956535114253572?s=96&d=mm&r=g\",\"caption\":\"Eduard Nadal\"}}]}<\/script>\n<!-- \/ Yoast SEO plugin. -->","_links":{"self":[{"href":"https:\/\/www.pacteindustrial.org\/ca\/wp-json\/wp\/v2\/posts\/3945"}],"collection":[{"href":"https:\/\/www.pacteindustrial.org\/ca\/wp-json\/wp\/v2\/posts"}],"about":[{"href":"https:\/\/www.pacteindustrial.org\/ca\/wp-json\/wp\/v2\/types\/post"}],"author":[{"embeddable":true,"href":"https:\/\/www.pacteindustrial.org\/ca\/wp-json\/wp\/v2\/users\/3"}],"replies":[{"embeddable":true,"href":"https:\/\/www.pacteindustrial.org\/ca\/wp-json\/wp\/v2\/comments?post=3945"}],"version-history":[{"count":6,"href":"https:\/\/www.pacteindustrial.org\/ca\/wp-json\/wp\/v2\/posts\/3945\/revisions"}],"predecessor-version":[{"id":11016,"href":"https:\/\/www.pacteindustrial.org\/ca\/wp-json\/wp\/v2\/posts\/3945\/revisions\/11016"}],"wp:featuredmedia":[{"embeddable":true,"href":"https:\/\/www.pacteindustrial.org\/ca\/wp-json\/wp\/v2\/media\/3946"}],"wp:attachment":[{"href":"https:\/\/www.pacteindustrial.org\/ca\/wp-json\/wp\/v2\/media?parent=3945"}],"wp:term":[{"taxonomy":"category","embeddable":true,"href":"https:\/\/www.pacteindustrial.org\/ca\/wp-json\/wp\/v2\/categories?post=3945"},{"taxonomy":"post_tag","embeddable":true,"href":"https:\/\/www.pacteindustrial.org\/ca\/wp-json\/wp\/v2\/tags?post=3945"},{"taxonomy":"post_scope","embeddable":true,"href":"https:\/\/www.pacteindustrial.org\/ca\/wp-json\/wp\/v2\/post_scope?post=3945"}],"curies":[{"name":"wp","href":"https:\/\/api.w.org\/{rel}","templated":true}]}}