{"id":3984,"date":"2018-05-09T00:00:00","date_gmt":"2018-05-08T22:00:00","guid":{"rendered":"https:\/\/www.pacteindustrial.org\/44a-reunio-del-comite-executiu-del-pacte-industrial-i-debat-sobre-economia-circular\/"},"modified":"2021-09-13T14:47:49","modified_gmt":"2021-09-13T12:47:49","slug":"44a-reunio-del-comite-executiu-del-pacte-industrial-i-debat-sobre-economia-circular","status":"publish","type":"post","link":"https:\/\/www.pacteindustrial.org\/ca\/blog\/44a-reunio-del-comite-executiu-del-pacte-industrial-i-debat-sobre-economia-circular\/","title":{"rendered":"44a Reuni\u00f3 del Comit\u00e8 Executiu del Pacte Industrial i debat sobre economia circular"},"content":{"rendered":"\n<p>El passat 9 de maig ha tingut lloc la 44a reuni\u00f3 del Comit\u00e8 Executiu del Pacte Industrial de la Regi\u00f3 Metropolitana de Barcelona al Palauet de Can Buxeres de l&#8217;Hospitalet de Llobregat. La reuni\u00f3 ha estat presidida per&nbsp;<strong>N\u00faria Mar\u00edn<\/strong>, alcaldessa de l&#8217;Hospitalet de Llobregat i presidenta del Comit\u00e8 Executiu del Pacte Industrial, i ha comptat amb la participaci\u00f3 d&#8217;<strong>Agust\u00ed Colom<\/strong>, regidor d&#8217;Empresa i Turisme de l&#8217;Ajuntament de Barcelona i president del Consell General del Pacte Industrial, entre altres representants dels ajuntaments i de les entitats que integren l&#8217;associaci\u00f3.<\/p>\n\n\n\n<h2>Actualitat del Pacte Industrial<\/h2>\n\n\n\n<p>El coordinador gerent del Pacte Industrial,&nbsp;<strong>Carles Rivera<\/strong>, ha informat de les activitats realitzades per l&#8217;associaci\u00f3 entre les quals ha destacat la <a href=\"https:\/\/goo.gl\/RMH6WA\" target=\"_blank\" rel=\"noreferrer noopener\">presentaci\u00f3 del Paper 4 del Pacte Industrial en el marc de la jornada &#8220;Per una economia circular i competitiva&#8221; celebrada a Gav\u00e0<\/a>. Tamb\u00e9 ha avan\u00e7at algunes que es duran a terme en els propers mesos com la intenci\u00f3 de presentar una nova proposta a la convocat\u00f2ria de projectes de reflexi\u00f3 del Palau Macaya.&nbsp;<strong>Rivera<\/strong>&nbsp;tamb\u00e9 ha informat del tancament dels comptes anuals del 2017 i de la proposta de pressupost per al 2018.<\/p>\n\n\n\n<p>Per la seva part, els presidents de les Comissions de Treball s&#8217;han referit a les activitats de les respectives comissions. Entre d&#8217;altres, en l&#8217;<strong>\u00c0mbit de Mobilitat<\/strong>&nbsp;s\u2019ha destacat que s&#8217;estan analitzant possibles projectes per impulsar la millora de la mobilitat en els pol\u00edgons de la Regi\u00f3 Metropolitana de Barcelona en el marc del conveni de col\u00b7laboraci\u00f3 entre el Pacte Industrial i l\u2019Autoritat del Transport Metropolit\u00e0 (ATM). De&nbsp;l&#8217;<strong>\u00c0mbit de Formaci\u00f3<\/strong>&nbsp;s&#8217;ha anunciat que el 24 de maig tindr\u00e0 lloc la propera reuni\u00f3 de la comissi\u00f3 en la qual s&#8217;analitzaran diferents sistemes europeus d&#8217;FP a partir d&#8217;un estudi de la Fundaci\u00f3 BCN Formaci\u00f3 Professional. Pel que fa a l&#8217;<strong>\u00c0mbit d&#8217;Activitat Econ\u00f2mica<\/strong>&nbsp;s&#8217;ha esmentat l&#8217;enc\u00e0rrec del treball <em>Pol\u00edgons industrials, un llegat del segle XIX al XXI: reflexions sobre el futur dels espais industrials a l\u2019actualitat<\/em> a <strong>Maria Buhigas<\/strong> (Urban Facts). Finalment, de l&#8217;<strong>\u00c0mbit d&#8217;Innovaci\u00f3<\/strong>&nbsp;s&#8217;ha citat la col\u00b7laboraci\u00f3 en l&#8217;organitzaci\u00f3 de la trobada anual IND+I sobre ind\u00fastria i innovaci\u00f3.<\/p>\n\n\n\n<h2>Cicle sobre reindustrialitzaci\u00f3 i sostenibilitat<\/h2>\n\n\n\n<p>Com a cloenda de la reuni\u00f3, s&#8217;han presentat les conclusions del cicle &#8220;Reindustrialitzaci\u00f3 i sostenibilitat. Horitzons per a un nou desenvolupament econ\u00f2mic&#8221; organitzat pel Pacte Industrial de la Regi\u00f3 Metropolitana de Barcelona i seleccionat en la convocat\u00f2ria de projectes de reflexi\u00f3 al Palau Macaya de l&#8217;Obra Social La Caixa. Els encarregats de fer-ho han estat&nbsp;<strong>Eloi Montcada<\/strong>, de la secretaria t\u00e8cnica del cicle, i <strong>Carles Rivera<\/strong>, coordinador gerent del Pacte Industrial. Ambd\u00f3s han destacat com una de les principals conclusions que el pacte entre els actors socioecon\u00f2mics \u00e9s fonamental per impulsar una reindustrialitzaci\u00f3 sostenible. Per aix\u00f2 l&#8217;acci\u00f3 col\u00b7lectiva es presenta com un aspecte prioritari.<\/p>\n\n\n\n<p><strong>Montcada <\/strong>i&nbsp;<strong>Rivera&nbsp;<\/strong>han explicat que integrar les visions dels diversos actors significa adoptar noves formes de relaci\u00f3 que es basin en una cultura col\u00b7laborativa i amb una perspectiva transdisciplin\u00e0ria. El concepte de corresponsabilitat es relaciona amb garantir els mecanismes socioecon\u00f2mics que reequilibrin de forma raonable els beneficis i els costos d&#8217;aquesta nova revoluci\u00f3 industrial. Aix\u00ed doncs, l\u2019acci\u00f3 col\u00b7lectiva \u00e9s l\u2019eina que permetr\u00e0 als diversos actors assumir de forma proactiva la seva responsabilitat en la transformaci\u00f3 de la ind\u00fastria i fer tangible el seu comprom\u00eds, a trav\u00e9s del di\u00e0leg i la concertaci\u00f3. En aquest sentit, la presidenta del Comit\u00e8 Executiu,&nbsp;<strong>N\u00faria Mar\u00edn<\/strong>, i altres assistents han reivindicat el paper dels espais multiactors, com el Pacte Industrial, que propicien la cooperaci\u00f3 i el di\u00e0leg entre administracions, empreses, agents socials i altres entitats.<\/p>\n\n\n<div class=\"whads-imagecarousel-block aligncenter\"><ul class=\"image-list\"><li class=\"image-entry\"><img width=\"1024\" height=\"768\" src=\"https:\/\/www.pacteindustrial.org\/wp-content\/uploads\/2018\/05\/Foto2-IMG_20180509_121209_2CS.jpg\" class=\"infographic-image\" alt=\"\" loading=\"lazy\" srcset=\"https:\/\/www.pacteindustrial.org\/wp-content\/uploads\/2018\/05\/Foto2-IMG_20180509_121209_2CS.jpg 1024w, https:\/\/www.pacteindustrial.org\/wp-content\/uploads\/2018\/05\/Foto2-IMG_20180509_121209_2CS-300x225.jpg 300w, https:\/\/www.pacteindustrial.org\/wp-content\/uploads\/2018\/05\/Foto2-IMG_20180509_121209_2CS-768x576.jpg 768w, https:\/\/www.pacteindustrial.org\/wp-content\/uploads\/2018\/05\/Foto2-IMG_20180509_121209_2CS-200x150.jpg 200w\" sizes=\"(max-width: 1024px) 100vw, 1024px\" \/><p class=\"image-entry-caption\">Eloi Montcada presentant les conclusions del cicle sobre reindustrialitzaci\u00f3 i sostenibilitat<\/p><\/li><li class=\"image-entry\"><img width=\"1024\" height=\"768\" src=\"https:\/\/www.pacteindustrial.org\/wp-content\/uploads\/2018\/05\/Foto4-IMG_20180509_113925.jpg\" class=\"infographic-image\" alt=\"\" loading=\"lazy\" srcset=\"https:\/\/www.pacteindustrial.org\/wp-content\/uploads\/2018\/05\/Foto4-IMG_20180509_113925.jpg 1024w, https:\/\/www.pacteindustrial.org\/wp-content\/uploads\/2018\/05\/Foto4-IMG_20180509_113925-300x225.jpg 300w, https:\/\/www.pacteindustrial.org\/wp-content\/uploads\/2018\/05\/Foto4-IMG_20180509_113925-768x576.jpg 768w, https:\/\/www.pacteindustrial.org\/wp-content\/uploads\/2018\/05\/Foto4-IMG_20180509_113925-200x150.jpg 200w\" sizes=\"(max-width: 1024px) 100vw, 1024px\" \/><p class=\"image-entry-caption\">Els assistents a la reuni\u00f3 durant el rep\u00e0s a les activitats de l&#8217;associaci\u00f3<\/p><\/li><li class=\"image-entry\"><img width=\"2560\" height=\"1920\" src=\"https:\/\/www.pacteindustrial.org\/wp-content\/uploads\/2018\/05\/Foto3-IMG_20180509_112512-scaled.jpg\" class=\"infographic-image\" alt=\"\" loading=\"lazy\" srcset=\"https:\/\/www.pacteindustrial.org\/wp-content\/uploads\/2018\/05\/Foto3-IMG_20180509_112512-scaled.jpg 2560w, https:\/\/www.pacteindustrial.org\/wp-content\/uploads\/2018\/05\/Foto3-IMG_20180509_112512-300x225.jpg 300w, https:\/\/www.pacteindustrial.org\/wp-content\/uploads\/2018\/05\/Foto3-IMG_20180509_112512-1024x768.jpg 1024w, https:\/\/www.pacteindustrial.org\/wp-content\/uploads\/2018\/05\/Foto3-IMG_20180509_112512-768x576.jpg 768w, https:\/\/www.pacteindustrial.org\/wp-content\/uploads\/2018\/05\/Foto3-IMG_20180509_112512-1536x1152.jpg 1536w, https:\/\/www.pacteindustrial.org\/wp-content\/uploads\/2018\/05\/Foto3-IMG_20180509_112512-2048x1536.jpg 2048w, https:\/\/www.pacteindustrial.org\/wp-content\/uploads\/2018\/05\/Foto3-IMG_20180509_112512-200x150.jpg 200w\" sizes=\"(max-width: 2560px) 100vw, 2560px\" \/><p class=\"image-entry-caption\">Un moment de la 44a reuni\u00f3 del Comit\u00e8 Executiu<\/p><\/li><li class=\"image-entry\"><img width=\"1024\" height=\"768\" src=\"https:\/\/www.pacteindustrial.org\/wp-content\/uploads\/2018\/05\/Foto1-IMG_20180509_121419.jpg\" class=\"infographic-image\" alt=\"\" loading=\"lazy\" srcset=\"https:\/\/www.pacteindustrial.org\/wp-content\/uploads\/2018\/05\/Foto1-IMG_20180509_121419.jpg 1024w, https:\/\/www.pacteindustrial.org\/wp-content\/uploads\/2018\/05\/Foto1-IMG_20180509_121419-300x225.jpg 300w, https:\/\/www.pacteindustrial.org\/wp-content\/uploads\/2018\/05\/Foto1-IMG_20180509_121419-768x576.jpg 768w, https:\/\/www.pacteindustrial.org\/wp-content\/uploads\/2018\/05\/Foto1-IMG_20180509_121419-200x150.jpg 200w\" sizes=\"(max-width: 1024px) 100vw, 1024px\" \/><p class=\"image-entry-caption\">D&#8217;esq. a dta.: Carles Rivera, N\u00faria Mar\u00edn, Agust\u00ed Colom i Carles Ruiz<\/p><\/li><\/ul><\/div>","protected":false},"excerpt":{"rendered":"<p>El passat 9 de maig ha tingut lloc la 44a reuni\u00f3 del Comit\u00e8 Executiu del Pacte Industrial de la Regi\u00f3 Metropolitana de Barcelona al Palauet de Can Buxeres de l&#8217;Hospitalet de Llobregat. La reuni\u00f3 ha estat presidida per&nbsp;N\u00faria Mar\u00edn, alcaldessa de l&#8217;Hospitalet de Llobregat i presidenta del Comit\u00e8 Executiu del Pacte Industrial, i ha comptat [&#8230;]<\/p>\n","protected":false},"author":3,"featured_media":10779,"comment_status":"closed","ping_status":"open","sticky":false,"template":"","format":"standard","meta":[],"categories":[333,1],"tags":[36,140,153],"post_scope":[29],"yoast_head":"<!-- This site is optimized with the Yoast SEO plugin v16.1.1 - https:\/\/yoast.com\/wordpress\/plugins\/seo\/ -->\n<title>44a Reuni\u00f3 del Comit\u00e8 Executiu del Pacte Industrial i debat sobre economia circular - Pacte Industrial RMB<\/title>\n<link rel=\"canonical\" href=\"https:\/\/www.pacteindustrial.org\/ca\/blog\/44a-reunio-del-comite-executiu-del-pacte-industrial-i-debat-sobre-economia-circular\/\" \/>\n<meta property=\"og:locale\" content=\"ca_ES\" \/>\n<meta property=\"og:type\" content=\"article\" \/>\n<meta property=\"og:title\" content=\"44a Reuni\u00f3 del Comit\u00e8 Executiu del Pacte Industrial i debat sobre economia circular - Pacte Industrial RMB\" \/>\n<meta property=\"og:description\" content=\"El passat 9 de maig ha tingut lloc la 44a reuni\u00f3 del Comit\u00e8 Executiu del Pacte Industrial de la Regi\u00f3 Metropolitana de Barcelona al Palauet de Can Buxeres de l&#8217;Hospitalet de Llobregat. La reuni\u00f3 ha estat presidida per&nbsp;N\u00faria Mar\u00edn, alcaldessa de l&#8217;Hospitalet de Llobregat i presidenta del Comit\u00e8 Executiu del Pacte Industrial, i ha comptat [...]\" \/>\n<meta property=\"og:url\" content=\"https:\/\/www.pacteindustrial.org\/ca\/blog\/44a-reunio-del-comite-executiu-del-pacte-industrial-i-debat-sobre-economia-circular\/\" \/>\n<meta property=\"og:site_name\" content=\"Pacte Industrial RMB\" \/>\n<meta property=\"article:published_time\" content=\"2018-05-08T22:00:00+00:00\" \/>\n<meta property=\"article:modified_time\" content=\"2021-09-13T12:47:49+00:00\" \/>\n<meta property=\"og:image\" content=\"https:\/\/www.pacteindustrial.org\/wp-content\/uploads\/2018\/05\/Foto1-IMG_20180509_121419.jpg\" \/>\n\t<meta property=\"og:image:width\" content=\"1024\" \/>\n\t<meta property=\"og:image:height\" content=\"768\" \/>\n<meta name=\"twitter:card\" content=\"summary_large_image\" \/>\n<meta name=\"twitter:label1\" content=\"Temps estimat de lectura\">\n\t<meta name=\"twitter:data1\" content=\"3 minuts\">\n<script type=\"application\/ld+json\" class=\"yoast-schema-graph\">{\"@context\":\"https:\/\/schema.org\",\"@graph\":[{\"@type\":\"WebSite\",\"@id\":\"https:\/\/www.pacteindustrial.org\/ca\/#website\",\"url\":\"https:\/\/www.pacteindustrial.org\/ca\/\",\"name\":\"Pacte Industrial RMB\",\"description\":\"\",\"potentialAction\":[{\"@type\":\"SearchAction\",\"target\":\"https:\/\/www.pacteindustrial.org\/ca\/?s={search_term_string}\",\"query-input\":\"required name=search_term_string\"}],\"inLanguage\":\"ca\"},{\"@type\":\"ImageObject\",\"@id\":\"https:\/\/www.pacteindustrial.org\/ca\/blog\/44a-reunio-del-comite-executiu-del-pacte-industrial-i-debat-sobre-economia-circular\/#primaryimage\",\"inLanguage\":\"ca\",\"url\":\"https:\/\/www.pacteindustrial.org\/wp-content\/uploads\/2018\/05\/Foto1-IMG_20180509_121419.jpg\",\"contentUrl\":\"https:\/\/www.pacteindustrial.org\/wp-content\/uploads\/2018\/05\/Foto1-IMG_20180509_121419.jpg\",\"width\":1024,\"height\":768,\"caption\":\"D'esq. a dta.: Carles Rivera, N\\u00faria Mar\\u00edn, Agust\\u00ed Colom i Carles Ruiz\"},{\"@type\":\"WebPage\",\"@id\":\"https:\/\/www.pacteindustrial.org\/ca\/blog\/44a-reunio-del-comite-executiu-del-pacte-industrial-i-debat-sobre-economia-circular\/#webpage\",\"url\":\"https:\/\/www.pacteindustrial.org\/ca\/blog\/44a-reunio-del-comite-executiu-del-pacte-industrial-i-debat-sobre-economia-circular\/\",\"name\":\"44a Reuni\\u00f3 del Comit\\u00e8 Executiu del Pacte Industrial i debat sobre economia circular - Pacte Industrial RMB\",\"isPartOf\":{\"@id\":\"https:\/\/www.pacteindustrial.org\/ca\/#website\"},\"primaryImageOfPage\":{\"@id\":\"https:\/\/www.pacteindustrial.org\/ca\/blog\/44a-reunio-del-comite-executiu-del-pacte-industrial-i-debat-sobre-economia-circular\/#primaryimage\"},\"datePublished\":\"2018-05-08T22:00:00+00:00\",\"dateModified\":\"2021-09-13T12:47:49+00:00\",\"author\":{\"@id\":\"https:\/\/www.pacteindustrial.org\/ca\/#\/schema\/person\/f01c88f2cf2c11c69866641f45df8c6c\"},\"breadcrumb\":{\"@id\":\"https:\/\/www.pacteindustrial.org\/ca\/blog\/44a-reunio-del-comite-executiu-del-pacte-industrial-i-debat-sobre-economia-circular\/#breadcrumb\"},\"inLanguage\":\"ca\",\"potentialAction\":[{\"@type\":\"ReadAction\",\"target\":[\"https:\/\/www.pacteindustrial.org\/ca\/blog\/44a-reunio-del-comite-executiu-del-pacte-industrial-i-debat-sobre-economia-circular\/\"]}]},{\"@type\":\"BreadcrumbList\",\"@id\":\"https:\/\/www.pacteindustrial.org\/ca\/blog\/44a-reunio-del-comite-executiu-del-pacte-industrial-i-debat-sobre-economia-circular\/#breadcrumb\",\"itemListElement\":[{\"@type\":\"ListItem\",\"position\":1,\"item\":{\"@type\":\"WebPage\",\"@id\":\"https:\/\/www.pacteindustrial.org\/ca\/\",\"url\":\"https:\/\/www.pacteindustrial.org\/ca\/\",\"name\":\"Home\"}},{\"@type\":\"ListItem\",\"position\":2,\"item\":{\"@type\":\"WebPage\",\"@id\":\"https:\/\/www.pacteindustrial.org\/ca\/blog\/44a-reunio-del-comite-executiu-del-pacte-industrial-i-debat-sobre-economia-circular\/\",\"url\":\"https:\/\/www.pacteindustrial.org\/ca\/blog\/44a-reunio-del-comite-executiu-del-pacte-industrial-i-debat-sobre-economia-circular\/\",\"name\":\"44a Reuni\\u00f3 del Comit\\u00e8 Executiu del Pacte Industrial i debat sobre economia circular\"}}]},{\"@type\":\"Person\",\"@id\":\"https:\/\/www.pacteindustrial.org\/ca\/#\/schema\/person\/f01c88f2cf2c11c69866641f45df8c6c\",\"name\":\"Eduard Nadal\",\"image\":{\"@type\":\"ImageObject\",\"@id\":\"https:\/\/www.pacteindustrial.org\/ca\/#personlogo\",\"inLanguage\":\"ca\",\"url\":\"https:\/\/secure.gravatar.com\/avatar\/1894e8f734287cae5956535114253572?s=96&d=mm&r=g\",\"contentUrl\":\"https:\/\/secure.gravatar.com\/avatar\/1894e8f734287cae5956535114253572?s=96&d=mm&r=g\",\"caption\":\"Eduard Nadal\"}}]}<\/script>\n<!-- \/ Yoast SEO plugin. -->","_links":{"self":[{"href":"https:\/\/www.pacteindustrial.org\/ca\/wp-json\/wp\/v2\/posts\/3984"}],"collection":[{"href":"https:\/\/www.pacteindustrial.org\/ca\/wp-json\/wp\/v2\/posts"}],"about":[{"href":"https:\/\/www.pacteindustrial.org\/ca\/wp-json\/wp\/v2\/types\/post"}],"author":[{"embeddable":true,"href":"https:\/\/www.pacteindustrial.org\/ca\/wp-json\/wp\/v2\/users\/3"}],"replies":[{"embeddable":true,"href":"https:\/\/www.pacteindustrial.org\/ca\/wp-json\/wp\/v2\/comments?post=3984"}],"version-history":[{"count":17,"href":"https:\/\/www.pacteindustrial.org\/ca\/wp-json\/wp\/v2\/posts\/3984\/revisions"}],"predecessor-version":[{"id":15113,"href":"https:\/\/www.pacteindustrial.org\/ca\/wp-json\/wp\/v2\/posts\/3984\/revisions\/15113"}],"wp:featuredmedia":[{"embeddable":true,"href":"https:\/\/www.pacteindustrial.org\/ca\/wp-json\/wp\/v2\/media\/10779"}],"wp:attachment":[{"href":"https:\/\/www.pacteindustrial.org\/ca\/wp-json\/wp\/v2\/media?parent=3984"}],"wp:term":[{"taxonomy":"category","embeddable":true,"href":"https:\/\/www.pacteindustrial.org\/ca\/wp-json\/wp\/v2\/categories?post=3984"},{"taxonomy":"post_tag","embeddable":true,"href":"https:\/\/www.pacteindustrial.org\/ca\/wp-json\/wp\/v2\/tags?post=3984"},{"taxonomy":"post_scope","embeddable":true,"href":"https:\/\/www.pacteindustrial.org\/ca\/wp-json\/wp\/v2\/post_scope?post=3984"}],"curies":[{"name":"wp","href":"https:\/\/api.w.org\/{rel}","templated":true}]}}