{"id":4025,"date":"2018-07-06T00:00:00","date_gmt":"2018-07-05T22:00:00","guid":{"rendered":"https:\/\/www.pacteindustrial.org\/el-pacte-industrial-present-a-la-cumbre-innovacion-tecnologica-y-economia-circular\/"},"modified":"2020-07-28T22:57:20","modified_gmt":"2020-07-28T20:57:20","slug":"el-pacte-industrial-present-a-la-cumbre-innovacion-tecnologica-y-economia-circular","status":"publish","type":"post","link":"https:\/\/www.pacteindustrial.org\/ca\/blog\/el-pacte-industrial-present-a-la-cumbre-innovacion-tecnologica-y-economia-circular\/","title":{"rendered":"El Pacte Industrial, present a la Cumbre Innovaci\u00f3n Tecnol\u00f3gica y Econom\u00eda Circular"},"content":{"rendered":"\n<p>El coordinador gerent del Pacte Industrial,&nbsp;<strong>Carles Rivera<\/strong>, ha estat un dels seleccionats per participar a la&nbsp;<a rel=\"noreferrer noopener\" href=\"https:\/\/cumbrealf.org\/\" target=\"_blank\">Cumbre Innovaci\u00f3n Tecnol\u00f3gica y Economia Circular<\/a>&nbsp;celebrada el passat 6 de juliol a Madrid i que ha comptat amb les pon\u00e8ncies de quatre premis Nobel, entre ells l\u2019expresident dels Estats Units d\u2019Am\u00e8rica&nbsp;<strong>Barack Obama<\/strong>.<\/p>\n\n\n\n<p>Aquesta cimera, organitzada per la <a href=\"http:\/\/www.advancedleadershipfoundation.org\/home-2\" target=\"_blank\" rel=\"noreferrer noopener\">Advanced Leadership Foundation<\/a>, ha reunit 300 persones representants de la societat civil \u2013entre ells <strong>Carles Rivera<\/strong>\u2013 compromesos amb el desenvolupament sostenible, l\u2019emprenedoria, l\u2019economia circular, la cooperaci\u00f3 internacional, la innovaci\u00f3, el medi ambient i les noves tecnologies perqu\u00e8 en els propers mesos difonguin els beneficis per al medi ambient i la societat d\u2019un nou model econ\u00f2mic basat en l\u2019economia circular.<\/p>\n\n\n\n<p>Durant la seva pon\u00e8ncia, <strong>Christopher Pissarides<\/strong>, Premi Nobel d\u2019Economia el 2010, ha insistit en la necessitat de doblar esfor\u00e7os en innovaci\u00f3 tecnol\u00f2gica pel seu impacte positiu en el treball i el benestar. Tamb\u00e9 ha posat el focus en l\u2019educaci\u00f3 superior i la seva responsabilitat en la transmissi\u00f3 de coneixement per crear nous llocs de treball en el marc de l\u2019economia circular. Per la seva part, <strong>Finn Kyland<\/strong>, Premi Nobel d\u2019Economia el 2004, ha recordat que &#8220;els pa\u00efsos no creixen si no innoven&#8221;.<\/p>\n","protected":false},"excerpt":{"rendered":"<p>El coordinador gerent del Pacte Industrial,&nbsp;Carles Rivera, ha estat un dels seleccionats per participar a la&nbsp;Cumbre Innovaci\u00f3n Tecnol\u00f3gica y Economia Circular&nbsp;celebrada el passat 6 de juliol a Madrid i que ha comptat amb les pon\u00e8ncies de quatre premis Nobel, entre ells l\u2019expresident dels Estats Units d\u2019Am\u00e8rica&nbsp;Barack Obama. Aquesta cimera, organitzada per la Advanced Leadership Foundation, [&#8230;]<\/p>\n","protected":false},"author":3,"featured_media":4026,"comment_status":"closed","ping_status":"open","sticky":false,"template":"","format":"standard","meta":[],"categories":[331,1],"tags":[140,72,153],"post_scope":[27,29],"yoast_head":"<!-- This site is optimized with the Yoast SEO plugin v16.1.1 - https:\/\/yoast.com\/wordpress\/plugins\/seo\/ -->\n<title>El Pacte Industrial, present a la Cumbre Innovaci\u00f3n Tecnol\u00f3gica y Econom\u00eda Circular - Pacte Industrial RMB<\/title>\n<link rel=\"canonical\" href=\"https:\/\/www.pacteindustrial.org\/ca\/blog\/el-pacte-industrial-present-a-la-cumbre-innovacion-tecnologica-y-economia-circular\/\" \/>\n<meta property=\"og:locale\" content=\"ca_ES\" \/>\n<meta property=\"og:type\" content=\"article\" \/>\n<meta property=\"og:title\" content=\"El Pacte Industrial, present a la Cumbre Innovaci\u00f3n Tecnol\u00f3gica y Econom\u00eda Circular - Pacte Industrial RMB\" \/>\n<meta property=\"og:description\" content=\"El coordinador gerent del Pacte Industrial,&nbsp;Carles Rivera, ha estat un dels seleccionats per participar a la&nbsp;Cumbre Innovaci\u00f3n Tecnol\u00f3gica y Economia Circular&nbsp;celebrada el passat 6 de juliol a Madrid i que ha comptat amb les pon\u00e8ncies de quatre premis Nobel, entre ells l\u2019expresident dels Estats Units d\u2019Am\u00e8rica&nbsp;Barack Obama. Aquesta cimera, organitzada per la Advanced Leadership Foundation, [...]\" \/>\n<meta property=\"og:url\" content=\"https:\/\/www.pacteindustrial.org\/ca\/blog\/el-pacte-industrial-present-a-la-cumbre-innovacion-tecnologica-y-economia-circular\/\" \/>\n<meta property=\"og:site_name\" content=\"Pacte Industrial RMB\" \/>\n<meta property=\"article:published_time\" content=\"2018-07-05T22:00:00+00:00\" \/>\n<meta property=\"article:modified_time\" content=\"2020-07-28T20:57:20+00:00\" \/>\n<meta property=\"og:image\" content=\"https:\/\/www.pacteindustrial.org\/wp-content\/uploads\/2018\/07\/694afaba07a049eb4b7fc5e8dabbade3.jpg\" \/>\n\t<meta property=\"og:image:width\" content=\"1600\" \/>\n\t<meta property=\"og:image:height\" content=\"900\" \/>\n<meta name=\"twitter:card\" content=\"summary_large_image\" \/>\n<meta name=\"twitter:label1\" content=\"Temps estimat de lectura\">\n\t<meta name=\"twitter:data1\" content=\"1 minut\">\n<script type=\"application\/ld+json\" class=\"yoast-schema-graph\">{\"@context\":\"https:\/\/schema.org\",\"@graph\":[{\"@type\":\"WebSite\",\"@id\":\"https:\/\/www.pacteindustrial.org\/ca\/#website\",\"url\":\"https:\/\/www.pacteindustrial.org\/ca\/\",\"name\":\"Pacte Industrial RMB\",\"description\":\"\",\"potentialAction\":[{\"@type\":\"SearchAction\",\"target\":\"https:\/\/www.pacteindustrial.org\/ca\/?s={search_term_string}\",\"query-input\":\"required name=search_term_string\"}],\"inLanguage\":\"ca\"},{\"@type\":\"ImageObject\",\"@id\":\"https:\/\/www.pacteindustrial.org\/ca\/blog\/el-pacte-industrial-present-a-la-cumbre-innovacion-tecnologica-y-economia-circular\/#primaryimage\",\"inLanguage\":\"ca\",\"url\":\"https:\/\/www.pacteindustrial.org\/wp-content\/uploads\/2018\/07\/694afaba07a049eb4b7fc5e8dabbade3.jpg\",\"contentUrl\":\"https:\/\/www.pacteindustrial.org\/wp-content\/uploads\/2018\/07\/694afaba07a049eb4b7fc5e8dabbade3.jpg\",\"width\":1600,\"height\":900,\"caption\":\"L'expresident dels Estats Units d'Am\\u00e8rica Barack Obama durant un moment de la seva intervenci\\u00f3\"},{\"@type\":\"WebPage\",\"@id\":\"https:\/\/www.pacteindustrial.org\/ca\/blog\/el-pacte-industrial-present-a-la-cumbre-innovacion-tecnologica-y-economia-circular\/#webpage\",\"url\":\"https:\/\/www.pacteindustrial.org\/ca\/blog\/el-pacte-industrial-present-a-la-cumbre-innovacion-tecnologica-y-economia-circular\/\",\"name\":\"El Pacte Industrial, present a la Cumbre Innovaci\\u00f3n Tecnol\\u00f3gica y Econom\\u00eda Circular - Pacte Industrial RMB\",\"isPartOf\":{\"@id\":\"https:\/\/www.pacteindustrial.org\/ca\/#website\"},\"primaryImageOfPage\":{\"@id\":\"https:\/\/www.pacteindustrial.org\/ca\/blog\/el-pacte-industrial-present-a-la-cumbre-innovacion-tecnologica-y-economia-circular\/#primaryimage\"},\"datePublished\":\"2018-07-05T22:00:00+00:00\",\"dateModified\":\"2020-07-28T20:57:20+00:00\",\"author\":{\"@id\":\"https:\/\/www.pacteindustrial.org\/ca\/#\/schema\/person\/f01c88f2cf2c11c69866641f45df8c6c\"},\"breadcrumb\":{\"@id\":\"https:\/\/www.pacteindustrial.org\/ca\/blog\/el-pacte-industrial-present-a-la-cumbre-innovacion-tecnologica-y-economia-circular\/#breadcrumb\"},\"inLanguage\":\"ca\",\"potentialAction\":[{\"@type\":\"ReadAction\",\"target\":[\"https:\/\/www.pacteindustrial.org\/ca\/blog\/el-pacte-industrial-present-a-la-cumbre-innovacion-tecnologica-y-economia-circular\/\"]}]},{\"@type\":\"BreadcrumbList\",\"@id\":\"https:\/\/www.pacteindustrial.org\/ca\/blog\/el-pacte-industrial-present-a-la-cumbre-innovacion-tecnologica-y-economia-circular\/#breadcrumb\",\"itemListElement\":[{\"@type\":\"ListItem\",\"position\":1,\"item\":{\"@type\":\"WebPage\",\"@id\":\"https:\/\/www.pacteindustrial.org\/ca\/\",\"url\":\"https:\/\/www.pacteindustrial.org\/ca\/\",\"name\":\"Home\"}},{\"@type\":\"ListItem\",\"position\":2,\"item\":{\"@type\":\"WebPage\",\"@id\":\"https:\/\/www.pacteindustrial.org\/ca\/blog\/el-pacte-industrial-present-a-la-cumbre-innovacion-tecnologica-y-economia-circular\/\",\"url\":\"https:\/\/www.pacteindustrial.org\/ca\/blog\/el-pacte-industrial-present-a-la-cumbre-innovacion-tecnologica-y-economia-circular\/\",\"name\":\"El Pacte Industrial, present a la Cumbre Innovaci\\u00f3n Tecnol\\u00f3gica y Econom\\u00eda Circular\"}}]},{\"@type\":\"Person\",\"@id\":\"https:\/\/www.pacteindustrial.org\/ca\/#\/schema\/person\/f01c88f2cf2c11c69866641f45df8c6c\",\"name\":\"Eduard Nadal\",\"image\":{\"@type\":\"ImageObject\",\"@id\":\"https:\/\/www.pacteindustrial.org\/ca\/#personlogo\",\"inLanguage\":\"ca\",\"url\":\"https:\/\/secure.gravatar.com\/avatar\/1894e8f734287cae5956535114253572?s=96&d=mm&r=g\",\"contentUrl\":\"https:\/\/secure.gravatar.com\/avatar\/1894e8f734287cae5956535114253572?s=96&d=mm&r=g\",\"caption\":\"Eduard Nadal\"}}]}<\/script>\n<!-- \/ Yoast SEO plugin. -->","_links":{"self":[{"href":"https:\/\/www.pacteindustrial.org\/ca\/wp-json\/wp\/v2\/posts\/4025"}],"collection":[{"href":"https:\/\/www.pacteindustrial.org\/ca\/wp-json\/wp\/v2\/posts"}],"about":[{"href":"https:\/\/www.pacteindustrial.org\/ca\/wp-json\/wp\/v2\/types\/post"}],"author":[{"embeddable":true,"href":"https:\/\/www.pacteindustrial.org\/ca\/wp-json\/wp\/v2\/users\/3"}],"replies":[{"embeddable":true,"href":"https:\/\/www.pacteindustrial.org\/ca\/wp-json\/wp\/v2\/comments?post=4025"}],"version-history":[{"count":8,"href":"https:\/\/www.pacteindustrial.org\/ca\/wp-json\/wp\/v2\/posts\/4025\/revisions"}],"predecessor-version":[{"id":10554,"href":"https:\/\/www.pacteindustrial.org\/ca\/wp-json\/wp\/v2\/posts\/4025\/revisions\/10554"}],"wp:featuredmedia":[{"embeddable":true,"href":"https:\/\/www.pacteindustrial.org\/ca\/wp-json\/wp\/v2\/media\/4026"}],"wp:attachment":[{"href":"https:\/\/www.pacteindustrial.org\/ca\/wp-json\/wp\/v2\/media?parent=4025"}],"wp:term":[{"taxonomy":"category","embeddable":true,"href":"https:\/\/www.pacteindustrial.org\/ca\/wp-json\/wp\/v2\/categories?post=4025"},{"taxonomy":"post_tag","embeddable":true,"href":"https:\/\/www.pacteindustrial.org\/ca\/wp-json\/wp\/v2\/tags?post=4025"},{"taxonomy":"post_scope","embeddable":true,"href":"https:\/\/www.pacteindustrial.org\/ca\/wp-json\/wp\/v2\/post_scope?post=4025"}],"curies":[{"name":"wp","href":"https:\/\/api.w.org\/{rel}","templated":true}]}}