{"id":4033,"date":"2018-11-12T00:00:00","date_gmt":"2018-11-11T22:00:00","guid":{"rendered":"https:\/\/www.pacteindustrial.org\/45a-reunio-del-comite-executiu-del-pacte-industrial-i-debat-sobre-la-industria-4-0\/"},"modified":"2021-09-13T14:44:40","modified_gmt":"2021-09-13T12:44:40","slug":"45a-reunio-del-comite-executiu-del-pacte-industrial-i-debat-sobre-la-industria-4-0","status":"publish","type":"post","link":"https:\/\/www.pacteindustrial.org\/ca\/blog\/45a-reunio-del-comite-executiu-del-pacte-industrial-i-debat-sobre-la-industria-4-0\/","title":{"rendered":"45a Reuni\u00f3 del Comit\u00e8 Executiu del Pacte Industrial i debat sobre la ind\u00fastria 4.0"},"content":{"rendered":"\n<p>El Pacte Industrial de la Regi\u00f3 Metropolitana de Barcelona ha celebrat la 45a Reuni\u00f3 del Comit\u00e8 Executiu el passat 6 de novembre al Palauet Can Buxeres de l&#8217;Hospitalet de Llobregat amb l&#8217;assist\u00e8ncia dels representants dels ajuntaments i de les entitats que integren l&#8217;associaci\u00f3. La reuni\u00f3 ha estat presidida per <strong>N\u00faria Mar\u00edn<\/strong>, alcaldessa de l&#8217;Hospitalet de Llobregat i presidenta del Comit\u00e8 Executiu del Pacte Industrial, i ha comptat amb la participaci\u00f3 de <strong>Matilde Villarroya<\/strong>, directora general d&#8217;Ind\u00fastria de la Generalitat de Catalunya, i de <strong>Joan Miquel Hern\u00e1ndez<\/strong>, cap de l&#8217;\u00c0rea de Desenvolupament Empresarial de la Generalitat de Catalunya, que ha presentat l&#8217;estudi&nbsp;<em>L&#8217;impacte laboral de la Ind\u00fastria 4.0 a Catalunya<\/em>.<\/p>\n\n\n\n<p><strong>Mar\u00edn<\/strong> ha reivindicat que la Regi\u00f3 Metropolitana de Barcelona \u00e9s \u201cel cor industrial de Catalunya\u201d, per aix\u00f2 ha defensat la necessitat que totes les administracions treballin plegades a favor de la ind\u00fastria, i ha recordat que el Pacte Industrial est\u00e0 al servei de totes elles. <strong>Villarroya<\/strong> ha ressaltat la import\u00e0ncia d&#8217;estar present en un espai de trobada com el Pacte Industrial en el qual, no nom\u00e9s estan representats els agents socials, sin\u00f3 que tamb\u00e9 aglutina el m\u00f3n local, aspecte molt important perqu\u00e8 la Generalitat arribi a tots els agents del territori. \u201cQuan parlem de la regi\u00f3 metropolitana estem parlant d&#8217;ind\u00fastria en maj\u00fascules\u201d, ha subratllat <strong>Villarroya<\/strong> alhora que ha apuntat que &#8220;el motor d&#8217;un pa\u00eds \u00e9s la ind\u00fastria&#8221;. Tamb\u00e9 ha anunciat la propera elaboraci\u00f3 d&#8217;un estudi conjunt de la Generalitat de Catalunya i el Pacte Industrial sobre intel\u00b7lig\u00e8ncia artificial, que ser\u00e0 un dels grans temes en el debat sobre la nova ind\u00fastria. Per la seva part, el coordinador gerent del Pacte Industrial, <strong>Carles Rivera<\/strong>, s&#8217;ha referit a la recent celebraci\u00f3 del 20\u00e8 aniversari de l&#8217;associaci\u00f3 i ha destacat que l&#8217;esperit de di\u00e0leg i cooperaci\u00f3 present en el moment fundacional continua vigent i amb energies renovades per afrontar els reptes del context actual.<\/p>\n\n\n\n<h2>L&#8217;impacte laboral de la ind\u00fastria 4.0 a Catalunya<\/h2>\n\n\n\n<p>Durant la reuni\u00f3, el cap de l&#8217;\u00c0rea de Desenvolupament Empresarial de la Generalitat de Catalunya, <strong>Joan Miquel Hern\u00e1ndez<\/strong>, ha presentat el tercer volum dels &#8220;Papers de l&#8217;Observatori de la Ind\u00fastria&#8221;, que porta per t\u00edtol <em>L&#8217;impacte laboral de la Ind\u00fastria 4.0 a Catalunya<\/em>. <strong>Hern\u00e1ndez<\/strong> ha apuntat que, a Catalunya, el 35% dels llocs de treball tenen una alta probabilitat de ser automatitzats com a conseq\u00fc\u00e8ncia de la implantaci\u00f3 de la ind\u00fastria 4.0. Tanmateix, degut a la digitalitzaci\u00f3 l&#8217;ocupaci\u00f3 augmentar\u00e0 fins a l&#8217;any 2030 un 0,7% (13.300 persones). Per aix\u00f2 <strong>Hern\u00e1ndez<\/strong> ha assenyalat que aquesta automatitzaci\u00f3 a la ind\u00fastria no ha de significar p\u00e8rdues d&#8217;ocupaci\u00f3 agregada, ja que, tot i que comportar\u00e0 la desaparici\u00f3 de tasques repetitives que no aportin valor i algunes no rutin\u00e0ries que podran ser programades, es crearan d&#8217;altres de noves. <strong>Hern\u00e1ndez<\/strong> ha recordat que les principals actuacions per fer front a l&#8217;impacte laboral de la ind\u00fastria 4.0 tenen a veure amb la formaci\u00f3.<\/p>\n\n\n\n<figure class=\"wp-block-image size-large\"><img loading=\"lazy\" width=\"1024\" height=\"768\" src=\"https:\/\/www.pacteindustrial.org\/wp-content\/uploads\/2020\/09\/Foto-4.jpg\" alt=\"\" class=\"wp-image-11074\" srcset=\"https:\/\/www.pacteindustrial.org\/wp-content\/uploads\/2020\/09\/Foto-4.jpg 1024w, https:\/\/www.pacteindustrial.org\/wp-content\/uploads\/2020\/09\/Foto-4-300x225.jpg 300w, https:\/\/www.pacteindustrial.org\/wp-content\/uploads\/2020\/09\/Foto-4-768x576.jpg 768w, https:\/\/www.pacteindustrial.org\/wp-content\/uploads\/2020\/09\/Foto-4-200x150.jpg 200w\" sizes=\"(max-width: 1024px) 100vw, 1024px\" \/><figcaption>Joan Miquel Hern\u00e1ndez durant la seva presentaci\u00f3<\/figcaption><\/figure>\n\n\n\n<p>Pel que fa a l&#8217;actualitat del Pacte Industrial, els presidents de les Comissions de Treball han repassat les activitats respectives. Entre d&#8217;altres, en l&#8217;<strong>\u00c0mbit de Mobilitat<\/strong> s&#8217;ha anunciat una propera reuni\u00f3 de la comissi\u00f3 sobre l&#8217;electrificaci\u00f3 de la mobilitat i aplicacions tecnol\u00f2giques als pol\u00edgons dins de l&#8217;\u00e0mbit de col\u00b7laboraci\u00f3 amb l&#8217;Autoritat del Transport Metropolit\u00e0. De l&#8217;<strong>\u00c0mbit de Formaci\u00f3<\/strong> s&#8217;ha explicat l&#8217;\u00faltima reuni\u00f3 de la comissi\u00f3 en la qual la Fundaci\u00f3 BCN FP va fer una presentaci\u00f3 comparativa de sistemes europeus d&#8217;FP. De l&#8217;<strong>\u00c0mbit d&#8217;Activitat Econ\u00f2mica<\/strong> s&#8217;ha esmentat que properament es rebran els informes finals dels treballs sobre l&#8217;adaptaci\u00f3 dels pol\u00edgons a les tend\u00e8ncies de la reindustrialitzaci\u00f3 i sobre serveis comercials i atractivitat dels pol\u00edgons, i es procedir\u00e0 a la seva publicaci\u00f3. Finalment, de l&#8217;<strong>\u00c0mbit d&#8217;Innovaci\u00f3<\/strong> s&#8217;ha informat de la intenci\u00f3 d&#8217;aprofundir les relacions amb el Barcelona Building Construmat que se celebrar\u00e0 l&#8217;any que ve.<\/p>\n","protected":false},"excerpt":{"rendered":"<p>El Pacte Industrial de la Regi\u00f3 Metropolitana de Barcelona ha celebrat la 45a Reuni\u00f3 del Comit\u00e8 Executiu el passat 6 de novembre al Palauet Can Buxeres de l&#8217;Hospitalet de Llobregat amb l&#8217;assist\u00e8ncia dels representants dels ajuntaments i de les entitats que integren l&#8217;associaci\u00f3. La reuni\u00f3 ha estat presidida per N\u00faria Mar\u00edn, alcaldessa de l&#8217;Hospitalet de [&#8230;]<\/p>\n","protected":false},"author":3,"featured_media":4034,"comment_status":"closed","ping_status":"open","sticky":false,"template":"","format":"standard","meta":[],"categories":[333,1],"tags":[36,155],"post_scope":[],"yoast_head":"<!-- This site is optimized with the Yoast SEO plugin v16.1.1 - https:\/\/yoast.com\/wordpress\/plugins\/seo\/ -->\n<title>45a Reuni\u00f3 del Comit\u00e8 Executiu del Pacte Industrial i debat sobre la ind\u00fastria 4.0 - Pacte Industrial RMB<\/title>\n<link rel=\"canonical\" href=\"https:\/\/www.pacteindustrial.org\/ca\/blog\/45a-reunio-del-comite-executiu-del-pacte-industrial-i-debat-sobre-la-industria-4-0\/\" \/>\n<meta property=\"og:locale\" content=\"ca_ES\" \/>\n<meta property=\"og:type\" content=\"article\" \/>\n<meta property=\"og:title\" content=\"45a Reuni\u00f3 del Comit\u00e8 Executiu del Pacte Industrial i debat sobre la ind\u00fastria 4.0 - Pacte Industrial RMB\" \/>\n<meta property=\"og:description\" content=\"El Pacte Industrial de la Regi\u00f3 Metropolitana de Barcelona ha celebrat la 45a Reuni\u00f3 del Comit\u00e8 Executiu el passat 6 de novembre al Palauet Can Buxeres de l&#8217;Hospitalet de Llobregat amb l&#8217;assist\u00e8ncia dels representants dels ajuntaments i de les entitats que integren l&#8217;associaci\u00f3. La reuni\u00f3 ha estat presidida per N\u00faria Mar\u00edn, alcaldessa de l&#8217;Hospitalet de [...]\" \/>\n<meta property=\"og:url\" content=\"https:\/\/www.pacteindustrial.org\/ca\/blog\/45a-reunio-del-comite-executiu-del-pacte-industrial-i-debat-sobre-la-industria-4-0\/\" \/>\n<meta property=\"og:site_name\" content=\"Pacte Industrial RMB\" \/>\n<meta property=\"article:published_time\" content=\"2018-11-11T22:00:00+00:00\" \/>\n<meta property=\"article:modified_time\" content=\"2021-09-13T12:44:40+00:00\" \/>\n<meta property=\"og:image\" content=\"https:\/\/www.pacteindustrial.org\/wp-content\/uploads\/2018\/11\/cfbafef47e60eefddf4d7c2a24dbd9cc.jpg\" \/>\n\t<meta property=\"og:image:width\" content=\"1024\" \/>\n\t<meta property=\"og:image:height\" content=\"768\" \/>\n<meta name=\"twitter:card\" content=\"summary_large_image\" \/>\n<meta name=\"twitter:label1\" content=\"Temps estimat de lectura\">\n\t<meta name=\"twitter:data1\" content=\"3 minuts\">\n<script type=\"application\/ld+json\" class=\"yoast-schema-graph\">{\"@context\":\"https:\/\/schema.org\",\"@graph\":[{\"@type\":\"WebSite\",\"@id\":\"https:\/\/www.pacteindustrial.org\/ca\/#website\",\"url\":\"https:\/\/www.pacteindustrial.org\/ca\/\",\"name\":\"Pacte Industrial RMB\",\"description\":\"\",\"potentialAction\":[{\"@type\":\"SearchAction\",\"target\":\"https:\/\/www.pacteindustrial.org\/ca\/?s={search_term_string}\",\"query-input\":\"required name=search_term_string\"}],\"inLanguage\":\"ca\"},{\"@type\":\"ImageObject\",\"@id\":\"https:\/\/www.pacteindustrial.org\/ca\/blog\/45a-reunio-del-comite-executiu-del-pacte-industrial-i-debat-sobre-la-industria-4-0\/#primaryimage\",\"inLanguage\":\"ca\",\"url\":\"https:\/\/www.pacteindustrial.org\/wp-content\/uploads\/2018\/11\/cfbafef47e60eefddf4d7c2a24dbd9cc.jpg\",\"contentUrl\":\"https:\/\/www.pacteindustrial.org\/wp-content\/uploads\/2018\/11\/cfbafef47e60eefddf4d7c2a24dbd9cc.jpg\",\"width\":1024,\"height\":768,\"caption\":\"D'esq. a dta.: Carles Rivera, N\\u00faria Mar\\u00edn, Matilde Villarroya i Joan Miquel Hern\\u00e1ndez.\"},{\"@type\":\"WebPage\",\"@id\":\"https:\/\/www.pacteindustrial.org\/ca\/blog\/45a-reunio-del-comite-executiu-del-pacte-industrial-i-debat-sobre-la-industria-4-0\/#webpage\",\"url\":\"https:\/\/www.pacteindustrial.org\/ca\/blog\/45a-reunio-del-comite-executiu-del-pacte-industrial-i-debat-sobre-la-industria-4-0\/\",\"name\":\"45a Reuni\\u00f3 del Comit\\u00e8 Executiu del Pacte Industrial i debat sobre la ind\\u00fastria 4.0 - Pacte Industrial RMB\",\"isPartOf\":{\"@id\":\"https:\/\/www.pacteindustrial.org\/ca\/#website\"},\"primaryImageOfPage\":{\"@id\":\"https:\/\/www.pacteindustrial.org\/ca\/blog\/45a-reunio-del-comite-executiu-del-pacte-industrial-i-debat-sobre-la-industria-4-0\/#primaryimage\"},\"datePublished\":\"2018-11-11T22:00:00+00:00\",\"dateModified\":\"2021-09-13T12:44:40+00:00\",\"author\":{\"@id\":\"https:\/\/www.pacteindustrial.org\/ca\/#\/schema\/person\/f01c88f2cf2c11c69866641f45df8c6c\"},\"breadcrumb\":{\"@id\":\"https:\/\/www.pacteindustrial.org\/ca\/blog\/45a-reunio-del-comite-executiu-del-pacte-industrial-i-debat-sobre-la-industria-4-0\/#breadcrumb\"},\"inLanguage\":\"ca\",\"potentialAction\":[{\"@type\":\"ReadAction\",\"target\":[\"https:\/\/www.pacteindustrial.org\/ca\/blog\/45a-reunio-del-comite-executiu-del-pacte-industrial-i-debat-sobre-la-industria-4-0\/\"]}]},{\"@type\":\"BreadcrumbList\",\"@id\":\"https:\/\/www.pacteindustrial.org\/ca\/blog\/45a-reunio-del-comite-executiu-del-pacte-industrial-i-debat-sobre-la-industria-4-0\/#breadcrumb\",\"itemListElement\":[{\"@type\":\"ListItem\",\"position\":1,\"item\":{\"@type\":\"WebPage\",\"@id\":\"https:\/\/www.pacteindustrial.org\/ca\/\",\"url\":\"https:\/\/www.pacteindustrial.org\/ca\/\",\"name\":\"Home\"}},{\"@type\":\"ListItem\",\"position\":2,\"item\":{\"@type\":\"WebPage\",\"@id\":\"https:\/\/www.pacteindustrial.org\/ca\/blog\/45a-reunio-del-comite-executiu-del-pacte-industrial-i-debat-sobre-la-industria-4-0\/\",\"url\":\"https:\/\/www.pacteindustrial.org\/ca\/blog\/45a-reunio-del-comite-executiu-del-pacte-industrial-i-debat-sobre-la-industria-4-0\/\",\"name\":\"45a Reuni\\u00f3 del Comit\\u00e8 Executiu del Pacte Industrial i debat sobre la ind\\u00fastria 4.0\"}}]},{\"@type\":\"Person\",\"@id\":\"https:\/\/www.pacteindustrial.org\/ca\/#\/schema\/person\/f01c88f2cf2c11c69866641f45df8c6c\",\"name\":\"Eduard Nadal\",\"image\":{\"@type\":\"ImageObject\",\"@id\":\"https:\/\/www.pacteindustrial.org\/ca\/#personlogo\",\"inLanguage\":\"ca\",\"url\":\"https:\/\/secure.gravatar.com\/avatar\/1894e8f734287cae5956535114253572?s=96&d=mm&r=g\",\"contentUrl\":\"https:\/\/secure.gravatar.com\/avatar\/1894e8f734287cae5956535114253572?s=96&d=mm&r=g\",\"caption\":\"Eduard Nadal\"}}]}<\/script>\n<!-- \/ Yoast SEO plugin. -->","_links":{"self":[{"href":"https:\/\/www.pacteindustrial.org\/ca\/wp-json\/wp\/v2\/posts\/4033"}],"collection":[{"href":"https:\/\/www.pacteindustrial.org\/ca\/wp-json\/wp\/v2\/posts"}],"about":[{"href":"https:\/\/www.pacteindustrial.org\/ca\/wp-json\/wp\/v2\/types\/post"}],"author":[{"embeddable":true,"href":"https:\/\/www.pacteindustrial.org\/ca\/wp-json\/wp\/v2\/users\/3"}],"replies":[{"embeddable":true,"href":"https:\/\/www.pacteindustrial.org\/ca\/wp-json\/wp\/v2\/comments?post=4033"}],"version-history":[{"count":11,"href":"https:\/\/www.pacteindustrial.org\/ca\/wp-json\/wp\/v2\/posts\/4033\/revisions"}],"predecessor-version":[{"id":15110,"href":"https:\/\/www.pacteindustrial.org\/ca\/wp-json\/wp\/v2\/posts\/4033\/revisions\/15110"}],"wp:featuredmedia":[{"embeddable":true,"href":"https:\/\/www.pacteindustrial.org\/ca\/wp-json\/wp\/v2\/media\/4034"}],"wp:attachment":[{"href":"https:\/\/www.pacteindustrial.org\/ca\/wp-json\/wp\/v2\/media?parent=4033"}],"wp:term":[{"taxonomy":"category","embeddable":true,"href":"https:\/\/www.pacteindustrial.org\/ca\/wp-json\/wp\/v2\/categories?post=4033"},{"taxonomy":"post_tag","embeddable":true,"href":"https:\/\/www.pacteindustrial.org\/ca\/wp-json\/wp\/v2\/tags?post=4033"},{"taxonomy":"post_scope","embeddable":true,"href":"https:\/\/www.pacteindustrial.org\/ca\/wp-json\/wp\/v2\/post_scope?post=4033"}],"curies":[{"name":"wp","href":"https:\/\/api.w.org\/{rel}","templated":true}]}}