{"id":4103,"date":"2019-03-08T00:00:00","date_gmt":"2019-03-07T22:00:00","guid":{"rendered":"https:\/\/www.pacteindustrial.org\/premi-indi-science-industria-verda-per-a-un-estudi-sobre-lefectivitat-dels-impostos-ambientals-per-estimular-ladopcio-de-mesures-i-tecnologies-mediambientals\/"},"modified":"2024-04-18T15:59:38","modified_gmt":"2024-04-18T13:59:38","slug":"premi-indi-science-industria-verda-per-a-un-estudi-sobre-lefectivitat-dels-impostos-ambientals-per-estimular-ladopcio-de-mesures-i-tecnologies-mediambientals","status":"publish","type":"post","link":"https:\/\/www.pacteindustrial.org\/ca\/blog\/premi-indi-science-industria-verda-per-a-un-estudi-sobre-lefectivitat-dels-impostos-ambientals-per-estimular-ladopcio-de-mesures-i-tecnologies-mediambientals\/","title":{"rendered":"Premi IND+I Science Ind\u00fastria Verda per a un estudi sobre l\u2019efectivitat dels impostos ambientals per estimular l\u2019adopci\u00f3 de mesures i tecnologies mediambientals"},"content":{"rendered":"\n<p>El passat 27 de febrer s\u2019han donat a con\u00e8ixer les guanyadores de la segona edici\u00f3 dels&nbsp;<a rel=\"noreferrer noopener\" href=\"http:\/\/indi.cat\/indi-science\/\" target=\"_blank\"><strong>premis IND+I Science<\/strong><\/a>&nbsp;en el marc d\u2019una nova sessi\u00f3 de l\u2019<a rel=\"noreferrer noopener\" href=\"http:\/\/indi.cat\/club3\/\" target=\"_blank\">IND+I Club<\/a>&nbsp;celebrada a Viladecans. <strong>Kinga Barbara Tchorzewska<\/strong>, de la <strong>Universitat de Barcelona<\/strong>, ha estat la guanyadora del premi IND+I Science en la <strong>categoria \u201cInd\u00fastria verda per al creixement sostenible\u201d<\/strong> \u2013impulsada pel Pacte Industrial de la Regi\u00f3 Metropolitana de Barcelona\u2014 per una investigaci\u00f3 sobre l\u2019<strong>efectivitat dels impostos ambientals a l\u2019hora d\u2019estimular l\u2019adopci\u00f3 de tecnologies d\u2019efici\u00e8ncia energ\u00e8tica i disminuci\u00f3 de la contaminaci\u00f3 a les empreses fabricants<\/strong>. L\u2019alcalde de Viladecans i secretari del Pacte Industrial, <strong>Carles Ruiz<\/strong>, i el coordinador gerent del Pacte Industrial, <strong>Carles Rivera<\/strong>, han estat els encarregats de fer entrega del premi a <strong>Magdalena Dom\u00ednguez<\/strong>, companya de l\u2019autora, que ha recollit el premi en el seu nom.<\/p>\n\n\n\n<p>Les altres guanyadores han estat <strong>Nour Chams<\/strong> en la categoria \u201cSistemes i pol\u00edtiques d\u2019innovaci\u00f3\u201d i <strong>Berta Vidal<\/strong> en la categoria \u201cAgenda de desenvolupament metropolit\u00e0\u201d, ambdues de la Universitat Polit\u00e8cnica de Catalunya. Totes elles s\u2019emporten un premi de <strong>3.000 euros<\/strong> per a dur a terme la seva recerca, que s\u2019exposar\u00e0 durant un <strong>simposi<\/strong> que tindr\u00e0 lloc el proper mes de <strong>setembre<\/strong>.<\/p>\n\n\n\n<h2>Ind\u00fastria verda per al creixement sostenible<\/h2>\n\n\n\n<p>El&nbsp;<strong>Pacte Industrial de la Regi\u00f3 Metropolitana de Barcelona<\/strong>&nbsp;impulsa la categoria&nbsp;<strong>&#8220;Ind\u00fastria verda per al creixement sostenible&#8221;<\/strong>&nbsp;seguint el seu <strong>comprom\u00eds amb el desenvolupament i la sostenibilitat del territori metropolit\u00e0<\/strong> i amb vocaci\u00f3 de contribuir a <strong>apropar el coneixement basat en evid\u00e8ncia cient\u00edfica als&nbsp;<em>policymakers<\/em><\/strong>. Aquesta tem\u00e0tica engloba an\u00e0lisis, orientacions, bones pr\u00e0ctiques, noves teories, propostes i resultats de la transformaci\u00f3 que viu la ind\u00fastria a causa de la incorporaci\u00f3 de tecnologies relacionades amb l&#8217;\u00fas m\u00e9s sostenible de l&#8217;energia i els recursos i amb la reducci\u00f3 del seu impacte sobre el canvi clim\u00e0tic. Tamb\u00e9 de l&#8217;impacte que la ind\u00fastria verda pot tenir per reduir el canvi clim\u00e0tic a trav\u00e9s de la transformaci\u00f3 dels mercats i els h\u00e0bits de consum.<\/p>\n\n\n\n<p>Els premis <strong>IND+I Science<\/strong> a assaigs de recerca estan promoguts pel&nbsp;<strong>Pacte Industrial&nbsp;<\/strong>juntament amb l&#8217;<a href=\"http:\/\/indi.cat\/\" target=\"_blank\" rel=\"noreferrer noopener\"><strong>IND+I<\/strong><\/a>, la&nbsp;<a href=\"https:\/\/www.upc.edu\/ca\" target=\"_blank\" rel=\"noreferrer noopener\"><strong>Universitat Polit\u00e8cnica de Catalunya (UPC)<\/strong><\/a>, la&nbsp;<a href=\"https:\/\/www.ub.edu\/\" target=\"_blank\" rel=\"noreferrer noopener\"><strong>Universitat de Barcelona (UB)<\/strong><\/a>, l&#8217;<a href=\"http:\/\/www.amb.cat\/\" target=\"_blank\" rel=\"noreferrer noopener\"><strong>\u00c0rea Metropolitana de Barcelona (AMB)<\/strong><\/a>&nbsp;i el&nbsp;<a href=\"https:\/\/pemb.cat\/\" target=\"_blank\" rel=\"noreferrer noopener\"><strong>Pla Estrat\u00e8gic Metropolit\u00e0 de Barcelona (PEMB)<\/strong><\/a>. L&#8217;objectiu de l&#8217;<strong>IND+I Science<\/strong> \u00e9s recon\u00e8ixer, divulgar i fer realitat l\u2019aplicaci\u00f3 de la recerca que es fa en les universitats catalanes o per estudiants catalans en universitats estrangeres, i pret\u00e9n actuar com un espai aglutinador i, especialment, fer la transfer\u00e8ncia de coneixement cap a les pol\u00edtiques p\u00fabliques.<\/p>\n\n\n\n<p><strong><em>M\u00e9s informaci\u00f3<\/em><\/strong><\/p>\n\n\n\n<p><a href=\"http:\/\/indi.cat\/indi-science\/\" target=\"_blank\" rel=\"noreferrer noopener\">Web de l&#8217;IND+I Science<\/a>.<\/p>\n","protected":false},"excerpt":{"rendered":"<p>El passat 27 de febrer s\u2019han donat a con\u00e8ixer les guanyadores de la segona edici\u00f3 dels&nbsp;premis IND+I Science&nbsp;en el marc d\u2019una nova sessi\u00f3 de l\u2019IND+I Club&nbsp;celebrada a Viladecans. Kinga Barbara Tchorzewska, de la Universitat de Barcelona, ha estat la guanyadora del premi IND+I Science en la categoria \u201cInd\u00fastria verda per al creixement sostenible\u201d \u2013impulsada pel [&#8230;]<\/p>\n","protected":false},"author":3,"featured_media":4104,"comment_status":"closed","ping_status":"open","sticky":false,"template":"","format":"standard","meta":[],"categories":[331,1],"tags":[392,151,72,152],"post_scope":[27],"yoast_head":"<!-- This site is optimized with the Yoast SEO plugin v16.1.1 - https:\/\/yoast.com\/wordpress\/plugins\/seo\/ -->\n<title>Premi IND+I Science Ind\u00fastria Verda per a un estudi sobre l\u2019efectivitat dels impostos ambientals per estimular l\u2019adopci\u00f3 de mesures i tecnologies mediambientals - Pacte Industrial RMB<\/title>\n<link rel=\"canonical\" href=\"https:\/\/www.pacteindustrial.org\/ca\/blog\/premi-indi-science-industria-verda-per-a-un-estudi-sobre-lefectivitat-dels-impostos-ambientals-per-estimular-ladopcio-de-mesures-i-tecnologies-mediambientals\/\" \/>\n<meta property=\"og:locale\" content=\"ca_ES\" \/>\n<meta property=\"og:type\" content=\"article\" \/>\n<meta property=\"og:title\" content=\"Premi IND+I Science Ind\u00fastria Verda per a un estudi sobre l\u2019efectivitat dels impostos ambientals per estimular l\u2019adopci\u00f3 de mesures i tecnologies mediambientals - Pacte Industrial RMB\" \/>\n<meta property=\"og:description\" content=\"El passat 27 de febrer s\u2019han donat a con\u00e8ixer les guanyadores de la segona edici\u00f3 dels&nbsp;premis IND+I Science&nbsp;en el marc d\u2019una nova sessi\u00f3 de l\u2019IND+I Club&nbsp;celebrada a Viladecans. Kinga Barbara Tchorzewska, de la Universitat de Barcelona, ha estat la guanyadora del premi IND+I Science en la categoria \u201cInd\u00fastria verda per al creixement sostenible\u201d \u2013impulsada pel [...]\" \/>\n<meta property=\"og:url\" content=\"https:\/\/www.pacteindustrial.org\/ca\/blog\/premi-indi-science-industria-verda-per-a-un-estudi-sobre-lefectivitat-dels-impostos-ambientals-per-estimular-ladopcio-de-mesures-i-tecnologies-mediambientals\/\" \/>\n<meta property=\"og:site_name\" content=\"Pacte Industrial RMB\" \/>\n<meta property=\"article:published_time\" content=\"2019-03-07T22:00:00+00:00\" \/>\n<meta property=\"article:modified_time\" content=\"2024-04-18T13:59:38+00:00\" \/>\n<meta property=\"og:image\" content=\"https:\/\/www.pacteindustrial.org\/wp-content\/uploads\/2019\/03\/3f94d72e9b3bd1418570b3ab6dda5060.jpg\" \/>\n\t<meta property=\"og:image:width\" content=\"1024\" \/>\n\t<meta property=\"og:image:height\" content=\"768\" \/>\n<meta name=\"twitter:card\" content=\"summary_large_image\" \/>\n<meta name=\"twitter:label1\" content=\"Temps estimat de lectura\">\n\t<meta name=\"twitter:data1\" content=\"2 minuts\">\n<script type=\"application\/ld+json\" class=\"yoast-schema-graph\">{\"@context\":\"https:\/\/schema.org\",\"@graph\":[{\"@type\":\"WebSite\",\"@id\":\"https:\/\/www.pacteindustrial.org\/ca\/#website\",\"url\":\"https:\/\/www.pacteindustrial.org\/ca\/\",\"name\":\"Pacte Industrial RMB\",\"description\":\"\",\"potentialAction\":[{\"@type\":\"SearchAction\",\"target\":\"https:\/\/www.pacteindustrial.org\/ca\/?s={search_term_string}\",\"query-input\":\"required name=search_term_string\"}],\"inLanguage\":\"ca\"},{\"@type\":\"ImageObject\",\"@id\":\"https:\/\/www.pacteindustrial.org\/ca\/blog\/premi-indi-science-industria-verda-per-a-un-estudi-sobre-lefectivitat-dels-impostos-ambientals-per-estimular-ladopcio-de-mesures-i-tecnologies-mediambientals\/#primaryimage\",\"inLanguage\":\"ca\",\"url\":\"https:\/\/www.pacteindustrial.org\/wp-content\/uploads\/2019\/03\/3f94d72e9b3bd1418570b3ab6dda5060.jpg\",\"contentUrl\":\"https:\/\/www.pacteindustrial.org\/wp-content\/uploads\/2019\/03\/3f94d72e9b3bd1418570b3ab6dda5060.jpg\",\"width\":1024,\"height\":768,\"caption\":\"D'esq. a dta.: Carles Rivera, Magdalena Dom\\u00ednguez i Carles Ruiz.\"},{\"@type\":\"WebPage\",\"@id\":\"https:\/\/www.pacteindustrial.org\/ca\/blog\/premi-indi-science-industria-verda-per-a-un-estudi-sobre-lefectivitat-dels-impostos-ambientals-per-estimular-ladopcio-de-mesures-i-tecnologies-mediambientals\/#webpage\",\"url\":\"https:\/\/www.pacteindustrial.org\/ca\/blog\/premi-indi-science-industria-verda-per-a-un-estudi-sobre-lefectivitat-dels-impostos-ambientals-per-estimular-ladopcio-de-mesures-i-tecnologies-mediambientals\/\",\"name\":\"Premi IND+I Science Ind\\u00fastria Verda per a un estudi sobre l\\u2019efectivitat dels impostos ambientals per estimular l\\u2019adopci\\u00f3 de mesures i tecnologies mediambientals - Pacte Industrial RMB\",\"isPartOf\":{\"@id\":\"https:\/\/www.pacteindustrial.org\/ca\/#website\"},\"primaryImageOfPage\":{\"@id\":\"https:\/\/www.pacteindustrial.org\/ca\/blog\/premi-indi-science-industria-verda-per-a-un-estudi-sobre-lefectivitat-dels-impostos-ambientals-per-estimular-ladopcio-de-mesures-i-tecnologies-mediambientals\/#primaryimage\"},\"datePublished\":\"2019-03-07T22:00:00+00:00\",\"dateModified\":\"2024-04-18T13:59:38+00:00\",\"author\":{\"@id\":\"https:\/\/www.pacteindustrial.org\/ca\/#\/schema\/person\/f01c88f2cf2c11c69866641f45df8c6c\"},\"breadcrumb\":{\"@id\":\"https:\/\/www.pacteindustrial.org\/ca\/blog\/premi-indi-science-industria-verda-per-a-un-estudi-sobre-lefectivitat-dels-impostos-ambientals-per-estimular-ladopcio-de-mesures-i-tecnologies-mediambientals\/#breadcrumb\"},\"inLanguage\":\"ca\",\"potentialAction\":[{\"@type\":\"ReadAction\",\"target\":[\"https:\/\/www.pacteindustrial.org\/ca\/blog\/premi-indi-science-industria-verda-per-a-un-estudi-sobre-lefectivitat-dels-impostos-ambientals-per-estimular-ladopcio-de-mesures-i-tecnologies-mediambientals\/\"]}]},{\"@type\":\"BreadcrumbList\",\"@id\":\"https:\/\/www.pacteindustrial.org\/ca\/blog\/premi-indi-science-industria-verda-per-a-un-estudi-sobre-lefectivitat-dels-impostos-ambientals-per-estimular-ladopcio-de-mesures-i-tecnologies-mediambientals\/#breadcrumb\",\"itemListElement\":[{\"@type\":\"ListItem\",\"position\":1,\"item\":{\"@type\":\"WebPage\",\"@id\":\"https:\/\/www.pacteindustrial.org\/ca\/\",\"url\":\"https:\/\/www.pacteindustrial.org\/ca\/\",\"name\":\"Home\"}},{\"@type\":\"ListItem\",\"position\":2,\"item\":{\"@type\":\"WebPage\",\"@id\":\"https:\/\/www.pacteindustrial.org\/ca\/blog\/premi-indi-science-industria-verda-per-a-un-estudi-sobre-lefectivitat-dels-impostos-ambientals-per-estimular-ladopcio-de-mesures-i-tecnologies-mediambientals\/\",\"url\":\"https:\/\/www.pacteindustrial.org\/ca\/blog\/premi-indi-science-industria-verda-per-a-un-estudi-sobre-lefectivitat-dels-impostos-ambientals-per-estimular-ladopcio-de-mesures-i-tecnologies-mediambientals\/\",\"name\":\"Premi IND+I Science Ind\\u00fastria Verda per a un estudi sobre l\\u2019efectivitat dels impostos ambientals per estimular l\\u2019adopci\\u00f3 de mesures i tecnologies mediambientals\"}}]},{\"@type\":\"Person\",\"@id\":\"https:\/\/www.pacteindustrial.org\/ca\/#\/schema\/person\/f01c88f2cf2c11c69866641f45df8c6c\",\"name\":\"Eduard Nadal\",\"image\":{\"@type\":\"ImageObject\",\"@id\":\"https:\/\/www.pacteindustrial.org\/ca\/#personlogo\",\"inLanguage\":\"ca\",\"url\":\"https:\/\/secure.gravatar.com\/avatar\/1894e8f734287cae5956535114253572?s=96&d=mm&r=g\",\"contentUrl\":\"https:\/\/secure.gravatar.com\/avatar\/1894e8f734287cae5956535114253572?s=96&d=mm&r=g\",\"caption\":\"Eduard Nadal\"}}]}<\/script>\n<!-- \/ Yoast SEO plugin. -->","_links":{"self":[{"href":"https:\/\/www.pacteindustrial.org\/ca\/wp-json\/wp\/v2\/posts\/4103"}],"collection":[{"href":"https:\/\/www.pacteindustrial.org\/ca\/wp-json\/wp\/v2\/posts"}],"about":[{"href":"https:\/\/www.pacteindustrial.org\/ca\/wp-json\/wp\/v2\/types\/post"}],"author":[{"embeddable":true,"href":"https:\/\/www.pacteindustrial.org\/ca\/wp-json\/wp\/v2\/users\/3"}],"replies":[{"embeddable":true,"href":"https:\/\/www.pacteindustrial.org\/ca\/wp-json\/wp\/v2\/comments?post=4103"}],"version-history":[{"count":14,"href":"https:\/\/www.pacteindustrial.org\/ca\/wp-json\/wp\/v2\/posts\/4103\/revisions"}],"predecessor-version":[{"id":12177,"href":"https:\/\/www.pacteindustrial.org\/ca\/wp-json\/wp\/v2\/posts\/4103\/revisions\/12177"}],"wp:featuredmedia":[{"embeddable":true,"href":"https:\/\/www.pacteindustrial.org\/ca\/wp-json\/wp\/v2\/media\/4104"}],"wp:attachment":[{"href":"https:\/\/www.pacteindustrial.org\/ca\/wp-json\/wp\/v2\/media?parent=4103"}],"wp:term":[{"taxonomy":"category","embeddable":true,"href":"https:\/\/www.pacteindustrial.org\/ca\/wp-json\/wp\/v2\/categories?post=4103"},{"taxonomy":"post_tag","embeddable":true,"href":"https:\/\/www.pacteindustrial.org\/ca\/wp-json\/wp\/v2\/tags?post=4103"},{"taxonomy":"post_scope","embeddable":true,"href":"https:\/\/www.pacteindustrial.org\/ca\/wp-json\/wp\/v2\/post_scope?post=4103"}],"curies":[{"name":"wp","href":"https:\/\/api.w.org\/{rel}","templated":true}]}}