{"id":4115,"date":"2019-04-23T00:00:00","date_gmt":"2019-04-22T22:00:00","guid":{"rendered":"https:\/\/www.pacteindustrial.org\/us-desitgem-una-diada-de-sant-jordi-molt-industrial-i-carregada-de-bones-lectures-2\/"},"modified":"2021-04-18T12:17:53","modified_gmt":"2021-04-18T10:17:53","slug":"us-desitgem-una-diada-de-sant-jordi-molt-industrial-i-carregada-de-bones-lectures-2","status":"publish","type":"post","link":"https:\/\/www.pacteindustrial.org\/ca\/blog\/us-desitgem-una-diada-de-sant-jordi-molt-industrial-i-carregada-de-bones-lectures-2\/","title":{"rendered":"Us desitgem una diada de Sant Jordi molt industrial i carregada de bones lectures"},"content":{"rendered":"\n<p>Feu clic a cada t\u00edtol per a m\u00e9s informaci\u00f3:<\/p>\n\n\n\n<ul><li><a rel=\"noreferrer noopener\" href=\"https:\/\/es.weforum.org\/whitepapers\/globalization-4-0-shaping-a-new-global-architecture-in-the-age-of-the-fourth-industrial-revolution\" target=\"_blank\"><strong>Globalization 4.0. Shaping a New Global Architecture in the Age of the Fourth Industrial Revolution<\/strong><\/a> (World Economic Forum, 2019)<\/li><li><a rel=\"noreferrer noopener\" href=\"https:\/\/www.ellenmacarthurfoundation.org\/publications\/artificial-intelligence-and-the-circular-economy\" target=\"_blank\"><strong>Artificial intelligence and the circular economy &#8211; AI as a tool to accelerate the transition<\/strong><\/a> (Ellen MacArthur Foundation, 2019)<\/li><li><a rel=\"noreferrer noopener\" href=\"https:\/\/aisuperpowers.com\/\" target=\"_blank\"><strong>AI Superpowers: China, Silicon Valley, and the New World Order<\/strong><\/a> (Kai-Fu Lee, 2018)<\/li><li><a rel=\"noreferrer noopener\" href=\"https:\/\/www.grup62.cat\/llibre-21-llicons-per-al-segle-xxi\/271932\" target=\"_blank\"><strong>21 lli\u00e7ons per al segle XXI<\/strong><\/a> (Yuval Noah Harari, 2018)<\/li><li><a rel=\"noreferrer noopener\" href=\"https:\/\/mitpress.mit.edu\/books\/why-are-we-waiting\" target=\"_blank\"><strong>Why Are We Waiting? &#8211; The Logic, Urgency, and Promise of Tackling Climate Change<\/strong><\/a> (Nicholas Stern, 2015)<\/li><li><a rel=\"noreferrer noopener\" href=\"https:\/\/yalebooks.yale.edu\/book\/9780300212648\/climate-casino\" target=\"_blank\"><strong>The Climate Casino: Risk, Uncertainty, and Economics for a Warming World<\/strong><\/a> (William Nordhaus, 2015)<\/li><li><a rel=\"noreferrer noopener\" href=\"https:\/\/www.catarata.org\/libro\/salvad-la-industria-espanola_44718\/\" target=\"_blank\"><strong>Salvad la industria espa\u00f1ola. Desaf\u00edos actuales y reformas pendientes<\/strong><\/a> (Roberto Velasco, 2014)<\/li><\/ul>\n\n\n\n<p><strong>I recordeu que a la secci\u00f3 Publicacions d&#8217;aquest web trobareu els Quaderns i Papers del Pacte Industrial.<\/strong><\/p>\n","protected":false},"excerpt":{"rendered":"<p>Feu clic a cada t\u00edtol per a m\u00e9s informaci\u00f3: Globalization 4.0. Shaping a New Global Architecture in the Age of the Fourth Industrial Revolution (World Economic Forum, 2019) Artificial intelligence and the circular economy &#8211; AI as a tool to accelerate the transition (Ellen MacArthur Foundation, 2019) AI Superpowers: China, Silicon Valley, and the New [&#8230;]<\/p>\n","protected":false},"author":3,"featured_media":4116,"comment_status":"closed","ping_status":"open","sticky":false,"template":"","format":"standard","meta":[],"categories":[334],"tags":[257],"post_scope":[],"yoast_head":"<!-- This site is optimized with the Yoast SEO plugin v16.1.1 - https:\/\/yoast.com\/wordpress\/plugins\/seo\/ -->\n<title>Us desitgem una diada de Sant Jordi molt industrial i carregada de bones lectures - Pacte Industrial RMB<\/title>\n<link rel=\"canonical\" href=\"https:\/\/www.pacteindustrial.org\/ca\/blog\/us-desitgem-una-diada-de-sant-jordi-molt-industrial-i-carregada-de-bones-lectures-2\/\" \/>\n<meta property=\"og:locale\" content=\"ca_ES\" \/>\n<meta property=\"og:type\" content=\"article\" \/>\n<meta property=\"og:title\" content=\"Us desitgem una diada de Sant Jordi molt industrial i carregada de bones lectures - Pacte Industrial RMB\" \/>\n<meta property=\"og:description\" content=\"Feu clic a cada t\u00edtol per a m\u00e9s informaci\u00f3: Globalization 4.0. Shaping a New Global Architecture in the Age of the Fourth Industrial Revolution (World Economic Forum, 2019) Artificial intelligence and the circular economy &#8211; AI as a tool to accelerate the transition (Ellen MacArthur Foundation, 2019) AI Superpowers: China, Silicon Valley, and the New [...]\" \/>\n<meta property=\"og:url\" content=\"https:\/\/www.pacteindustrial.org\/ca\/blog\/us-desitgem-una-diada-de-sant-jordi-molt-industrial-i-carregada-de-bones-lectures-2\/\" \/>\n<meta property=\"og:site_name\" content=\"Pacte Industrial RMB\" \/>\n<meta property=\"article:published_time\" content=\"2019-04-22T22:00:00+00:00\" \/>\n<meta property=\"article:modified_time\" content=\"2021-04-18T10:17:53+00:00\" \/>\n<meta property=\"og:image\" content=\"https:\/\/www.pacteindustrial.org\/wp-content\/uploads\/2019\/04\/66b1b2253fae17745db4830ce013730a.png\" \/>\n\t<meta property=\"og:image:width\" content=\"1024\" \/>\n\t<meta property=\"og:image:height\" content=\"512\" \/>\n<meta name=\"twitter:card\" content=\"summary_large_image\" \/>\n<meta name=\"twitter:label1\" content=\"Temps estimat de lectura\">\n\t<meta name=\"twitter:data1\" content=\"1 minut\">\n<script type=\"application\/ld+json\" class=\"yoast-schema-graph\">{\"@context\":\"https:\/\/schema.org\",\"@graph\":[{\"@type\":\"WebSite\",\"@id\":\"https:\/\/www.pacteindustrial.org\/ca\/#website\",\"url\":\"https:\/\/www.pacteindustrial.org\/ca\/\",\"name\":\"Pacte Industrial RMB\",\"description\":\"\",\"potentialAction\":[{\"@type\":\"SearchAction\",\"target\":\"https:\/\/www.pacteindustrial.org\/ca\/?s={search_term_string}\",\"query-input\":\"required name=search_term_string\"}],\"inLanguage\":\"ca\"},{\"@type\":\"ImageObject\",\"@id\":\"https:\/\/www.pacteindustrial.org\/ca\/blog\/us-desitgem-una-diada-de-sant-jordi-molt-industrial-i-carregada-de-bones-lectures-2\/#primaryimage\",\"inLanguage\":\"ca\",\"url\":\"https:\/\/www.pacteindustrial.org\/wp-content\/uploads\/2019\/04\/66b1b2253fae17745db4830ce013730a.png\",\"contentUrl\":\"https:\/\/www.pacteindustrial.org\/wp-content\/uploads\/2019\/04\/66b1b2253fae17745db4830ce013730a.png\",\"width\":1024,\"height\":512},{\"@type\":\"WebPage\",\"@id\":\"https:\/\/www.pacteindustrial.org\/ca\/blog\/us-desitgem-una-diada-de-sant-jordi-molt-industrial-i-carregada-de-bones-lectures-2\/#webpage\",\"url\":\"https:\/\/www.pacteindustrial.org\/ca\/blog\/us-desitgem-una-diada-de-sant-jordi-molt-industrial-i-carregada-de-bones-lectures-2\/\",\"name\":\"Us desitgem una diada de Sant Jordi molt industrial i carregada de bones lectures - Pacte Industrial RMB\",\"isPartOf\":{\"@id\":\"https:\/\/www.pacteindustrial.org\/ca\/#website\"},\"primaryImageOfPage\":{\"@id\":\"https:\/\/www.pacteindustrial.org\/ca\/blog\/us-desitgem-una-diada-de-sant-jordi-molt-industrial-i-carregada-de-bones-lectures-2\/#primaryimage\"},\"datePublished\":\"2019-04-22T22:00:00+00:00\",\"dateModified\":\"2021-04-18T10:17:53+00:00\",\"author\":{\"@id\":\"https:\/\/www.pacteindustrial.org\/ca\/#\/schema\/person\/f01c88f2cf2c11c69866641f45df8c6c\"},\"breadcrumb\":{\"@id\":\"https:\/\/www.pacteindustrial.org\/ca\/blog\/us-desitgem-una-diada-de-sant-jordi-molt-industrial-i-carregada-de-bones-lectures-2\/#breadcrumb\"},\"inLanguage\":\"ca\",\"potentialAction\":[{\"@type\":\"ReadAction\",\"target\":[\"https:\/\/www.pacteindustrial.org\/ca\/blog\/us-desitgem-una-diada-de-sant-jordi-molt-industrial-i-carregada-de-bones-lectures-2\/\"]}]},{\"@type\":\"BreadcrumbList\",\"@id\":\"https:\/\/www.pacteindustrial.org\/ca\/blog\/us-desitgem-una-diada-de-sant-jordi-molt-industrial-i-carregada-de-bones-lectures-2\/#breadcrumb\",\"itemListElement\":[{\"@type\":\"ListItem\",\"position\":1,\"item\":{\"@type\":\"WebPage\",\"@id\":\"https:\/\/www.pacteindustrial.org\/ca\/\",\"url\":\"https:\/\/www.pacteindustrial.org\/ca\/\",\"name\":\"Home\"}},{\"@type\":\"ListItem\",\"position\":2,\"item\":{\"@type\":\"WebPage\",\"@id\":\"https:\/\/www.pacteindustrial.org\/ca\/blog\/us-desitgem-una-diada-de-sant-jordi-molt-industrial-i-carregada-de-bones-lectures-2\/\",\"url\":\"https:\/\/www.pacteindustrial.org\/ca\/blog\/us-desitgem-una-diada-de-sant-jordi-molt-industrial-i-carregada-de-bones-lectures-2\/\",\"name\":\"Us desitgem una diada de Sant Jordi molt industrial i carregada de bones lectures\"}}]},{\"@type\":\"Person\",\"@id\":\"https:\/\/www.pacteindustrial.org\/ca\/#\/schema\/person\/f01c88f2cf2c11c69866641f45df8c6c\",\"name\":\"Eduard Nadal\",\"image\":{\"@type\":\"ImageObject\",\"@id\":\"https:\/\/www.pacteindustrial.org\/ca\/#personlogo\",\"inLanguage\":\"ca\",\"url\":\"https:\/\/secure.gravatar.com\/avatar\/1894e8f734287cae5956535114253572?s=96&d=mm&r=g\",\"contentUrl\":\"https:\/\/secure.gravatar.com\/avatar\/1894e8f734287cae5956535114253572?s=96&d=mm&r=g\",\"caption\":\"Eduard Nadal\"}}]}<\/script>\n<!-- \/ Yoast SEO plugin. -->","_links":{"self":[{"href":"https:\/\/www.pacteindustrial.org\/ca\/wp-json\/wp\/v2\/posts\/4115"}],"collection":[{"href":"https:\/\/www.pacteindustrial.org\/ca\/wp-json\/wp\/v2\/posts"}],"about":[{"href":"https:\/\/www.pacteindustrial.org\/ca\/wp-json\/wp\/v2\/types\/post"}],"author":[{"embeddable":true,"href":"https:\/\/www.pacteindustrial.org\/ca\/wp-json\/wp\/v2\/users\/3"}],"replies":[{"embeddable":true,"href":"https:\/\/www.pacteindustrial.org\/ca\/wp-json\/wp\/v2\/comments?post=4115"}],"version-history":[{"count":9,"href":"https:\/\/www.pacteindustrial.org\/ca\/wp-json\/wp\/v2\/posts\/4115\/revisions"}],"predecessor-version":[{"id":10545,"href":"https:\/\/www.pacteindustrial.org\/ca\/wp-json\/wp\/v2\/posts\/4115\/revisions\/10545"}],"wp:featuredmedia":[{"embeddable":true,"href":"https:\/\/www.pacteindustrial.org\/ca\/wp-json\/wp\/v2\/media\/4116"}],"wp:attachment":[{"href":"https:\/\/www.pacteindustrial.org\/ca\/wp-json\/wp\/v2\/media?parent=4115"}],"wp:term":[{"taxonomy":"category","embeddable":true,"href":"https:\/\/www.pacteindustrial.org\/ca\/wp-json\/wp\/v2\/categories?post=4115"},{"taxonomy":"post_tag","embeddable":true,"href":"https:\/\/www.pacteindustrial.org\/ca\/wp-json\/wp\/v2\/tags?post=4115"},{"taxonomy":"post_scope","embeddable":true,"href":"https:\/\/www.pacteindustrial.org\/ca\/wp-json\/wp\/v2\/post_scope?post=4115"}],"curies":[{"name":"wp","href":"https:\/\/api.w.org\/{rel}","templated":true}]}}