{"id":12664,"date":"2020-12-16T19:00:00","date_gmt":"2020-12-16T17:00:00","guid":{"rendered":"https:\/\/www.pacteindustrial.org\/blog\/presentation-of-pacte-industrials-paper-5-and-discussion-of-the-challenge-of-reformatting-the-industrial-parks\/"},"modified":"2021-04-27T16:16:01","modified_gmt":"2021-04-27T14:16:01","slug":"presentation-of-pacte-industrials-paper-5-and-discussion-of-the-challenge-of-reformatting-the-industrial-parks","status":"publish","type":"post","link":"https:\/\/www.pacteindustrial.org\/en\/blog\/presentation-of-pacte-industrials-paper-5-and-discussion-of-the-challenge-of-reformatting-the-industrial-parks\/","title":{"rendered":"Presentation of Pacte Industrial\u2019s Paper 5 and discussion of the challenge of reformatting the industrial parks"},"content":{"rendered":"\n<p>The document &#8220;Present i futur dels pol\u00edgons industrials: m\u00e9s enll\u00e0 de la seva transformaci\u00f3&#8221; (<strong>The present and future of industrial parks: beyond their transformation<\/strong>), which was prepared by urban planner <strong>Maria Buhigas<\/strong>, aims to encourage discussion of the <strong>transformation of the industrial parks<\/strong>, with a view to addressing the complexity of a <strong>new<\/strong>, dynamic and changing <strong>industry<\/strong>, preventing <strong>obsolescence<\/strong>, and improving their ability to act as a factor of <strong>competitiveness<\/strong>. The presentation also included a discussion of the challenge of reformatting the industrial parks.<\/p>\n\n<p>\u00a0&#13;\n&#13;\n\u00a0<\/p>\n\n<p>\u00a0&#13;\n&#13;\n\u00a0<\/p>\n\n<div style=\"height:20px\" aria-hidden=\"true\" class=\"wp-block-spacer\"><\/div>\n<figure class=\"wp-block-embed is-type-video is-provider-youtube wp-block-embed-youtube wp-embed-aspect-4-3 wp-has-aspect-ratio\">\r\n<div class=\"wp-block-embed__wrapper\">https:\/\/youtu.be\/2oif7Cg44yI<\/div><\/figure>","protected":false},"excerpt":{"rendered":"<p>The document &#8220;Present i futur dels pol\u00edgons industrials: m\u00e9s enll\u00e0 de la seva transformaci\u00f3&#8221; (The present and future of industrial parks: beyond their transformation), which was prepared by urban planner Maria Buhigas, aims to encourage discussion of the transformation of the industrial parks, with a view to addressing the complexity of a new, dynamic and [&#8230;]<\/p>\n","protected":false},"author":6,"featured_media":12514,"comment_status":"open","ping_status":"open","sticky":false,"template":"","format":"standard","meta":[],"categories":[342],"tags":[277,290],"post_scope":[203],"yoast_head":"<!-- This site is optimized with the Yoast SEO plugin v16.1.1 - https:\/\/yoast.com\/wordpress\/plugins\/seo\/ -->\n<title>Presentation of Pacte Industrial\u2019s Paper 5 and discussion of the challenge of reformatting the industrial parks - Pacte Industrial RMB<\/title>\n<meta name=\"description\" content=\"The document &quot;The Present and Future of Industrial Parks: Beyond Their Transformation&quot; was prepared by urban planner Maria Buhigas\" \/>\n<link rel=\"canonical\" href=\"https:\/\/www.pacteindustrial.org\/en\/blog\/presentation-of-pacte-industrials-paper-5-and-discussion-of-the-challenge-of-reformatting-the-industrial-parks\/\" \/>\n<meta property=\"og:locale\" content=\"en_US\" \/>\n<meta property=\"og:type\" content=\"article\" \/>\n<meta property=\"og:title\" content=\"Presentation of Pacte Industrial\u2019s Paper 5 and discussion of the challenge of reformatting the industrial parks - Pacte Industrial RMB\" \/>\n<meta property=\"og:description\" content=\"The document &quot;The Present and Future of Industrial Parks: Beyond Their Transformation&quot; was prepared by urban planner Maria Buhigas\" \/>\n<meta property=\"og:url\" content=\"https:\/\/www.pacteindustrial.org\/en\/blog\/presentation-of-pacte-industrials-paper-5-and-discussion-of-the-challenge-of-reformatting-the-industrial-parks\/\" \/>\n<meta property=\"og:site_name\" content=\"Pacte Industrial RMB\" \/>\n<meta property=\"article:published_time\" content=\"2020-12-16T17:00:00+00:00\" \/>\n<meta property=\"article:modified_time\" content=\"2021-04-27T14:16:01+00:00\" \/>\n<meta property=\"og:image\" content=\"https:\/\/www.pacteindustrial.org\/wp-content\/uploads\/2020\/12\/2020.12.16_Foto.png\" \/>\n\t<meta property=\"og:image:width\" content=\"998\" \/>\n\t<meta property=\"og:image:height\" content=\"577\" \/>\n<meta name=\"twitter:card\" content=\"summary_large_image\" \/>\n<script type=\"application\/ld+json\" class=\"yoast-schema-graph\">{\"@context\":\"https:\/\/schema.org\",\"@graph\":[{\"@type\":\"WebSite\",\"@id\":\"https:\/\/www.pacteindustrial.org\/ca\/#website\",\"url\":\"https:\/\/www.pacteindustrial.org\/ca\/\",\"name\":\"Pacte Industrial RMB\",\"description\":\"\",\"potentialAction\":[{\"@type\":\"SearchAction\",\"target\":\"https:\/\/www.pacteindustrial.org\/ca\/?s={search_term_string}\",\"query-input\":\"required name=search_term_string\"}],\"inLanguage\":\"en-US\"},{\"@type\":\"ImageObject\",\"@id\":\"https:\/\/www.pacteindustrial.org\/en\/blog\/presentation-of-pacte-industrials-paper-5-and-discussion-of-the-challenge-of-reformatting-the-industrial-parks\/#primaryimage\",\"inLanguage\":\"en-US\",\"url\":\"https:\/\/www.pacteindustrial.org\/wp-content\/uploads\/2020\/12\/2020.12.16_Foto.png\",\"contentUrl\":\"https:\/\/www.pacteindustrial.org\/wp-content\/uploads\/2020\/12\/2020.12.16_Foto.png\",\"width\":998,\"height\":577},{\"@type\":\"WebPage\",\"@id\":\"https:\/\/www.pacteindustrial.org\/en\/blog\/presentation-of-pacte-industrials-paper-5-and-discussion-of-the-challenge-of-reformatting-the-industrial-parks\/#webpage\",\"url\":\"https:\/\/www.pacteindustrial.org\/en\/blog\/presentation-of-pacte-industrials-paper-5-and-discussion-of-the-challenge-of-reformatting-the-industrial-parks\/\",\"name\":\"Presentation of Pacte Industrial\\u2019s Paper 5 and discussion of the challenge of reformatting the industrial parks - Pacte Industrial RMB\",\"isPartOf\":{\"@id\":\"https:\/\/www.pacteindustrial.org\/ca\/#website\"},\"primaryImageOfPage\":{\"@id\":\"https:\/\/www.pacteindustrial.org\/en\/blog\/presentation-of-pacte-industrials-paper-5-and-discussion-of-the-challenge-of-reformatting-the-industrial-parks\/#primaryimage\"},\"datePublished\":\"2020-12-16T17:00:00+00:00\",\"dateModified\":\"2021-04-27T14:16:01+00:00\",\"author\":{\"@id\":\"https:\/\/www.pacteindustrial.org\/ca\/#\/schema\/person\/f468d9850ca7905907ca1d9a87dd47a4\"},\"description\":\"The document \\\"The Present and Future of Industrial Parks: Beyond Their Transformation\\\" was prepared by urban planner Maria Buhigas\",\"breadcrumb\":{\"@id\":\"https:\/\/www.pacteindustrial.org\/en\/blog\/presentation-of-pacte-industrials-paper-5-and-discussion-of-the-challenge-of-reformatting-the-industrial-parks\/#breadcrumb\"},\"inLanguage\":\"en-US\",\"potentialAction\":[{\"@type\":\"ReadAction\",\"target\":[\"https:\/\/www.pacteindustrial.org\/en\/blog\/presentation-of-pacte-industrials-paper-5-and-discussion-of-the-challenge-of-reformatting-the-industrial-parks\/\"]}]},{\"@type\":\"BreadcrumbList\",\"@id\":\"https:\/\/www.pacteindustrial.org\/en\/blog\/presentation-of-pacte-industrials-paper-5-and-discussion-of-the-challenge-of-reformatting-the-industrial-parks\/#breadcrumb\",\"itemListElement\":[{\"@type\":\"ListItem\",\"position\":1,\"item\":{\"@type\":\"WebPage\",\"@id\":\"https:\/\/www.pacteindustrial.org\/en\/\",\"url\":\"https:\/\/www.pacteindustrial.org\/en\/\",\"name\":\"Home\"}},{\"@type\":\"ListItem\",\"position\":2,\"item\":{\"@type\":\"WebPage\",\"@id\":\"https:\/\/www.pacteindustrial.org\/en\/blog\/presentation-of-pacte-industrials-paper-5-and-discussion-of-the-challenge-of-reformatting-the-industrial-parks\/\",\"url\":\"https:\/\/www.pacteindustrial.org\/en\/blog\/presentation-of-pacte-industrials-paper-5-and-discussion-of-the-challenge-of-reformatting-the-industrial-parks\/\",\"name\":\"Presentation of Pacte Industrial\\u2019s Paper 5 and discussion of the challenge of reformatting the industrial parks\"}}]},{\"@type\":\"Person\",\"@id\":\"https:\/\/www.pacteindustrial.org\/ca\/#\/schema\/person\/f468d9850ca7905907ca1d9a87dd47a4\",\"name\":\"cmartinez@pacteindustrial.org\",\"image\":{\"@type\":\"ImageObject\",\"@id\":\"https:\/\/www.pacteindustrial.org\/ca\/#personlogo\",\"inLanguage\":\"en-US\",\"url\":\"https:\/\/secure.gravatar.com\/avatar\/fcee0cfd9e0b9895b8dd291573c84526?s=96&d=mm&r=g\",\"contentUrl\":\"https:\/\/secure.gravatar.com\/avatar\/fcee0cfd9e0b9895b8dd291573c84526?s=96&d=mm&r=g\",\"caption\":\"cmartinez@pacteindustrial.org\"}}]}<\/script>\n<!-- \/ Yoast SEO plugin. -->","_links":{"self":[{"href":"https:\/\/www.pacteindustrial.org\/en\/wp-json\/wp\/v2\/posts\/12664"}],"collection":[{"href":"https:\/\/www.pacteindustrial.org\/en\/wp-json\/wp\/v2\/posts"}],"about":[{"href":"https:\/\/www.pacteindustrial.org\/en\/wp-json\/wp\/v2\/types\/post"}],"author":[{"embeddable":true,"href":"https:\/\/www.pacteindustrial.org\/en\/wp-json\/wp\/v2\/users\/6"}],"replies":[{"embeddable":true,"href":"https:\/\/www.pacteindustrial.org\/en\/wp-json\/wp\/v2\/comments?post=12664"}],"version-history":[{"count":6,"href":"https:\/\/www.pacteindustrial.org\/en\/wp-json\/wp\/v2\/posts\/12664\/revisions"}],"predecessor-version":[{"id":14452,"href":"https:\/\/www.pacteindustrial.org\/en\/wp-json\/wp\/v2\/posts\/12664\/revisions\/14452"}],"wp:featuredmedia":[{"embeddable":true,"href":"https:\/\/www.pacteindustrial.org\/en\/wp-json\/wp\/v2\/media\/12514"}],"wp:attachment":[{"href":"https:\/\/www.pacteindustrial.org\/en\/wp-json\/wp\/v2\/media?parent=12664"}],"wp:term":[{"taxonomy":"category","embeddable":true,"href":"https:\/\/www.pacteindustrial.org\/en\/wp-json\/wp\/v2\/categories?post=12664"},{"taxonomy":"post_tag","embeddable":true,"href":"https:\/\/www.pacteindustrial.org\/en\/wp-json\/wp\/v2\/tags?post=12664"},{"taxonomy":"post_scope","embeddable":true,"href":"https:\/\/www.pacteindustrial.org\/en\/wp-json\/wp\/v2\/post_scope?post=12664"}],"curies":[{"name":"wp","href":"https:\/\/api.w.org\/{rel}","templated":true}]}}