{"id":16344,"date":"2022-02-01T20:26:00","date_gmt":"2022-02-01T18:26:00","guid":{"rendered":"https:\/\/www.pacteindustrial.org\/blog\/the-industrial-pact-emphasises-the-importance-of-commercial-services-in-the-competitiveness-of-industrial-parks\/"},"modified":"2022-05-02T13:03:17","modified_gmt":"2022-05-02T11:03:17","slug":"the-industrial-pact-emphasises-the-importance-of-commercial-services-in-the-competitiveness-of-industrial-parks","status":"publish","type":"post","link":"https:\/\/www.pacteindustrial.org\/en\/blog\/the-industrial-pact-emphasises-the-importance-of-commercial-services-in-the-competitiveness-of-industrial-parks\/","title":{"rendered":"The Industrial Pact emphasises the importance of commercial services in the competitiveness of industrial parks"},"content":{"rendered":"\n<p>With the collaboration of the \u00c0mbit B30 Association, the Industrial Pact of the Barcelona Metropolitana Region has organised a conference titled \u2018The commercial environment of industrial parks: an issue of competitiveness\u2019 to analyse the potential of the <strong>interaction between industrial spaces and urban commercial spaces<\/strong>. There has been debate about how <strong>industrial parks with more commercial services<\/strong> nearby are <strong>more attractive to workers<\/strong>, making it easier for <strong>companies<\/strong> to <strong>bring in<\/strong> the <strong>talent<\/strong> they need. There has also been discussion on how <strong>local policies<\/strong> aimed at achieving <strong>complementarity between economic promotion and trade<\/strong> can create synergies that boost the competitiveness of industrial parks and, at the same time, strengthen urban trade.<\/p>\n\n\n\n<p>As part of the conference, held on February 1st in online and face-to-face format from the Mercat Vell of Mollet del Vall\u00e8s, a <strong>round table<\/strong> was held entitled \u2018Interrelationship between trade and economic activity in industrial parks: Creating a virtuous circle\u2019 and <strong>Paper 6 of the Industrial Pact<\/strong> &#8216;Commercial Services and Attractiveness of the Industrial Parks in the Barcelona Metropolitan Region&#8217; was presented.<\/p>\n\n\n\n<p><strong>Josep Monr\u00e0s<\/strong> (Ajuntament de Mollet del Vall\u00e8s and \u00c0mbit B30 Association), <strong>Eva Menor<\/strong> (Diputaci\u00f3 de Barcelona, Ajuntament de Badia del Vall\u00e8s and Industrial Pact), <strong>Ana Mar\u00eda Mart\u00ednez<\/strong> (Ajuntament de Rub\u00ed), <strong>S\u00edlvia Solanellas<\/strong> (UPIC), <strong>Carlos Carrasco <\/strong>(ESADE), <strong>Salvador Clar\u00f3s<\/strong> (Industrial Pact and CCOO de Catalunya) and <strong>Carles Rivera<\/strong> (Industrial Pact) took part in the event.<\/p>\n\n\n\n<figure class=\"wp-block-image size-large\"><img loading=\"lazy\" width=\"1024\" height=\"683\" src=\"https:\/\/www.pacteindustrial.org\/wp-content\/uploads\/2022\/02\/Foto-3-1024x683.jpg\" alt=\"\" class=\"wp-image-15855\" srcset=\"https:\/\/www.pacteindustrial.org\/wp-content\/uploads\/2022\/02\/Foto-3-1024x683.jpg 1024w, https:\/\/www.pacteindustrial.org\/wp-content\/uploads\/2022\/02\/Foto-3-300x200.jpg 300w, https:\/\/www.pacteindustrial.org\/wp-content\/uploads\/2022\/02\/Foto-3-768x512.jpg 768w, https:\/\/www.pacteindustrial.org\/wp-content\/uploads\/2022\/02\/Foto-3-1536x1024.jpg 1536w, https:\/\/www.pacteindustrial.org\/wp-content\/uploads\/2022\/02\/Foto-3-2048x1365.jpg 2048w, https:\/\/www.pacteindustrial.org\/wp-content\/uploads\/2022\/02\/Foto-3-200x133.jpg 200w\" sizes=\"(max-width: 1024px) 100vw, 1024px\" \/><figcaption>L-R: Carlos Carrasco, Ana Mar\u00eda Mart\u00ednez, Eva Menor, S\u00edlvia Solanellas and Carles Rivera.<\/figcaption><\/figure>\n\n\n\n<figure class=\"wp-block-embed is-type-video is-provider-youtube wp-block-embed-youtube wp-embed-aspect-16-9 wp-has-aspect-ratio\"><div class=\"wp-block-embed__wrapper\">\n<iframe loading=\"lazy\" title=\"Jornada &quot;L&#039;entorn comercial dels pol\u00edgons industrials: un factor de competitivitat&quot;\" width=\"640\" height=\"360\" src=\"https:\/\/www.youtube.com\/embed\/HJOAoGWZbWI?feature=oembed\" frameborder=\"0\" allow=\"accelerometer; autoplay; clipboard-write; encrypted-media; gyroscope; picture-in-picture\" allowfullscreen><\/iframe>\n<\/div><figcaption>VIDEO<\/figcaption><\/figure>\n","protected":false},"excerpt":{"rendered":"<p>With the collaboration of the \u00c0mbit B30 Association, the Industrial Pact of the Barcelona Metropolitana Region has organised a conference titled \u2018The commercial environment of industrial parks: an issue of competitiveness\u2019 to analyse the potential of the interaction between industrial spaces and urban commercial spaces. There has been debate about how industrial parks with more [&#8230;]<\/p>\n","protected":false},"author":6,"featured_media":15853,"comment_status":"open","ping_status":"open","sticky":false,"template":"","format":"standard","meta":[],"categories":[342],"tags":[368,277,290,306,369],"post_scope":[249,203],"yoast_head":"<!-- This site is optimized with the Yoast SEO plugin v16.1.1 - https:\/\/yoast.com\/wordpress\/plugins\/seo\/ -->\n<title>The Industrial Pact emphasises the importance of commercial services in the competitiveness of industrial parks - Pacte Industrial RMB<\/title>\n<link rel=\"canonical\" href=\"https:\/\/www.pacteindustrial.org\/en\/blog\/the-industrial-pact-emphasises-the-importance-of-commercial-services-in-the-competitiveness-of-industrial-parks\/\" \/>\n<meta property=\"og:locale\" content=\"en_US\" \/>\n<meta property=\"og:type\" content=\"article\" \/>\n<meta property=\"og:title\" content=\"The Industrial Pact emphasises the importance of commercial services in the competitiveness of industrial parks - Pacte Industrial RMB\" \/>\n<meta property=\"og:description\" content=\"With the collaboration of the \u00c0mbit B30 Association, the Industrial Pact of the Barcelona Metropolitana Region has organised a conference titled \u2018The commercial environment of industrial parks: an issue of competitiveness\u2019 to analyse the potential of the interaction between industrial spaces and urban commercial spaces. There has been debate about how industrial parks with more [...]\" \/>\n<meta property=\"og:url\" content=\"https:\/\/www.pacteindustrial.org\/en\/blog\/the-industrial-pact-emphasises-the-importance-of-commercial-services-in-the-competitiveness-of-industrial-parks\/\" \/>\n<meta property=\"og:site_name\" content=\"Pacte Industrial RMB\" \/>\n<meta property=\"article:published_time\" content=\"2022-02-01T18:26:00+00:00\" \/>\n<meta property=\"article:modified_time\" content=\"2022-05-02T11:03:17+00:00\" \/>\n<meta property=\"og:image\" content=\"https:\/\/www.pacteindustrial.org\/wp-content\/uploads\/2022\/02\/Foto-2-scaled.jpg\" \/>\n\t<meta property=\"og:image:width\" content=\"2560\" \/>\n\t<meta property=\"og:image:height\" content=\"1707\" \/>\n<meta name=\"twitter:card\" content=\"summary_large_image\" \/>\n<meta name=\"twitter:label1\" content=\"Est. reading time\">\n\t<meta name=\"twitter:data1\" content=\"2 minutes\">\n<script type=\"application\/ld+json\" class=\"yoast-schema-graph\">{\"@context\":\"https:\/\/schema.org\",\"@graph\":[{\"@type\":\"WebSite\",\"@id\":\"https:\/\/www.pacteindustrial.org\/ca\/#website\",\"url\":\"https:\/\/www.pacteindustrial.org\/ca\/\",\"name\":\"Pacte Industrial RMB\",\"description\":\"\",\"potentialAction\":[{\"@type\":\"SearchAction\",\"target\":\"https:\/\/www.pacteindustrial.org\/ca\/?s={search_term_string}\",\"query-input\":\"required name=search_term_string\"}],\"inLanguage\":\"en-US\"},{\"@type\":\"ImageObject\",\"@id\":\"https:\/\/www.pacteindustrial.org\/en\/blog\/the-industrial-pact-emphasises-the-importance-of-commercial-services-in-the-competitiveness-of-industrial-parks\/#primaryimage\",\"inLanguage\":\"en-US\",\"url\":\"https:\/\/www.pacteindustrial.org\/wp-content\/uploads\/2022\/02\/Foto-2-scaled.jpg\",\"contentUrl\":\"https:\/\/www.pacteindustrial.org\/wp-content\/uploads\/2022\/02\/Foto-2-scaled.jpg\",\"width\":2560,\"height\":1707},{\"@type\":\"WebPage\",\"@id\":\"https:\/\/www.pacteindustrial.org\/en\/blog\/the-industrial-pact-emphasises-the-importance-of-commercial-services-in-the-competitiveness-of-industrial-parks\/#webpage\",\"url\":\"https:\/\/www.pacteindustrial.org\/en\/blog\/the-industrial-pact-emphasises-the-importance-of-commercial-services-in-the-competitiveness-of-industrial-parks\/\",\"name\":\"The Industrial Pact emphasises the importance of commercial services in the competitiveness of industrial parks - Pacte Industrial RMB\",\"isPartOf\":{\"@id\":\"https:\/\/www.pacteindustrial.org\/ca\/#website\"},\"primaryImageOfPage\":{\"@id\":\"https:\/\/www.pacteindustrial.org\/en\/blog\/the-industrial-pact-emphasises-the-importance-of-commercial-services-in-the-competitiveness-of-industrial-parks\/#primaryimage\"},\"datePublished\":\"2022-02-01T18:26:00+00:00\",\"dateModified\":\"2022-05-02T11:03:17+00:00\",\"author\":{\"@id\":\"https:\/\/www.pacteindustrial.org\/ca\/#\/schema\/person\/f468d9850ca7905907ca1d9a87dd47a4\"},\"breadcrumb\":{\"@id\":\"https:\/\/www.pacteindustrial.org\/en\/blog\/the-industrial-pact-emphasises-the-importance-of-commercial-services-in-the-competitiveness-of-industrial-parks\/#breadcrumb\"},\"inLanguage\":\"en-US\",\"potentialAction\":[{\"@type\":\"ReadAction\",\"target\":[\"https:\/\/www.pacteindustrial.org\/en\/blog\/the-industrial-pact-emphasises-the-importance-of-commercial-services-in-the-competitiveness-of-industrial-parks\/\"]}]},{\"@type\":\"BreadcrumbList\",\"@id\":\"https:\/\/www.pacteindustrial.org\/en\/blog\/the-industrial-pact-emphasises-the-importance-of-commercial-services-in-the-competitiveness-of-industrial-parks\/#breadcrumb\",\"itemListElement\":[{\"@type\":\"ListItem\",\"position\":1,\"item\":{\"@type\":\"WebPage\",\"@id\":\"https:\/\/www.pacteindustrial.org\/en\/\",\"url\":\"https:\/\/www.pacteindustrial.org\/en\/\",\"name\":\"Home\"}},{\"@type\":\"ListItem\",\"position\":2,\"item\":{\"@type\":\"WebPage\",\"@id\":\"https:\/\/www.pacteindustrial.org\/en\/blog\/the-industrial-pact-emphasises-the-importance-of-commercial-services-in-the-competitiveness-of-industrial-parks\/\",\"url\":\"https:\/\/www.pacteindustrial.org\/en\/blog\/the-industrial-pact-emphasises-the-importance-of-commercial-services-in-the-competitiveness-of-industrial-parks\/\",\"name\":\"The Industrial Pact emphasises the importance of commercial services in the competitiveness of industrial parks\"}}]},{\"@type\":\"Person\",\"@id\":\"https:\/\/www.pacteindustrial.org\/ca\/#\/schema\/person\/f468d9850ca7905907ca1d9a87dd47a4\",\"name\":\"cmartinez@pacteindustrial.org\",\"image\":{\"@type\":\"ImageObject\",\"@id\":\"https:\/\/www.pacteindustrial.org\/ca\/#personlogo\",\"inLanguage\":\"en-US\",\"url\":\"https:\/\/secure.gravatar.com\/avatar\/fcee0cfd9e0b9895b8dd291573c84526?s=96&d=mm&r=g\",\"contentUrl\":\"https:\/\/secure.gravatar.com\/avatar\/fcee0cfd9e0b9895b8dd291573c84526?s=96&d=mm&r=g\",\"caption\":\"cmartinez@pacteindustrial.org\"}}]}<\/script>\n<!-- \/ Yoast SEO plugin. -->","_links":{"self":[{"href":"https:\/\/www.pacteindustrial.org\/en\/wp-json\/wp\/v2\/posts\/16344"}],"collection":[{"href":"https:\/\/www.pacteindustrial.org\/en\/wp-json\/wp\/v2\/posts"}],"about":[{"href":"https:\/\/www.pacteindustrial.org\/en\/wp-json\/wp\/v2\/types\/post"}],"author":[{"embeddable":true,"href":"https:\/\/www.pacteindustrial.org\/en\/wp-json\/wp\/v2\/users\/6"}],"replies":[{"embeddable":true,"href":"https:\/\/www.pacteindustrial.org\/en\/wp-json\/wp\/v2\/comments?post=16344"}],"version-history":[{"count":13,"href":"https:\/\/www.pacteindustrial.org\/en\/wp-json\/wp\/v2\/posts\/16344\/revisions"}],"predecessor-version":[{"id":16363,"href":"https:\/\/www.pacteindustrial.org\/en\/wp-json\/wp\/v2\/posts\/16344\/revisions\/16363"}],"wp:featuredmedia":[{"embeddable":true,"href":"https:\/\/www.pacteindustrial.org\/en\/wp-json\/wp\/v2\/media\/15853"}],"wp:attachment":[{"href":"https:\/\/www.pacteindustrial.org\/en\/wp-json\/wp\/v2\/media?parent=16344"}],"wp:term":[{"taxonomy":"category","embeddable":true,"href":"https:\/\/www.pacteindustrial.org\/en\/wp-json\/wp\/v2\/categories?post=16344"},{"taxonomy":"post_tag","embeddable":true,"href":"https:\/\/www.pacteindustrial.org\/en\/wp-json\/wp\/v2\/tags?post=16344"},{"taxonomy":"post_scope","embeddable":true,"href":"https:\/\/www.pacteindustrial.org\/en\/wp-json\/wp\/v2\/post_scope?post=16344"}],"curies":[{"name":"wp","href":"https:\/\/api.w.org\/{rel}","templated":true}]}}