{"id":3672,"date":"2016-07-15T00:00:00","date_gmt":"2016-07-14T22:00:00","guid":{"rendered":"https:\/\/www.pacteindustrial.org\/promoting-energy-transition-in-industrial-parks-a-good-opportunity-through-which-to-boost-industry-from-a-municipal-level\/"},"modified":"2019-12-18T17:33:28","modified_gmt":"2019-12-18T15:33:28","slug":"promoting-energy-transition-in-industrial-parks-a-good-opportunity-through-which-to-boost-industry-from-a-municipal-level","status":"publish","type":"post","link":"https:\/\/www.pacteindustrial.org\/en\/blog\/promoting-energy-transition-in-industrial-parks-a-good-opportunity-through-which-to-boost-industry-from-a-municipal-level\/","title":{"rendered":"Promoting energy transition in industrial parks, a good opportunity through which to boost industry from a municipal level"},"content":{"rendered":"\n<p>The Pacte Industrial of the Barcelona Metropolitan Region presented on 14th July the document <strong>&#8220;Guide on Local Initiatives Towards Energy Transition in Industrial Parks&#8221;<\/strong>, drawn up by <strong>Ver\u00f3nica Kuchinow<\/strong> and <strong>Anna Llu\u00eds<\/strong>, of S\u00edmbiosy, with becomes the 13th Dossier of the Pacte Industrial association, coordinated by <strong>Carles Rivera<\/strong>.<\/p>\n\n\n\n<p>The presentation took place at the Masia Can Serra in Rub\u00ed as part of a <strong>session<\/strong> entitled <strong>\u201cEnergy transition in industrial parks: An opportunity towards a local world\u201d<\/strong>, and was attended by <strong>Ana Mar\u00eda Mart\u00ednez<\/strong>, Mayor of Rub\u00ed; <strong>Carles Ruiz<\/strong>,&nbsp;President of the Executive Committee of the Industrial Pact and Mayor of Viladecans; <strong>Eloy \u00c1lvarez Pelegry<\/strong>, director at Orkestra\u2019s Energy Department; <strong>Carles Riba<\/strong>, director of the CDEI-UPC and president of the CMES (Organization for a New Sustainable Social Energy Model), and <strong>Antoni Fuentes<\/strong>, journalist for El Peri\u00f3dico. It also included the presentation of some of the energy transition <strong>projects<\/strong> detailed in Dossier 14, specifically those promoted by <strong>Rub\u00ed, Viladecans, Granollers, Matar\u00f3, Barber\u00e0 del Vall\u00e8s and Sabadell<\/strong>, which were explained by their respective representatives.<\/p>\n\n\n\n<p>This Dossier 14 is intended to serve as a guide and a presentation of <strong>practical cases<\/strong> to municipal councils and local actors in order to help them develop their potential to promote the process of <strong>energy transition<\/strong> by implementing different actions within the industrial parks they are located. According to the study, promoting energy transition is an <strong>investment<\/strong> that will contribute<strong> to avoiding<\/strong> major <strong>costs<\/strong> in the future<strong> caused by climate change<\/strong>.<\/p>\n\n\n\n<p><em><strong>Links<\/strong><\/em><\/p>\n\n\n\n<p>Press release (in Catalan)<\/p>\n\n\n\n<figure class=\"wp-block-image size-large\"><a href=\"https:\/\/www.pacteindustrial.org\/public\/docs\/news\/8cb8bf58e89eef8c43055fe00d3ee08f.pdf\" target=\"_blank\" rel=\"noreferrer noopener\"><img loading=\"lazy\" width=\"120\" height=\"21\" src=\"https:\/\/www.pacteindustrial.org\/wp-content\/uploads\/2019\/12\/image-95.png\" alt=\"\" class=\"wp-image-5150\"\/><\/a><\/figure>\n\n\n\n<p>Pacte Industrial Dossier 14 (in Catalan)<\/p>\n\n\n\n<figure class=\"wp-block-image size-large\"><a href=\"https:\/\/www.pacteindustrial.org\/public\/docs\/notebooks\/0c69d70900053f4db12003a5bffe328a.pdf\" target=\"_blank\" rel=\"noreferrer noopener\"><img loading=\"lazy\" width=\"120\" height=\"21\" src=\"https:\/\/www.pacteindustrial.org\/wp-content\/uploads\/2019\/12\/image-96.png\" alt=\"\" class=\"wp-image-5153\"\/><\/a><\/figure>\n\n\n\n<p>Pacte Industrial Dossier 14 (in Spanish)<\/p>\n\n\n\n<figure class=\"wp-block-image size-large\"><a href=\"https:\/\/www.pacteindustrial.org\/public\/docs\/notebooks\/cf5cb3a38c95f1c8fa177e357aa6ad3c.pdf\" target=\"_blank\" rel=\"noreferrer noopener\"><img loading=\"lazy\" width=\"120\" height=\"21\" src=\"https:\/\/www.pacteindustrial.org\/wp-content\/uploads\/2019\/12\/image-97.png\" alt=\"\" class=\"wp-image-5154\"\/><\/a><\/figure>\n\n\n\n<p>Presentations<\/p>\n\n\n\n<ul><li><a href=\"https:\/\/www.pacteindustrial.org\/public\/docs\/news\/cd6680c0c28ee5972a5ce0c550c48143.pdf\" target=\"_blank\" rel=\"noreferrer noopener\">Pacte Industrial Dossier 14, Ver\u00f3nica Kuchinow<\/a>&nbsp;(in Catalan)<\/li><li><a href=\"https:\/\/www.pacteindustrial.org\/public\/docs\/news\/84b0a61a9727793fcb973e7db2fbc073.pdf\" target=\"_blank\" rel=\"noreferrer noopener\">Eloy \u00c1lvarez Pelegry (Orkestra &#8211; Basque Institute of Competitiveness)<\/a>&nbsp;(in Spanish)<\/li><li><a href=\"https:\/\/www.pacteindustrial.org\/public\/docs\/news\/044bdaaa14c701d677b172afe2bd59df.pdf\" target=\"_blank\" rel=\"noreferrer noopener\">Carles Riba (CDEI-UPC)<\/a>&nbsp;(in Catalan)<\/li><li><a href=\"https:\/\/www.pacteindustrial.org\/public\/docs\/news\/15c4d82ca3d03c3275a15ba4f3cf8c83.pdf\" target=\"_blank\" rel=\"noreferrer noopener\">Carlos Rodr\u00edguez (UPIC)<\/a>&nbsp;(in Spanish)<\/li><li><a href=\"https:\/\/www.pacteindustrial.org\/public\/docs\/news\/32a64cc32e24d3b1556c64595073564e.pdf\" target=\"_blank\" rel=\"noreferrer noopener\">Rub\u00ed Brilla project (Ajuntament de Rub\u00ed)<\/a>&nbsp;(in Catalan)<\/li><li><a href=\"https:\/\/www.pacteindustrial.org\/public\/docs\/news\/e2b5bc94974839d049190d85032e7931.pdf\" target=\"_blank\" rel=\"noreferrer noopener\">Low-energy Industrial Urban-park project (Ajuntament de Viladecans)<\/a>&nbsp;(in Catalan)<\/li><li><a href=\"https:\/\/www.pacteindustrial.org\/public\/docs\/news\/bc16c4a9b6e35a5f684e26bbfb3625a7.pdf\" target=\"_blank\" rel=\"noreferrer noopener\">EcoCongost project (Ajuntament de Granollers)<\/a>&nbsp;(in Catalan)<\/li><li><a href=\"https:\/\/www.pacteindustrial.org\/public\/docs\/news\/ba393aad8fe0d6abbe191f6bae8b0de9.pdf\" target=\"_blank\" rel=\"noreferrer noopener\">Tub Verd project (Ajuntament de Matar\u00f3)<\/a>&nbsp;(in Catalan)<\/li><li><a href=\"https:\/\/www.pacteindustrial.org\/public\/docs\/news\/260a110e7d087b19358b3d14f29c139e.pdf\" target=\"_blank\" rel=\"noreferrer noopener\">Simbiosi industrial project (Ajuntaments de Barber\u00e0 del Vall\u00e8s i de Sabadell)<\/a>&nbsp;(in Catalan)<\/li><\/ul>\n","protected":false},"excerpt":{"rendered":"<p>The Pacte Industrial of the Barcelona Metropolitan Region presented on 14th July the document &#8220;Guide on Local Initiatives Towards Energy Transition in Industrial Parks&#8221;, drawn up by Ver\u00f3nica Kuchinow and Anna Llu\u00eds, of S\u00edmbiosy, with becomes the 13th Dossier of the Pacte Industrial association, coordinated by Carles Rivera. The presentation took place at the Masia [&#8230;]<\/p>\n","protected":false},"author":3,"featured_media":3673,"comment_status":"closed","ping_status":"open","sticky":false,"template":"","format":"standard","meta":[],"categories":[342,5,5],"tags":[274,314,312,276,290,325],"post_scope":[203,201],"yoast_head":"<!-- This site is optimized with the Yoast SEO plugin v16.1.1 - https:\/\/yoast.com\/wordpress\/plugins\/seo\/ -->\n<title>Promoting energy transition in industrial parks, a good opportunity through which to boost industry from a municipal level - Pacte Industrial RMB<\/title>\n<link rel=\"canonical\" href=\"https:\/\/www.pacteindustrial.org\/en\/blog\/promoting-energy-transition-in-industrial-parks-a-good-opportunity-through-which-to-boost-industry-from-a-municipal-level\/\" \/>\n<meta property=\"og:locale\" content=\"en_US\" \/>\n<meta property=\"og:type\" content=\"article\" \/>\n<meta property=\"og:title\" content=\"Promoting energy transition in industrial parks, a good opportunity through which to boost industry from a municipal level - Pacte Industrial RMB\" \/>\n<meta property=\"og:description\" content=\"The Pacte Industrial of the Barcelona Metropolitan Region presented on 14th July the document &#8220;Guide on Local Initiatives Towards Energy Transition in Industrial Parks&#8221;, drawn up by Ver\u00f3nica Kuchinow and Anna Llu\u00eds, of S\u00edmbiosy, with becomes the 13th Dossier of the Pacte Industrial association, coordinated by Carles Rivera. The presentation took place at the Masia [...]\" \/>\n<meta property=\"og:url\" content=\"https:\/\/www.pacteindustrial.org\/en\/blog\/promoting-energy-transition-in-industrial-parks-a-good-opportunity-through-which-to-boost-industry-from-a-municipal-level\/\" \/>\n<meta property=\"og:site_name\" content=\"Pacte Industrial RMB\" \/>\n<meta property=\"article:published_time\" content=\"2016-07-14T22:00:00+00:00\" \/>\n<meta property=\"article:modified_time\" content=\"2019-12-18T15:33:28+00:00\" \/>\n<meta property=\"og:image\" content=\"https:\/\/www.pacteindustrial.org\/wp-content\/uploads\/2016\/07\/06a15edc84e98654ebb77293ffa780c5-1.jpg\" \/>\n\t<meta property=\"og:image:width\" content=\"1024\" \/>\n\t<meta property=\"og:image:height\" content=\"682\" \/>\n<meta name=\"twitter:card\" content=\"summary_large_image\" \/>\n<meta name=\"twitter:label1\" content=\"Est. reading time\">\n\t<meta name=\"twitter:data1\" content=\"2 minutes\">\n<script type=\"application\/ld+json\" class=\"yoast-schema-graph\">{\"@context\":\"https:\/\/schema.org\",\"@graph\":[{\"@type\":\"WebSite\",\"@id\":\"https:\/\/www.pacteindustrial.org\/ca\/#website\",\"url\":\"https:\/\/www.pacteindustrial.org\/ca\/\",\"name\":\"Pacte Industrial RMB\",\"description\":\"\",\"potentialAction\":[{\"@type\":\"SearchAction\",\"target\":\"https:\/\/www.pacteindustrial.org\/ca\/?s={search_term_string}\",\"query-input\":\"required name=search_term_string\"}],\"inLanguage\":\"en-US\"},{\"@type\":\"ImageObject\",\"@id\":\"https:\/\/www.pacteindustrial.org\/en\/blog\/promoting-energy-transition-in-industrial-parks-a-good-opportunity-through-which-to-boost-industry-from-a-municipal-level\/#primaryimage\",\"inLanguage\":\"en-US\",\"url\":\"https:\/\/www.pacteindustrial.org\/wp-content\/uploads\/2016\/07\/06a15edc84e98654ebb77293ffa780c5-1.jpg\",\"contentUrl\":\"https:\/\/www.pacteindustrial.org\/wp-content\/uploads\/2016\/07\/06a15edc84e98654ebb77293ffa780c5-1.jpg\",\"width\":1024,\"height\":682,\"caption\":\"L-R: Ver\\u00f3nica Kuchinow, Ana Mar\\u00eda Mart\\u00ednez and Carles Ruiz\"},{\"@type\":\"WebPage\",\"@id\":\"https:\/\/www.pacteindustrial.org\/en\/blog\/promoting-energy-transition-in-industrial-parks-a-good-opportunity-through-which-to-boost-industry-from-a-municipal-level\/#webpage\",\"url\":\"https:\/\/www.pacteindustrial.org\/en\/blog\/promoting-energy-transition-in-industrial-parks-a-good-opportunity-through-which-to-boost-industry-from-a-municipal-level\/\",\"name\":\"Promoting energy transition in industrial parks, a good opportunity through which to boost industry from a municipal level - Pacte Industrial RMB\",\"isPartOf\":{\"@id\":\"https:\/\/www.pacteindustrial.org\/ca\/#website\"},\"primaryImageOfPage\":{\"@id\":\"https:\/\/www.pacteindustrial.org\/en\/blog\/promoting-energy-transition-in-industrial-parks-a-good-opportunity-through-which-to-boost-industry-from-a-municipal-level\/#primaryimage\"},\"datePublished\":\"2016-07-14T22:00:00+00:00\",\"dateModified\":\"2019-12-18T15:33:28+00:00\",\"author\":{\"@id\":\"https:\/\/www.pacteindustrial.org\/ca\/#\/schema\/person\/f01c88f2cf2c11c69866641f45df8c6c\"},\"breadcrumb\":{\"@id\":\"https:\/\/www.pacteindustrial.org\/en\/blog\/promoting-energy-transition-in-industrial-parks-a-good-opportunity-through-which-to-boost-industry-from-a-municipal-level\/#breadcrumb\"},\"inLanguage\":\"en-US\",\"potentialAction\":[{\"@type\":\"ReadAction\",\"target\":[\"https:\/\/www.pacteindustrial.org\/en\/blog\/promoting-energy-transition-in-industrial-parks-a-good-opportunity-through-which-to-boost-industry-from-a-municipal-level\/\"]}]},{\"@type\":\"BreadcrumbList\",\"@id\":\"https:\/\/www.pacteindustrial.org\/en\/blog\/promoting-energy-transition-in-industrial-parks-a-good-opportunity-through-which-to-boost-industry-from-a-municipal-level\/#breadcrumb\",\"itemListElement\":[{\"@type\":\"ListItem\",\"position\":1,\"item\":{\"@type\":\"WebPage\",\"@id\":\"https:\/\/www.pacteindustrial.org\/en\/\",\"url\":\"https:\/\/www.pacteindustrial.org\/en\/\",\"name\":\"Home\"}},{\"@type\":\"ListItem\",\"position\":2,\"item\":{\"@type\":\"WebPage\",\"@id\":\"https:\/\/www.pacteindustrial.org\/en\/blog\/promoting-energy-transition-in-industrial-parks-a-good-opportunity-through-which-to-boost-industry-from-a-municipal-level\/\",\"url\":\"https:\/\/www.pacteindustrial.org\/en\/blog\/promoting-energy-transition-in-industrial-parks-a-good-opportunity-through-which-to-boost-industry-from-a-municipal-level\/\",\"name\":\"Promoting energy transition in industrial parks, a good opportunity through which to boost industry from a municipal level\"}}]},{\"@type\":\"Person\",\"@id\":\"https:\/\/www.pacteindustrial.org\/ca\/#\/schema\/person\/f01c88f2cf2c11c69866641f45df8c6c\",\"name\":\"Eduard Nadal\",\"image\":{\"@type\":\"ImageObject\",\"@id\":\"https:\/\/www.pacteindustrial.org\/ca\/#personlogo\",\"inLanguage\":\"en-US\",\"url\":\"https:\/\/secure.gravatar.com\/avatar\/1894e8f734287cae5956535114253572?s=96&d=mm&r=g\",\"contentUrl\":\"https:\/\/secure.gravatar.com\/avatar\/1894e8f734287cae5956535114253572?s=96&d=mm&r=g\",\"caption\":\"Eduard Nadal\"}}]}<\/script>\n<!-- \/ Yoast SEO plugin. -->","_links":{"self":[{"href":"https:\/\/www.pacteindustrial.org\/en\/wp-json\/wp\/v2\/posts\/3672"}],"collection":[{"href":"https:\/\/www.pacteindustrial.org\/en\/wp-json\/wp\/v2\/posts"}],"about":[{"href":"https:\/\/www.pacteindustrial.org\/en\/wp-json\/wp\/v2\/types\/post"}],"author":[{"embeddable":true,"href":"https:\/\/www.pacteindustrial.org\/en\/wp-json\/wp\/v2\/users\/3"}],"replies":[{"embeddable":true,"href":"https:\/\/www.pacteindustrial.org\/en\/wp-json\/wp\/v2\/comments?post=3672"}],"version-history":[{"count":2,"href":"https:\/\/www.pacteindustrial.org\/en\/wp-json\/wp\/v2\/posts\/3672\/revisions"}],"predecessor-version":[{"id":5160,"href":"https:\/\/www.pacteindustrial.org\/en\/wp-json\/wp\/v2\/posts\/3672\/revisions\/5160"}],"wp:featuredmedia":[{"embeddable":true,"href":"https:\/\/www.pacteindustrial.org\/en\/wp-json\/wp\/v2\/media\/3673"}],"wp:attachment":[{"href":"https:\/\/www.pacteindustrial.org\/en\/wp-json\/wp\/v2\/media?parent=3672"}],"wp:term":[{"taxonomy":"category","embeddable":true,"href":"https:\/\/www.pacteindustrial.org\/en\/wp-json\/wp\/v2\/categories?post=3672"},{"taxonomy":"post_tag","embeddable":true,"href":"https:\/\/www.pacteindustrial.org\/en\/wp-json\/wp\/v2\/tags?post=3672"},{"taxonomy":"post_scope","embeddable":true,"href":"https:\/\/www.pacteindustrial.org\/en\/wp-json\/wp\/v2\/post_scope?post=3672"}],"curies":[{"name":"wp","href":"https:\/\/api.w.org\/{rel}","templated":true}]}}