{"id":4214,"date":"2018-12-11T00:00:00","date_gmt":"2018-12-10T22:00:00","guid":{"rendered":"https:\/\/www.pacteindustrial.org\/the-port-of-barcelona-a-new-member-of-the-pacte-industrial\/"},"modified":"2019-12-18T17:28:25","modified_gmt":"2019-12-18T15:28:25","slug":"the-port-of-barcelona-a-new-member-of-the-pacte-industrial","status":"publish","type":"post","link":"https:\/\/www.pacteindustrial.org\/en\/blog\/the-port-of-barcelona-a-new-member-of-the-pacte-industrial\/","title":{"rendered":"The Port of Barcelona, a new member of the Pacte Industrial"},"content":{"rendered":"\n<p>On 11 December, the chairwoman of the Executive Committee of the Pacte Industrial of the Barcelona Metropolitan Region, <strong>N\u00faria Mar\u00edn<\/strong>, and the chairwoman of the Port of Barcelona, <strong>Merc\u00e8 Conesa<\/strong>, approved the <strong>port entity&#8217;s adhesion<\/strong> to the Pacte Industrial as a <strong>collaborator<\/strong>. Both institutions are committed to <strong>sustainability as one of the foundations for metropolitan economic development.<\/strong><\/p>\n\n\n\n<p><em><strong>Links<\/strong><\/em><\/p>\n\n\n\n<p>Press release (in Catalan)<\/p>\n\n\n\n<figure class=\"wp-block-image size-large\"><a href=\"https:\/\/goo.gl\/ucjF83\" target=\"_blank\" rel=\"noreferrer noopener\"><img loading=\"lazy\" width=\"120\" height=\"21\" src=\"https:\/\/www.pacteindustrial.org\/wp-content\/uploads\/2019\/12\/image-78.png\" alt=\"\" class=\"wp-image-5084\"\/><\/a><\/figure>\n","protected":false},"excerpt":{"rendered":"<p>On 11 December, the chairwoman of the Executive Committee of the Pacte Industrial of the Barcelona Metropolitan Region, N\u00faria Mar\u00edn, and the chairwoman of the Port of Barcelona, Merc\u00e8 Conesa, approved the port entity&#8217;s adhesion to the Pacte Industrial as a collaborator. Both institutions are committed to sustainability as one of the foundations for metropolitan [&#8230;]<\/p>\n","protected":false},"author":3,"featured_media":4215,"comment_status":"closed","ping_status":"open","sticky":false,"template":"","format":"standard","meta":[],"categories":[5],"tags":[],"post_scope":[],"yoast_head":"<!-- This site is optimized with the Yoast SEO plugin v16.1.1 - https:\/\/yoast.com\/wordpress\/plugins\/seo\/ -->\n<title>The Port of Barcelona, a new member of the Pacte Industrial - Pacte Industrial RMB<\/title>\n<link rel=\"canonical\" href=\"https:\/\/www.pacteindustrial.org\/en\/blog\/the-port-of-barcelona-a-new-member-of-the-pacte-industrial\/\" \/>\n<meta property=\"og:locale\" content=\"en_US\" \/>\n<meta property=\"og:type\" content=\"article\" \/>\n<meta property=\"og:title\" content=\"The Port of Barcelona, a new member of the Pacte Industrial - Pacte Industrial RMB\" \/>\n<meta property=\"og:description\" content=\"On 11 December, the chairwoman of the Executive Committee of the Pacte Industrial of the Barcelona Metropolitan Region, N\u00faria Mar\u00edn, and the chairwoman of the Port of Barcelona, Merc\u00e8 Conesa, approved the port entity&#8217;s adhesion to the Pacte Industrial as a collaborator. Both institutions are committed to sustainability as one of the foundations for metropolitan [...]\" \/>\n<meta property=\"og:url\" content=\"https:\/\/www.pacteindustrial.org\/en\/blog\/the-port-of-barcelona-a-new-member-of-the-pacte-industrial\/\" \/>\n<meta property=\"og:site_name\" content=\"Pacte Industrial RMB\" \/>\n<meta property=\"article:published_time\" content=\"2018-12-10T22:00:00+00:00\" \/>\n<meta property=\"article:modified_time\" content=\"2019-12-18T15:28:25+00:00\" \/>\n<meta property=\"og:image\" content=\"https:\/\/www.pacteindustrial.org\/wp-content\/uploads\/2018\/12\/159602d3f39f2c1484425ee84dbd0385.jpg\" \/>\n\t<meta property=\"og:image:width\" content=\"1024\" \/>\n\t<meta property=\"og:image:height\" content=\"638\" \/>\n<meta name=\"twitter:card\" content=\"summary_large_image\" \/>\n<script type=\"application\/ld+json\" class=\"yoast-schema-graph\">{\"@context\":\"https:\/\/schema.org\",\"@graph\":[{\"@type\":\"WebSite\",\"@id\":\"https:\/\/www.pacteindustrial.org\/ca\/#website\",\"url\":\"https:\/\/www.pacteindustrial.org\/ca\/\",\"name\":\"Pacte Industrial RMB\",\"description\":\"\",\"potentialAction\":[{\"@type\":\"SearchAction\",\"target\":\"https:\/\/www.pacteindustrial.org\/ca\/?s={search_term_string}\",\"query-input\":\"required name=search_term_string\"}],\"inLanguage\":\"en-US\"},{\"@type\":\"ImageObject\",\"@id\":\"https:\/\/www.pacteindustrial.org\/en\/blog\/the-port-of-barcelona-a-new-member-of-the-pacte-industrial\/#primaryimage\",\"inLanguage\":\"en-US\",\"url\":\"https:\/\/www.pacteindustrial.org\/wp-content\/uploads\/2018\/12\/159602d3f39f2c1484425ee84dbd0385.jpg\",\"contentUrl\":\"https:\/\/www.pacteindustrial.org\/wp-content\/uploads\/2018\/12\/159602d3f39f2c1484425ee84dbd0385.jpg\",\"width\":1024,\"height\":638,\"caption\":\"L-R: N\\u00faria Mar\\u00edn, Merc\\u00e8 Conesa and Carles Rivera.\"},{\"@type\":\"WebPage\",\"@id\":\"https:\/\/www.pacteindustrial.org\/en\/blog\/the-port-of-barcelona-a-new-member-of-the-pacte-industrial\/#webpage\",\"url\":\"https:\/\/www.pacteindustrial.org\/en\/blog\/the-port-of-barcelona-a-new-member-of-the-pacte-industrial\/\",\"name\":\"The Port of Barcelona, a new member of the Pacte Industrial - Pacte Industrial RMB\",\"isPartOf\":{\"@id\":\"https:\/\/www.pacteindustrial.org\/ca\/#website\"},\"primaryImageOfPage\":{\"@id\":\"https:\/\/www.pacteindustrial.org\/en\/blog\/the-port-of-barcelona-a-new-member-of-the-pacte-industrial\/#primaryimage\"},\"datePublished\":\"2018-12-10T22:00:00+00:00\",\"dateModified\":\"2019-12-18T15:28:25+00:00\",\"author\":{\"@id\":\"https:\/\/www.pacteindustrial.org\/ca\/#\/schema\/person\/f01c88f2cf2c11c69866641f45df8c6c\"},\"breadcrumb\":{\"@id\":\"https:\/\/www.pacteindustrial.org\/en\/blog\/the-port-of-barcelona-a-new-member-of-the-pacte-industrial\/#breadcrumb\"},\"inLanguage\":\"en-US\",\"potentialAction\":[{\"@type\":\"ReadAction\",\"target\":[\"https:\/\/www.pacteindustrial.org\/en\/blog\/the-port-of-barcelona-a-new-member-of-the-pacte-industrial\/\"]}]},{\"@type\":\"BreadcrumbList\",\"@id\":\"https:\/\/www.pacteindustrial.org\/en\/blog\/the-port-of-barcelona-a-new-member-of-the-pacte-industrial\/#breadcrumb\",\"itemListElement\":[{\"@type\":\"ListItem\",\"position\":1,\"item\":{\"@type\":\"WebPage\",\"@id\":\"https:\/\/www.pacteindustrial.org\/en\/\",\"url\":\"https:\/\/www.pacteindustrial.org\/en\/\",\"name\":\"Home\"}},{\"@type\":\"ListItem\",\"position\":2,\"item\":{\"@type\":\"WebPage\",\"@id\":\"https:\/\/www.pacteindustrial.org\/en\/blog\/the-port-of-barcelona-a-new-member-of-the-pacte-industrial\/\",\"url\":\"https:\/\/www.pacteindustrial.org\/en\/blog\/the-port-of-barcelona-a-new-member-of-the-pacte-industrial\/\",\"name\":\"The Port of Barcelona, a new member of the Pacte Industrial\"}}]},{\"@type\":\"Person\",\"@id\":\"https:\/\/www.pacteindustrial.org\/ca\/#\/schema\/person\/f01c88f2cf2c11c69866641f45df8c6c\",\"name\":\"Eduard Nadal\",\"image\":{\"@type\":\"ImageObject\",\"@id\":\"https:\/\/www.pacteindustrial.org\/ca\/#personlogo\",\"inLanguage\":\"en-US\",\"url\":\"https:\/\/secure.gravatar.com\/avatar\/1894e8f734287cae5956535114253572?s=96&d=mm&r=g\",\"contentUrl\":\"https:\/\/secure.gravatar.com\/avatar\/1894e8f734287cae5956535114253572?s=96&d=mm&r=g\",\"caption\":\"Eduard Nadal\"}}]}<\/script>\n<!-- \/ Yoast SEO plugin. -->","_links":{"self":[{"href":"https:\/\/www.pacteindustrial.org\/en\/wp-json\/wp\/v2\/posts\/4214"}],"collection":[{"href":"https:\/\/www.pacteindustrial.org\/en\/wp-json\/wp\/v2\/posts"}],"about":[{"href":"https:\/\/www.pacteindustrial.org\/en\/wp-json\/wp\/v2\/types\/post"}],"author":[{"embeddable":true,"href":"https:\/\/www.pacteindustrial.org\/en\/wp-json\/wp\/v2\/users\/3"}],"replies":[{"embeddable":true,"href":"https:\/\/www.pacteindustrial.org\/en\/wp-json\/wp\/v2\/comments?post=4214"}],"version-history":[{"count":1,"href":"https:\/\/www.pacteindustrial.org\/en\/wp-json\/wp\/v2\/posts\/4214\/revisions"}],"predecessor-version":[{"id":5087,"href":"https:\/\/www.pacteindustrial.org\/en\/wp-json\/wp\/v2\/posts\/4214\/revisions\/5087"}],"wp:featuredmedia":[{"embeddable":true,"href":"https:\/\/www.pacteindustrial.org\/en\/wp-json\/wp\/v2\/media\/4215"}],"wp:attachment":[{"href":"https:\/\/www.pacteindustrial.org\/en\/wp-json\/wp\/v2\/media?parent=4214"}],"wp:term":[{"taxonomy":"category","embeddable":true,"href":"https:\/\/www.pacteindustrial.org\/en\/wp-json\/wp\/v2\/categories?post=4214"},{"taxonomy":"post_tag","embeddable":true,"href":"https:\/\/www.pacteindustrial.org\/en\/wp-json\/wp\/v2\/tags?post=4214"},{"taxonomy":"post_scope","embeddable":true,"href":"https:\/\/www.pacteindustrial.org\/en\/wp-json\/wp\/v2\/post_scope?post=4214"}],"curies":[{"name":"wp","href":"https:\/\/api.w.org\/{rel}","templated":true}]}}