{"id":14428,"date":"2021-04-13T20:38:00","date_gmt":"2021-04-13T18:38:00","guid":{"rendered":"https:\/\/www.pacteindustrial.org\/blog\/la-suma-de-inteligencias-hara-aumentar-la-competitividad-de-las-empresas-y-ha-de-hacernos-mas-dignos-como-personas\/"},"modified":"2021-05-10T19:04:26","modified_gmt":"2021-05-10T17:04:26","slug":"la-suma-de-inteligencias-hara-aumentar-la-competitividad-de-las-empresas-y-ha-de-hacernos-mas-dignos-como-personas","status":"publish","type":"post","link":"https:\/\/www.pacteindustrial.org\/es\/blog\/la-suma-de-inteligencias-hara-aumentar-la-competitividad-de-las-empresas-y-ha-de-hacernos-mas-dignos-como-personas\/","title":{"rendered":"La suma de inteligencias har\u00e1 aumentar la competitividad de las empresas y ha de hacernos m\u00e1s dignos como personas"},"content":{"rendered":"\n<p>El pasado 12 de abril ha tenido lugar la presentaci\u00f3n de la publicaci\u00f3n <em><strong>L&#8217;impacte de la intel\u00b7lig\u00e8ncia artificial a les empreses\u00a0<\/strong><\/em>(El impacto de la inteligencia artificial en las empresas) de <strong>Xavier Marcet<\/strong>, que forma parte de la colecci\u00f3n \u00abPapers de l&#8217;Observatori de la Ind\u00fastria\u201d del <strong>Departamento de Empresa y Conocimiento de la Generalitat de Catalunya<\/strong> y ha sido elaborada con el <strong>apoyo del Pacto Industrial de la Regi\u00f3n Metropolitana de Barcelona<\/strong>. El acto ha sido organizado por la <a href=\"https:\/\/fundacioperlaindustria.org\/\" target=\"_blank\" rel=\"noreferrer noopener\">Fundaci\u00f3n por la Industria<\/a> y el Pacto Industrial.<\/p>\n\n<p>El alcalde de Viladecans y secretario del Pacto Industrial, <strong>Carles Ruiz<\/strong>, ha mencionado los dos <strong>ejes<\/strong> que tienen que configurar un <strong>nuevo modelo productivo<\/strong>: la <strong>tecnolog\u00eda<\/strong> y la <strong>sostenibilidad<\/strong>; y c\u00f3mo la <strong>inteligencia artificial puede contribuir<\/strong> a una toma de decisiones, por parte de las empresas y las instituciones, que se alinean con estos dos ejes y permitan abordar la incerteza del futuro.<\/p>\n\n<p>Por su parte, <strong>Matilde Villarroya<\/strong>, directora general de Industria, ha puesto \u00e9nfasis en la voluntad de <strong>generar conocimiento <\/strong>desde el Departamento de Empresa y Conocimiento de la Generalitat de Catalunya para <strong>favorecer la toma de decisiones<\/strong> con rigor por parte del Govern, <strong>en el campo de la pol\u00edtica industrial<\/strong>, haci\u00e9ndolo desde la <strong>cooperaci\u00f3n<\/strong> con otros agentes que disponen, tambi\u00e9n, del conocimiento.<\/p>\n\n<p><strong>Josep Roca<\/strong>, presidente de la <strong>Fundaci\u00f3n por la Industria <\/strong>ha destacado la importancia de <strong>poner en valor el conocimiento industrial<\/strong> que hay en Catalunya.<\/p>\n\n<h2>La clave es la suma de las inteligencias humana y artificial<\/h2>\n\n<p><strong>Xavier Marcet<\/strong>, el autor, ha explicado que para la realizaci\u00f3n de esta publicaci\u00f3n se ha puesto en el lugar de un empresario y se ha planteado diversas preguntas: c\u00f3mo puede servir la <strong>inteligencia artificial<\/strong> (IA) a mis <strong>clientes<\/strong>?, en qu\u00e9 nos puede hacer ganar <strong>competitividad<\/strong>?, nos permite <strong>personalizar<\/strong> mejor nuestras ofertas? c\u00f3mo nos puede hacer m\u00e1s <strong>precisos<\/strong>? de qu\u00e9 manera nos puede hacer<strong> tomar mejores decisiones<\/strong>? Etc.<\/p>\n\n<p>El estudio presenta una <strong>gu\u00eda para la incorporaci\u00f3n de la inteligencia artificial a las empresas<\/strong>, basada en <strong>9 claves esenciales<\/strong>, que se resumen en la siguiente figura:<\/p>\n\n<figure class=\"wp-block-image size-large\"><img loading=\"lazy\" width=\"1024\" height=\"394\" src=\"https:\/\/www.pacteindustrial.org\/wp-content\/uploads\/2021\/04\/2021.04.12-Presentacio-publicacio-IA-Guia-1024x394.png\" alt=\"\" class=\"wp-image-14186\" srcset=\"https:\/\/www.pacteindustrial.org\/wp-content\/uploads\/2021\/04\/2021.04.12-Presentacio-publicacio-IA-Guia-1024x394.png 1024w, https:\/\/www.pacteindustrial.org\/wp-content\/uploads\/2021\/04\/2021.04.12-Presentacio-publicacio-IA-Guia-300x115.png 300w, https:\/\/www.pacteindustrial.org\/wp-content\/uploads\/2021\/04\/2021.04.12-Presentacio-publicacio-IA-Guia-768x295.png 768w, https:\/\/www.pacteindustrial.org\/wp-content\/uploads\/2021\/04\/2021.04.12-Presentacio-publicacio-IA-Guia-200x77.png 200w, https:\/\/www.pacteindustrial.org\/wp-content\/uploads\/2021\/04\/2021.04.12-Presentacio-publicacio-IA-Guia.png 1287w\" sizes=\"(max-width: 1024px) 100vw, 1024px\" \/><\/figure>\n<p><strong>Marcet<\/strong> tambi\u00e9n ha se\u00f1alado que la IA generar\u00e1 <strong>nuevas oportunidades<\/strong> y las <strong>personas<\/strong> necesitar\u00e1n adaptarse y <strong>desarrollar nuevas habilidades<\/strong>. La gran barrera no ser\u00e1 el uso de las tecnolog\u00edas, sino impulsar <strong>cambios de mentalidades<\/strong> y <strong>facilitar el aprendizaje<\/strong> de las personas.<\/p>\n\n<p>Finalmente, ha querido recalcar que, pese al desarrollo tecnol\u00f3gico, <strong>las personas ser\u00e1n imprescindibles<\/strong> ya que, aunque habr\u00e1 taeras que las m\u00e1quinas har\u00e1n mejor, el secreto est\u00e1 en la <strong>suma de las inteligencias humana y artificial<\/strong>. \u00abTenemos que hacer una sociedad en la que la relaci\u00f3n entre m\u00e1quinas y personas se decante a favor de las personas\u00bb, ha defendido.<\/p>\n<figure class=\"wp-block-embed aligncenter is-type-video is-provider-youtube wp-block-embed-youtube wp-embed-aspect-4-3 wp-has-aspect-ratio\">\r\n<div class=\"wp-block-embed__wrapper\">https:\/\/youtu.be\/QlS7Qb_SmHw<\/div><\/figure>","protected":false},"excerpt":{"rendered":"<p>El pasado 12 de abril ha tenido lugar la presentaci\u00f3n de la publicaci\u00f3n L&#8217;impacte de la intel\u00b7lig\u00e8ncia artificial a les empreses\u00a0(El impacto de la inteligencia artificial en las empresas) de Xavier Marcet, que forma parte de la colecci\u00f3n \u00abPapers de l&#8217;Observatori de la Ind\u00fastria\u201d del Departamento de Empresa y Conocimiento de la Generalitat de Catalunya [&#8230;]<\/p>\n","protected":false},"author":6,"featured_media":14280,"comment_status":"open","ping_status":"open","sticky":false,"template":"","format":"standard","meta":[],"categories":[337],"tags":[352],"post_scope":[189],"yoast_head":"<!-- This site is optimized with the Yoast SEO plugin v16.1.1 - https:\/\/yoast.com\/wordpress\/plugins\/seo\/ -->\n<title>La suma de inteligencias har\u00e1 aumentar la competitividad de las empresas y ha de hacernos m\u00e1s dignos como personas - Pacte Industrial RMB<\/title>\n<meta name=\"description\" content=\"Presentaci\u00f3n de la publicaci\u00f3n de Xavier Marcet elaborada por el Departamento de Empresa y Conocimiento con el apoyo del Pacto Industrial.\" \/>\n<link rel=\"canonical\" href=\"https:\/\/www.pacteindustrial.org\/es\/blog\/la-suma-de-inteligencias-hara-aumentar-la-competitividad-de-las-empresas-y-ha-de-hacernos-mas-dignos-como-personas\/\" \/>\n<meta property=\"og:locale\" content=\"es_ES\" \/>\n<meta property=\"og:type\" content=\"article\" \/>\n<meta property=\"og:title\" content=\"La suma de inteligencias har\u00e1 aumentar la competitividad de las empresas y ha de hacernos m\u00e1s dignos como personas - Pacte Industrial RMB\" \/>\n<meta property=\"og:description\" content=\"Presentaci\u00f3n de la publicaci\u00f3n de Xavier Marcet elaborada por el Departamento de Empresa y Conocimiento con el apoyo del Pacto Industrial.\" \/>\n<meta property=\"og:url\" content=\"https:\/\/www.pacteindustrial.org\/es\/blog\/la-suma-de-inteligencias-hara-aumentar-la-competitividad-de-las-empresas-y-ha-de-hacernos-mas-dignos-como-personas\/\" \/>\n<meta property=\"og:site_name\" content=\"Pacte Industrial RMB\" \/>\n<meta property=\"article:published_time\" content=\"2021-04-13T18:38:00+00:00\" \/>\n<meta property=\"article:modified_time\" content=\"2021-05-10T17:04:26+00:00\" \/>\n<meta property=\"og:image\" content=\"https:\/\/www.pacteindustrial.org\/wp-content\/uploads\/2021\/04\/2021.04.12-Presentacio-publicacio-IA-2.png\" \/>\n\t<meta property=\"og:image:width\" content=\"2089\" \/>\n\t<meta property=\"og:image:height\" content=\"1182\" \/>\n<meta name=\"twitter:card\" content=\"summary_large_image\" \/>\n<meta name=\"twitter:label1\" content=\"Tiempo de lectura\">\n\t<meta name=\"twitter:data1\" content=\"3 minutos\">\n<script type=\"application\/ld+json\" class=\"yoast-schema-graph\">{\"@context\":\"https:\/\/schema.org\",\"@graph\":[{\"@type\":\"WebSite\",\"@id\":\"https:\/\/www.pacteindustrial.org\/ca\/#website\",\"url\":\"https:\/\/www.pacteindustrial.org\/ca\/\",\"name\":\"Pacte Industrial RMB\",\"description\":\"\",\"potentialAction\":[{\"@type\":\"SearchAction\",\"target\":\"https:\/\/www.pacteindustrial.org\/ca\/?s={search_term_string}\",\"query-input\":\"required name=search_term_string\"}],\"inLanguage\":\"es\"},{\"@type\":\"ImageObject\",\"@id\":\"https:\/\/www.pacteindustrial.org\/es\/blog\/la-suma-de-inteligencias-hara-aumentar-la-competitividad-de-las-empresas-y-ha-de-hacernos-mas-dignos-como-personas\/#primaryimage\",\"inLanguage\":\"es\",\"url\":\"https:\/\/www.pacteindustrial.org\/wp-content\/uploads\/2021\/04\/2021.04.12-Presentacio-publicacio-IA-2.png\",\"contentUrl\":\"https:\/\/www.pacteindustrial.org\/wp-content\/uploads\/2021\/04\/2021.04.12-Presentacio-publicacio-IA-2.png\",\"width\":2089,\"height\":1182},{\"@type\":\"WebPage\",\"@id\":\"https:\/\/www.pacteindustrial.org\/es\/blog\/la-suma-de-inteligencias-hara-aumentar-la-competitividad-de-las-empresas-y-ha-de-hacernos-mas-dignos-como-personas\/#webpage\",\"url\":\"https:\/\/www.pacteindustrial.org\/es\/blog\/la-suma-de-inteligencias-hara-aumentar-la-competitividad-de-las-empresas-y-ha-de-hacernos-mas-dignos-como-personas\/\",\"name\":\"La suma de inteligencias har\\u00e1 aumentar la competitividad de las empresas y ha de hacernos m\\u00e1s dignos como personas - Pacte Industrial RMB\",\"isPartOf\":{\"@id\":\"https:\/\/www.pacteindustrial.org\/ca\/#website\"},\"primaryImageOfPage\":{\"@id\":\"https:\/\/www.pacteindustrial.org\/es\/blog\/la-suma-de-inteligencias-hara-aumentar-la-competitividad-de-las-empresas-y-ha-de-hacernos-mas-dignos-como-personas\/#primaryimage\"},\"datePublished\":\"2021-04-13T18:38:00+00:00\",\"dateModified\":\"2021-05-10T17:04:26+00:00\",\"author\":{\"@id\":\"https:\/\/www.pacteindustrial.org\/ca\/#\/schema\/person\/f468d9850ca7905907ca1d9a87dd47a4\"},\"description\":\"Presentaci\\u00f3n de la publicaci\\u00f3n de Xavier Marcet elaborada por el Departamento de Empresa y Conocimiento con el apoyo del Pacto Industrial.\",\"breadcrumb\":{\"@id\":\"https:\/\/www.pacteindustrial.org\/es\/blog\/la-suma-de-inteligencias-hara-aumentar-la-competitividad-de-las-empresas-y-ha-de-hacernos-mas-dignos-como-personas\/#breadcrumb\"},\"inLanguage\":\"es\",\"potentialAction\":[{\"@type\":\"ReadAction\",\"target\":[\"https:\/\/www.pacteindustrial.org\/es\/blog\/la-suma-de-inteligencias-hara-aumentar-la-competitividad-de-las-empresas-y-ha-de-hacernos-mas-dignos-como-personas\/\"]}]},{\"@type\":\"BreadcrumbList\",\"@id\":\"https:\/\/www.pacteindustrial.org\/es\/blog\/la-suma-de-inteligencias-hara-aumentar-la-competitividad-de-las-empresas-y-ha-de-hacernos-mas-dignos-como-personas\/#breadcrumb\",\"itemListElement\":[{\"@type\":\"ListItem\",\"position\":1,\"item\":{\"@type\":\"WebPage\",\"@id\":\"https:\/\/www.pacteindustrial.org\/es\/\",\"url\":\"https:\/\/www.pacteindustrial.org\/es\/\",\"name\":\"Home\"}},{\"@type\":\"ListItem\",\"position\":2,\"item\":{\"@type\":\"WebPage\",\"@id\":\"https:\/\/www.pacteindustrial.org\/es\/blog\/la-suma-de-inteligencias-hara-aumentar-la-competitividad-de-las-empresas-y-ha-de-hacernos-mas-dignos-como-personas\/\",\"url\":\"https:\/\/www.pacteindustrial.org\/es\/blog\/la-suma-de-inteligencias-hara-aumentar-la-competitividad-de-las-empresas-y-ha-de-hacernos-mas-dignos-como-personas\/\",\"name\":\"La suma de inteligencias har\\u00e1 aumentar la competitividad de las empresas y ha de hacernos m\\u00e1s dignos como personas\"}}]},{\"@type\":\"Person\",\"@id\":\"https:\/\/www.pacteindustrial.org\/ca\/#\/schema\/person\/f468d9850ca7905907ca1d9a87dd47a4\",\"name\":\"cmartinez@pacteindustrial.org\",\"image\":{\"@type\":\"ImageObject\",\"@id\":\"https:\/\/www.pacteindustrial.org\/ca\/#personlogo\",\"inLanguage\":\"es\",\"url\":\"https:\/\/secure.gravatar.com\/avatar\/fcee0cfd9e0b9895b8dd291573c84526?s=96&d=mm&r=g\",\"contentUrl\":\"https:\/\/secure.gravatar.com\/avatar\/fcee0cfd9e0b9895b8dd291573c84526?s=96&d=mm&r=g\",\"caption\":\"cmartinez@pacteindustrial.org\"}}]}<\/script>\n<!-- \/ Yoast SEO plugin. -->","_links":{"self":[{"href":"https:\/\/www.pacteindustrial.org\/es\/wp-json\/wp\/v2\/posts\/14428"}],"collection":[{"href":"https:\/\/www.pacteindustrial.org\/es\/wp-json\/wp\/v2\/posts"}],"about":[{"href":"https:\/\/www.pacteindustrial.org\/es\/wp-json\/wp\/v2\/types\/post"}],"author":[{"embeddable":true,"href":"https:\/\/www.pacteindustrial.org\/es\/wp-json\/wp\/v2\/users\/6"}],"replies":[{"embeddable":true,"href":"https:\/\/www.pacteindustrial.org\/es\/wp-json\/wp\/v2\/comments?post=14428"}],"version-history":[{"count":7,"href":"https:\/\/www.pacteindustrial.org\/es\/wp-json\/wp\/v2\/posts\/14428\/revisions"}],"predecessor-version":[{"id":14615,"href":"https:\/\/www.pacteindustrial.org\/es\/wp-json\/wp\/v2\/posts\/14428\/revisions\/14615"}],"wp:featuredmedia":[{"embeddable":true,"href":"https:\/\/www.pacteindustrial.org\/es\/wp-json\/wp\/v2\/media\/14280"}],"wp:attachment":[{"href":"https:\/\/www.pacteindustrial.org\/es\/wp-json\/wp\/v2\/media?parent=14428"}],"wp:term":[{"taxonomy":"category","embeddable":true,"href":"https:\/\/www.pacteindustrial.org\/es\/wp-json\/wp\/v2\/categories?post=14428"},{"taxonomy":"post_tag","embeddable":true,"href":"https:\/\/www.pacteindustrial.org\/es\/wp-json\/wp\/v2\/tags?post=14428"},{"taxonomy":"post_scope","embeddable":true,"href":"https:\/\/www.pacteindustrial.org\/es\/wp-json\/wp\/v2\/post_scope?post=14428"}],"curies":[{"name":"wp","href":"https:\/\/api.w.org\/{rel}","templated":true}]}}