{"id":15493,"date":"2021-11-24T15:51:41","date_gmt":"2021-11-24T13:51:41","guid":{"rendered":"https:\/\/www.pacteindustrial.org\/blog\/el-pacto-industrial-reafirma-su-apuesta-por-la-industria-de-la-movilidad-sostenible-como-motor-para-la-innovacion-la-ocupacion-y-la-sostenibilidad-de-la-region-metropolitana-de-barcelona\/"},"modified":"2024-07-08T15:23:09","modified_gmt":"2024-07-08T13:23:09","slug":"el-pacto-industrial-reafirma-su-apuesta-por-la-industria-de-la-movilidad-sostenible-como-motor-para-la-innovacion-la-ocupacion-y-la-sostenibilidad-de-la-region-metropolitana-de-barcelona","status":"publish","type":"post","link":"https:\/\/www.pacteindustrial.org\/es\/blog\/el-pacto-industrial-reafirma-su-apuesta-por-la-industria-de-la-movilidad-sostenible-como-motor-para-la-innovacion-la-ocupacion-y-la-sostenibilidad-de-la-region-metropolitana-de-barcelona\/","title":{"rendered":"El Pacto Industrial reafirma su apuesta por la industria de la movilidad sostenible como motor para la innovaci\u00f3n, la ocupaci\u00f3n y la sostenibilidad de la Regi\u00f3n Metropolitana de Barcelona"},"content":{"rendered":"\n<p><p>En el marco del <strong>XXV Consejo General<\/strong>, el Pacto Industrial de la Regi\u00f3n Metropolitana de Barcelona ha organizado el <strong>coloquio \u00abLa electromovilidad: una apuesta para la innovaci\u00f3n, la ocupaci\u00f3n y la sostenibilidad de la RMB\u00bb<\/strong>\u00a0y ha presentado un <strong>avance del estudio<\/strong> encargado por la asociaci\u00f3n sobre electromovilidad, que ser\u00e1 presentado pr\u00f3ximamente. El acto se ha celebrado el pasado 22 de octubre en formato h\u00edbrido desde el Auditorio Seu Central de Barcelona Activa.<\/p><\/p>\n\n<p>El objetivo del coloquio ha sido analizar c\u00f3mo se encuentra posicionada la RMB y cu\u00e1les son sus principales activos para crear una industria de la movilidad s\u00f3lida en torno de la electromovilidad, y ha contado con la participaci\u00f3n de\u00a0<strong>Jaume Collboni<\/strong>, presidente del Consejo General del Pacto Industrial y primer teniente de alcald\u00eda de Econom\u00eda, Trabajo, Competitividad y Hacienda del Ayuntamiento de Barcelona; <strong>Lourdes de la Sota<\/strong>, directora de Estrategia Corporativa y Relaciones Institucionales de <a href=\"https:\/\/www.seat.es\/\" target=\"_blank\" rel=\"noreferrer noopener\">SEAT<\/a>; <strong>Noem\u00ed Moya<\/strong>, Head of Public Policy Spain and France de <a href=\"https:\/\/www.voiscooters.com\/es\/voi-technology\/\" target=\"_blank\" rel=\"noreferrer noopener\">Voi Technology<\/a>; <strong>Mireia Arroyo<\/strong>, Institutional Affairs Manager &amp; Government Relations de <a href=\"https:\/\/www.gestamp.com\/es\/home\" target=\"_blank\" rel=\"noreferrer noopener\">Gestamp<\/a>, y ha estado moderada por <strong>Juan Jos\u00e9 Berbel<\/strong>, socio de <a href=\"https:\/\/metyis.com\/\" target=\"_blank\" rel=\"noreferrer noopener\">Metyis<\/a>.<\/p>\n\n<p><strong>Collboni\u00a0<\/strong>se ha referido al\u00a0<strong>F\u00f3rum Industria de la Movilidad Sostenible<\/strong>, una iniciativa del Pacto Industrial, como \u00abespacio de encuentro entre las instituciones y los agentes p\u00fablicos y privados, para impulsar el relato y las acciones necesarias para transformar los diferentes sectores implicados en un ecosistema relacionado con la movilidad sostenible capaz de hacer frente a los retos de presente y de futuro y que contribuya a la recuperaci\u00f3n econ\u00f3mica de la Regi\u00f3n Metropolitana de Barcelona\u00bb.<\/p>\n\n<p>Por su parte, el coordinador gerente del Pacto Industrial, <strong>Carles Rivera<\/strong>, ha se\u00f1alado la importancia \u00abde impulsar la transformaci\u00f3n de la industria de la movilidad explorando las posibilidades de colaboraci\u00f3n publico-privada a lo largo de toda la cadena de valor\u00bb. Tambi\u00e9n ha presentado la <a href=\"https:\/\/www.pacteindustrial.org\/wp-content\/uploads\/2021\/10\/Memoria-dactivitats-2020_XXV-CG-22.10.2021.pdf\" target=\"_blank\" rel=\"noopener\">Memoria de actividades 2020<\/a> de la entidad y ha apuntado algunas de las que ser\u00e1n las l\u00edneas de trabajo durante los pr\u00f3ximos meses.<\/p>\n\n<h2>El Pacto Industrial contin\u00faa creciendo<\/h2>\n\n<p>Durante la reuni\u00f3n, en la cual han participado representantes de los ayuntamientos y de las entidades que integran la asociaci\u00f3n, tambi\u00e9n se han aprobado las adhesiones del <strong>Ayuntamiento de Castelldefels<\/strong> i del <strong>Ayuntamiento de Martorell <\/strong>como socios ordinarios del Pacte Industrial. Con estas adhesiones, el Pacto Industrial contin\u00faa creciendo con la incorporaci\u00f3n de nuevas entidades que trabajan para impulsar la competitividad de la industria, fomentar la creaci\u00f3n de ocupaci\u00f3n y mejorar la cohesi\u00f3n social y la sostenibilidad.<\/p>\n\n<figure class=\"wp-block-image size-large\"><img loading=\"lazy\" width=\"1024\" height=\"769\" src=\"https:\/\/www.pacteindustrial.org\/wp-content\/uploads\/2021\/10\/2021.10.22_XXVCG-1-1024x769.jpg\" alt=\"\" class=\"wp-image-15230\" srcset=\"https:\/\/www.pacteindustrial.org\/wp-content\/uploads\/2021\/10\/2021.10.22_XXVCG-1-1024x769.jpg 1024w, https:\/\/www.pacteindustrial.org\/wp-content\/uploads\/2021\/10\/2021.10.22_XXVCG-1-300x225.jpg 300w, https:\/\/www.pacteindustrial.org\/wp-content\/uploads\/2021\/10\/2021.10.22_XXVCG-1-768x577.jpg 768w, https:\/\/www.pacteindustrial.org\/wp-content\/uploads\/2021\/10\/2021.10.22_XXVCG-1-1536x1153.jpg 1536w, https:\/\/www.pacteindustrial.org\/wp-content\/uploads\/2021\/10\/2021.10.22_XXVCG-1-2048x1538.jpg 2048w, https:\/\/www.pacteindustrial.org\/wp-content\/uploads\/2021\/10\/2021.10.22_XXVCG-1-200x150.jpg 200w\" sizes=\"(max-width: 1024px) 100vw, 1024px\" \/><figcaption>De izq. a dcha.: Carles Rivera, Jaume Collboni y Carles Ruiz<\/figcaption><\/figure>\n<p>El Consejo General tambi\u00e9n ha aprobado el nombramiento de las vicepresidencias. Atendiendo a la rotaci\u00f3n anual que contemplan los Estatutos de la asociaci\u00f3n, <strong>M.\u00aa Rosa Fiol<\/strong>, de AEBALL y representante de Foment del Treball, ha tomado el relevo de <strong>Sergi Fuster<\/strong>, de PIMEC, como vicepresidenta en representaci\u00f3n de las organizaciones empresariales; y <strong>Aurora Huerga<\/strong>, de CCOO de Catalunya, ha tomado el relevo de <strong>Josep Santcrist\u00f2fol<\/strong>, de la UGT de Catalunya, como vicepresidenta en representaci\u00f3n de las organizaciones sindicales. La tercera vicepresidenta contin\u00faa siendo <strong>Eva Menor<\/strong>, presidenta del \u00c1rea de Desarrollo Econ\u00f3mico, Turismo y Comercio de la Diputaci\u00f3n de Barcelona, en representaci\u00f3n de los ayuntamientos i otras administraciones locales.<\/p>\n<figure class=\"wp-block-embed is-type-video is-provider-youtube wp-block-embed-youtube wp-embed-aspect-16-9 wp-has-aspect-ratio\">\r\n<div class=\"wp-block-embed__wrapper\">https:\/\/youtu.be\/VaZ_aqE26lI<\/div><\/figure>","protected":false},"excerpt":{"rendered":"<p>En el marco del XXV Consejo General, el Pacto Industrial de la Regi\u00f3n Metropolitana de Barcelona ha organizado el coloquio \u00abLa electromovilidad: una apuesta para la innovaci\u00f3n, la ocupaci\u00f3n y la sostenibilidad de la RMB\u00bb\u00a0y ha presentado un avance del estudio encargado por la asociaci\u00f3n sobre electromovilidad, que ser\u00e1 presentado pr\u00f3ximamente. El acto se ha [&#8230;]<\/p>\n","protected":false},"author":6,"featured_media":15235,"comment_status":"open","ping_status":"open","sticky":false,"template":"","format":"standard","meta":[],"categories":[338,339],"tags":[261,356,354,293,288],"post_scope":[188],"yoast_head":"<!-- This site is optimized with the Yoast SEO plugin v16.1.1 - https:\/\/yoast.com\/wordpress\/plugins\/seo\/ -->\n<title>El Pacto Industrial reafirma su apuesta por la industria de la movilidad sostenible como motor para la innovaci\u00f3n, la ocupaci\u00f3n y la sostenibilidad de la Regi\u00f3n Metropolitana de Barcelona - Pacte Industrial RMB<\/title>\n<meta name=\"description\" content=\"Coloquio \u201cLa electromovilidad: una apuesta para la innovaci\u00f3n, la ocupaci\u00f3n y la sostenibilidad de la RMB\u201d y avance del estudio encargado.\" \/>\n<link rel=\"canonical\" href=\"https:\/\/www.pacteindustrial.org\/es\/blog\/el-pacto-industrial-reafirma-su-apuesta-por-la-industria-de-la-movilidad-sostenible-como-motor-para-la-innovacion-la-ocupacion-y-la-sostenibilidad-de-la-region-metropolitana-de-barcelona\/\" \/>\n<meta property=\"og:locale\" content=\"es_ES\" \/>\n<meta property=\"og:type\" content=\"article\" \/>\n<meta property=\"og:title\" content=\"El Pacto Industrial reafirma su apuesta por la industria de la movilidad sostenible como motor para la innovaci\u00f3n, la ocupaci\u00f3n y la sostenibilidad de la Regi\u00f3n Metropolitana de Barcelona - Pacte Industrial RMB\" \/>\n<meta property=\"og:description\" content=\"Coloquio \u201cLa electromovilidad: una apuesta para la innovaci\u00f3n, la ocupaci\u00f3n y la sostenibilidad de la RMB\u201d y avance del estudio encargado.\" \/>\n<meta property=\"og:url\" content=\"https:\/\/www.pacteindustrial.org\/es\/blog\/el-pacto-industrial-reafirma-su-apuesta-por-la-industria-de-la-movilidad-sostenible-como-motor-para-la-innovacion-la-ocupacion-y-la-sostenibilidad-de-la-region-metropolitana-de-barcelona\/\" \/>\n<meta property=\"og:site_name\" content=\"Pacte Industrial RMB\" \/>\n<meta property=\"article:published_time\" content=\"2021-11-24T13:51:41+00:00\" \/>\n<meta property=\"article:modified_time\" content=\"2024-07-08T13:23:09+00:00\" \/>\n<meta property=\"og:image\" content=\"https:\/\/www.pacteindustrial.org\/wp-content\/uploads\/2021\/10\/2021.10.22_XXVCG-2-scaled.jpg\" \/>\n\t<meta property=\"og:image:width\" content=\"2560\" \/>\n\t<meta property=\"og:image:height\" content=\"1922\" \/>\n<meta name=\"twitter:card\" content=\"summary_large_image\" \/>\n<meta name=\"twitter:label1\" content=\"Tiempo de lectura\">\n\t<meta name=\"twitter:data1\" content=\"3 minutos\">\n<script type=\"application\/ld+json\" class=\"yoast-schema-graph\">{\"@context\":\"https:\/\/schema.org\",\"@graph\":[{\"@type\":\"WebSite\",\"@id\":\"https:\/\/www.pacteindustrial.org\/ca\/#website\",\"url\":\"https:\/\/www.pacteindustrial.org\/ca\/\",\"name\":\"Pacte Industrial RMB\",\"description\":\"\",\"potentialAction\":[{\"@type\":\"SearchAction\",\"target\":\"https:\/\/www.pacteindustrial.org\/ca\/?s={search_term_string}\",\"query-input\":\"required name=search_term_string\"}],\"inLanguage\":\"es\"},{\"@type\":\"ImageObject\",\"@id\":\"https:\/\/www.pacteindustrial.org\/es\/blog\/el-pacto-industrial-reafirma-su-apuesta-por-la-industria-de-la-movilidad-sostenible-como-motor-para-la-innovacion-la-ocupacion-y-la-sostenibilidad-de-la-region-metropolitana-de-barcelona\/#primaryimage\",\"inLanguage\":\"es\",\"url\":\"https:\/\/www.pacteindustrial.org\/wp-content\/uploads\/2021\/10\/2021.10.22_XXVCG-2-scaled.jpg\",\"contentUrl\":\"https:\/\/www.pacteindustrial.org\/wp-content\/uploads\/2021\/10\/2021.10.22_XXVCG-2-scaled.jpg\",\"width\":2560,\"height\":1922},{\"@type\":\"WebPage\",\"@id\":\"https:\/\/www.pacteindustrial.org\/es\/blog\/el-pacto-industrial-reafirma-su-apuesta-por-la-industria-de-la-movilidad-sostenible-como-motor-para-la-innovacion-la-ocupacion-y-la-sostenibilidad-de-la-region-metropolitana-de-barcelona\/#webpage\",\"url\":\"https:\/\/www.pacteindustrial.org\/es\/blog\/el-pacto-industrial-reafirma-su-apuesta-por-la-industria-de-la-movilidad-sostenible-como-motor-para-la-innovacion-la-ocupacion-y-la-sostenibilidad-de-la-region-metropolitana-de-barcelona\/\",\"name\":\"El Pacto Industrial reafirma su apuesta por la industria de la movilidad sostenible como motor para la innovaci\\u00f3n, la ocupaci\\u00f3n y la sostenibilidad de la Regi\\u00f3n Metropolitana de Barcelona - Pacte Industrial RMB\",\"isPartOf\":{\"@id\":\"https:\/\/www.pacteindustrial.org\/ca\/#website\"},\"primaryImageOfPage\":{\"@id\":\"https:\/\/www.pacteindustrial.org\/es\/blog\/el-pacto-industrial-reafirma-su-apuesta-por-la-industria-de-la-movilidad-sostenible-como-motor-para-la-innovacion-la-ocupacion-y-la-sostenibilidad-de-la-region-metropolitana-de-barcelona\/#primaryimage\"},\"datePublished\":\"2021-11-24T13:51:41+00:00\",\"dateModified\":\"2024-07-08T13:23:09+00:00\",\"author\":{\"@id\":\"https:\/\/www.pacteindustrial.org\/ca\/#\/schema\/person\/f468d9850ca7905907ca1d9a87dd47a4\"},\"description\":\"Coloquio \\u201cLa electromovilidad: una apuesta para la innovaci\\u00f3n, la ocupaci\\u00f3n y la sostenibilidad de la RMB\\u201d y avance del estudio encargado.\",\"breadcrumb\":{\"@id\":\"https:\/\/www.pacteindustrial.org\/es\/blog\/el-pacto-industrial-reafirma-su-apuesta-por-la-industria-de-la-movilidad-sostenible-como-motor-para-la-innovacion-la-ocupacion-y-la-sostenibilidad-de-la-region-metropolitana-de-barcelona\/#breadcrumb\"},\"inLanguage\":\"es\",\"potentialAction\":[{\"@type\":\"ReadAction\",\"target\":[\"https:\/\/www.pacteindustrial.org\/es\/blog\/el-pacto-industrial-reafirma-su-apuesta-por-la-industria-de-la-movilidad-sostenible-como-motor-para-la-innovacion-la-ocupacion-y-la-sostenibilidad-de-la-region-metropolitana-de-barcelona\/\"]}]},{\"@type\":\"BreadcrumbList\",\"@id\":\"https:\/\/www.pacteindustrial.org\/es\/blog\/el-pacto-industrial-reafirma-su-apuesta-por-la-industria-de-la-movilidad-sostenible-como-motor-para-la-innovacion-la-ocupacion-y-la-sostenibilidad-de-la-region-metropolitana-de-barcelona\/#breadcrumb\",\"itemListElement\":[{\"@type\":\"ListItem\",\"position\":1,\"item\":{\"@type\":\"WebPage\",\"@id\":\"https:\/\/www.pacteindustrial.org\/es\/\",\"url\":\"https:\/\/www.pacteindustrial.org\/es\/\",\"name\":\"Home\"}},{\"@type\":\"ListItem\",\"position\":2,\"item\":{\"@type\":\"WebPage\",\"@id\":\"https:\/\/www.pacteindustrial.org\/es\/blog\/el-pacto-industrial-reafirma-su-apuesta-por-la-industria-de-la-movilidad-sostenible-como-motor-para-la-innovacion-la-ocupacion-y-la-sostenibilidad-de-la-region-metropolitana-de-barcelona\/\",\"url\":\"https:\/\/www.pacteindustrial.org\/es\/blog\/el-pacto-industrial-reafirma-su-apuesta-por-la-industria-de-la-movilidad-sostenible-como-motor-para-la-innovacion-la-ocupacion-y-la-sostenibilidad-de-la-region-metropolitana-de-barcelona\/\",\"name\":\"El Pacto Industrial reafirma su apuesta por la industria de la movilidad sostenible como motor para la innovaci\\u00f3n, la ocupaci\\u00f3n y la sostenibilidad de la Regi\\u00f3n Metropolitana de Barcelona\"}}]},{\"@type\":\"Person\",\"@id\":\"https:\/\/www.pacteindustrial.org\/ca\/#\/schema\/person\/f468d9850ca7905907ca1d9a87dd47a4\",\"name\":\"cmartinez@pacteindustrial.org\",\"image\":{\"@type\":\"ImageObject\",\"@id\":\"https:\/\/www.pacteindustrial.org\/ca\/#personlogo\",\"inLanguage\":\"es\",\"url\":\"https:\/\/secure.gravatar.com\/avatar\/fcee0cfd9e0b9895b8dd291573c84526?s=96&d=mm&r=g\",\"contentUrl\":\"https:\/\/secure.gravatar.com\/avatar\/fcee0cfd9e0b9895b8dd291573c84526?s=96&d=mm&r=g\",\"caption\":\"cmartinez@pacteindustrial.org\"}}]}<\/script>\n<!-- \/ Yoast SEO plugin. -->","_links":{"self":[{"href":"https:\/\/www.pacteindustrial.org\/es\/wp-json\/wp\/v2\/posts\/15493"}],"collection":[{"href":"https:\/\/www.pacteindustrial.org\/es\/wp-json\/wp\/v2\/posts"}],"about":[{"href":"https:\/\/www.pacteindustrial.org\/es\/wp-json\/wp\/v2\/types\/post"}],"author":[{"embeddable":true,"href":"https:\/\/www.pacteindustrial.org\/es\/wp-json\/wp\/v2\/users\/6"}],"replies":[{"embeddable":true,"href":"https:\/\/www.pacteindustrial.org\/es\/wp-json\/wp\/v2\/comments?post=15493"}],"version-history":[{"count":10,"href":"https:\/\/www.pacteindustrial.org\/es\/wp-json\/wp\/v2\/posts\/15493\/revisions"}],"predecessor-version":[{"id":15611,"href":"https:\/\/www.pacteindustrial.org\/es\/wp-json\/wp\/v2\/posts\/15493\/revisions\/15611"}],"wp:featuredmedia":[{"embeddable":true,"href":"https:\/\/www.pacteindustrial.org\/es\/wp-json\/wp\/v2\/media\/15235"}],"wp:attachment":[{"href":"https:\/\/www.pacteindustrial.org\/es\/wp-json\/wp\/v2\/media?parent=15493"}],"wp:term":[{"taxonomy":"category","embeddable":true,"href":"https:\/\/www.pacteindustrial.org\/es\/wp-json\/wp\/v2\/categories?post=15493"},{"taxonomy":"post_tag","embeddable":true,"href":"https:\/\/www.pacteindustrial.org\/es\/wp-json\/wp\/v2\/tags?post=15493"},{"taxonomy":"post_scope","embeddable":true,"href":"https:\/\/www.pacteindustrial.org\/es\/wp-json\/wp\/v2\/post_scope?post=15493"}],"curies":[{"name":"wp","href":"https:\/\/api.w.org\/{rel}","templated":true}]}}