{"id":16197,"date":"2022-04-23T08:36:00","date_gmt":"2022-04-23T06:36:00","guid":{"rendered":"https:\/\/www.pacteindustrial.org\/blog\/algunas-recomendaciones-de-libros-por-sant-jordi\/"},"modified":"2023-03-31T10:25:18","modified_gmt":"2023-03-31T08:25:18","slug":"algunas-recomendaciones-de-libros-por-sant-jordi","status":"publish","type":"post","link":"https:\/\/www.pacteindustrial.org\/es\/blog\/algunas-recomendaciones-de-libros-por-sant-jordi\/","title":{"rendered":"Algunas recomendaciones de libros por Sant Jordi"},"content":{"rendered":"\n<p>\ud83c\udf39\ud83d\udc32 \ud83d\udcd6 Un a\u00f1o m\u00e1s queremos recomendaros algunas lecturas coincidiendo con la celebraci\u00f3n de Sant Jordi. No olvid\u00e9is que en la secci\u00f3n \u00abPublicaciones\u00bb de esta web pod\u00e9is encontrar las ediciones del Pacto Industrial.<\/p>\n\n\n\n<p><span class=\"has-inline-color has-luminous-vivid-orange-color\"><strong>Feliz diada de Sant Jordi y buenas lecturas!<\/strong><\/span><\/p>\n\n\n\n<p><em>Haced clic en cada t\u00edtulo para m\u00e1s informaci\u00f3n:<\/em><\/p>\n\n\n\n<hr class=\"wp-block-separator\"\/>\n\n\n\n<div class=\"wp-block-media-text alignwide is-stacked-on-mobile\" style=\"grid-template-columns:37% auto\"><figure class=\"wp-block-media-text__media\"><img loading=\"lazy\" width=\"568\" height=\"874\" src=\"https:\/\/www.pacteindustrial.org\/wp-content\/uploads\/2022\/04\/2022.04.23_Sant-Jordi_01.jpg\" alt=\"\" class=\"wp-image-16141 size-full\" srcset=\"https:\/\/www.pacteindustrial.org\/wp-content\/uploads\/2022\/04\/2022.04.23_Sant-Jordi_01.jpg 568w, https:\/\/www.pacteindustrial.org\/wp-content\/uploads\/2022\/04\/2022.04.23_Sant-Jordi_01-195x300.jpg 195w, https:\/\/www.pacteindustrial.org\/wp-content\/uploads\/2022\/04\/2022.04.23_Sant-Jordi_01-200x308.jpg 200w\" sizes=\"(max-width: 568px) 100vw, 568px\" \/><\/figure><div class=\"wp-block-media-text__content\">\n<h3><strong><a href=\"https:\/\/www.bloomsbury.com\/uk\/brief-history-of-motion-9781526608321\/\" target=\"_blank\" rel=\"noreferrer noopener\">A Brief History of Motion. From the Wheel to the Car to What Comes Next<\/a><\/strong><\/h3>\n\n\n\n<p><strong>Tom Standage<\/strong> (2021)<\/p>\n<\/div><\/div>\n\n\n\n<hr class=\"wp-block-separator\"\/>\n\n\n\n<div class=\"wp-block-media-text alignwide is-stacked-on-mobile\" style=\"grid-template-columns:37% auto\"><figure class=\"wp-block-media-text__media\"><img loading=\"lazy\" width=\"210\" height=\"315\" src=\"https:\/\/www.pacteindustrial.org\/wp-content\/uploads\/2022\/04\/2022.04.23_Sant-Jordi_02.jpg\" alt=\"\" class=\"wp-image-16144 size-full\" srcset=\"https:\/\/www.pacteindustrial.org\/wp-content\/uploads\/2022\/04\/2022.04.23_Sant-Jordi_02.jpg 210w, https:\/\/www.pacteindustrial.org\/wp-content\/uploads\/2022\/04\/2022.04.23_Sant-Jordi_02-200x300.jpg 200w\" sizes=\"(max-width: 210px) 100vw, 210px\" \/><\/figure><div class=\"wp-block-media-text__content\">\n<h3><strong><span style=\"color:#e04e35\" class=\"has-inline-color\"><a href=\"https:\/\/islandpress.org\/books\/new-mobilities\" target=\"_blank\" rel=\"noreferrer noopener\">New Mobilities. Smart Planning for Emerging Transportation Technologies <\/a><\/span><\/strong><\/h3>\n\n\n\n<p><strong>Todd Litman<\/strong> (2021)<\/p>\n<\/div><\/div>\n\n\n\n<hr class=\"wp-block-separator\"\/>\n\n\n\n<div class=\"wp-block-media-text alignwide is-stacked-on-mobile\" style=\"grid-template-columns:37% auto\"><figure class=\"wp-block-media-text__media\"><img loading=\"lazy\" width=\"550\" height=\"825\" src=\"https:\/\/www.pacteindustrial.org\/wp-content\/uploads\/2022\/04\/2022.04.23_Sant-Jordi_03.jpg\" alt=\"\" class=\"wp-image-16147 size-full\" srcset=\"https:\/\/www.pacteindustrial.org\/wp-content\/uploads\/2022\/04\/2022.04.23_Sant-Jordi_03.jpg 550w, https:\/\/www.pacteindustrial.org\/wp-content\/uploads\/2022\/04\/2022.04.23_Sant-Jordi_03-200x300.jpg 200w\" sizes=\"(max-width: 550px) 100vw, 550px\" \/><\/figure><div class=\"wp-block-media-text__content\">\n<h3><strong><span style=\"color:#e04e35\" class=\"has-inline-color\"><a href=\"https:\/\/bostonreview.net\/issue\/forum-xix-summer-2021\/\" target=\"_blank\" rel=\"noreferrer noopener\">Public Purpose. Industrial Policy&#8217;s Comeback and Government&#8217;s Role in Shared Prosperity<\/a><\/span><\/strong><\/h3>\n\n\n\n<p><strong>Mariana Mazzucato<\/strong> (2021)<\/p>\n<\/div><\/div>\n\n\n\n<hr class=\"wp-block-separator\"\/>\n\n\n\n<div class=\"wp-block-media-text alignwide is-stacked-on-mobile\" style=\"grid-template-columns:37% auto\"><figure class=\"wp-block-media-text__media\"><img loading=\"lazy\" width=\"689\" height=\"1024\" src=\"https:\/\/www.pacteindustrial.org\/wp-content\/uploads\/2022\/04\/2022.04.23_Sant-Jordi_04-689x1024.jpg\" alt=\"\" class=\"wp-image-16148 size-full\" srcset=\"https:\/\/www.pacteindustrial.org\/wp-content\/uploads\/2022\/04\/2022.04.23_Sant-Jordi_04-689x1024.jpg 689w, https:\/\/www.pacteindustrial.org\/wp-content\/uploads\/2022\/04\/2022.04.23_Sant-Jordi_04-202x300.jpg 202w, https:\/\/www.pacteindustrial.org\/wp-content\/uploads\/2022\/04\/2022.04.23_Sant-Jordi_04-768x1141.jpg 768w, https:\/\/www.pacteindustrial.org\/wp-content\/uploads\/2022\/04\/2022.04.23_Sant-Jordi_04-1034x1536.jpg 1034w, https:\/\/www.pacteindustrial.org\/wp-content\/uploads\/2022\/04\/2022.04.23_Sant-Jordi_04-1378x2048.jpg 1378w, https:\/\/www.pacteindustrial.org\/wp-content\/uploads\/2022\/04\/2022.04.23_Sant-Jordi_04-200x297.jpg 200w, https:\/\/www.pacteindustrial.org\/wp-content\/uploads\/2022\/04\/2022.04.23_Sant-Jordi_04.jpg 1723w\" sizes=\"(max-width: 689px) 100vw, 689px\" \/><\/figure><div class=\"wp-block-media-text__content\">\n<h3><strong><span style=\"color:#e04e35\" class=\"has-inline-color\"><a href=\"https:\/\/shop.harvard.com\/book\/9781647821302\" target=\"_blank\" rel=\"noreferrer noopener\">Net Positive: How Courageous Companies Thrive by Giving More Than They Take<\/a><\/span><\/strong><\/h3>\n\n\n\n<p><strong>Paul Polman i Andrew Winston<\/strong> (2021)<\/p>\n<\/div><\/div>\n\n\n\n<hr class=\"wp-block-separator\"\/>\n\n\n\n<div class=\"wp-block-media-text alignwide is-stacked-on-mobile\" style=\"grid-template-columns:37% auto\"><figure class=\"wp-block-media-text__media\"><img loading=\"lazy\" width=\"452\" height=\"698\" src=\"https:\/\/www.pacteindustrial.org\/wp-content\/uploads\/2022\/04\/2022.04.23_Sant-Jordi_05.jpg\" alt=\"\" class=\"wp-image-16153 size-full\" srcset=\"https:\/\/www.pacteindustrial.org\/wp-content\/uploads\/2022\/04\/2022.04.23_Sant-Jordi_05.jpg 452w, https:\/\/www.pacteindustrial.org\/wp-content\/uploads\/2022\/04\/2022.04.23_Sant-Jordi_05-194x300.jpg 194w, https:\/\/www.pacteindustrial.org\/wp-content\/uploads\/2022\/04\/2022.04.23_Sant-Jordi_05-200x309.jpg 200w\" sizes=\"(max-width: 452px) 100vw, 452px\" \/><\/figure><div class=\"wp-block-media-text__content\">\n<h3><strong><span style=\"color:#e04e35\" class=\"has-inline-color\"><a href=\"https:\/\/www.penguinlibros.com\/es\/ciencia-y-tecnologia\/282453-libro-como-evitar-un-desastre-climatico-9788466358606\" target=\"_blank\" rel=\"noreferrer noopener\">C\u00f3mo evitar un desastre clim\u00e1tico. Las soluciones que ya tenemos y los avances que a\u00fan necesitamos <\/a><\/span><\/strong><\/h3>\n\n\n\n<p><strong>Bill Gates<\/strong> (2022)<\/p>\n<\/div><\/div>\n\n\n\n<hr class=\"wp-block-separator\"\/>\n\n\n\n<div class=\"wp-block-media-text alignwide is-stacked-on-mobile\" style=\"grid-template-columns:37% auto\"><figure class=\"wp-block-media-text__media\"><img loading=\"lazy\" width=\"669\" height=\"1024\" src=\"https:\/\/www.pacteindustrial.org\/wp-content\/uploads\/2022\/04\/2022.04.23_Sant-Jordi_06-669x1024.jpg\" alt=\"\" class=\"wp-image-16154 size-full\" srcset=\"https:\/\/www.pacteindustrial.org\/wp-content\/uploads\/2022\/04\/2022.04.23_Sant-Jordi_06-669x1024.jpg 669w, https:\/\/www.pacteindustrial.org\/wp-content\/uploads\/2022\/04\/2022.04.23_Sant-Jordi_06-196x300.jpg 196w, https:\/\/www.pacteindustrial.org\/wp-content\/uploads\/2022\/04\/2022.04.23_Sant-Jordi_06-768x1176.jpg 768w, https:\/\/www.pacteindustrial.org\/wp-content\/uploads\/2022\/04\/2022.04.23_Sant-Jordi_06-200x306.jpg 200w, https:\/\/www.pacteindustrial.org\/wp-content\/uploads\/2022\/04\/2022.04.23_Sant-Jordi_06.jpg 900w\" sizes=\"(max-width: 669px) 100vw, 669px\" \/><\/figure><div class=\"wp-block-media-text__content\">\n<h3><strong><span style=\"color:#e04e35\" class=\"has-inline-color\"><a href=\"https:\/\/us.macmillan.com\/books\/9780374534882\/happy-city-transforming-our-lives-through-urban-design\" target=\"_blank\" rel=\"noreferrer noopener\">Happy City: Transforming Our Lives Through Urban Design<\/a><\/span><\/strong><\/h3>\n\n\n\n<p><strong>Charles Montgomery<\/strong> (2013)<\/p>\n<\/div><\/div>\n\n\n\n<hr class=\"wp-block-separator\"\/>\n\n\n\n<div class=\"wp-block-media-text alignwide is-stacked-on-mobile\" style=\"grid-template-columns:37% auto\"><figure class=\"wp-block-media-text__media\"><img loading=\"lazy\" width=\"667\" height=\"1000\" src=\"https:\/\/www.pacteindustrial.org\/wp-content\/uploads\/2022\/04\/2022.04.23_Sant-Jordi_07.jpg\" alt=\"\" class=\"wp-image-16159 size-full\" srcset=\"https:\/\/www.pacteindustrial.org\/wp-content\/uploads\/2022\/04\/2022.04.23_Sant-Jordi_07.jpg 667w, https:\/\/www.pacteindustrial.org\/wp-content\/uploads\/2022\/04\/2022.04.23_Sant-Jordi_07-200x300.jpg 200w\" sizes=\"(max-width: 667px) 100vw, 667px\" \/><\/figure><div class=\"wp-block-media-text__content\">\n<h3><span style=\"color:#e04e35\" class=\"has-inline-color\"><a href=\"https:\/\/www.hup.harvard.edu\/catalog.php?isbn=9780674273559\" target=\"_blank\" rel=\"noreferrer noopener\"><strong>A Brief History of Equality<\/strong><\/a><\/span><\/h3>\n\n\n\n<p><strong>Thomas Piketty<\/strong> (2022)<\/p>\n<\/div><\/div>\n\n\n\n<hr class=\"wp-block-separator\"\/>\n\n\n\n<div class=\"wp-block-media-text alignwide is-stacked-on-mobile\" style=\"grid-template-columns:37% auto\"><figure class=\"wp-block-media-text__media\"><img loading=\"lazy\" width=\"686\" height=\"1024\" src=\"https:\/\/www.pacteindustrial.org\/wp-content\/uploads\/2022\/04\/2022.04.23_Sant-Jordi_08-686x1024.jpg\" alt=\"\" class=\"wp-image-16160 size-full\" srcset=\"https:\/\/www.pacteindustrial.org\/wp-content\/uploads\/2022\/04\/2022.04.23_Sant-Jordi_08-686x1024.jpg 686w, https:\/\/www.pacteindustrial.org\/wp-content\/uploads\/2022\/04\/2022.04.23_Sant-Jordi_08-201x300.jpg 201w, https:\/\/www.pacteindustrial.org\/wp-content\/uploads\/2022\/04\/2022.04.23_Sant-Jordi_08-768x1147.jpg 768w, https:\/\/www.pacteindustrial.org\/wp-content\/uploads\/2022\/04\/2022.04.23_Sant-Jordi_08-1029x1536.jpg 1029w, https:\/\/www.pacteindustrial.org\/wp-content\/uploads\/2022\/04\/2022.04.23_Sant-Jordi_08-200x299.jpg 200w, https:\/\/www.pacteindustrial.org\/wp-content\/uploads\/2022\/04\/2022.04.23_Sant-Jordi_08.jpg 1227w\" sizes=\"(max-width: 686px) 100vw, 686px\" \/><\/figure><div class=\"wp-block-media-text__content\">\n<h3><strong><a href=\"https:\/\/www.hup.harvard.edu\/catalog.php?isbn=9780674286054\" target=\"_blank\" rel=\"noreferrer noopener\">Smart Citizens, Smarter State. The Technologies of Expertise and the Future of Governing<\/a><\/strong><\/h3>\n\n\n\n<p><strong>Beth Simone Noveck <\/strong>(2015)<\/p>\n<\/div><\/div>\n\n\n\n<hr class=\"wp-block-separator\"\/>\n\n\n\n<p><\/p>\n","protected":false},"excerpt":{"rendered":"<p>\ud83c\udf39\ud83d\udc32 \ud83d\udcd6 Un a\u00f1o m\u00e1s queremos recomendaros algunas lecturas coincidiendo con la celebraci\u00f3n de Sant Jordi. No olvid\u00e9is que en la secci\u00f3n \u00abPublicaciones\u00bb de esta web pod\u00e9is encontrar las ediciones del Pacto Industrial. Feliz diada de Sant Jordi y buenas lecturas! Haced clic en cada t\u00edtulo para m\u00e1s informaci\u00f3n: A Brief History of Motion. From [&#8230;]<\/p>\n","protected":false},"author":6,"featured_media":16178,"comment_status":"open","ping_status":"open","sticky":false,"template":"","format":"standard","meta":[],"categories":[340],"tags":[327],"post_scope":[],"yoast_head":"<!-- This site is optimized with the Yoast SEO plugin v16.1.1 - https:\/\/yoast.com\/wordpress\/plugins\/seo\/ -->\n<title>Algunas recomendaciones de libros por Sant Jordi - Pacte Industrial RMB<\/title>\n<meta name=\"description\" content=\"Un a\u00f1o m\u00e1s queremos recomendaros algunas lecturas coincidiendo con la celebraci\u00f3n de Sant Jordi. Feliz diada y buenas lecturas!\" \/>\n<link rel=\"canonical\" href=\"https:\/\/www.pacteindustrial.org\/es\/blog\/algunas-recomendaciones-de-libros-por-sant-jordi\/\" \/>\n<meta property=\"og:locale\" content=\"es_ES\" \/>\n<meta property=\"og:type\" content=\"article\" \/>\n<meta property=\"og:title\" content=\"Algunas recomendaciones de libros por Sant Jordi - Pacte Industrial RMB\" \/>\n<meta property=\"og:description\" content=\"Un a\u00f1o m\u00e1s queremos recomendaros algunas lecturas coincidiendo con la celebraci\u00f3n de Sant Jordi. Feliz diada y buenas lecturas!\" \/>\n<meta property=\"og:url\" content=\"https:\/\/www.pacteindustrial.org\/es\/blog\/algunas-recomendaciones-de-libros-por-sant-jordi\/\" \/>\n<meta property=\"og:site_name\" content=\"Pacte Industrial RMB\" \/>\n<meta property=\"article:published_time\" content=\"2022-04-23T06:36:00+00:00\" \/>\n<meta property=\"article:modified_time\" content=\"2023-03-31T08:25:18+00:00\" \/>\n<meta property=\"og:image\" content=\"https:\/\/www.pacteindustrial.org\/wp-content\/uploads\/2022\/04\/2022.04.23-Sant-Jordi_web.png\" \/>\n\t<meta property=\"og:image:width\" content=\"1024\" \/>\n\t<meta property=\"og:image:height\" content=\"781\" \/>\n<meta name=\"twitter:card\" content=\"summary_large_image\" \/>\n<meta name=\"twitter:label1\" content=\"Tiempo de lectura\">\n\t<meta name=\"twitter:data1\" content=\"3 minutos\">\n<script type=\"application\/ld+json\" class=\"yoast-schema-graph\">{\"@context\":\"https:\/\/schema.org\",\"@graph\":[{\"@type\":\"WebSite\",\"@id\":\"https:\/\/www.pacteindustrial.org\/ca\/#website\",\"url\":\"https:\/\/www.pacteindustrial.org\/ca\/\",\"name\":\"Pacte Industrial RMB\",\"description\":\"\",\"potentialAction\":[{\"@type\":\"SearchAction\",\"target\":\"https:\/\/www.pacteindustrial.org\/ca\/?s={search_term_string}\",\"query-input\":\"required name=search_term_string\"}],\"inLanguage\":\"es\"},{\"@type\":\"ImageObject\",\"@id\":\"https:\/\/www.pacteindustrial.org\/es\/blog\/algunas-recomendaciones-de-libros-por-sant-jordi\/#primaryimage\",\"inLanguage\":\"es\",\"url\":\"https:\/\/www.pacteindustrial.org\/wp-content\/uploads\/2022\/04\/2022.04.23-Sant-Jordi_web.png\",\"contentUrl\":\"https:\/\/www.pacteindustrial.org\/wp-content\/uploads\/2022\/04\/2022.04.23-Sant-Jordi_web.png\",\"width\":1024,\"height\":781},{\"@type\":\"WebPage\",\"@id\":\"https:\/\/www.pacteindustrial.org\/es\/blog\/algunas-recomendaciones-de-libros-por-sant-jordi\/#webpage\",\"url\":\"https:\/\/www.pacteindustrial.org\/es\/blog\/algunas-recomendaciones-de-libros-por-sant-jordi\/\",\"name\":\"Algunas recomendaciones de libros por Sant Jordi - Pacte Industrial RMB\",\"isPartOf\":{\"@id\":\"https:\/\/www.pacteindustrial.org\/ca\/#website\"},\"primaryImageOfPage\":{\"@id\":\"https:\/\/www.pacteindustrial.org\/es\/blog\/algunas-recomendaciones-de-libros-por-sant-jordi\/#primaryimage\"},\"datePublished\":\"2022-04-23T06:36:00+00:00\",\"dateModified\":\"2023-03-31T08:25:18+00:00\",\"author\":{\"@id\":\"https:\/\/www.pacteindustrial.org\/ca\/#\/schema\/person\/f468d9850ca7905907ca1d9a87dd47a4\"},\"description\":\"Un a\\u00f1o m\\u00e1s queremos recomendaros algunas lecturas coincidiendo con la celebraci\\u00f3n de Sant Jordi. Feliz diada y buenas lecturas!\",\"breadcrumb\":{\"@id\":\"https:\/\/www.pacteindustrial.org\/es\/blog\/algunas-recomendaciones-de-libros-por-sant-jordi\/#breadcrumb\"},\"inLanguage\":\"es\",\"potentialAction\":[{\"@type\":\"ReadAction\",\"target\":[\"https:\/\/www.pacteindustrial.org\/es\/blog\/algunas-recomendaciones-de-libros-por-sant-jordi\/\"]}]},{\"@type\":\"BreadcrumbList\",\"@id\":\"https:\/\/www.pacteindustrial.org\/es\/blog\/algunas-recomendaciones-de-libros-por-sant-jordi\/#breadcrumb\",\"itemListElement\":[{\"@type\":\"ListItem\",\"position\":1,\"item\":{\"@type\":\"WebPage\",\"@id\":\"https:\/\/www.pacteindustrial.org\/es\/\",\"url\":\"https:\/\/www.pacteindustrial.org\/es\/\",\"name\":\"Home\"}},{\"@type\":\"ListItem\",\"position\":2,\"item\":{\"@type\":\"WebPage\",\"@id\":\"https:\/\/www.pacteindustrial.org\/es\/blog\/algunas-recomendaciones-de-libros-por-sant-jordi\/\",\"url\":\"https:\/\/www.pacteindustrial.org\/es\/blog\/algunas-recomendaciones-de-libros-por-sant-jordi\/\",\"name\":\"Algunas recomendaciones de libros por Sant Jordi\"}}]},{\"@type\":\"Person\",\"@id\":\"https:\/\/www.pacteindustrial.org\/ca\/#\/schema\/person\/f468d9850ca7905907ca1d9a87dd47a4\",\"name\":\"cmartinez@pacteindustrial.org\",\"image\":{\"@type\":\"ImageObject\",\"@id\":\"https:\/\/www.pacteindustrial.org\/ca\/#personlogo\",\"inLanguage\":\"es\",\"url\":\"https:\/\/secure.gravatar.com\/avatar\/fcee0cfd9e0b9895b8dd291573c84526?s=96&d=mm&r=g\",\"contentUrl\":\"https:\/\/secure.gravatar.com\/avatar\/fcee0cfd9e0b9895b8dd291573c84526?s=96&d=mm&r=g\",\"caption\":\"cmartinez@pacteindustrial.org\"}}]}<\/script>\n<!-- \/ Yoast SEO plugin. -->","_links":{"self":[{"href":"https:\/\/www.pacteindustrial.org\/es\/wp-json\/wp\/v2\/posts\/16197"}],"collection":[{"href":"https:\/\/www.pacteindustrial.org\/es\/wp-json\/wp\/v2\/posts"}],"about":[{"href":"https:\/\/www.pacteindustrial.org\/es\/wp-json\/wp\/v2\/types\/post"}],"author":[{"embeddable":true,"href":"https:\/\/www.pacteindustrial.org\/es\/wp-json\/wp\/v2\/users\/6"}],"replies":[{"embeddable":true,"href":"https:\/\/www.pacteindustrial.org\/es\/wp-json\/wp\/v2\/comments?post=16197"}],"version-history":[{"count":11,"href":"https:\/\/www.pacteindustrial.org\/es\/wp-json\/wp\/v2\/posts\/16197\/revisions"}],"predecessor-version":[{"id":19005,"href":"https:\/\/www.pacteindustrial.org\/es\/wp-json\/wp\/v2\/posts\/16197\/revisions\/19005"}],"wp:featuredmedia":[{"embeddable":true,"href":"https:\/\/www.pacteindustrial.org\/es\/wp-json\/wp\/v2\/media\/16178"}],"wp:attachment":[{"href":"https:\/\/www.pacteindustrial.org\/es\/wp-json\/wp\/v2\/media?parent=16197"}],"wp:term":[{"taxonomy":"category","embeddable":true,"href":"https:\/\/www.pacteindustrial.org\/es\/wp-json\/wp\/v2\/categories?post=16197"},{"taxonomy":"post_tag","embeddable":true,"href":"https:\/\/www.pacteindustrial.org\/es\/wp-json\/wp\/v2\/tags?post=16197"},{"taxonomy":"post_scope","embeddable":true,"href":"https:\/\/www.pacteindustrial.org\/es\/wp-json\/wp\/v2\/post_scope?post=16197"}],"curies":[{"name":"wp","href":"https:\/\/api.w.org\/{rel}","templated":true}]}}