{"id":17315,"date":"2022-09-19T13:14:57","date_gmt":"2022-09-19T11:14:57","guid":{"rendered":"https:\/\/www.pacteindustrial.org\/blog\/presentacion-de-la-mision-economia-innovadora-e-inclusiva-del-compromiso-metropolitano-2030\/"},"modified":"2022-11-03T19:10:40","modified_gmt":"2022-11-03T17:10:40","slug":"presentacion-de-la-mision-economia-innovadora-e-inclusiva-del-compromiso-metropolitano-2030","status":"publish","type":"post","link":"https:\/\/www.pacteindustrial.org\/es\/blog\/presentacion-de-la-mision-economia-innovadora-e-inclusiva-del-compromiso-metropolitano-2030\/","title":{"rendered":"Presentaci\u00f3n de la misi\u00f3n \u00abEconom\u00eda innovadora e inclusiva\u00bb del Compromiso Metropolitano 2030"},"content":{"rendered":"\n<p>El pasado 13 de septiembre ha tenido lugar en el Centro Cultural de Martorell la presentaci\u00f3 de la <strong>misi\u00f3n \u00abEconom\u00eda innovadora e inclusiva\u00bb <\/strong>que forma parte del proceso de reflexi\u00f3n <strong>Compromiso Metropolitano 2030<\/strong> propuesto por el <strong><a href=\"https:\/\/pemb.cat\/\" target=\"_blank\" rel=\"noreferrer noopener\">Plan Estrat\u00e9gico Metropolitano de Barcelona<\/a><\/strong> (PEMB). Esta misi\u00f3n tiene como objetivo impulsar la <strong>transferencia tecnol\u00f3gica de Barcelona como territorio innovador<\/strong>.<\/p>\n\n<p>Durante el mes de septiembre se celebrar\u00e1n encuentros en diversas localidades (ver\u00a0<a href=\"https:\/\/pemb.cat\/ca\/noticies\/el_pemb_organitza_una_gira_a_8_municipis_de_la_regio_metropolitana_de_barcelona_que_culminara_amb_la_presentacio_de_les_missions_del_compromis_metropolita_2030\/358\/\" target=\"_blank\" rel=\"noreferrer noopener\">calendario de sessiones<\/a>) para dar a conocer las <strong>8 misiones<\/strong> que quieren <strong>impulsar el progreso econ\u00f3mico y social<\/strong> para <strong>reducir las desigualdades y la segregaci\u00f3n urbana <\/strong>en el conjunto de la regi\u00f3n metropolitana de Barcelona en el contexto de <strong>emergencia clim\u00e1tica<\/strong>. La gira concluir\u00e1 pr\u00f3ximamente con un acto de presentaci\u00f3n del Compromiso Metropolitano 2030.<\/p>\n\n<h2>Prosperidad para todos<\/h2>\n\n<p>Los participantes en la jornada han reflexionado sobre c\u00f3mo podemos dirigirnos hacia una <strong>econom\u00eda que proporcione prosperidad para todos<\/strong>. Han concluido que disponer de una <strong>estructura diversificada<\/strong> y con un peso creciente de la <strong>innovaci\u00f3n en todas las actividades<\/strong>. <strong>Xavier Fonollosa<\/strong>, alcalde de Martorell, ha insistido en que los ayuntamientos han de acompa\u00f1ar a las empresas en sus proyectos de innovaci\u00f3n. <strong>Eva Menor<\/strong>, vicepresidenta del Pacto Industrial y alcaldesa de Badia del Vall\u00e8s, ha destacado el papel del mundo local como motor de innovaci\u00f3n. Tambi\u00e9n ha defendido que trabajar por misiones, colaborando entre las administraciones p\u00fablicas, facilita un desarrollo local sostenible.<\/p>\n\n<p>Por su parte, <strong>Jordi Mart\u00ed<\/strong>, presidente de la Comisi\u00f3n Ejecutiva del PEMB, ha se\u00f1alado que el peso de la industria en un territorio es un buen indicador de su nivel de inclusividad, ya que la industria aporta puestos de trabajo m\u00e1s estables, y por lo tanto de m\u00e1s calidad. <strong>Fernando Vicente Benetti<\/strong>, consejero de Hacienda, R\u00e9gimen Interior, Acompa\u00f1amiento Local, Administraci\u00f3n Electr\u00f3nica y Agenda Urbana del COnsejo Comarcal del Baix Llobregat, ha explicado que desde el ente comarcal est\u00e1n trabajando en impulsar la simbiosis industrial entre las pymes de la comarca, teniendo presente el marco del Pacto Nacional para la Industria.<\/p>\n\n<h2>Transferencia tecnol\u00f3gica<\/h2>\n\n<p><strong>Pere Condom-Vil\u00e0<\/strong>, director de la Oficina de Investigaci\u00f3n y Transferencia de Tecnolog\u00eda de la Universidad de Girona, ha apuntado que tenemos bien aprendidos los mecanismos de transferencia tecnol\u00f3gica y ahora hace falta impulsar una cultura de la transferencia entre la comunidad investigadora, y reconvertir los campus docentes en campus de innovaci\u00f3n, tal y como ya est\u00e1n haciendo universidades de prestigio alrededor del mundo. Tambi\u00e9n ha reconocido la necesidad de pol\u00edticas p\u00fablicas industriales y ha pedido la inclusi\u00f3n de la transferencia tecnol\u00f3gica en las pol\u00edticas p\u00fablicas locales.<\/p>\n\n<p>Para finalizar la sesi\u00f3n, ha tenido lugar una\u00a0<strong>mesa de proyectos<\/strong>, entre ellas el Campus de la Movilidad Sotenible UPC-Martorell &#8211;que tambi\u00e9n <a href=\"https:\/\/www.pacteindustrial.org\/ca\/blog\/els-agents-del-pacte-industrial-aposten-per-la-cooperacio-per-fer-del-campus-de-la-mobilitat-sostenible-upc-martorell-un-cas-dexit\/\">se present\u00f3 en el marco de la Comisi\u00f3n de Formaci\u00f3n del Pacto Industrial<\/a>&#8212; y que, en palabras de <strong>Rosa Cadenas<\/strong> regidora de Comercio y Promoci\u00f3n Econ\u00f3mica de Martorell, ha de convertirse en un centro de formaci\u00f3n de referencia y de excelencia. Ya en el exterior de la sala una vez finalizada la jornada, se ha expuesto el primer veh\u00edculo el\u00e9ctrico y sostenible capaz de hacer una cursa como el rally Dakar.<\/p>\n","protected":false},"excerpt":{"rendered":"<p>El pasado 13 de septiembre ha tenido lugar en el Centro Cultural de Martorell la presentaci\u00f3 de la misi\u00f3n \u00abEconom\u00eda innovadora e inclusiva\u00bb que forma parte del proceso de reflexi\u00f3n Compromiso Metropolitano 2030 propuesto por el Plan Estrat\u00e9gico Metropolitano de Barcelona (PEMB). Esta misi\u00f3n tiene como objetivo impulsar la transferencia tecnol\u00f3gica de Barcelona como territorio [&#8230;]<\/p>\n","protected":false},"author":6,"featured_media":17171,"comment_status":"open","ping_status":"open","sticky":false,"template":"","format":"standard","meta":[],"categories":[337],"tags":[],"post_scope":[189,187],"yoast_head":"<!-- This site is optimized with the Yoast SEO plugin v16.1.1 - https:\/\/yoast.com\/wordpress\/plugins\/seo\/ -->\n<title>Presentaci\u00f3n de la misi\u00f3n &quot;Econom\u00eda innovadora e inclusiva&quot; del Compromiso Metropolitano 2030 - Pacte Industrial RMB<\/title>\n<meta name=\"description\" content=\"Los participantes en la jornada han reflexionado sobre c\u00f3mo podemos dirigirnos hacia una econom\u00eda que proporcione prosperidad para todos.\" \/>\n<link rel=\"canonical\" href=\"https:\/\/www.pacteindustrial.org\/es\/blog\/presentacion-de-la-mision-economia-innovadora-e-inclusiva-del-compromiso-metropolitano-2030\/\" \/>\n<meta property=\"og:locale\" content=\"es_ES\" \/>\n<meta property=\"og:type\" content=\"article\" \/>\n<meta property=\"og:title\" content=\"Presentaci\u00f3n de la misi\u00f3n &quot;Econom\u00eda innovadora e inclusiva&quot; del Compromiso Metropolitano 2030 - Pacte Industrial RMB\" \/>\n<meta property=\"og:description\" content=\"Los participantes en la jornada han reflexionado sobre c\u00f3mo podemos dirigirnos hacia una econom\u00eda que proporcione prosperidad para todos.\" \/>\n<meta property=\"og:url\" content=\"https:\/\/www.pacteindustrial.org\/es\/blog\/presentacion-de-la-mision-economia-innovadora-e-inclusiva-del-compromiso-metropolitano-2030\/\" \/>\n<meta property=\"og:site_name\" content=\"Pacte Industrial RMB\" \/>\n<meta property=\"article:published_time\" content=\"2022-09-19T11:14:57+00:00\" \/>\n<meta property=\"article:modified_time\" content=\"2022-11-03T17:10:40+00:00\" \/>\n<meta property=\"og:image\" content=\"https:\/\/www.pacteindustrial.org\/wp-content\/uploads\/2022\/09\/2022.09.13_PEMB.jpg\" \/>\n\t<meta property=\"og:image:width\" content=\"2026\" \/>\n\t<meta property=\"og:image:height\" content=\"1351\" \/>\n<meta name=\"twitter:card\" content=\"summary_large_image\" \/>\n<meta name=\"twitter:label1\" content=\"Tiempo de lectura\">\n\t<meta name=\"twitter:data1\" content=\"3 minutos\">\n<script type=\"application\/ld+json\" class=\"yoast-schema-graph\">{\"@context\":\"https:\/\/schema.org\",\"@graph\":[{\"@type\":\"WebSite\",\"@id\":\"https:\/\/www.pacteindustrial.org\/ca\/#website\",\"url\":\"https:\/\/www.pacteindustrial.org\/ca\/\",\"name\":\"Pacte Industrial RMB\",\"description\":\"\",\"potentialAction\":[{\"@type\":\"SearchAction\",\"target\":\"https:\/\/www.pacteindustrial.org\/ca\/?s={search_term_string}\",\"query-input\":\"required name=search_term_string\"}],\"inLanguage\":\"es\"},{\"@type\":\"ImageObject\",\"@id\":\"https:\/\/www.pacteindustrial.org\/es\/blog\/presentacion-de-la-mision-economia-innovadora-e-inclusiva-del-compromiso-metropolitano-2030\/#primaryimage\",\"inLanguage\":\"es\",\"url\":\"https:\/\/www.pacteindustrial.org\/wp-content\/uploads\/2022\/09\/2022.09.13_PEMB.jpg\",\"contentUrl\":\"https:\/\/www.pacteindustrial.org\/wp-content\/uploads\/2022\/09\/2022.09.13_PEMB.jpg\",\"width\":2026,\"height\":1351},{\"@type\":\"WebPage\",\"@id\":\"https:\/\/www.pacteindustrial.org\/es\/blog\/presentacion-de-la-mision-economia-innovadora-e-inclusiva-del-compromiso-metropolitano-2030\/#webpage\",\"url\":\"https:\/\/www.pacteindustrial.org\/es\/blog\/presentacion-de-la-mision-economia-innovadora-e-inclusiva-del-compromiso-metropolitano-2030\/\",\"name\":\"Presentaci\\u00f3n de la misi\\u00f3n \\\"Econom\\u00eda innovadora e inclusiva\\\" del Compromiso Metropolitano 2030 - Pacte Industrial RMB\",\"isPartOf\":{\"@id\":\"https:\/\/www.pacteindustrial.org\/ca\/#website\"},\"primaryImageOfPage\":{\"@id\":\"https:\/\/www.pacteindustrial.org\/es\/blog\/presentacion-de-la-mision-economia-innovadora-e-inclusiva-del-compromiso-metropolitano-2030\/#primaryimage\"},\"datePublished\":\"2022-09-19T11:14:57+00:00\",\"dateModified\":\"2022-11-03T17:10:40+00:00\",\"author\":{\"@id\":\"https:\/\/www.pacteindustrial.org\/ca\/#\/schema\/person\/f468d9850ca7905907ca1d9a87dd47a4\"},\"description\":\"Los participantes en la jornada han reflexionado sobre c\\u00f3mo podemos dirigirnos hacia una econom\\u00eda que proporcione prosperidad para todos.\",\"breadcrumb\":{\"@id\":\"https:\/\/www.pacteindustrial.org\/es\/blog\/presentacion-de-la-mision-economia-innovadora-e-inclusiva-del-compromiso-metropolitano-2030\/#breadcrumb\"},\"inLanguage\":\"es\",\"potentialAction\":[{\"@type\":\"ReadAction\",\"target\":[\"https:\/\/www.pacteindustrial.org\/es\/blog\/presentacion-de-la-mision-economia-innovadora-e-inclusiva-del-compromiso-metropolitano-2030\/\"]}]},{\"@type\":\"BreadcrumbList\",\"@id\":\"https:\/\/www.pacteindustrial.org\/es\/blog\/presentacion-de-la-mision-economia-innovadora-e-inclusiva-del-compromiso-metropolitano-2030\/#breadcrumb\",\"itemListElement\":[{\"@type\":\"ListItem\",\"position\":1,\"item\":{\"@type\":\"WebPage\",\"@id\":\"https:\/\/www.pacteindustrial.org\/es\/\",\"url\":\"https:\/\/www.pacteindustrial.org\/es\/\",\"name\":\"Home\"}},{\"@type\":\"ListItem\",\"position\":2,\"item\":{\"@type\":\"WebPage\",\"@id\":\"https:\/\/www.pacteindustrial.org\/es\/blog\/presentacion-de-la-mision-economia-innovadora-e-inclusiva-del-compromiso-metropolitano-2030\/\",\"url\":\"https:\/\/www.pacteindustrial.org\/es\/blog\/presentacion-de-la-mision-economia-innovadora-e-inclusiva-del-compromiso-metropolitano-2030\/\",\"name\":\"Presentaci\\u00f3n de la misi\\u00f3n &#8220;Econom\\u00eda innovadora e inclusiva&#8221; del Compromiso Metropolitano 2030\"}}]},{\"@type\":\"Person\",\"@id\":\"https:\/\/www.pacteindustrial.org\/ca\/#\/schema\/person\/f468d9850ca7905907ca1d9a87dd47a4\",\"name\":\"cmartinez@pacteindustrial.org\",\"image\":{\"@type\":\"ImageObject\",\"@id\":\"https:\/\/www.pacteindustrial.org\/ca\/#personlogo\",\"inLanguage\":\"es\",\"url\":\"https:\/\/secure.gravatar.com\/avatar\/fcee0cfd9e0b9895b8dd291573c84526?s=96&d=mm&r=g\",\"contentUrl\":\"https:\/\/secure.gravatar.com\/avatar\/fcee0cfd9e0b9895b8dd291573c84526?s=96&d=mm&r=g\",\"caption\":\"cmartinez@pacteindustrial.org\"}}]}<\/script>\n<!-- \/ Yoast SEO plugin. -->","_links":{"self":[{"href":"https:\/\/www.pacteindustrial.org\/es\/wp-json\/wp\/v2\/posts\/17315"}],"collection":[{"href":"https:\/\/www.pacteindustrial.org\/es\/wp-json\/wp\/v2\/posts"}],"about":[{"href":"https:\/\/www.pacteindustrial.org\/es\/wp-json\/wp\/v2\/types\/post"}],"author":[{"embeddable":true,"href":"https:\/\/www.pacteindustrial.org\/es\/wp-json\/wp\/v2\/users\/6"}],"replies":[{"embeddable":true,"href":"https:\/\/www.pacteindustrial.org\/es\/wp-json\/wp\/v2\/comments?post=17315"}],"version-history":[{"count":2,"href":"https:\/\/www.pacteindustrial.org\/es\/wp-json\/wp\/v2\/posts\/17315\/revisions"}],"predecessor-version":[{"id":17692,"href":"https:\/\/www.pacteindustrial.org\/es\/wp-json\/wp\/v2\/posts\/17315\/revisions\/17692"}],"wp:featuredmedia":[{"embeddable":true,"href":"https:\/\/www.pacteindustrial.org\/es\/wp-json\/wp\/v2\/media\/17171"}],"wp:attachment":[{"href":"https:\/\/www.pacteindustrial.org\/es\/wp-json\/wp\/v2\/media?parent=17315"}],"wp:term":[{"taxonomy":"category","embeddable":true,"href":"https:\/\/www.pacteindustrial.org\/es\/wp-json\/wp\/v2\/categories?post=17315"},{"taxonomy":"post_tag","embeddable":true,"href":"https:\/\/www.pacteindustrial.org\/es\/wp-json\/wp\/v2\/tags?post=17315"},{"taxonomy":"post_scope","embeddable":true,"href":"https:\/\/www.pacteindustrial.org\/es\/wp-json\/wp\/v2\/post_scope?post=17315"}],"curies":[{"name":"wp","href":"https:\/\/api.w.org\/{rel}","templated":true}]}}