{"id":17924,"date":"2022-11-27T13:00:35","date_gmt":"2022-11-27T11:00:35","guid":{"rendered":"https:\/\/www.pacteindustrial.org\/blog\/el-consorcio-de-la-zona-franca-de-barcelona-nuevo-socio-especial-del-pacto-industrial-y-el-ayuntamiento-de-montmelo-nuevo-socio-ordinario\/"},"modified":"2024-07-08T15:20:28","modified_gmt":"2024-07-08T13:20:28","slug":"el-consorcio-de-la-zona-franca-de-barcelona-nuevo-socio-especial-del-pacto-industrial-y-el-ayuntamiento-de-montmelo-nuevo-socio-ordinario","status":"publish","type":"post","link":"https:\/\/www.pacteindustrial.org\/es\/blog\/el-consorcio-de-la-zona-franca-de-barcelona-nuevo-socio-especial-del-pacto-industrial-y-el-ayuntamiento-de-montmelo-nuevo-socio-ordinario\/","title":{"rendered":"El Consorcio de la Zona Franca de Barcelona, nuevo \u00absocio especial\u00bb del Pacto Industrial, y el Ayuntamiento de Montmel\u00f3, nuevo \u00absocio ordinario\u00bb"},"content":{"rendered":"\n<p id=\"block-4f80ee4d-8304-435b-8710-c924220f52f8\"><span style=\"font-weight: 400;\">El <\/span><b>Pacto Industrial<\/b><span style=\"font-weight: 400;\"> ha celebrado su <\/span><b>XXVI Consejo General<\/b><span style=\"font-weight: 400;\"> y la 51.\u00aa reuni\u00f3n del <\/span><b>Comit\u00e9 Ejecutivo<\/b><span style=\"font-weight: 400;\"> con la participaci\u00f3n de los representantes de los ayuntamientos y de las entidades que integran la asociaci\u00f3n. Las reuniones han tenido lugar el pasado 22 de noviembre en el BCIN de Badalona. La \u00faltima vez que la ciudad acogi\u00f3 esta celebraci\u00f3n fue en el a\u00f1o 2008.<\/span><\/p>\n\n<p id=\"block-9f721cec-9517-4981-a737-fb13ae2b8912\"><span style=\"font-weight: 400;\">Durante la reuni\u00f3n se ha aprobado una modificaci\u00f3n de los estatutos que incorpora el <\/span><b>Consorcio de la Zona Franca de Barcelona (CZFB)<\/b><span style=\"font-weight: 400;\"> como nuevo \u201csocio especial de car\u00e1cter relevante\u201d y como miembro del Comit\u00e9 Ejecutivo de la Asociaci\u00f3n, consolidando y fortaleciendo la colaboraci\u00f3n iniciada hace dos a\u00f1os. El delegado especial del Estado, <\/span><b>Pere Navarro<\/b><span style=\"font-weight: 400;\">, ha presentado este hecho como una apuesta coherente con el rol del consorcio como actor relevante para la industria metropolitana.<\/span><\/p>\n\n<p id=\"block-5ec9e51c-6377-43d3-b1e9-478dce4681e6\"><span style=\"font-weight: 400;\">Tambi\u00e9n se ha aprobado la adhesi\u00f3n del <\/span><b>Ayuntamiento de Montmel\u00f3<\/b><span style=\"font-weight: 400;\"> como socio ordinario del Pacto Industrial. Con estas incorporaciones, el Pacto Industrial contin\u00faa creciendo con la adhesi\u00f3n de nuevas entidades que trabajan para impulsar la competitividad de la industria, fomentar la creaci\u00f3n de ocupaci\u00f3n y mejorar la cohesi\u00f3n social y la sostenibillidad.<\/span><\/p>\n\n<figure class=\"wp-block-pullquote\"><blockquote><p>Ayuntamientos y agentes econ\u00f3micos y sociales metropolitanos exigen celeridad en el despliegue del Pacto Nacional para la Industria&#13;\n<\/p><\/blockquote><\/figure>\n<p><span style=\"font-weight: 400;\">El acto ha estado presidido por <\/span><b>Jaume Collboni<\/b><span style=\"font-weight: 400;\">, presidente del Consejo General del Pacto Industrial y primer teniente de alcald\u00eda de Econom\u00eda, Trabajo, Competitividad y Hacienda del Ayuntamiento de Barcelona. <\/span><b>Collboni <\/b><span style=\"font-weight: 400;\">ha se\u00f1alado que la aprobaci\u00f3n de los PERTE est\u00e1 contribuyendo de manera muy destacada a garantizar el futuro econ\u00f3mico de nuestro territorio. No obstante, frente al contexto econ\u00f3mico actual, tanto los ayuntamientos como los agentes econ\u00f3micos y sociales de la Regi\u00f3n Metropolitana de Barcelona esperamos que el Govern de la Generalitat despliegue de manera r\u00e1pida y efectiva el Pacto Nacional para la Industria, y permita dotar al sector de los instrumentos y los recursos presupuestarios necesarios para garantizar la ocupaci\u00f3n de calidad en una industria adaptada a las transiciones digital y ecol\u00f3gica.<\/span><\/p>\n\n<p id=\"block-d3df961a-9067-4739-9bcf-10923334b7c5\"><span style=\"font-weight: 400;\">La bienvenida ha ido a cargo de <\/span><b>Rub\u00e9n Guijarro<\/b><span style=\"font-weight: 400;\">, alcalde de Badalona. <\/span><b>Guijarro <\/b><span style=\"font-weight: 400;\">ha destacado que el Pacto Industrial es el mejor ejemplo de que solo desde la colaboraci\u00f3n entre diferentes actores e instituciones se puede conseguir que un territorio, en este caso el metropolitano, est\u00e9 cohesionado y avance para afrontar los retos m\u00e1s inmediatos que, sin duda, pasan por un modelo productivo y econ\u00f3mico m\u00e1s sostenible. Apostar por un di\u00e1logo que genere conocimiento y transforme las ciudades, es un objetivo que compartimos y trabajamos tambi\u00e9n desde Badalona.<\/span><\/p>\n\n<h2 id=\"block-578131a9-3622-4e1c-b419-62276a447759\">Cooperaci\u00f3n entre los actores<\/h2>\n\n<p id=\"block-17fcf124-ffaf-4dd4-b804-69f0491a22cd\"><span style=\"font-weight: 400;\">Por su parte, el coordinador gerente del Pacto Industrial, <\/span><b>Carles Rivera<\/b><span style=\"font-weight: 400;\">, ha presentado la <a href=\"https:\/\/www.pacteindustrial.org\/wp-content\/uploads\/2024\/07\/Memoria-activitats-2021.pdf\" target=\"_blank\" rel=\"noopener\">Memoria de actividades 2021<\/a> de la entidad y ha apuntado algunas de las que ser\u00e1n las l\u00edneas de trabajo durante los pr\u00f3ximos meses. <\/span><b>Rivera <\/b><span style=\"font-weight: 400;\">ha reivindicado la funci\u00f3n de la asociaci\u00f3n como espacio id\u00f3neo para incentivar la <\/span><b>colaboraci\u00f3n entre los diferentes agentes, p\u00fablicos y privados<\/b><span style=\"font-weight: 400;\">. Tambi\u00e9n ha destacado el <\/span><b>F\u00f3orum Industria de la Movilidad Sostenible<\/b><span style=\"font-weight: 400;\">, programa de la asociaci\u00f3n que quiere contribuir a transformar los diferentes sectores implicados en un ecosistema relacionado con la movilidad sostenible capaz de hacer frente a los retos de presente y de futuro.<\/span><\/p>\n<div class=\"whads-imagecarousel-block\"><ul class=\"image-list\"><li class=\"image-entry\"><img width=\"2000\" height=\"1331\" src=\"https:\/\/www.pacteindustrial.org\/wp-content\/uploads\/2022\/11\/2022.11.22_Foto-1.jpg\" class=\"infographic-image\" alt=\"\" loading=\"lazy\" srcset=\"https:\/\/www.pacteindustrial.org\/wp-content\/uploads\/2022\/11\/2022.11.22_Foto-1.jpg 2000w, https:\/\/www.pacteindustrial.org\/wp-content\/uploads\/2022\/11\/2022.11.22_Foto-1-300x200.jpg 300w, https:\/\/www.pacteindustrial.org\/wp-content\/uploads\/2022\/11\/2022.11.22_Foto-1-1024x681.jpg 1024w, https:\/\/www.pacteindustrial.org\/wp-content\/uploads\/2022\/11\/2022.11.22_Foto-1-768x511.jpg 768w, https:\/\/www.pacteindustrial.org\/wp-content\/uploads\/2022\/11\/2022.11.22_Foto-1-1536x1022.jpg 1536w, https:\/\/www.pacteindustrial.org\/wp-content\/uploads\/2022\/11\/2022.11.22_Foto-1-200x133.jpg 200w\" sizes=\"(max-width: 2000px) 100vw, 2000px\" \/><\/li><li class=\"image-entry\"><img width=\"2000\" height=\"1331\" src=\"https:\/\/www.pacteindustrial.org\/wp-content\/uploads\/2022\/11\/2022.11.22_Foto-2.jpg\" class=\"infographic-image\" alt=\"\" loading=\"lazy\" srcset=\"https:\/\/www.pacteindustrial.org\/wp-content\/uploads\/2022\/11\/2022.11.22_Foto-2.jpg 2000w, https:\/\/www.pacteindustrial.org\/wp-content\/uploads\/2022\/11\/2022.11.22_Foto-2-300x200.jpg 300w, https:\/\/www.pacteindustrial.org\/wp-content\/uploads\/2022\/11\/2022.11.22_Foto-2-1024x681.jpg 1024w, https:\/\/www.pacteindustrial.org\/wp-content\/uploads\/2022\/11\/2022.11.22_Foto-2-768x511.jpg 768w, https:\/\/www.pacteindustrial.org\/wp-content\/uploads\/2022\/11\/2022.11.22_Foto-2-1536x1022.jpg 1536w, https:\/\/www.pacteindustrial.org\/wp-content\/uploads\/2022\/11\/2022.11.22_Foto-2-200x133.jpg 200w\" sizes=\"(max-width: 2000px) 100vw, 2000px\" \/><\/li><li class=\"image-entry\"><img width=\"2000\" height=\"1331\" src=\"https:\/\/www.pacteindustrial.org\/wp-content\/uploads\/2022\/11\/2022.11.22_Foto-3.jpg\" class=\"infographic-image\" alt=\"\" loading=\"lazy\" srcset=\"https:\/\/www.pacteindustrial.org\/wp-content\/uploads\/2022\/11\/2022.11.22_Foto-3.jpg 2000w, https:\/\/www.pacteindustrial.org\/wp-content\/uploads\/2022\/11\/2022.11.22_Foto-3-300x200.jpg 300w, https:\/\/www.pacteindustrial.org\/wp-content\/uploads\/2022\/11\/2022.11.22_Foto-3-1024x681.jpg 1024w, https:\/\/www.pacteindustrial.org\/wp-content\/uploads\/2022\/11\/2022.11.22_Foto-3-768x511.jpg 768w, https:\/\/www.pacteindustrial.org\/wp-content\/uploads\/2022\/11\/2022.11.22_Foto-3-1536x1022.jpg 1536w, https:\/\/www.pacteindustrial.org\/wp-content\/uploads\/2022\/11\/2022.11.22_Foto-3-200x133.jpg 200w\" sizes=\"(max-width: 2000px) 100vw, 2000px\" \/><\/li><li class=\"image-entry\"><img width=\"2000\" height=\"1331\" src=\"https:\/\/www.pacteindustrial.org\/wp-content\/uploads\/2022\/11\/2022.11.22_Foto-4.jpg\" class=\"infographic-image\" alt=\"\" loading=\"lazy\" srcset=\"https:\/\/www.pacteindustrial.org\/wp-content\/uploads\/2022\/11\/2022.11.22_Foto-4.jpg 2000w, https:\/\/www.pacteindustrial.org\/wp-content\/uploads\/2022\/11\/2022.11.22_Foto-4-300x200.jpg 300w, https:\/\/www.pacteindustrial.org\/wp-content\/uploads\/2022\/11\/2022.11.22_Foto-4-1024x681.jpg 1024w, https:\/\/www.pacteindustrial.org\/wp-content\/uploads\/2022\/11\/2022.11.22_Foto-4-768x511.jpg 768w, https:\/\/www.pacteindustrial.org\/wp-content\/uploads\/2022\/11\/2022.11.22_Foto-4-1536x1022.jpg 1536w, https:\/\/www.pacteindustrial.org\/wp-content\/uploads\/2022\/11\/2022.11.22_Foto-4-200x133.jpg 200w\" sizes=\"(max-width: 2000px) 100vw, 2000px\" \/><\/li><li class=\"image-entry\"><img width=\"2000\" height=\"1331\" src=\"https:\/\/www.pacteindustrial.org\/wp-content\/uploads\/2022\/11\/2022.11.22_Foto-5.jpg\" class=\"infographic-image\" alt=\"\" loading=\"lazy\" srcset=\"https:\/\/www.pacteindustrial.org\/wp-content\/uploads\/2022\/11\/2022.11.22_Foto-5.jpg 2000w, https:\/\/www.pacteindustrial.org\/wp-content\/uploads\/2022\/11\/2022.11.22_Foto-5-300x200.jpg 300w, https:\/\/www.pacteindustrial.org\/wp-content\/uploads\/2022\/11\/2022.11.22_Foto-5-1024x681.jpg 1024w, https:\/\/www.pacteindustrial.org\/wp-content\/uploads\/2022\/11\/2022.11.22_Foto-5-768x511.jpg 768w, https:\/\/www.pacteindustrial.org\/wp-content\/uploads\/2022\/11\/2022.11.22_Foto-5-1536x1022.jpg 1536w, https:\/\/www.pacteindustrial.org\/wp-content\/uploads\/2022\/11\/2022.11.22_Foto-5-200x133.jpg 200w\" sizes=\"(max-width: 2000px) 100vw, 2000px\" \/><\/li><li class=\"image-entry\"><img width=\"2000\" height=\"1331\" src=\"https:\/\/www.pacteindustrial.org\/wp-content\/uploads\/2022\/11\/2022.11.22_Foto-6.jpg\" class=\"infographic-image\" alt=\"\" loading=\"lazy\" srcset=\"https:\/\/www.pacteindustrial.org\/wp-content\/uploads\/2022\/11\/2022.11.22_Foto-6.jpg 2000w, https:\/\/www.pacteindustrial.org\/wp-content\/uploads\/2022\/11\/2022.11.22_Foto-6-300x200.jpg 300w, https:\/\/www.pacteindustrial.org\/wp-content\/uploads\/2022\/11\/2022.11.22_Foto-6-1024x681.jpg 1024w, https:\/\/www.pacteindustrial.org\/wp-content\/uploads\/2022\/11\/2022.11.22_Foto-6-768x511.jpg 768w, https:\/\/www.pacteindustrial.org\/wp-content\/uploads\/2022\/11\/2022.11.22_Foto-6-1536x1022.jpg 1536w, https:\/\/www.pacteindustrial.org\/wp-content\/uploads\/2022\/11\/2022.11.22_Foto-6-200x133.jpg 200w\" sizes=\"(max-width: 2000px) 100vw, 2000px\" \/><\/li><li class=\"image-entry\"><img width=\"2000\" height=\"1331\" src=\"https:\/\/www.pacteindustrial.org\/wp-content\/uploads\/2022\/11\/2022.11.22_Foto-7.jpg\" class=\"infographic-image\" alt=\"\" loading=\"lazy\" srcset=\"https:\/\/www.pacteindustrial.org\/wp-content\/uploads\/2022\/11\/2022.11.22_Foto-7.jpg 2000w, https:\/\/www.pacteindustrial.org\/wp-content\/uploads\/2022\/11\/2022.11.22_Foto-7-300x200.jpg 300w, https:\/\/www.pacteindustrial.org\/wp-content\/uploads\/2022\/11\/2022.11.22_Foto-7-1024x681.jpg 1024w, https:\/\/www.pacteindustrial.org\/wp-content\/uploads\/2022\/11\/2022.11.22_Foto-7-768x511.jpg 768w, https:\/\/www.pacteindustrial.org\/wp-content\/uploads\/2022\/11\/2022.11.22_Foto-7-1536x1022.jpg 1536w, https:\/\/www.pacteindustrial.org\/wp-content\/uploads\/2022\/11\/2022.11.22_Foto-7-200x133.jpg 200w\" sizes=\"(max-width: 2000px) 100vw, 2000px\" \/><\/li><li class=\"image-entry\"><img width=\"2000\" height=\"1331\" src=\"https:\/\/www.pacteindustrial.org\/wp-content\/uploads\/2022\/11\/2022.11.22_Foto-8.jpg\" class=\"infographic-image\" alt=\"\" loading=\"lazy\" srcset=\"https:\/\/www.pacteindustrial.org\/wp-content\/uploads\/2022\/11\/2022.11.22_Foto-8.jpg 2000w, https:\/\/www.pacteindustrial.org\/wp-content\/uploads\/2022\/11\/2022.11.22_Foto-8-300x200.jpg 300w, https:\/\/www.pacteindustrial.org\/wp-content\/uploads\/2022\/11\/2022.11.22_Foto-8-1024x681.jpg 1024w, https:\/\/www.pacteindustrial.org\/wp-content\/uploads\/2022\/11\/2022.11.22_Foto-8-768x511.jpg 768w, https:\/\/www.pacteindustrial.org\/wp-content\/uploads\/2022\/11\/2022.11.22_Foto-8-1536x1022.jpg 1536w, https:\/\/www.pacteindustrial.org\/wp-content\/uploads\/2022\/11\/2022.11.22_Foto-8-200x133.jpg 200w\" sizes=\"(max-width: 2000px) 100vw, 2000px\" \/><\/li><\/ul><\/div>\n<p id=\"block-64214da3-442c-46a5-8cec-95d6dee451b5\"><span style=\"font-weight: 400;\">El Consejo General tambi\u00e9n ha aprobado el nombramiento de las vicepresidencias. Atendiendo a la rotaci\u00f3n anual que contemplan los Estatutos de la asociaci\u00f3n, <\/span><b>Sergi Fuster<\/b><span style=\"font-weight: 400;\">, de PIMEC, ha tomado el relevo de <\/span><b>M.\u00aa Rosa Fiol<\/b><span style=\"font-weight: 400;\">, de AEBALL y representante de Foment del Treball, como vicepresidente en representaci\u00f3n de las organizaciones empresariales; y <\/span><b>Omar Minguill\u00f3n<\/b><span style=\"font-weight: 400;\">, de la UGT de Catalunya, ha tomado el relevo de <\/span><b>Aurora Huerga<\/b><span style=\"font-weight: 400;\">, de CCOO de Catalunya, como vicepresidente en representaci\u00f3n de las organizaciones sindicales. La tercera vicepresidenta contin\u00faa siendo <\/span><b>Eva Menor<\/b><span style=\"font-weight: 400;\">, presidenta del \u00c1rea de Desarrollo Econ\u00f3mico, Turismo y Comercio de la Diputaci\u00f3n de Barcelona, en representaci\u00f3n de los ayuntamientos i otras administraciones locales.<\/span><\/p>\n\n<h2>Ponencia de la Dra. S\u00f2nia Llorens<\/h2>\n\n<p id=\"block-4f80ee4d-8304-435b-8710-c924220f52f8\"><span style=\"font-weight: 400;\">En el marco de la reuni\u00f3n ha tenido lugar la <\/span><b>presentaci\u00f3n de la ponencia \u201cTransformar la industria desde el territorio: sostenibilidad, innovaci\u00f3n y empoderamiento de los agentes\u201d<\/b><span style=\"font-weight: 400;\"> a cargo de la <\/span><b>Dra. S\u00f2nia Llorens<\/b><span style=\"font-weight: 400;\">, directora de la<\/span><a href=\"https:\/\/catedraeconomiacircular.tecnocampus.cat\/\"> <span style=\"font-weight: 400;\">C\u00e1tedra de Econom\u00eda Circular y Sostenibilidad<\/span><\/a><span style=\"font-weight: 400;\"> del<\/span><a href=\"https:\/\/www.tecnocampus.cat\/\"> <span style=\"font-weight: 400;\">Tecnocampus Matar\u00f3-Maresme<\/span><\/a><span style=\"font-weight: 400;\">.<\/span><\/p>\n\n<p><span style=\"font-weight: 400;\">La presentaci\u00f3n de la <\/span><b>Dra. Llorens<\/b><span style=\"font-weight: 400;\"> ha permitido reflexionar sobre c\u00f3mo la colaboraci\u00f3n entre los agentes del territorio es el elemento clave para la transformaci\u00f3n de una industria que se quiere que sea m\u00e1s sostenible e innovadora. Tambi\u00e9n se ha analizado c\u00f3mo la econom\u00eda circular ser\u00e1 un vector estrat\u00e9gico para esta transformaci\u00f3n y c\u00f3mo la formaci\u00f3n puede ayudar a empoderar los agentes.<\/span><\/p>\n\n<p><\/p>\n\n<p><span class=\"has-inline-color has-luminous-vivid-orange-color\"><strong>V\u00cdDEO DE LA SESI\u00d3N<\/strong><\/span><\/p>\n<figure class=\"wp-block-embed is-type-video is-provider-youtube wp-block-embed-youtube wp-embed-aspect-16-9 wp-has-aspect-ratio\">\r\n<div class=\"wp-block-embed__wrapper\">https:\/\/youtu.be\/ddkBDHWzSlI<\/div><\/figure>","protected":false},"excerpt":{"rendered":"<p>El Pacto Industrial ha celebrado su XXVI Consejo General y la 51.\u00aa reuni\u00f3n del Comit\u00e9 Ejecutivo con la participaci\u00f3n de los representantes de los ayuntamientos y de las entidades que integran la asociaci\u00f3n. Las reuniones han tenido lugar el pasado 22 de noviembre en el BCIN de Badalona. La \u00faltima vez que la ciudad acogi\u00f3 [&#8230;]<\/p>\n","protected":false},"author":6,"featured_media":17830,"comment_status":"open","ping_status":"open","sticky":false,"template":"","format":"standard","meta":[],"categories":[339],"tags":[264,261],"post_scope":[],"yoast_head":"<!-- This site is optimized with the Yoast SEO plugin v16.1.1 - https:\/\/yoast.com\/wordpress\/plugins\/seo\/ -->\n<title>El Consorcio de la Zona Franca de Barcelona, nuevo &quot;socio especial&quot; del Pacto Industrial, y el Ayuntamiento de Montmel\u00f3, nuevo &quot;socio ordinario&quot; - Pacte Industrial RMB<\/title>\n<link rel=\"canonical\" href=\"https:\/\/www.pacteindustrial.org\/es\/blog\/el-consorcio-de-la-zona-franca-de-barcelona-nuevo-socio-especial-del-pacto-industrial-y-el-ayuntamiento-de-montmelo-nuevo-socio-ordinario\/\" \/>\n<meta property=\"og:locale\" content=\"es_ES\" \/>\n<meta property=\"og:type\" content=\"article\" \/>\n<meta property=\"og:title\" content=\"El Consorcio de la Zona Franca de Barcelona, nuevo &quot;socio especial&quot; del Pacto Industrial, y el Ayuntamiento de Montmel\u00f3, nuevo &quot;socio ordinario&quot; - Pacte Industrial RMB\" \/>\n<meta property=\"og:description\" content=\"El Pacto Industrial ha celebrado su XXVI Consejo General y la 51.\u00aa reuni\u00f3n del Comit\u00e9 Ejecutivo con la participaci\u00f3n de los representantes de los ayuntamientos y de las entidades que integran la asociaci\u00f3n. Las reuniones han tenido lugar el pasado 22 de noviembre en el BCIN de Badalona. La \u00faltima vez que la ciudad acogi\u00f3 [...]\" \/>\n<meta property=\"og:url\" content=\"https:\/\/www.pacteindustrial.org\/es\/blog\/el-consorcio-de-la-zona-franca-de-barcelona-nuevo-socio-especial-del-pacto-industrial-y-el-ayuntamiento-de-montmelo-nuevo-socio-ordinario\/\" \/>\n<meta property=\"og:site_name\" content=\"Pacte Industrial RMB\" \/>\n<meta property=\"article:published_time\" content=\"2022-11-27T11:00:35+00:00\" \/>\n<meta property=\"article:modified_time\" content=\"2024-07-08T13:20:28+00:00\" \/>\n<meta property=\"og:image\" content=\"https:\/\/www.pacteindustrial.org\/wp-content\/uploads\/2022\/11\/2022.11.22_Foto-9.jpg\" \/>\n\t<meta property=\"og:image:width\" content=\"2000\" \/>\n\t<meta property=\"og:image:height\" content=\"1331\" \/>\n<meta name=\"twitter:card\" content=\"summary_large_image\" \/>\n<meta name=\"twitter:label1\" content=\"Tiempo de lectura\">\n\t<meta name=\"twitter:data1\" content=\"4 minutos\">\n<script type=\"application\/ld+json\" class=\"yoast-schema-graph\">{\"@context\":\"https:\/\/schema.org\",\"@graph\":[{\"@type\":\"WebSite\",\"@id\":\"https:\/\/www.pacteindustrial.org\/ca\/#website\",\"url\":\"https:\/\/www.pacteindustrial.org\/ca\/\",\"name\":\"Pacte Industrial RMB\",\"description\":\"\",\"potentialAction\":[{\"@type\":\"SearchAction\",\"target\":\"https:\/\/www.pacteindustrial.org\/ca\/?s={search_term_string}\",\"query-input\":\"required name=search_term_string\"}],\"inLanguage\":\"es\"},{\"@type\":\"ImageObject\",\"@id\":\"https:\/\/www.pacteindustrial.org\/es\/blog\/el-consorcio-de-la-zona-franca-de-barcelona-nuevo-socio-especial-del-pacto-industrial-y-el-ayuntamiento-de-montmelo-nuevo-socio-ordinario\/#primaryimage\",\"inLanguage\":\"es\",\"url\":\"https:\/\/www.pacteindustrial.org\/wp-content\/uploads\/2022\/11\/2022.11.22_Foto-9.jpg\",\"contentUrl\":\"https:\/\/www.pacteindustrial.org\/wp-content\/uploads\/2022\/11\/2022.11.22_Foto-9.jpg\",\"width\":2000,\"height\":1331},{\"@type\":\"WebPage\",\"@id\":\"https:\/\/www.pacteindustrial.org\/es\/blog\/el-consorcio-de-la-zona-franca-de-barcelona-nuevo-socio-especial-del-pacto-industrial-y-el-ayuntamiento-de-montmelo-nuevo-socio-ordinario\/#webpage\",\"url\":\"https:\/\/www.pacteindustrial.org\/es\/blog\/el-consorcio-de-la-zona-franca-de-barcelona-nuevo-socio-especial-del-pacto-industrial-y-el-ayuntamiento-de-montmelo-nuevo-socio-ordinario\/\",\"name\":\"El Consorcio de la Zona Franca de Barcelona, nuevo \\\"socio especial\\\" del Pacto Industrial, y el Ayuntamiento de Montmel\\u00f3, nuevo \\\"socio ordinario\\\" - Pacte Industrial RMB\",\"isPartOf\":{\"@id\":\"https:\/\/www.pacteindustrial.org\/ca\/#website\"},\"primaryImageOfPage\":{\"@id\":\"https:\/\/www.pacteindustrial.org\/es\/blog\/el-consorcio-de-la-zona-franca-de-barcelona-nuevo-socio-especial-del-pacto-industrial-y-el-ayuntamiento-de-montmelo-nuevo-socio-ordinario\/#primaryimage\"},\"datePublished\":\"2022-11-27T11:00:35+00:00\",\"dateModified\":\"2024-07-08T13:20:28+00:00\",\"author\":{\"@id\":\"https:\/\/www.pacteindustrial.org\/ca\/#\/schema\/person\/f468d9850ca7905907ca1d9a87dd47a4\"},\"breadcrumb\":{\"@id\":\"https:\/\/www.pacteindustrial.org\/es\/blog\/el-consorcio-de-la-zona-franca-de-barcelona-nuevo-socio-especial-del-pacto-industrial-y-el-ayuntamiento-de-montmelo-nuevo-socio-ordinario\/#breadcrumb\"},\"inLanguage\":\"es\",\"potentialAction\":[{\"@type\":\"ReadAction\",\"target\":[\"https:\/\/www.pacteindustrial.org\/es\/blog\/el-consorcio-de-la-zona-franca-de-barcelona-nuevo-socio-especial-del-pacto-industrial-y-el-ayuntamiento-de-montmelo-nuevo-socio-ordinario\/\"]}]},{\"@type\":\"BreadcrumbList\",\"@id\":\"https:\/\/www.pacteindustrial.org\/es\/blog\/el-consorcio-de-la-zona-franca-de-barcelona-nuevo-socio-especial-del-pacto-industrial-y-el-ayuntamiento-de-montmelo-nuevo-socio-ordinario\/#breadcrumb\",\"itemListElement\":[{\"@type\":\"ListItem\",\"position\":1,\"item\":{\"@type\":\"WebPage\",\"@id\":\"https:\/\/www.pacteindustrial.org\/es\/\",\"url\":\"https:\/\/www.pacteindustrial.org\/es\/\",\"name\":\"Home\"}},{\"@type\":\"ListItem\",\"position\":2,\"item\":{\"@type\":\"WebPage\",\"@id\":\"https:\/\/www.pacteindustrial.org\/es\/blog\/el-consorcio-de-la-zona-franca-de-barcelona-nuevo-socio-especial-del-pacto-industrial-y-el-ayuntamiento-de-montmelo-nuevo-socio-ordinario\/\",\"url\":\"https:\/\/www.pacteindustrial.org\/es\/blog\/el-consorcio-de-la-zona-franca-de-barcelona-nuevo-socio-especial-del-pacto-industrial-y-el-ayuntamiento-de-montmelo-nuevo-socio-ordinario\/\",\"name\":\"El Consorcio de la Zona Franca de Barcelona, nuevo &#8220;socio especial&#8221; del Pacto Industrial, y el Ayuntamiento de Montmel\\u00f3, nuevo &#8220;socio ordinario&#8221;\"}}]},{\"@type\":\"Person\",\"@id\":\"https:\/\/www.pacteindustrial.org\/ca\/#\/schema\/person\/f468d9850ca7905907ca1d9a87dd47a4\",\"name\":\"cmartinez@pacteindustrial.org\",\"image\":{\"@type\":\"ImageObject\",\"@id\":\"https:\/\/www.pacteindustrial.org\/ca\/#personlogo\",\"inLanguage\":\"es\",\"url\":\"https:\/\/secure.gravatar.com\/avatar\/fcee0cfd9e0b9895b8dd291573c84526?s=96&d=mm&r=g\",\"contentUrl\":\"https:\/\/secure.gravatar.com\/avatar\/fcee0cfd9e0b9895b8dd291573c84526?s=96&d=mm&r=g\",\"caption\":\"cmartinez@pacteindustrial.org\"}}]}<\/script>\n<!-- \/ Yoast SEO plugin. -->","_links":{"self":[{"href":"https:\/\/www.pacteindustrial.org\/es\/wp-json\/wp\/v2\/posts\/17924"}],"collection":[{"href":"https:\/\/www.pacteindustrial.org\/es\/wp-json\/wp\/v2\/posts"}],"about":[{"href":"https:\/\/www.pacteindustrial.org\/es\/wp-json\/wp\/v2\/types\/post"}],"author":[{"embeddable":true,"href":"https:\/\/www.pacteindustrial.org\/es\/wp-json\/wp\/v2\/users\/6"}],"replies":[{"embeddable":true,"href":"https:\/\/www.pacteindustrial.org\/es\/wp-json\/wp\/v2\/comments?post=17924"}],"version-history":[{"count":10,"href":"https:\/\/www.pacteindustrial.org\/es\/wp-json\/wp\/v2\/posts\/17924\/revisions"}],"predecessor-version":[{"id":22448,"href":"https:\/\/www.pacteindustrial.org\/es\/wp-json\/wp\/v2\/posts\/17924\/revisions\/22448"}],"wp:featuredmedia":[{"embeddable":true,"href":"https:\/\/www.pacteindustrial.org\/es\/wp-json\/wp\/v2\/media\/17830"}],"wp:attachment":[{"href":"https:\/\/www.pacteindustrial.org\/es\/wp-json\/wp\/v2\/media?parent=17924"}],"wp:term":[{"taxonomy":"category","embeddable":true,"href":"https:\/\/www.pacteindustrial.org\/es\/wp-json\/wp\/v2\/categories?post=17924"},{"taxonomy":"post_tag","embeddable":true,"href":"https:\/\/www.pacteindustrial.org\/es\/wp-json\/wp\/v2\/tags?post=17924"},{"taxonomy":"post_scope","embeddable":true,"href":"https:\/\/www.pacteindustrial.org\/es\/wp-json\/wp\/v2\/post_scope?post=17924"}],"curies":[{"name":"wp","href":"https:\/\/api.w.org\/{rel}","templated":true}]}}