{"id":21843,"date":"2024-05-22T22:49:16","date_gmt":"2024-05-22T20:49:16","guid":{"rendered":"https:\/\/www.pacteindustrial.org\/blog\/el-pacto-industrial-y-el-cesb-subrayan-la-importancia-de-la-productividad-y-la-calidad-del-trabajo-como-palancas-de-la-competitividad-y-el-bienestar\/"},"modified":"2025-04-14T15:12:50","modified_gmt":"2025-04-14T13:12:50","slug":"el-pacto-industrial-y-el-cesb-subrayan-la-importancia-de-la-productividad-y-la-calidad-del-trabajo-como-palancas-de-la-competitividad-y-el-bienestar","status":"publish","type":"post","link":"https:\/\/www.pacteindustrial.org\/es\/blog\/el-pacto-industrial-y-el-cesb-subrayan-la-importancia-de-la-productividad-y-la-calidad-del-trabajo-como-palancas-de-la-competitividad-y-el-bienestar\/","title":{"rendered":"El Pacto Industrial y el CESB subrayan la importancia de la productividad y la calidad del trabajo como palancas de la competitividad y el bienestar"},"content":{"rendered":"\n<p>El Pacto Industrial de la Regi\u00f3n Metropolitana de Barcelona, el <a href=\"https:\/\/www.barcelona.cat\/cesb\/\" target=\"_blank\" rel=\"noreferrer noopener\">Consejo Econ\u00f3mico y Social de Barcelona (CESB)<\/a> y el <a href=\"https:\/\/web.sabadell.cat\/\" target=\"_blank\" rel=\"noreferrer noopener\">Ayuntamiento de Sabadell<\/a> han organizado el pasado 21 de mayo en Sabadell una jornada sobre productividad y calidad del trabajo.<\/p>\n\n<p>La jornada ha contado con una conferencia de <strong>Ant\u00f3n Costas<\/strong>, presidente del\u00a0<a href=\"https:\/\/www.ces.es\/\" target=\"_blank\" rel=\"noreferrer noopener\">Consejo Econ\u00f3mico y Social de Espa\u00f1a (CES)<\/a>, y\u00a0con la <a href=\"https:\/\/www.pacteindustrial.org\/es\/publicaciones\/productividad-y-calidad-del-trabajo-retos-para-la-prosperidad-y-el-bienestar-en-la-region-metropolitana-de-barcelona\/\"><strong>presentaci\u00f3n del Papel 8 del Pacto Industrial<\/strong>, <em>Productividad y calidad del trabajo: retos para la prosperidad y el bienestar en la Regi\u00f3n Metropolitana de Barcelona<\/em><\/a>.<\/p>\n\n<p><strong>Ant\u00f3n Costas<\/strong>, presidente del Consejo Econ\u00f3mico y Social de Espa\u00f1a (CES), ha se\u00f1alado que uno de los mandamientos de la econom\u00eda dice que <strong>\u201ca largo plazo, la prosperidad de un pa\u00eds y el bienestar de sus ciudadanos dependen exclusivamente de la productividad\u201d<\/strong>. <strong>\u201cLa cuesti\u00f3n es acertar los caminos para promoverla y las formas para repartir bien sus frutos\u201d<\/strong>, ha apuntado. <strong>Costas<\/strong> ha recordado que esta b\u00fasqueda es todav\u00eda m\u00e1s urgente en una econom\u00eda como la espa\u00f1ola caracterizada, por un lado, por el liliputismo de una parte importante del tejido empresarial y, de la otra, por el peso del sector servicios. Tambi\u00e9n ha sostenido la necesidad de <strong>impulsar un nuevo paradigma productivista<\/strong> como fuente de la prosperidad compartida.<\/p>\n\n<figure class=\"wp-block-pullquote\"><blockquote><p>\u00abLa prosperidad de un pa\u00eds y el bienestar de sus ciudadanos dependen exclusivamente de la productividad. La cuesti\u00f3n es acertar los caminos para promoverla y las formas para repartir bien sus frutos.\u201d<\/p><cite>ANT\u00d3N COSTAS, PRESIDENTE DEL CES<\/cite><\/blockquote><\/figure>\n<p>El presidente del CES ha detallado que la relaci\u00f3n entre productividad y salarios no es autom\u00e1tica. Por lo tanto, <strong>no es suficiente con que aumente la productividad para tener mejoras en los salarios<\/strong>, sino que son necesarias <strong>pol\u00edticas adicionales<\/strong>. <strong>Costas<\/strong> ha explicado que los Consejos de Productividad de los principales pa\u00edses desarrollados indican como factores clave para la mejora de la productividad la <strong>formaci\u00f3n de los trabajadores por parte de las empresas y la calidad de la gesti\u00f3n<\/strong>, construida a partir de un <strong>contrato social a largo plazo<\/strong> que incluya en todos los actores que tienen que ver con la empresa.<\/p>\n\n<p><strong>Marta\u00a0Farr\u00e9s<\/strong>, alcaldesa de Sabadell, ha destacado durante la bienvenida a la jornada que <strong>\u201ccomo municipio estamos absolutamente comprometidos con una estrategia para favorecer la actividad econ\u00f3mica y la productividad, lig\u00e1ndolo a un trabajo de calidad y a una responsabilidad social\u201d<\/strong> y que <strong>\u201cuna buena manera de hacerlo es con el trabajo conjunto que representa el Pacto Industrial, que nos permite abordar un reto global como son las pol\u00edticas industriales, unir esfuerzos y entender las ciudades no solo desde su t\u00e9rmino municipal sino como un conjunto\u201d<\/strong>.<\/p>\n<div class=\"whads-imagecarousel-block\"><ul class=\"image-list\"><li class=\"image-entry\"><img width=\"1904\" height=\"1428\" src=\"https:\/\/www.pacteindustrial.org\/wp-content\/uploads\/2024\/05\/2024.05.21_Foto-1.jpg\" class=\"infographic-image\" alt=\"\" loading=\"lazy\" srcset=\"https:\/\/www.pacteindustrial.org\/wp-content\/uploads\/2024\/05\/2024.05.21_Foto-1.jpg 1904w, https:\/\/www.pacteindustrial.org\/wp-content\/uploads\/2024\/05\/2024.05.21_Foto-1-300x225.jpg 300w, https:\/\/www.pacteindustrial.org\/wp-content\/uploads\/2024\/05\/2024.05.21_Foto-1-1024x768.jpg 1024w, https:\/\/www.pacteindustrial.org\/wp-content\/uploads\/2024\/05\/2024.05.21_Foto-1-768x576.jpg 768w, https:\/\/www.pacteindustrial.org\/wp-content\/uploads\/2024\/05\/2024.05.21_Foto-1-1536x1152.jpg 1536w, https:\/\/www.pacteindustrial.org\/wp-content\/uploads\/2024\/05\/2024.05.21_Foto-1-200x150.jpg 200w\" sizes=\"(max-width: 1904px) 100vw, 1904px\" \/><p class=\"image-entry-caption\">De izq. a dcha.: Eduard Jim\u00e9nez, Omar Minguill\u00f3n, Francesc Castellana, Ant\u00f3n Costas, Marta Farr\u00e9s, Llu\u00eds Matas, Liliana Reyes, Mois\u00e8s Bonal y Carles Rivera.<\/p><\/li><li class=\"image-entry\"><img width=\"1900\" height=\"1425\" src=\"https:\/\/www.pacteindustrial.org\/wp-content\/uploads\/2024\/05\/2024.05.21_Foto-3-1.jpg\" class=\"infographic-image\" alt=\"\" loading=\"lazy\" srcset=\"https:\/\/www.pacteindustrial.org\/wp-content\/uploads\/2024\/05\/2024.05.21_Foto-3-1.jpg 1900w, https:\/\/www.pacteindustrial.org\/wp-content\/uploads\/2024\/05\/2024.05.21_Foto-3-1-300x225.jpg 300w, https:\/\/www.pacteindustrial.org\/wp-content\/uploads\/2024\/05\/2024.05.21_Foto-3-1-1024x768.jpg 1024w, https:\/\/www.pacteindustrial.org\/wp-content\/uploads\/2024\/05\/2024.05.21_Foto-3-1-768x576.jpg 768w, https:\/\/www.pacteindustrial.org\/wp-content\/uploads\/2024\/05\/2024.05.21_Foto-3-1-1536x1152.jpg 1536w, https:\/\/www.pacteindustrial.org\/wp-content\/uploads\/2024\/05\/2024.05.21_Foto-3-1-200x150.jpg 200w\" sizes=\"(max-width: 1900px) 100vw, 1900px\" \/><p class=\"image-entry-caption\">Marta Farr\u00e9s, alcaldesa de Sabadell.<\/p><\/li><li class=\"image-entry\"><img width=\"1900\" height=\"1425\" src=\"https:\/\/www.pacteindustrial.org\/wp-content\/uploads\/2024\/05\/2024.05.21_Foto-4.jpg\" class=\"infographic-image\" alt=\"\" loading=\"lazy\" srcset=\"https:\/\/www.pacteindustrial.org\/wp-content\/uploads\/2024\/05\/2024.05.21_Foto-4.jpg 1900w, https:\/\/www.pacteindustrial.org\/wp-content\/uploads\/2024\/05\/2024.05.21_Foto-4-300x225.jpg 300w, https:\/\/www.pacteindustrial.org\/wp-content\/uploads\/2024\/05\/2024.05.21_Foto-4-1024x768.jpg 1024w, https:\/\/www.pacteindustrial.org\/wp-content\/uploads\/2024\/05\/2024.05.21_Foto-4-768x576.jpg 768w, https:\/\/www.pacteindustrial.org\/wp-content\/uploads\/2024\/05\/2024.05.21_Foto-4-1536x1152.jpg 1536w, https:\/\/www.pacteindustrial.org\/wp-content\/uploads\/2024\/05\/2024.05.21_Foto-4-200x150.jpg 200w\" sizes=\"(max-width: 1900px) 100vw, 1900px\" \/><p class=\"image-entry-caption\">Francesc Castellana, presidente del Consejo Econ\u00f3mico y Social de Barcelona (CESB).<\/p><\/li><li class=\"image-entry\"><img width=\"1918\" height=\"1439\" src=\"https:\/\/www.pacteindustrial.org\/wp-content\/uploads\/2024\/05\/2024.05.21_Foto-5.jpeg\" class=\"infographic-image\" alt=\"\" loading=\"lazy\" srcset=\"https:\/\/www.pacteindustrial.org\/wp-content\/uploads\/2024\/05\/2024.05.21_Foto-5.jpeg 1918w, https:\/\/www.pacteindustrial.org\/wp-content\/uploads\/2024\/05\/2024.05.21_Foto-5-300x225.jpeg 300w, https:\/\/www.pacteindustrial.org\/wp-content\/uploads\/2024\/05\/2024.05.21_Foto-5-1024x768.jpeg 1024w, https:\/\/www.pacteindustrial.org\/wp-content\/uploads\/2024\/05\/2024.05.21_Foto-5-768x576.jpeg 768w, https:\/\/www.pacteindustrial.org\/wp-content\/uploads\/2024\/05\/2024.05.21_Foto-5-1536x1152.jpeg 1536w, https:\/\/www.pacteindustrial.org\/wp-content\/uploads\/2024\/05\/2024.05.21_Foto-5-200x150.jpeg 200w\" sizes=\"(max-width: 1918px) 100vw, 1918px\" \/><p class=\"image-entry-caption\">Ant\u00f3n Costas en un momento de su intervenci\u00f3n.<\/p><\/li><li class=\"image-entry\"><img width=\"1900\" height=\"1425\" src=\"https:\/\/www.pacteindustrial.org\/wp-content\/uploads\/2024\/05\/2024.05.21_Foto-6.jpg\" class=\"infographic-image\" alt=\"\" loading=\"lazy\" srcset=\"https:\/\/www.pacteindustrial.org\/wp-content\/uploads\/2024\/05\/2024.05.21_Foto-6.jpg 1900w, https:\/\/www.pacteindustrial.org\/wp-content\/uploads\/2024\/05\/2024.05.21_Foto-6-300x225.jpg 300w, https:\/\/www.pacteindustrial.org\/wp-content\/uploads\/2024\/05\/2024.05.21_Foto-6-1024x768.jpg 1024w, https:\/\/www.pacteindustrial.org\/wp-content\/uploads\/2024\/05\/2024.05.21_Foto-6-768x576.jpg 768w, https:\/\/www.pacteindustrial.org\/wp-content\/uploads\/2024\/05\/2024.05.21_Foto-6-1536x1152.jpg 1536w, https:\/\/www.pacteindustrial.org\/wp-content\/uploads\/2024\/05\/2024.05.21_Foto-6-200x150.jpg 200w\" sizes=\"(max-width: 1900px) 100vw, 1900px\" \/><p class=\"image-entry-caption\">Eduard Jim\u00e9nez, economista y autor del Papel 8 del Pacto Industrial.<\/p><\/li><li class=\"image-entry\"><img width=\"1900\" height=\"1425\" src=\"https:\/\/www.pacteindustrial.org\/wp-content\/uploads\/2024\/05\/2024.05.21_Foto-7.jpg\" class=\"infographic-image\" alt=\"\" loading=\"lazy\" srcset=\"https:\/\/www.pacteindustrial.org\/wp-content\/uploads\/2024\/05\/2024.05.21_Foto-7.jpg 1900w, https:\/\/www.pacteindustrial.org\/wp-content\/uploads\/2024\/05\/2024.05.21_Foto-7-300x225.jpg 300w, https:\/\/www.pacteindustrial.org\/wp-content\/uploads\/2024\/05\/2024.05.21_Foto-7-1024x768.jpg 1024w, https:\/\/www.pacteindustrial.org\/wp-content\/uploads\/2024\/05\/2024.05.21_Foto-7-768x576.jpg 768w, https:\/\/www.pacteindustrial.org\/wp-content\/uploads\/2024\/05\/2024.05.21_Foto-7-1536x1152.jpg 1536w, https:\/\/www.pacteindustrial.org\/wp-content\/uploads\/2024\/05\/2024.05.21_Foto-7-200x150.jpg 200w\" sizes=\"(max-width: 1900px) 100vw, 1900px\" \/><p class=\"image-entry-caption\">De izq. a dcha.: Salvador Guillermo (Foment del Treball), Mois\u00e8s Bonal (PIMEC), Liliana Reyes (CCOO de Catalunya), Omar Minguill\u00f3n (UGT de Catalunya) y Carles Rivera (Pacto Industrial).<\/p><\/li><li class=\"image-entry\"><img width=\"1900\" height=\"1425\" src=\"https:\/\/www.pacteindustrial.org\/wp-content\/uploads\/2024\/05\/2024.05.21_Foto-8.jpg\" class=\"infographic-image\" alt=\"\" loading=\"lazy\" srcset=\"https:\/\/www.pacteindustrial.org\/wp-content\/uploads\/2024\/05\/2024.05.21_Foto-8.jpg 1900w, https:\/\/www.pacteindustrial.org\/wp-content\/uploads\/2024\/05\/2024.05.21_Foto-8-300x225.jpg 300w, https:\/\/www.pacteindustrial.org\/wp-content\/uploads\/2024\/05\/2024.05.21_Foto-8-1024x768.jpg 1024w, https:\/\/www.pacteindustrial.org\/wp-content\/uploads\/2024\/05\/2024.05.21_Foto-8-768x576.jpg 768w, https:\/\/www.pacteindustrial.org\/wp-content\/uploads\/2024\/05\/2024.05.21_Foto-8-1536x1152.jpg 1536w, https:\/\/www.pacteindustrial.org\/wp-content\/uploads\/2024\/05\/2024.05.21_Foto-8-200x150.jpg 200w\" sizes=\"(max-width: 1900px) 100vw, 1900px\" \/><p class=\"image-entry-caption\">Llu\u00eds Matas, teniente de alcaldesa de Promoci\u00f3n Econ\u00f3mica y Proyecci\u00f3n de Ciudad del Ayuntamiento de Sabadell.<\/p><\/li><\/ul><\/div>\n<p>Por su parte, <strong>Francesc\u00a0Castellana<\/strong>, presidente del Consejo Econ\u00f3mico y Social de Barcelona (CESB), ha remarcado que <strong>\u201cel reto m\u00e1s importante de nuestro sistema econ\u00f3mico es mejorar la productividad\u201d<\/strong>. <strong>Castellana<\/strong> ha insistido en la necesidad de incorporar la mejora de la productividad como <strong>objetivo prioritario del di\u00e1logo social<\/strong>. Tambi\u00e9n que hay que poner en valor qu\u00e9 puede hacer cada uno de los actores sociales en la mejora de la productividad: trabajo, capital e instituciones laborales y econ\u00f3micas. El presidente del CESB considera que la clave de la productividad es la mejora de la organizaci\u00f3n del trabajo, y que esta <strong>\u201cno se puede conseguir sin el compromiso social, que es imprescindible\u201d<\/strong>.<\/p>\n\n<p>El coordinador gerente del Pacto Industrial, <strong>Carles Rivera<\/strong>, ha relatado algunos de los principales factores que impactan en la productividad, como la formaci\u00f3n, las infraestructuras, la investigaci\u00f3n e innovaci\u00f3n o la reforma de la administraci\u00f3n. <strong>Rivera<\/strong> ha resaltado la <strong>importancia de la productividad y la calidad del trabajo como palancas de la competitividad y el bienestar<\/strong>. A continuaci\u00f3n ha sido el encargado de moderar el <strong>debate<\/strong> con que ha concluido la jornada y en el cual los <strong>agentes sociales<\/strong> han intercambiado sus perspectivas sobre la productividad y los factores que inciden, prestando atenci\u00f3n a su relaci\u00f3n con la calidad del trabajo. Han participado representantes de <strong>Foment del Treball<\/strong>, <strong>PIMEC<\/strong>, <strong>CCOO de Catalunya<\/strong> y <strong>UGT de Catalunya<\/strong>.<\/p>\n\n<h2>El sector manufacturero, al frente en crecimiento de la productividad<\/h2>\n\n<p>En el marco de la jornada ha tenido lugar la <strong>presentaci\u00f3n del <a href=\"https:\/\/www.pacteindustrial.org\/es\/publicaciones\/productividad-y-calidad-del-trabajo-retos-para-la-prosperidad-y-el-bienestar-en-la-region-metropolitana-de-barcelona\/\">Papel 8 del Pacto Industrial, <em>Productividad y calidad del trabajo: retos para la prosperidad y el bienestar en la Regi\u00f3n Metropolitana de Barcelona<\/em><\/a><\/strong>, elaborado por el economista Eduard Jim\u00e9nez, e impulsado por el CESB y el Pacto Industrial. El estudio analiza la <strong>relaci\u00f3n entre la productividad y la calidad del trabajo en cinco sectores clave de la Regi\u00f3n Metropolitana de Barcelona<\/strong>: agroalimentario, quimicofarmac\u00e9utico, metalmec\u00e1nico, comercio y turismo, y TIC y servicios avanzados. Este estudio es relevante porque <strong>no hay publicaciones recientes<\/strong> que analicen la situaci\u00f3n y la evoluci\u00f3n de la productividad en la regi\u00f3n.<\/p>\n\n<div class=\"wp-block-media-text alignwide is-stacked-on-mobile\"><figure class=\"wp-block-media-text__media\"><img loading=\"lazy\" width=\"794\" height=\"1123\" src=\"https:\/\/www.pacteindustrial.org\/wp-content\/uploads\/2024\/05\/P8-cat.png\" alt=\"\" class=\"wp-image-21707 size-full\" srcset=\"https:\/\/www.pacteindustrial.org\/wp-content\/uploads\/2024\/05\/P8-cat.png 794w, https:\/\/www.pacteindustrial.org\/wp-content\/uploads\/2024\/05\/P8-cat-212x300.png 212w, https:\/\/www.pacteindustrial.org\/wp-content\/uploads\/2024\/05\/P8-cat-724x1024.png 724w, https:\/\/www.pacteindustrial.org\/wp-content\/uploads\/2024\/05\/P8-cat-768x1086.png 768w, https:\/\/www.pacteindustrial.org\/wp-content\/uploads\/2024\/05\/P8-cat-200x283.png 200w\" sizes=\"(max-width: 794px) 100vw, 794px\" \/><\/figure><div class=\"wp-block-media-text__content\">\n<p class=\"has-large-font-size\"><\/p>\n<\/div><\/div>\n\n<div class=\"wp-block-buttons\">\n<div class=\"wp-block-button is-style-fill\"><a class=\"wp-block-button__link\" href=\"https:\/\/www.pacteindustrial.org\/es\/publicaciones\/productividad-y-calidad-del-trabajo-retos-para-la-prosperidad-y-el-bienestar-en-la-region-metropolitana-de-barcelona\/\">Descargar pdf<\/a><\/div>\n<\/div>\n\n<h3>V\u00cdDEO:<\/h3>\n<figure class=\"wp-block-embed is-type-video is-provider-youtube wp-block-embed-youtube wp-embed-aspect-16-9 wp-has-aspect-ratio\"><div class=\"wp-block-embed__wrapper\">\r\n<iframe loading=\"lazy\" title=\"Jornada \u201cProductivitat i qualitat del treball: factors de competitivitat de la ind\u00fastria\u201d\" width=\"640\" height=\"360\" src=\"https:\/\/www.youtube.com\/embed\/O8itqyMB_a0?feature=oembed\" frameborder=\"0\" allow=\"accelerometer; autoplay; clipboard-write; encrypted-media; gyroscope; picture-in-picture; web-share\" referrerpolicy=\"strict-origin-when-cross-origin\" allowfullscreen><\/iframe>\r\n<\/div><\/figure>\r\n\n<p><small><em>Esta jornada ha contado con la colaboraci\u00f3n de la Diputaci\u00f3 de Barcelona.<\/em><\/small><\/p>\n","protected":false},"excerpt":{"rendered":"<p>El Pacto Industrial de la Regi\u00f3n Metropolitana de Barcelona, el Consejo Econ\u00f3mico y Social de Barcelona (CESB) y el Ayuntamiento de Sabadell han organizado el pasado 21 de mayo en Sabadell una jornada sobre productividad y calidad del trabajo. La jornada ha contado con una conferencia de Ant\u00f3n Costas, presidente del\u00a0Consejo Econ\u00f3mico y Social de [&#8230;]<\/p>\n","protected":false},"author":6,"featured_media":21821,"comment_status":"closed","ping_status":"open","sticky":false,"template":"","format":"standard","meta":[],"categories":[6],"tags":[399,278,398,400],"post_scope":[194],"yoast_head":"<!-- This site is optimized with the Yoast SEO plugin v16.1.1 - https:\/\/yoast.com\/wordpress\/plugins\/seo\/ -->\n<title>El Pacto Industrial y el CESB subrayan la importancia de la productividad y la calidad del trabajo como palancas de la competitividad y el bienestar - Pacte Industrial RMB<\/title>\n<link rel=\"canonical\" href=\"https:\/\/www.pacteindustrial.org\/es\/blog\/el-pacto-industrial-y-el-cesb-subrayan-la-importancia-de-la-productividad-y-la-calidad-del-trabajo-como-palancas-de-la-competitividad-y-el-bienestar\/\" \/>\n<meta property=\"og:locale\" content=\"es_ES\" \/>\n<meta property=\"og:type\" content=\"article\" \/>\n<meta property=\"og:title\" content=\"El Pacto Industrial y el CESB subrayan la importancia de la productividad y la calidad del trabajo como palancas de la competitividad y el bienestar - Pacte Industrial RMB\" \/>\n<meta property=\"og:description\" content=\"El Pacto Industrial de la Regi\u00f3n Metropolitana de Barcelona, el Consejo Econ\u00f3mico y Social de Barcelona (CESB) y el Ayuntamiento de Sabadell han organizado el pasado 21 de mayo en Sabadell una jornada sobre productividad y calidad del trabajo. La jornada ha contado con una conferencia de Ant\u00f3n Costas, presidente del\u00a0Consejo Econ\u00f3mico y Social de [...]\" \/>\n<meta property=\"og:url\" content=\"https:\/\/www.pacteindustrial.org\/es\/blog\/el-pacto-industrial-y-el-cesb-subrayan-la-importancia-de-la-productividad-y-la-calidad-del-trabajo-como-palancas-de-la-competitividad-y-el-bienestar\/\" \/>\n<meta property=\"og:site_name\" content=\"Pacte Industrial RMB\" \/>\n<meta property=\"article:published_time\" content=\"2024-05-22T20:49:16+00:00\" \/>\n<meta property=\"article:modified_time\" content=\"2025-04-14T13:12:50+00:00\" \/>\n<meta property=\"og:image\" content=\"https:\/\/www.pacteindustrial.org\/wp-content\/uploads\/2024\/05\/2024.05.21_Foto-2.jpg\" \/>\n\t<meta property=\"og:image:width\" content=\"1918\" \/>\n\t<meta property=\"og:image:height\" content=\"1439\" \/>\n<meta name=\"twitter:card\" content=\"summary_large_image\" \/>\n<meta name=\"twitter:label1\" content=\"Tiempo de lectura\">\n\t<meta name=\"twitter:data1\" content=\"4 minutos\">\n<script type=\"application\/ld+json\" class=\"yoast-schema-graph\">{\"@context\":\"https:\/\/schema.org\",\"@graph\":[{\"@type\":\"WebSite\",\"@id\":\"https:\/\/www.pacteindustrial.org\/ca\/#website\",\"url\":\"https:\/\/www.pacteindustrial.org\/ca\/\",\"name\":\"Pacte Industrial RMB\",\"description\":\"\",\"potentialAction\":[{\"@type\":\"SearchAction\",\"target\":\"https:\/\/www.pacteindustrial.org\/ca\/?s={search_term_string}\",\"query-input\":\"required name=search_term_string\"}],\"inLanguage\":\"es\"},{\"@type\":\"ImageObject\",\"@id\":\"https:\/\/www.pacteindustrial.org\/es\/blog\/el-pacto-industrial-y-el-cesb-subrayan-la-importancia-de-la-productividad-y-la-calidad-del-trabajo-como-palancas-de-la-competitividad-y-el-bienestar\/#primaryimage\",\"inLanguage\":\"es\",\"url\":\"https:\/\/www.pacteindustrial.org\/wp-content\/uploads\/2024\/05\/2024.05.21_Foto-2.jpg\",\"contentUrl\":\"https:\/\/www.pacteindustrial.org\/wp-content\/uploads\/2024\/05\/2024.05.21_Foto-2.jpg\",\"width\":1918,\"height\":1439},{\"@type\":\"WebPage\",\"@id\":\"https:\/\/www.pacteindustrial.org\/es\/blog\/el-pacto-industrial-y-el-cesb-subrayan-la-importancia-de-la-productividad-y-la-calidad-del-trabajo-como-palancas-de-la-competitividad-y-el-bienestar\/#webpage\",\"url\":\"https:\/\/www.pacteindustrial.org\/es\/blog\/el-pacto-industrial-y-el-cesb-subrayan-la-importancia-de-la-productividad-y-la-calidad-del-trabajo-como-palancas-de-la-competitividad-y-el-bienestar\/\",\"name\":\"El Pacto Industrial y el CESB subrayan la importancia de la productividad y la calidad del trabajo como palancas de la competitividad y el bienestar - Pacte Industrial RMB\",\"isPartOf\":{\"@id\":\"https:\/\/www.pacteindustrial.org\/ca\/#website\"},\"primaryImageOfPage\":{\"@id\":\"https:\/\/www.pacteindustrial.org\/es\/blog\/el-pacto-industrial-y-el-cesb-subrayan-la-importancia-de-la-productividad-y-la-calidad-del-trabajo-como-palancas-de-la-competitividad-y-el-bienestar\/#primaryimage\"},\"datePublished\":\"2024-05-22T20:49:16+00:00\",\"dateModified\":\"2025-04-14T13:12:50+00:00\",\"author\":{\"@id\":\"https:\/\/www.pacteindustrial.org\/ca\/#\/schema\/person\/f468d9850ca7905907ca1d9a87dd47a4\"},\"breadcrumb\":{\"@id\":\"https:\/\/www.pacteindustrial.org\/es\/blog\/el-pacto-industrial-y-el-cesb-subrayan-la-importancia-de-la-productividad-y-la-calidad-del-trabajo-como-palancas-de-la-competitividad-y-el-bienestar\/#breadcrumb\"},\"inLanguage\":\"es\",\"potentialAction\":[{\"@type\":\"ReadAction\",\"target\":[\"https:\/\/www.pacteindustrial.org\/es\/blog\/el-pacto-industrial-y-el-cesb-subrayan-la-importancia-de-la-productividad-y-la-calidad-del-trabajo-como-palancas-de-la-competitividad-y-el-bienestar\/\"]}]},{\"@type\":\"BreadcrumbList\",\"@id\":\"https:\/\/www.pacteindustrial.org\/es\/blog\/el-pacto-industrial-y-el-cesb-subrayan-la-importancia-de-la-productividad-y-la-calidad-del-trabajo-como-palancas-de-la-competitividad-y-el-bienestar\/#breadcrumb\",\"itemListElement\":[{\"@type\":\"ListItem\",\"position\":1,\"item\":{\"@type\":\"WebPage\",\"@id\":\"https:\/\/www.pacteindustrial.org\/es\/\",\"url\":\"https:\/\/www.pacteindustrial.org\/es\/\",\"name\":\"Home\"}},{\"@type\":\"ListItem\",\"position\":2,\"item\":{\"@type\":\"WebPage\",\"@id\":\"https:\/\/www.pacteindustrial.org\/es\/blog\/el-pacto-industrial-y-el-cesb-subrayan-la-importancia-de-la-productividad-y-la-calidad-del-trabajo-como-palancas-de-la-competitividad-y-el-bienestar\/\",\"url\":\"https:\/\/www.pacteindustrial.org\/es\/blog\/el-pacto-industrial-y-el-cesb-subrayan-la-importancia-de-la-productividad-y-la-calidad-del-trabajo-como-palancas-de-la-competitividad-y-el-bienestar\/\",\"name\":\"El Pacto Industrial y el CESB subrayan la importancia de la productividad y la calidad del trabajo como palancas de la competitividad y el bienestar\"}}]},{\"@type\":\"Person\",\"@id\":\"https:\/\/www.pacteindustrial.org\/ca\/#\/schema\/person\/f468d9850ca7905907ca1d9a87dd47a4\",\"name\":\"cmartinez@pacteindustrial.org\",\"image\":{\"@type\":\"ImageObject\",\"@id\":\"https:\/\/www.pacteindustrial.org\/ca\/#personlogo\",\"inLanguage\":\"es\",\"url\":\"https:\/\/secure.gravatar.com\/avatar\/fcee0cfd9e0b9895b8dd291573c84526?s=96&d=mm&r=g\",\"contentUrl\":\"https:\/\/secure.gravatar.com\/avatar\/fcee0cfd9e0b9895b8dd291573c84526?s=96&d=mm&r=g\",\"caption\":\"cmartinez@pacteindustrial.org\"}}]}<\/script>\n<!-- \/ Yoast SEO plugin. -->","_links":{"self":[{"href":"https:\/\/www.pacteindustrial.org\/es\/wp-json\/wp\/v2\/posts\/21843"}],"collection":[{"href":"https:\/\/www.pacteindustrial.org\/es\/wp-json\/wp\/v2\/posts"}],"about":[{"href":"https:\/\/www.pacteindustrial.org\/es\/wp-json\/wp\/v2\/types\/post"}],"author":[{"embeddable":true,"href":"https:\/\/www.pacteindustrial.org\/es\/wp-json\/wp\/v2\/users\/6"}],"replies":[{"embeddable":true,"href":"https:\/\/www.pacteindustrial.org\/es\/wp-json\/wp\/v2\/comments?post=21843"}],"version-history":[{"count":11,"href":"https:\/\/www.pacteindustrial.org\/es\/wp-json\/wp\/v2\/posts\/21843\/revisions"}],"predecessor-version":[{"id":23731,"href":"https:\/\/www.pacteindustrial.org\/es\/wp-json\/wp\/v2\/posts\/21843\/revisions\/23731"}],"wp:featuredmedia":[{"embeddable":true,"href":"https:\/\/www.pacteindustrial.org\/es\/wp-json\/wp\/v2\/media\/21821"}],"wp:attachment":[{"href":"https:\/\/www.pacteindustrial.org\/es\/wp-json\/wp\/v2\/media?parent=21843"}],"wp:term":[{"taxonomy":"category","embeddable":true,"href":"https:\/\/www.pacteindustrial.org\/es\/wp-json\/wp\/v2\/categories?post=21843"},{"taxonomy":"post_tag","embeddable":true,"href":"https:\/\/www.pacteindustrial.org\/es\/wp-json\/wp\/v2\/tags?post=21843"},{"taxonomy":"post_scope","embeddable":true,"href":"https:\/\/www.pacteindustrial.org\/es\/wp-json\/wp\/v2\/post_scope?post=21843"}],"curies":[{"name":"wp","href":"https:\/\/api.w.org\/{rel}","templated":true}]}}